{"id":32347,"date":"2020-10-04T15:28:36","date_gmt":"2020-10-04T13:28:36","guid":{"rendered":"https:\/\/vosgesinfo.fr\/remiremontinfo\/2020\/10\/fig-corps-europes-programme-32eme-festival-international-de-geographie-de-saint-die-vosges\/"},"modified":"2020-10-04T15:28:36","modified_gmt":"2020-10-04T13:28:36","slug":"fig-corps-europes-programme-32eme-festival-international-de-geographie-de-saint-die-vosges","status":"publish","type":"post","link":"https:\/\/vosgesinfo.fr\/remiremontinfo\/2020\/10\/fig-corps-europes-programme-32eme-festival-international-de-geographie-de-saint-die-vosges\/","title":{"rendered":"FIG \u2013 \u00ab Corps \u00bb et Europe(s) au programme du 32\u00e8me Festival International de G\u00e9ographie de Saint-Di\u00e9-des-Vosges"},"content":{"rendered":"<p><a href=\"\/2020\/10\/FIG-S\u00e9ance_Cl\u00f4ture_EGS-5.jpg\"><img decoding=\"async\" class=\"alignnone size-full wp-image-297802\" src=\"\/2020\/10\/FIG-S\u00e9ance_Cl\u00f4ture_EGS-5.jpg\" alt=\"FIG-S\u00e9ance_Cl\u00f4ture_EGS-5\" width=\"800\" height=\"600\" \/><\/a><\/p>\n<h2><span style=\"font-size: 12pt;\"><strong>Le rideau vient de tomber sur un 31\u00e8me Festival International de G\u00e9ographie qui, s\u2019il fut un temps incertain compte tenu de la crise sanitaire, a tenu le cap. Avec comme fil rouge le climat d\u00e9clin\u00e9 au pluriel, cette \u00e9dition 2020 \u00e9tait d\u2019autant plus singuli\u00e8re qu\u2019il n\u2019y avait cette ann\u00e9e aucun espace g\u00e9ographique invit\u00e9.<\/strong><\/span><\/h2>\n<p><em>\u00ab\u00a0Le FIG a rempli a rempli cette ann\u00e9e ce qui est son objectif et sa sp\u00e9cificit\u00e9. A savoir d\u2019\u00eatre \u00e0 la fois un lieu de d\u00e9bat scientifique de haut niveau et un lieu de d\u00e9bat accessible \u00e0 tous. Dans ces temps o\u00f9 la Science est r\u00e9guli\u00e8rement contest\u00e9e, il est important que le dialogue existe entre les scientifiques et le public. Car on ne construira pas la soci\u00e9t\u00e9 de demain chacun seul dans son coin, mais ensemble\u00a0\u00bb<\/em>\u00a0a d\u00e9clar\u00e9 Isabelle Autissier, Grand T\u00e9moin du 31\u00e8me FIG, lors de la traditionnelle c\u00e9r\u00e9monie de cl\u00f4ture \u00e0 l\u2019Espace Georges-Sadoul.<\/p>\n<p>Lire la suite ici :\u00a0<a href=\"https:\/\/saintdieinfo.fr\/2020\/10\/fig-corps-europes-programme-32eme-festival-international-de-geographie-de-saint-die-vosges\/\">https:\/\/saintdieinfo.fr\/2020\/10\/fig-corps-europes-programme-32eme-festival-international-de-geographie-de-saint-die-vosges\/<\/a><\/p>\n","protected":false},"excerpt":{"rendered":"<p>Le rideau vient de tomber sur un 31\u00e8me Festival International de G\u00e9ographie qui, s\u2019il fut un temps incertain compte tenu [&hellip;]<\/p>\n","protected":false},"author":407,"featured_media":32348,"comment_status":"open","ping_status":"open","sticky":false,"template":"","format":"standard","meta":{"footnotes":""},"categories":[26,18],"tags":[],"class_list":["post-32347","post","type-post","status-publish","format-standard","has-post-thumbnail","hentry","category-a-la-une","category-vosges"],"acf":[],"yoast_head":"<!-- This site is optimized with the Yoast SEO plugin v22.5 - https:\/\/yoast.com\/wordpress\/plugins\/seo\/ -->\n<title>FIG \u2013 \u00ab Corps \u00bb et Europe(s) au programme du 32\u00e8me Festival International de G\u00e9ographie de Saint-Di\u00e9-des-Vosges - Remiremont Info<\/title>\n<meta name=\"robots\" content=\"index, follow, max-snippet:-1, max-image-preview:large, max-video-preview:-1\" \/>\n<link rel=\"canonical\" href=\"https:\/\/vosgesinfo.fr\/remiremontinfo\/2020\/10\/fig-corps-europes-programme-32eme-festival-international-de-geographie-de-saint-die-vosges\/\" \/>\n<meta name=\"twitter:card\" content=\"summary_large_image\" \/>\n<meta name=\"twitter:title\" content=\"FIG \u2013 \u00ab Corps \u00bb et Europe(s) au programme du 32\u00e8me Festival International de G\u00e9ographie de Saint-Di\u00e9-des-Vosges - Remiremont Info\" \/>\n<meta name=\"twitter:description\" content=\"Le rideau vient de tomber sur un 31\u00e8me Festival International de G\u00e9ographie qui, s\u2019il fut un temps incertain compte tenu [&hellip;]\" \/>\n<meta name=\"twitter:image\" content=\"https:\/\/vosgesinfo.fr\/app\/uploads\/sites\/5\/2024\/09\/202010fig-seance-cloture-egs-5.jpg\" \/>\n<meta name=\"twitter:creator\" content=\"@VosgesInfo88\" \/>\n<meta name=\"twitter:site\" content=\"@VosgesInfo88\" \/>\n<meta name=\"twitter:label1\" content=\"\u00c9crit par\" \/>\n\t<meta name=\"twitter:data1\" content=\"C D\" \/>\n\t<meta name=\"twitter:label2\" content=\"Dur\u00e9e de lecture estim\u00e9e\" \/>\n\t<meta name=\"twitter:data2\" content=\"1 minute\" \/>\n<script type=\"application\/ld+json\" class=\"yoast-schema-graph\">{\"@context\":\"https:\/\/schema.org\",\"@graph\":[{\"@type\":\"Article\",\"@id\":\"https:\/\/vosgesinfo.fr\/remiremontinfo\/2020\/10\/fig-corps-europes-programme-32eme-festival-international-de-geographie-de-saint-die-vosges\/#article\",\"isPartOf\":{\"@id\":\"https:\/\/vosgesinfo.fr\/remiremontinfo\/2020\/10\/fig-corps-europes-programme-32eme-festival-international-de-geographie-de-saint-die-vosges\/\"},\"author\":{\"name\":\"C D\",\"@id\":\"https:\/\/vosgesinfo.fr\/remiremontinfo\/#\/schema\/person\/3bfd164d5218a185b1db68655a265316\"},\"headline\":\"FIG \u2013 \u00ab Corps \u00bb et Europe(s) au programme du 32\u00e8me Festival International de G\u00e9ographie de Saint-Di\u00e9-des-Vosges\",\"datePublished\":\"2020-10-04T13:28:36+00:00\",\"dateModified\":\"2020-10-04T13:28:36+00:00\",\"mainEntityOfPage\":{\"@id\":\"https:\/\/vosgesinfo.fr\/remiremontinfo\/2020\/10\/fig-corps-europes-programme-32eme-festival-international-de-geographie-de-saint-die-vosges\/\"},\"wordCount\":194,\"commentCount\":0,\"publisher\":{\"@id\":\"https:\/\/vosgesinfo.fr\/remiremontinfo\/#organization\"},\"image\":{\"@id\":\"https:\/\/vosgesinfo.fr\/remiremontinfo\/2020\/10\/fig-corps-europes-programme-32eme-festival-international-de-geographie-de-saint-die-vosges\/#primaryimage\"},\"thumbnailUrl\":\"https:\/\/vosgesinfo.fr\/app\/uploads\/sites\/5\/2024\/09\/202010fig-seance-cloture-egs-5.jpg\",\"articleSection\":[\"A la Une\",\"Vosges\"],\"inLanguage\":\"fr-FR\",\"potentialAction\":[{\"@type\":\"CommentAction\",\"name\":\"Comment\",\"target\":[\"https:\/\/vosgesinfo.fr\/remiremontinfo\/2020\/10\/fig-corps-europes-programme-32eme-festival-international-de-geographie-de-saint-die-vosges\/#respond\"]}]},{\"@type\":\"WebPage\",\"@id\":\"https:\/\/vosgesinfo.fr\/remiremontinfo\/2020\/10\/fig-corps-europes-programme-32eme-festival-international-de-geographie-de-saint-die-vosges\/\",\"url\":\"https:\/\/vosgesinfo.fr\/remiremontinfo\/2020\/10\/fig-corps-europes-programme-32eme-festival-international-de-geographie-de-saint-die-vosges\/\",\"name\":\"FIG \u2013 \u00ab Corps \u00bb et Europe(s) au programme du 32\u00e8me Festival International de G\u00e9ographie de Saint-Di\u00e9-des-Vosges - Remiremont Info\",\"isPartOf\":{\"@id\":\"https:\/\/vosgesinfo.fr\/remiremontinfo\/#website\"},\"primaryImageOfPage\":{\"@id\":\"https:\/\/vosgesinfo.fr\/remiremontinfo\/2020\/10\/fig-corps-europes-programme-32eme-festival-international-de-geographie-de-saint-die-vosges\/#primaryimage\"},\"image\":{\"@id\":\"https:\/\/vosgesinfo.fr\/remiremontinfo\/2020\/10\/fig-corps-europes-programme-32eme-festival-international-de-geographie-de-saint-die-vosges\/#primaryimage\"},\"thumbnailUrl\":\"https:\/\/vosgesinfo.fr\/app\/uploads\/sites\/5\/2024\/09\/202010fig-seance-cloture-egs-5.jpg\",\"datePublished\":\"2020-10-04T13:28:36+00:00\",\"dateModified\":\"2020-10-04T13:28:36+00:00\",\"breadcrumb\":{\"@id\":\"https:\/\/vosgesinfo.fr\/remiremontinfo\/2020\/10\/fig-corps-europes-programme-32eme-festival-international-de-geographie-de-saint-die-vosges\/#breadcrumb\"},\"inLanguage\":\"fr-FR\",\"potentialAction\":[{\"@type\":\"ReadAction\",\"target\":[\"https:\/\/vosgesinfo.fr\/remiremontinfo\/2020\/10\/fig-corps-europes-programme-32eme-festival-international-de-geographie-de-saint-die-vosges\/\"]}]},{\"@type\":\"ImageObject\",\"inLanguage\":\"fr-FR\",\"@id\":\"https:\/\/vosgesinfo.fr\/remiremontinfo\/2020\/10\/fig-corps-europes-programme-32eme-festival-international-de-geographie-de-saint-die-vosges\/#primaryimage\",\"url\":\"https:\/\/vosgesinfo.fr\/app\/uploads\/sites\/5\/2024\/09\/202010fig-seance-cloture-egs-5.jpg\",\"contentUrl\":\"https:\/\/vosgesinfo.fr\/app\/uploads\/sites\/5\/2024\/09\/202010fig-seance-cloture-egs-5.jpg\",\"width\":800,\"height\":600},{\"@type\":\"BreadcrumbList\",\"@id\":\"https:\/\/vosgesinfo.fr\/remiremontinfo\/2020\/10\/fig-corps-europes-programme-32eme-festival-international-de-geographie-de-saint-die-vosges\/#breadcrumb\",\"itemListElement\":[{\"@type\":\"ListItem\",\"position\":1,\"name\":\"Home\",\"item\":\"https:\/\/vosgesinfo.fr\/remiremontinfo\/\"},{\"@type\":\"ListItem\",\"position\":2,\"name\":\"FIG \u2013 \u00ab Corps \u00bb et Europe(s) au programme du 32\u00e8me Festival International de G\u00e9ographie de Saint-Di\u00e9-des-Vosges\"}]},{\"@type\":\"WebSite\",\"@id\":\"https:\/\/vosgesinfo.fr\/remiremontinfo\/#website\",\"url\":\"https:\/\/vosgesinfo.fr\/remiremontinfo\/\",\"name\":\"Remiremont Info\",\"description\":\"Toute l&#039;actualit\u00e9 de Remiremont\",\"publisher\":{\"@id\":\"https:\/\/vosgesinfo.fr\/remiremontinfo\/#organization\"},\"alternateName\":\"Toute l'actualit\u00e9 de Remiremont\",\"potentialAction\":[{\"@type\":\"SearchAction\",\"target\":{\"@type\":\"EntryPoint\",\"urlTemplate\":\"https:\/\/vosgesinfo.fr\/remiremontinfo\/?s={search_term_string}\"},\"query-input\":\"required name=search_term_string\"}],\"inLanguage\":\"fr-FR\"},{\"@type\":\"Organization\",\"@id\":\"https:\/\/vosgesinfo.fr\/remiremontinfo\/#organization\",\"name\":\"Remiremont Info\",\"url\":\"https:\/\/vosgesinfo.fr\/remiremontinfo\/\",\"logo\":{\"@type\":\"ImageObject\",\"inLanguage\":\"fr-FR\",\"@id\":\"https:\/\/vosgesinfo.fr\/remiremontinfo\/#\/schema\/logo\/image\/\",\"url\":\"https:\/\/vosgesinfo.fr\/app\/uploads\/sites\/5\/2023\/08\/favicon-remiremontinfo.png\",\"contentUrl\":\"https:\/\/vosgesinfo.fr\/app\/uploads\/sites\/5\/2023\/08\/favicon-remiremontinfo.png\",\"width\":512,\"height\":512,\"caption\":\"Remiremont Info\"},\"image\":{\"@id\":\"https:\/\/vosgesinfo.fr\/remiremontinfo\/#\/schema\/logo\/image\/\"},\"sameAs\":[\"https:\/\/www.facebook.com\/remiremontinfo\",\"https:\/\/x.com\/VosgesInfo88\",\"https:\/\/www.youtube.com\/@vosgesinfo\"]},{\"@type\":\"Person\",\"@id\":\"https:\/\/vosgesinfo.fr\/remiremontinfo\/#\/schema\/person\/3bfd164d5218a185b1db68655a265316\",\"name\":\"C D\",\"image\":{\"@type\":\"ImageObject\",\"inLanguage\":\"fr-FR\",\"@id\":\"https:\/\/vosgesinfo.fr\/remiremontinfo\/#\/schema\/person\/image\/\",\"url\":\"https:\/\/secure.gravatar.com\/avatar\/1f9a70007336511a47468b8f1c66f922b8b7cf617b02a31149ada43893a5d48f?s=96&d=mm&r=g\",\"contentUrl\":\"https:\/\/secure.gravatar.com\/avatar\/1f9a70007336511a47468b8f1c66f922b8b7cf617b02a31149ada43893a5d48f?s=96&d=mm&r=g\",\"caption\":\"C D\"},\"url\":\"https:\/\/vosgesinfo.fr\/remiremontinfo\/author\/cedric-drevet\/\"}]}<\/script>\n<!-- \/ Yoast SEO plugin. -->","yoast_head_json":{"title":"FIG \u2013 \u00ab Corps \u00bb et Europe(s) au programme du 32\u00e8me Festival International de G\u00e9ographie de Saint-Di\u00e9-des-Vosges - Remiremont Info","robots":{"index":"index","follow":"follow","max-snippet":"max-snippet:-1","max-image-preview":"max-image-preview:large","max-video-preview":"max-video-preview:-1"},"canonical":"https:\/\/vosgesinfo.fr\/remiremontinfo\/2020\/10\/fig-corps-europes-programme-32eme-festival-international-de-geographie-de-saint-die-vosges\/","twitter_card":"summary_large_image","twitter_title":"FIG \u2013 \u00ab Corps \u00bb et Europe(s) au programme du 32\u00e8me Festival International de G\u00e9ographie de Saint-Di\u00e9-des-Vosges - Remiremont Info","twitter_description":"Le rideau vient de tomber sur un 31\u00e8me Festival International de G\u00e9ographie qui, s\u2019il fut un temps incertain compte tenu [&hellip;]","twitter_image":"https:\/\/vosgesinfo.fr\/app\/uploads\/sites\/5\/2024\/09\/202010fig-seance-cloture-egs-5.jpg","twitter_creator":"@VosgesInfo88","twitter_site":"@VosgesInfo88","twitter_misc":{"\u00c9crit par":"C D","Dur\u00e9e de lecture estim\u00e9e":"1 minute"},"schema":{"@context":"https:\/\/schema.org","@graph":[{"@type":"Article","@id":"https:\/\/vosgesinfo.fr\/remiremontinfo\/2020\/10\/fig-corps-europes-programme-32eme-festival-international-de-geographie-de-saint-die-vosges\/#article","isPartOf":{"@id":"https:\/\/vosgesinfo.fr\/remiremontinfo\/2020\/10\/fig-corps-europes-programme-32eme-festival-international-de-geographie-de-saint-die-vosges\/"},"author":{"name":"C D","@id":"https:\/\/vosgesinfo.fr\/remiremontinfo\/#\/schema\/person\/3bfd164d5218a185b1db68655a265316"},"headline":"FIG \u2013 \u00ab Corps \u00bb et Europe(s) au programme du 32\u00e8me Festival International de G\u00e9ographie de Saint-Di\u00e9-des-Vosges","datePublished":"2020-10-04T13:28:36+00:00","dateModified":"2020-10-04T13:28:36+00:00","mainEntityOfPage":{"@id":"https:\/\/vosgesinfo.fr\/remiremontinfo\/2020\/10\/fig-corps-europes-programme-32eme-festival-international-de-geographie-de-saint-die-vosges\/"},"wordCount":194,"commentCount":0,"publisher":{"@id":"https:\/\/vosgesinfo.fr\/remiremontinfo\/#organization"},"image":{"@id":"https:\/\/vosgesinfo.fr\/remiremontinfo\/2020\/10\/fig-corps-europes-programme-32eme-festival-international-de-geographie-de-saint-die-vosges\/#primaryimage"},"thumbnailUrl":"https:\/\/vosgesinfo.fr\/app\/uploads\/sites\/5\/2024\/09\/202010fig-seance-cloture-egs-5.jpg","articleSection":["A la Une","Vosges"],"inLanguage":"fr-FR","potentialAction":[{"@type":"CommentAction","name":"Comment","target":["https:\/\/vosgesinfo.fr\/remiremontinfo\/2020\/10\/fig-corps-europes-programme-32eme-festival-international-de-geographie-de-saint-die-vosges\/#respond"]}]},{"@type":"WebPage","@id":"https:\/\/vosgesinfo.fr\/remiremontinfo\/2020\/10\/fig-corps-europes-programme-32eme-festival-international-de-geographie-de-saint-die-vosges\/","url":"https:\/\/vosgesinfo.fr\/remiremontinfo\/2020\/10\/fig-corps-europes-programme-32eme-festival-international-de-geographie-de-saint-die-vosges\/","name":"FIG \u2013 \u00ab Corps \u00bb et Europe(s) au programme du 32\u00e8me Festival International de G\u00e9ographie de Saint-Di\u00e9-des-Vosges - Remiremont Info","isPartOf":{"@id":"https:\/\/vosgesinfo.fr\/remiremontinfo\/#website"},"primaryImageOfPage":{"@id":"https:\/\/vosgesinfo.fr\/remiremontinfo\/2020\/10\/fig-corps-europes-programme-32eme-festival-international-de-geographie-de-saint-die-vosges\/#primaryimage"},"image":{"@id":"https:\/\/vosgesinfo.fr\/remiremontinfo\/2020\/10\/fig-corps-europes-programme-32eme-festival-international-de-geographie-de-saint-die-vosges\/#primaryimage"},"thumbnailUrl":"https:\/\/vosgesinfo.fr\/app\/uploads\/sites\/5\/2024\/09\/202010fig-seance-cloture-egs-5.jpg","datePublished":"2020-10-04T13:28:36+00:00","dateModified":"2020-10-04T13:28:36+00:00","breadcrumb":{"@id":"https:\/\/vosgesinfo.fr\/remiremontinfo\/2020\/10\/fig-corps-europes-programme-32eme-festival-international-de-geographie-de-saint-die-vosges\/#breadcrumb"},"inLanguage":"fr-FR","potentialAction":[{"@type":"ReadAction","target":["https:\/\/vosgesinfo.fr\/remiremontinfo\/2020\/10\/fig-corps-europes-programme-32eme-festival-international-de-geographie-de-saint-die-vosges\/"]}]},{"@type":"ImageObject","inLanguage":"fr-FR","@id":"https:\/\/vosgesinfo.fr\/remiremontinfo\/2020\/10\/fig-corps-europes-programme-32eme-festival-international-de-geographie-de-saint-die-vosges\/#primaryimage","url":"https:\/\/vosgesinfo.fr\/app\/uploads\/sites\/5\/2024\/09\/202010fig-seance-cloture-egs-5.jpg","contentUrl":"https:\/\/vosgesinfo.fr\/app\/uploads\/sites\/5\/2024\/09\/202010fig-seance-cloture-egs-5.jpg","width":800,"height":600},{"@type":"BreadcrumbList","@id":"https:\/\/vosgesinfo.fr\/remiremontinfo\/2020\/10\/fig-corps-europes-programme-32eme-festival-international-de-geographie-de-saint-die-vosges\/#breadcrumb","itemListElement":[{"@type":"ListItem","position":1,"name":"Home","item":"https:\/\/vosgesinfo.fr\/remiremontinfo\/"},{"@type":"ListItem","position":2,"name":"FIG \u2013 \u00ab Corps \u00bb et Europe(s) au programme du 32\u00e8me Festival International de G\u00e9ographie de Saint-Di\u00e9-des-Vosges"}]},{"@type":"WebSite","@id":"https:\/\/vosgesinfo.fr\/remiremontinfo\/#website","url":"https:\/\/vosgesinfo.fr\/remiremontinfo\/","name":"Remiremont Info","description":"Toute l&#039;actualit\u00e9 de Remiremont","publisher":{"@id":"https:\/\/vosgesinfo.fr\/remiremontinfo\/#organization"},"alternateName":"Toute l'actualit\u00e9 de Remiremont","potentialAction":[{"@type":"SearchAction","target":{"@type":"EntryPoint","urlTemplate":"https:\/\/vosgesinfo.fr\/remiremontinfo\/?s={search_term_string}"},"query-input":"required name=search_term_string"}],"inLanguage":"fr-FR"},{"@type":"Organization","@id":"https:\/\/vosgesinfo.fr\/remiremontinfo\/#organization","name":"Remiremont Info","url":"https:\/\/vosgesinfo.fr\/remiremontinfo\/","logo":{"@type":"ImageObject","inLanguage":"fr-FR","@id":"https:\/\/vosgesinfo.fr\/remiremontinfo\/#\/schema\/logo\/image\/","url":"https:\/\/vosgesinfo.fr\/app\/uploads\/sites\/5\/2023\/08\/favicon-remiremontinfo.png","contentUrl":"https:\/\/vosgesinfo.fr\/app\/uploads\/sites\/5\/2023\/08\/favicon-remiremontinfo.png","width":512,"height":512,"caption":"Remiremont Info"},"image":{"@id":"https:\/\/vosgesinfo.fr\/remiremontinfo\/#\/schema\/logo\/image\/"},"sameAs":["https:\/\/www.facebook.com\/remiremontinfo","https:\/\/x.com\/VosgesInfo88","https:\/\/www.youtube.com\/@vosgesinfo"]},{"@type":"Person","@id":"https:\/\/vosgesinfo.fr\/remiremontinfo\/#\/schema\/person\/3bfd164d5218a185b1db68655a265316","name":"C D","image":{"@type":"ImageObject","inLanguage":"fr-FR","@id":"https:\/\/vosgesinfo.fr\/remiremontinfo\/#\/schema\/person\/image\/","url":"https:\/\/secure.gravatar.com\/avatar\/1f9a70007336511a47468b8f1c66f922b8b7cf617b02a31149ada43893a5d48f?s=96&d=mm&r=g","contentUrl":"https:\/\/secure.gravatar.com\/avatar\/1f9a70007336511a47468b8f1c66f922b8b7cf617b02a31149ada43893a5d48f?s=96&d=mm&r=g","caption":"C D"},"url":"https:\/\/vosgesinfo.fr\/remiremontinfo\/author\/cedric-drevet\/"}]}},"_links":{"self":[{"href":"https:\/\/vosgesinfo.fr\/remiremontinfo\/wp-json\/wp\/v2\/posts\/32347","targetHints":{"allow":["GET"]}}],"collection":[{"href":"https:\/\/vosgesinfo.fr\/remiremontinfo\/wp-json\/wp\/v2\/posts"}],"about":[{"href":"https:\/\/vosgesinfo.fr\/remiremontinfo\/wp-json\/wp\/v2\/types\/post"}],"author":[{"embeddable":true,"href":"https:\/\/vosgesinfo.fr\/remiremontinfo\/wp-json\/wp\/v2\/users\/407"}],"replies":[{"embeddable":true,"href":"https:\/\/vosgesinfo.fr\/remiremontinfo\/wp-json\/wp\/v2\/comments?post=32347"}],"version-history":[{"count":0,"href":"https:\/\/vosgesinfo.fr\/remiremontinfo\/wp-json\/wp\/v2\/posts\/32347\/revisions"}],"wp:featuredmedia":[{"embeddable":true,"href":"https:\/\/vosgesinfo.fr\/remiremontinfo\/wp-json\/wp\/v2\/media\/32348"}],"wp:attachment":[{"href":"https:\/\/vosgesinfo.fr\/remiremontinfo\/wp-json\/wp\/v2\/media?parent=32347"}],"wp:term":[{"taxonomy":"category","embeddable":true,"href":"https:\/\/vosgesinfo.fr\/remiremontinfo\/wp-json\/wp\/v2\/categories?post=32347"},{"taxonomy":"post_tag","embeddable":true,"href":"https:\/\/vosgesinfo.fr\/remiremontinfo\/wp-json\/wp\/v2\/tags?post=32347"}],"curies":[{"name":"wp","href":"https:\/\/api.w.org\/{rel}","templated":true}]}}