{"id":32375,"date":"2020-10-05T05:08:08","date_gmt":"2020-10-05T03:08:08","guid":{"rendered":"https:\/\/vosgesinfo.fr\/remiremontinfo\/2020\/10\/remiremont-200-participants-depart-de-randonnee-chanoinesses\/"},"modified":"2020-10-05T05:08:08","modified_gmt":"2020-10-05T03:08:08","slug":"remiremont-200-participants-depart-de-randonnee-chanoinesses","status":"publish","type":"post","link":"https:\/\/vosgesinfo.fr\/remiremontinfo\/2020\/10\/remiremont-200-participants-depart-de-randonnee-chanoinesses\/","title":{"rendered":"Remiremont : 200 participants au d\u00e9part de la randonn\u00e9e des Chanoinesses"},"content":{"rendered":"<p style=\"text-align: center;\"><a href=\"\/2020\/10\/120847821_2143971589069526_4573323748235286582_o.jpg\"><img decoding=\"async\" class=\"alignnone size-full wp-image-297848\" src=\"\/2020\/10\/120847821_2143971589069526_4573323748235286582_o.jpg\" alt=\"120847821_2143971589069526_4573323748235286582_o\" width=\"800\" height=\"477\" \/><\/a><\/p>\n<p><span style=\"font-size: 10pt;\"><em>Photo de la page Facebook de Remiremont VTT<\/em><\/span><\/p>\n<h2><span style=\"font-size: 12pt;\"><strong>Remiremont VTT est fier d\u2019avoir pu organiser la randonn\u00e9e des Chanoinesses 2020 dans un contexte sanitaire risqu\u00e9. L\u2019organisation de cette \u00e9dition 2020 d\u00e9plac\u00e9e le Samedi 3 Octobre est n\u00e9e pendant confinement.<\/strong><\/span><\/h2>\n<p>En effet le comit\u00e9 d\u2019organisation a su se remobiliser au cours de r\u00e9unions en visioconf\u00e9rence, pour r\u00e9fl\u00e9chir comment assurer l\u2019organisation de cette manifestation incontournable de la ville de Remiremont. Certes les conditions m\u00e9t\u00e9o ne nous ont pas permis de rassembler autant de participants qu\u2019au cours des \u00e9ditions pr\u00e9c\u00e9dentes (200 participants Route, VTT et Marche au total). Mais l\u2019essentiel n\u2019est pas l\u00e0. La plus grande r\u00e9ussite et le succ\u00e8s de cette manifestation c\u2019est l\u2019\u00e9norme motivation et implication des 70 b\u00e9n\u00e9voles qui ont \u0153uvr\u00e9s tous le week-end pour assurer le travail dans chaque poste d\u2019activit\u00e9 (&#8230;) Gr\u00e2ce \u00e0 l\u2019investissement et au travail tr\u00e8s appliqu\u00e9 des 70 b\u00e9n\u00e9voles, nous avons pu proposer un \u00e9v\u00e8nement de qualit\u00e9.<\/p>\n<p><em>Remiremont VTT<\/em><\/p>\n<p>retrouvez l\u2019actualit\u00e9 du Club ici\u00a0:\u00a0<a href=\"https:\/\/www.facebook.com\/remiremont.vtt\/\">https:\/\/www.facebook.com\/remiremont.vtt\/<\/a><\/p>\n","protected":false},"excerpt":{"rendered":"<p>Photo de la page Facebook de Remiremont VTT Remiremont VTT est fier d\u2019avoir pu organiser la randonn\u00e9e des Chanoinesses 2020 [&hellip;]<\/p>\n","protected":false},"author":407,"featured_media":32376,"comment_status":"open","ping_status":"open","sticky":false,"template":"","format":"standard","meta":{"footnotes":""},"categories":[26,1556,35,14],"tags":[],"class_list":["post-32375","post","type-post","status-publish","format-standard","has-post-thumbnail","hentry","category-a-la-une","category-remiremont-remiremont-son-canton-2","category-remiremont-son-canton","category-sport"],"acf":[],"yoast_head":"<!-- This site is optimized with the Yoast SEO plugin v22.5 - https:\/\/yoast.com\/wordpress\/plugins\/seo\/ -->\n<title>Remiremont : 200 participants au d\u00e9part de la randonn\u00e9e des Chanoinesses - Remiremont Info<\/title>\n<meta name=\"robots\" content=\"index, follow, max-snippet:-1, max-image-preview:large, max-video-preview:-1\" \/>\n<link rel=\"canonical\" href=\"https:\/\/vosgesinfo.fr\/remiremontinfo\/2020\/10\/remiremont-200-participants-depart-de-randonnee-chanoinesses\/\" \/>\n<meta name=\"twitter:card\" content=\"summary_large_image\" \/>\n<meta name=\"twitter:title\" content=\"Remiremont : 200 participants au d\u00e9part de la randonn\u00e9e des Chanoinesses - Remiremont Info\" \/>\n<meta name=\"twitter:description\" content=\"Photo de la page Facebook de Remiremont VTT Remiremont VTT est fier d\u2019avoir pu organiser la randonn\u00e9e des Chanoinesses 2020 [&hellip;]\" \/>\n<meta name=\"twitter:image\" content=\"https:\/\/vosgesinfo.fr\/app\/uploads\/sites\/5\/2024\/09\/202010120847821-2143971589069526-4573323748235286582-o.jpg\" \/>\n<meta name=\"twitter:creator\" content=\"@VosgesInfo88\" \/>\n<meta name=\"twitter:site\" content=\"@VosgesInfo88\" \/>\n<meta name=\"twitter:label1\" content=\"\u00c9crit par\" \/>\n\t<meta name=\"twitter:data1\" content=\"C D\" \/>\n\t<meta name=\"twitter:label2\" content=\"Dur\u00e9e de lecture estim\u00e9e\" \/>\n\t<meta name=\"twitter:data2\" content=\"1 minute\" \/>\n<script type=\"application\/ld+json\" class=\"yoast-schema-graph\">{\"@context\":\"https:\/\/schema.org\",\"@graph\":[{\"@type\":\"Article\",\"@id\":\"https:\/\/vosgesinfo.fr\/remiremontinfo\/2020\/10\/remiremont-200-participants-depart-de-randonnee-chanoinesses\/#article\",\"isPartOf\":{\"@id\":\"https:\/\/vosgesinfo.fr\/remiremontinfo\/2020\/10\/remiremont-200-participants-depart-de-randonnee-chanoinesses\/\"},\"author\":{\"name\":\"C D\",\"@id\":\"https:\/\/vosgesinfo.fr\/remiremontinfo\/#\/schema\/person\/3bfd164d5218a185b1db68655a265316\"},\"headline\":\"Remiremont : 200 participants au d\u00e9part de la randonn\u00e9e des Chanoinesses\",\"datePublished\":\"2020-10-05T03:08:08+00:00\",\"dateModified\":\"2020-10-05T03:08:08+00:00\",\"mainEntityOfPage\":{\"@id\":\"https:\/\/vosgesinfo.fr\/remiremontinfo\/2020\/10\/remiremont-200-participants-depart-de-randonnee-chanoinesses\/\"},\"wordCount\":202,\"commentCount\":0,\"publisher\":{\"@id\":\"https:\/\/vosgesinfo.fr\/remiremontinfo\/#organization\"},\"image\":{\"@id\":\"https:\/\/vosgesinfo.fr\/remiremontinfo\/2020\/10\/remiremont-200-participants-depart-de-randonnee-chanoinesses\/#primaryimage\"},\"thumbnailUrl\":\"https:\/\/vosgesinfo.fr\/app\/uploads\/sites\/5\/2024\/09\/202010120847821-2143971589069526-4573323748235286582-o.jpg\",\"articleSection\":[\"A la Une\",\"Remiremont\",\"Remiremont &amp; son canton\",\"Sport\"],\"inLanguage\":\"fr-FR\",\"potentialAction\":[{\"@type\":\"CommentAction\",\"name\":\"Comment\",\"target\":[\"https:\/\/vosgesinfo.fr\/remiremontinfo\/2020\/10\/remiremont-200-participants-depart-de-randonnee-chanoinesses\/#respond\"]}]},{\"@type\":\"WebPage\",\"@id\":\"https:\/\/vosgesinfo.fr\/remiremontinfo\/2020\/10\/remiremont-200-participants-depart-de-randonnee-chanoinesses\/\",\"url\":\"https:\/\/vosgesinfo.fr\/remiremontinfo\/2020\/10\/remiremont-200-participants-depart-de-randonnee-chanoinesses\/\",\"name\":\"Remiremont : 200 participants au d\u00e9part de la randonn\u00e9e des Chanoinesses - Remiremont Info\",\"isPartOf\":{\"@id\":\"https:\/\/vosgesinfo.fr\/remiremontinfo\/#website\"},\"primaryImageOfPage\":{\"@id\":\"https:\/\/vosgesinfo.fr\/remiremontinfo\/2020\/10\/remiremont-200-participants-depart-de-randonnee-chanoinesses\/#primaryimage\"},\"image\":{\"@id\":\"https:\/\/vosgesinfo.fr\/remiremontinfo\/2020\/10\/remiremont-200-participants-depart-de-randonnee-chanoinesses\/#primaryimage\"},\"thumbnailUrl\":\"https:\/\/vosgesinfo.fr\/app\/uploads\/sites\/5\/2024\/09\/202010120847821-2143971589069526-4573323748235286582-o.jpg\",\"datePublished\":\"2020-10-05T03:08:08+00:00\",\"dateModified\":\"2020-10-05T03:08:08+00:00\",\"breadcrumb\":{\"@id\":\"https:\/\/vosgesinfo.fr\/remiremontinfo\/2020\/10\/remiremont-200-participants-depart-de-randonnee-chanoinesses\/#breadcrumb\"},\"inLanguage\":\"fr-FR\",\"potentialAction\":[{\"@type\":\"ReadAction\",\"target\":[\"https:\/\/vosgesinfo.fr\/remiremontinfo\/2020\/10\/remiremont-200-participants-depart-de-randonnee-chanoinesses\/\"]}]},{\"@type\":\"ImageObject\",\"inLanguage\":\"fr-FR\",\"@id\":\"https:\/\/vosgesinfo.fr\/remiremontinfo\/2020\/10\/remiremont-200-participants-depart-de-randonnee-chanoinesses\/#primaryimage\",\"url\":\"https:\/\/vosgesinfo.fr\/app\/uploads\/sites\/5\/2024\/09\/202010120847821-2143971589069526-4573323748235286582-o.jpg\",\"contentUrl\":\"https:\/\/vosgesinfo.fr\/app\/uploads\/sites\/5\/2024\/09\/202010120847821-2143971589069526-4573323748235286582-o.jpg\",\"width\":800,\"height\":477},{\"@type\":\"BreadcrumbList\",\"@id\":\"https:\/\/vosgesinfo.fr\/remiremontinfo\/2020\/10\/remiremont-200-participants-depart-de-randonnee-chanoinesses\/#breadcrumb\",\"itemListElement\":[{\"@type\":\"ListItem\",\"position\":1,\"name\":\"Home\",\"item\":\"https:\/\/vosgesinfo.fr\/remiremontinfo\/\"},{\"@type\":\"ListItem\",\"position\":2,\"name\":\"Remiremont : 200 participants au d\u00e9part de la randonn\u00e9e des Chanoinesses\"}]},{\"@type\":\"WebSite\",\"@id\":\"https:\/\/vosgesinfo.fr\/remiremontinfo\/#website\",\"url\":\"https:\/\/vosgesinfo.fr\/remiremontinfo\/\",\"name\":\"Remiremont Info\",\"description\":\"Toute l&#039;actualit\u00e9 de Remiremont\",\"publisher\":{\"@id\":\"https:\/\/vosgesinfo.fr\/remiremontinfo\/#organization\"},\"alternateName\":\"Toute l'actualit\u00e9 de Remiremont\",\"potentialAction\":[{\"@type\":\"SearchAction\",\"target\":{\"@type\":\"EntryPoint\",\"urlTemplate\":\"https:\/\/vosgesinfo.fr\/remiremontinfo\/?s={search_term_string}\"},\"query-input\":\"required name=search_term_string\"}],\"inLanguage\":\"fr-FR\"},{\"@type\":\"Organization\",\"@id\":\"https:\/\/vosgesinfo.fr\/remiremontinfo\/#organization\",\"name\":\"Remiremont Info\",\"url\":\"https:\/\/vosgesinfo.fr\/remiremontinfo\/\",\"logo\":{\"@type\":\"ImageObject\",\"inLanguage\":\"fr-FR\",\"@id\":\"https:\/\/vosgesinfo.fr\/remiremontinfo\/#\/schema\/logo\/image\/\",\"url\":\"https:\/\/vosgesinfo.fr\/app\/uploads\/sites\/5\/2023\/08\/favicon-remiremontinfo.png\",\"contentUrl\":\"https:\/\/vosgesinfo.fr\/app\/uploads\/sites\/5\/2023\/08\/favicon-remiremontinfo.png\",\"width\":512,\"height\":512,\"caption\":\"Remiremont Info\"},\"image\":{\"@id\":\"https:\/\/vosgesinfo.fr\/remiremontinfo\/#\/schema\/logo\/image\/\"},\"sameAs\":[\"https:\/\/www.facebook.com\/remiremontinfo\",\"https:\/\/x.com\/VosgesInfo88\",\"https:\/\/www.youtube.com\/@vosgesinfo\"]},{\"@type\":\"Person\",\"@id\":\"https:\/\/vosgesinfo.fr\/remiremontinfo\/#\/schema\/person\/3bfd164d5218a185b1db68655a265316\",\"name\":\"C D\",\"image\":{\"@type\":\"ImageObject\",\"inLanguage\":\"fr-FR\",\"@id\":\"https:\/\/vosgesinfo.fr\/remiremontinfo\/#\/schema\/person\/image\/\",\"url\":\"https:\/\/secure.gravatar.com\/avatar\/1f9a70007336511a47468b8f1c66f922b8b7cf617b02a31149ada43893a5d48f?s=96&d=mm&r=g\",\"contentUrl\":\"https:\/\/secure.gravatar.com\/avatar\/1f9a70007336511a47468b8f1c66f922b8b7cf617b02a31149ada43893a5d48f?s=96&d=mm&r=g\",\"caption\":\"C D\"},\"url\":\"https:\/\/vosgesinfo.fr\/remiremontinfo\/author\/cedric-drevet\/\"}]}<\/script>\n<!-- \/ Yoast SEO plugin. -->","yoast_head_json":{"title":"Remiremont : 200 participants au d\u00e9part de la randonn\u00e9e des Chanoinesses - Remiremont Info","robots":{"index":"index","follow":"follow","max-snippet":"max-snippet:-1","max-image-preview":"max-image-preview:large","max-video-preview":"max-video-preview:-1"},"canonical":"https:\/\/vosgesinfo.fr\/remiremontinfo\/2020\/10\/remiremont-200-participants-depart-de-randonnee-chanoinesses\/","twitter_card":"summary_large_image","twitter_title":"Remiremont : 200 participants au d\u00e9part de la randonn\u00e9e des Chanoinesses - Remiremont Info","twitter_description":"Photo de la page Facebook de Remiremont VTT Remiremont VTT est fier d\u2019avoir pu organiser la randonn\u00e9e des Chanoinesses 2020 [&hellip;]","twitter_image":"https:\/\/vosgesinfo.fr\/app\/uploads\/sites\/5\/2024\/09\/202010120847821-2143971589069526-4573323748235286582-o.jpg","twitter_creator":"@VosgesInfo88","twitter_site":"@VosgesInfo88","twitter_misc":{"\u00c9crit par":"C D","Dur\u00e9e de lecture estim\u00e9e":"1 minute"},"schema":{"@context":"https:\/\/schema.org","@graph":[{"@type":"Article","@id":"https:\/\/vosgesinfo.fr\/remiremontinfo\/2020\/10\/remiremont-200-participants-depart-de-randonnee-chanoinesses\/#article","isPartOf":{"@id":"https:\/\/vosgesinfo.fr\/remiremontinfo\/2020\/10\/remiremont-200-participants-depart-de-randonnee-chanoinesses\/"},"author":{"name":"C D","@id":"https:\/\/vosgesinfo.fr\/remiremontinfo\/#\/schema\/person\/3bfd164d5218a185b1db68655a265316"},"headline":"Remiremont : 200 participants au d\u00e9part de la randonn\u00e9e des Chanoinesses","datePublished":"2020-10-05T03:08:08+00:00","dateModified":"2020-10-05T03:08:08+00:00","mainEntityOfPage":{"@id":"https:\/\/vosgesinfo.fr\/remiremontinfo\/2020\/10\/remiremont-200-participants-depart-de-randonnee-chanoinesses\/"},"wordCount":202,"commentCount":0,"publisher":{"@id":"https:\/\/vosgesinfo.fr\/remiremontinfo\/#organization"},"image":{"@id":"https:\/\/vosgesinfo.fr\/remiremontinfo\/2020\/10\/remiremont-200-participants-depart-de-randonnee-chanoinesses\/#primaryimage"},"thumbnailUrl":"https:\/\/vosgesinfo.fr\/app\/uploads\/sites\/5\/2024\/09\/202010120847821-2143971589069526-4573323748235286582-o.jpg","articleSection":["A la Une","Remiremont","Remiremont &amp; son canton","Sport"],"inLanguage":"fr-FR","potentialAction":[{"@type":"CommentAction","name":"Comment","target":["https:\/\/vosgesinfo.fr\/remiremontinfo\/2020\/10\/remiremont-200-participants-depart-de-randonnee-chanoinesses\/#respond"]}]},{"@type":"WebPage","@id":"https:\/\/vosgesinfo.fr\/remiremontinfo\/2020\/10\/remiremont-200-participants-depart-de-randonnee-chanoinesses\/","url":"https:\/\/vosgesinfo.fr\/remiremontinfo\/2020\/10\/remiremont-200-participants-depart-de-randonnee-chanoinesses\/","name":"Remiremont : 200 participants au d\u00e9part de la randonn\u00e9e des Chanoinesses - Remiremont Info","isPartOf":{"@id":"https:\/\/vosgesinfo.fr\/remiremontinfo\/#website"},"primaryImageOfPage":{"@id":"https:\/\/vosgesinfo.fr\/remiremontinfo\/2020\/10\/remiremont-200-participants-depart-de-randonnee-chanoinesses\/#primaryimage"},"image":{"@id":"https:\/\/vosgesinfo.fr\/remiremontinfo\/2020\/10\/remiremont-200-participants-depart-de-randonnee-chanoinesses\/#primaryimage"},"thumbnailUrl":"https:\/\/vosgesinfo.fr\/app\/uploads\/sites\/5\/2024\/09\/202010120847821-2143971589069526-4573323748235286582-o.jpg","datePublished":"2020-10-05T03:08:08+00:00","dateModified":"2020-10-05T03:08:08+00:00","breadcrumb":{"@id":"https:\/\/vosgesinfo.fr\/remiremontinfo\/2020\/10\/remiremont-200-participants-depart-de-randonnee-chanoinesses\/#breadcrumb"},"inLanguage":"fr-FR","potentialAction":[{"@type":"ReadAction","target":["https:\/\/vosgesinfo.fr\/remiremontinfo\/2020\/10\/remiremont-200-participants-depart-de-randonnee-chanoinesses\/"]}]},{"@type":"ImageObject","inLanguage":"fr-FR","@id":"https:\/\/vosgesinfo.fr\/remiremontinfo\/2020\/10\/remiremont-200-participants-depart-de-randonnee-chanoinesses\/#primaryimage","url":"https:\/\/vosgesinfo.fr\/app\/uploads\/sites\/5\/2024\/09\/202010120847821-2143971589069526-4573323748235286582-o.jpg","contentUrl":"https:\/\/vosgesinfo.fr\/app\/uploads\/sites\/5\/2024\/09\/202010120847821-2143971589069526-4573323748235286582-o.jpg","width":800,"height":477},{"@type":"BreadcrumbList","@id":"https:\/\/vosgesinfo.fr\/remiremontinfo\/2020\/10\/remiremont-200-participants-depart-de-randonnee-chanoinesses\/#breadcrumb","itemListElement":[{"@type":"ListItem","position":1,"name":"Home","item":"https:\/\/vosgesinfo.fr\/remiremontinfo\/"},{"@type":"ListItem","position":2,"name":"Remiremont : 200 participants au d\u00e9part de la randonn\u00e9e des Chanoinesses"}]},{"@type":"WebSite","@id":"https:\/\/vosgesinfo.fr\/remiremontinfo\/#website","url":"https:\/\/vosgesinfo.fr\/remiremontinfo\/","name":"Remiremont Info","description":"Toute l&#039;actualit\u00e9 de Remiremont","publisher":{"@id":"https:\/\/vosgesinfo.fr\/remiremontinfo\/#organization"},"alternateName":"Toute l'actualit\u00e9 de Remiremont","potentialAction":[{"@type":"SearchAction","target":{"@type":"EntryPoint","urlTemplate":"https:\/\/vosgesinfo.fr\/remiremontinfo\/?s={search_term_string}"},"query-input":"required name=search_term_string"}],"inLanguage":"fr-FR"},{"@type":"Organization","@id":"https:\/\/vosgesinfo.fr\/remiremontinfo\/#organization","name":"Remiremont Info","url":"https:\/\/vosgesinfo.fr\/remiremontinfo\/","logo":{"@type":"ImageObject","inLanguage":"fr-FR","@id":"https:\/\/vosgesinfo.fr\/remiremontinfo\/#\/schema\/logo\/image\/","url":"https:\/\/vosgesinfo.fr\/app\/uploads\/sites\/5\/2023\/08\/favicon-remiremontinfo.png","contentUrl":"https:\/\/vosgesinfo.fr\/app\/uploads\/sites\/5\/2023\/08\/favicon-remiremontinfo.png","width":512,"height":512,"caption":"Remiremont Info"},"image":{"@id":"https:\/\/vosgesinfo.fr\/remiremontinfo\/#\/schema\/logo\/image\/"},"sameAs":["https:\/\/www.facebook.com\/remiremontinfo","https:\/\/x.com\/VosgesInfo88","https:\/\/www.youtube.com\/@vosgesinfo"]},{"@type":"Person","@id":"https:\/\/vosgesinfo.fr\/remiremontinfo\/#\/schema\/person\/3bfd164d5218a185b1db68655a265316","name":"C D","image":{"@type":"ImageObject","inLanguage":"fr-FR","@id":"https:\/\/vosgesinfo.fr\/remiremontinfo\/#\/schema\/person\/image\/","url":"https:\/\/secure.gravatar.com\/avatar\/1f9a70007336511a47468b8f1c66f922b8b7cf617b02a31149ada43893a5d48f?s=96&d=mm&r=g","contentUrl":"https:\/\/secure.gravatar.com\/avatar\/1f9a70007336511a47468b8f1c66f922b8b7cf617b02a31149ada43893a5d48f?s=96&d=mm&r=g","caption":"C D"},"url":"https:\/\/vosgesinfo.fr\/remiremontinfo\/author\/cedric-drevet\/"}]}},"_links":{"self":[{"href":"https:\/\/vosgesinfo.fr\/remiremontinfo\/wp-json\/wp\/v2\/posts\/32375","targetHints":{"allow":["GET"]}}],"collection":[{"href":"https:\/\/vosgesinfo.fr\/remiremontinfo\/wp-json\/wp\/v2\/posts"}],"about":[{"href":"https:\/\/vosgesinfo.fr\/remiremontinfo\/wp-json\/wp\/v2\/types\/post"}],"author":[{"embeddable":true,"href":"https:\/\/vosgesinfo.fr\/remiremontinfo\/wp-json\/wp\/v2\/users\/407"}],"replies":[{"embeddable":true,"href":"https:\/\/vosgesinfo.fr\/remiremontinfo\/wp-json\/wp\/v2\/comments?post=32375"}],"version-history":[{"count":0,"href":"https:\/\/vosgesinfo.fr\/remiremontinfo\/wp-json\/wp\/v2\/posts\/32375\/revisions"}],"wp:featuredmedia":[{"embeddable":true,"href":"https:\/\/vosgesinfo.fr\/remiremontinfo\/wp-json\/wp\/v2\/media\/32376"}],"wp:attachment":[{"href":"https:\/\/vosgesinfo.fr\/remiremontinfo\/wp-json\/wp\/v2\/media?parent=32375"}],"wp:term":[{"taxonomy":"category","embeddable":true,"href":"https:\/\/vosgesinfo.fr\/remiremontinfo\/wp-json\/wp\/v2\/categories?post=32375"},{"taxonomy":"post_tag","embeddable":true,"href":"https:\/\/vosgesinfo.fr\/remiremontinfo\/wp-json\/wp\/v2\/tags?post=32375"}],"curies":[{"name":"wp","href":"https:\/\/api.w.org\/{rel}","templated":true}]}}