{"id":32494,"date":"2020-10-08T06:51:18","date_gmt":"2020-10-08T04:51:18","guid":{"rendered":"https:\/\/vosgesinfo.fr\/remiremontinfo\/2020\/10\/vosges-4-adolescents-distingues-prefet-courage-devouement\/"},"modified":"2020-10-08T06:51:18","modified_gmt":"2020-10-08T04:51:18","slug":"vosges-4-adolescents-distingues-prefet-courage-devouement","status":"publish","type":"post","link":"https:\/\/vosgesinfo.fr\/remiremontinfo\/2020\/10\/vosges-4-adolescents-distingues-prefet-courage-devouement\/","title":{"rendered":"Vosges : 4 adolescents distingu\u00e9s par le pr\u00e9fet pour leur courage et leur d\u00e9vouement"},"content":{"rendered":"<h1 class=\"entry-title single-post-title\" style=\"text-align: center;\"><a href=\"\/2020\/10\/Provench\u00e8res-Colroy-Mise_Honneur_4_Adolescents-7.jpg\"><img decoding=\"async\" class=\"alignnone size-full wp-image-298148\" src=\"\/2020\/10\/Provench\u00e8res-Colroy-Mise_Honneur_4_Adolescents-7.jpg\" alt=\"Provench\u00e8res-Colroy-Mise_Honneur_4_Adolescents-7\" width=\"800\" height=\"534\" \/><\/a><\/h1>\n<h2><span style=\"font-size: 12pt;\"><strong>Le 24 ao\u00fbt dernier, Lucas, Kenny, Logan et Alberic profitent d\u2019une de leurs derni\u00e8res soir\u00e9es d\u2019\u00e9t\u00e9 avant la rentr\u00e9e scolaire. Mais alors qu\u2019ils s\u2019\u00e9taient retrouv\u00e9s au centre de Provench\u00e8res, ils aper\u00e7oivent sur les coups de 21h des flammes s\u2019\u00e9chappant d\u2019un sous-sol d\u2019un pavillon de la rue des Ailes.<\/strong><\/span><\/h2>\n<p><span style=\"font-size: 12pt;\">Ni une ni deux, les 4 adolescents vont v\u00e9rifier si personne ne se trouve \u00e0 l\u2019int\u00e9rieur de l\u2019habitation. Sur place, ils se rendent compte que des personnes se trouvent au premier \u00e9tage, qui ne s\u2019imaginent alors pas qu\u2019un incendie s\u2019est d\u00e9clar\u00e9 en dessous d\u2019eux. Lucas, en sa qualit\u00e9 de Jeune Sapeur-Pompier, grimpe sur une remorque et s\u2019introduit sur le balcon des Morel, un couple d\u2019octog\u00e9naires, qui se montrent tout d\u2019abord incr\u00e9dules face \u00e0 l\u2019adolescent. A force de persuasion de ce dernier, les retrait\u00e9s se rendent compte du danger. Gr\u00e2ce \u00e0 l\u2019aide d\u2019un voisin, ils parviennent \u00e0 sortir de leur maison indemnes. Rapidement pr\u00e9sents sur les lieux du sinistre, les sapeurs-pompiers parviennent ensuite \u00e0 \u00e9teindre les flammes.<\/span><\/p>\n<p>Lire la suite ici :\u00a0<a href=\"https:\/\/saintdieinfo.fr\/2020\/10\/provencheres-colroy-4-adolescents-distingues-prefet-courage-devouement\/\">https:\/\/saintdieinfo.fr\/2020\/10\/provencheres-colroy-4-adolescents-distingues-prefet-courage-devouement\/<\/a><\/p>\n","protected":false},"excerpt":{"rendered":"<p>Le 24 ao\u00fbt dernier, Lucas, Kenny, Logan et Alberic profitent d\u2019une de leurs derni\u00e8res soir\u00e9es d\u2019\u00e9t\u00e9 avant la rentr\u00e9e scolaire. [&hellip;]<\/p>\n","protected":false},"author":407,"featured_media":32495,"comment_status":"open","ping_status":"open","sticky":false,"template":"","format":"standard","meta":{"footnotes":""},"categories":[26,18],"tags":[],"class_list":["post-32494","post","type-post","status-publish","format-standard","has-post-thumbnail","hentry","category-a-la-une","category-vosges"],"acf":[],"yoast_head":"<!-- This site is optimized with the Yoast SEO plugin v22.5 - https:\/\/yoast.com\/wordpress\/plugins\/seo\/ -->\n<title>Vosges : 4 adolescents distingu\u00e9s par le pr\u00e9fet pour leur courage et leur d\u00e9vouement - Remiremont Info<\/title>\n<meta name=\"robots\" content=\"index, follow, max-snippet:-1, max-image-preview:large, max-video-preview:-1\" \/>\n<link rel=\"canonical\" href=\"https:\/\/vosgesinfo.fr\/remiremontinfo\/2020\/10\/vosges-4-adolescents-distingues-prefet-courage-devouement\/\" \/>\n<meta name=\"twitter:card\" content=\"summary_large_image\" \/>\n<meta name=\"twitter:title\" content=\"Vosges : 4 adolescents distingu\u00e9s par le pr\u00e9fet pour leur courage et leur d\u00e9vouement - Remiremont Info\" \/>\n<meta name=\"twitter:description\" content=\"Le 24 ao\u00fbt dernier, Lucas, Kenny, Logan et Alberic profitent d\u2019une de leurs derni\u00e8res soir\u00e9es d\u2019\u00e9t\u00e9 avant la rentr\u00e9e scolaire. [&hellip;]\" \/>\n<meta name=\"twitter:image\" content=\"https:\/\/vosgesinfo.fr\/app\/uploads\/sites\/5\/2024\/09\/202010provencheres-colroy-mise-honneur-4-adolescents-7.jpg\" \/>\n<meta name=\"twitter:creator\" content=\"@VosgesInfo88\" \/>\n<meta name=\"twitter:site\" content=\"@VosgesInfo88\" \/>\n<meta name=\"twitter:label1\" content=\"\u00c9crit par\" \/>\n\t<meta name=\"twitter:data1\" content=\"C D\" \/>\n\t<meta name=\"twitter:label2\" content=\"Dur\u00e9e de lecture estim\u00e9e\" \/>\n\t<meta name=\"twitter:data2\" content=\"1 minute\" \/>\n<script type=\"application\/ld+json\" class=\"yoast-schema-graph\">{\"@context\":\"https:\/\/schema.org\",\"@graph\":[{\"@type\":\"Article\",\"@id\":\"https:\/\/vosgesinfo.fr\/remiremontinfo\/2020\/10\/vosges-4-adolescents-distingues-prefet-courage-devouement\/#article\",\"isPartOf\":{\"@id\":\"https:\/\/vosgesinfo.fr\/remiremontinfo\/2020\/10\/vosges-4-adolescents-distingues-prefet-courage-devouement\/\"},\"author\":{\"name\":\"C D\",\"@id\":\"https:\/\/vosgesinfo.fr\/remiremontinfo\/#\/schema\/person\/3bfd164d5218a185b1db68655a265316\"},\"headline\":\"Vosges : 4 adolescents distingu\u00e9s par le pr\u00e9fet pour leur courage et leur d\u00e9vouement\",\"datePublished\":\"2020-10-08T04:51:18+00:00\",\"dateModified\":\"2020-10-08T04:51:18+00:00\",\"mainEntityOfPage\":{\"@id\":\"https:\/\/vosgesinfo.fr\/remiremontinfo\/2020\/10\/vosges-4-adolescents-distingues-prefet-courage-devouement\/\"},\"wordCount\":215,\"commentCount\":0,\"publisher\":{\"@id\":\"https:\/\/vosgesinfo.fr\/remiremontinfo\/#organization\"},\"image\":{\"@id\":\"https:\/\/vosgesinfo.fr\/remiremontinfo\/2020\/10\/vosges-4-adolescents-distingues-prefet-courage-devouement\/#primaryimage\"},\"thumbnailUrl\":\"https:\/\/vosgesinfo.fr\/app\/uploads\/sites\/5\/2024\/09\/202010provencheres-colroy-mise-honneur-4-adolescents-7.jpg\",\"articleSection\":[\"A la Une\",\"Vosges\"],\"inLanguage\":\"fr-FR\",\"potentialAction\":[{\"@type\":\"CommentAction\",\"name\":\"Comment\",\"target\":[\"https:\/\/vosgesinfo.fr\/remiremontinfo\/2020\/10\/vosges-4-adolescents-distingues-prefet-courage-devouement\/#respond\"]}]},{\"@type\":\"WebPage\",\"@id\":\"https:\/\/vosgesinfo.fr\/remiremontinfo\/2020\/10\/vosges-4-adolescents-distingues-prefet-courage-devouement\/\",\"url\":\"https:\/\/vosgesinfo.fr\/remiremontinfo\/2020\/10\/vosges-4-adolescents-distingues-prefet-courage-devouement\/\",\"name\":\"Vosges : 4 adolescents distingu\u00e9s par le pr\u00e9fet pour leur courage et leur d\u00e9vouement - Remiremont Info\",\"isPartOf\":{\"@id\":\"https:\/\/vosgesinfo.fr\/remiremontinfo\/#website\"},\"primaryImageOfPage\":{\"@id\":\"https:\/\/vosgesinfo.fr\/remiremontinfo\/2020\/10\/vosges-4-adolescents-distingues-prefet-courage-devouement\/#primaryimage\"},\"image\":{\"@id\":\"https:\/\/vosgesinfo.fr\/remiremontinfo\/2020\/10\/vosges-4-adolescents-distingues-prefet-courage-devouement\/#primaryimage\"},\"thumbnailUrl\":\"https:\/\/vosgesinfo.fr\/app\/uploads\/sites\/5\/2024\/09\/202010provencheres-colroy-mise-honneur-4-adolescents-7.jpg\",\"datePublished\":\"2020-10-08T04:51:18+00:00\",\"dateModified\":\"2020-10-08T04:51:18+00:00\",\"breadcrumb\":{\"@id\":\"https:\/\/vosgesinfo.fr\/remiremontinfo\/2020\/10\/vosges-4-adolescents-distingues-prefet-courage-devouement\/#breadcrumb\"},\"inLanguage\":\"fr-FR\",\"potentialAction\":[{\"@type\":\"ReadAction\",\"target\":[\"https:\/\/vosgesinfo.fr\/remiremontinfo\/2020\/10\/vosges-4-adolescents-distingues-prefet-courage-devouement\/\"]}]},{\"@type\":\"ImageObject\",\"inLanguage\":\"fr-FR\",\"@id\":\"https:\/\/vosgesinfo.fr\/remiremontinfo\/2020\/10\/vosges-4-adolescents-distingues-prefet-courage-devouement\/#primaryimage\",\"url\":\"https:\/\/vosgesinfo.fr\/app\/uploads\/sites\/5\/2024\/09\/202010provencheres-colroy-mise-honneur-4-adolescents-7.jpg\",\"contentUrl\":\"https:\/\/vosgesinfo.fr\/app\/uploads\/sites\/5\/2024\/09\/202010provencheres-colroy-mise-honneur-4-adolescents-7.jpg\",\"width\":800,\"height\":534},{\"@type\":\"BreadcrumbList\",\"@id\":\"https:\/\/vosgesinfo.fr\/remiremontinfo\/2020\/10\/vosges-4-adolescents-distingues-prefet-courage-devouement\/#breadcrumb\",\"itemListElement\":[{\"@type\":\"ListItem\",\"position\":1,\"name\":\"Home\",\"item\":\"https:\/\/vosgesinfo.fr\/remiremontinfo\/\"},{\"@type\":\"ListItem\",\"position\":2,\"name\":\"Vosges : 4 adolescents distingu\u00e9s par le pr\u00e9fet pour leur courage et leur d\u00e9vouement\"}]},{\"@type\":\"WebSite\",\"@id\":\"https:\/\/vosgesinfo.fr\/remiremontinfo\/#website\",\"url\":\"https:\/\/vosgesinfo.fr\/remiremontinfo\/\",\"name\":\"Remiremont Info\",\"description\":\"Toute l&#039;actualit\u00e9 de Remiremont\",\"publisher\":{\"@id\":\"https:\/\/vosgesinfo.fr\/remiremontinfo\/#organization\"},\"alternateName\":\"Toute l'actualit\u00e9 de Remiremont\",\"potentialAction\":[{\"@type\":\"SearchAction\",\"target\":{\"@type\":\"EntryPoint\",\"urlTemplate\":\"https:\/\/vosgesinfo.fr\/remiremontinfo\/?s={search_term_string}\"},\"query-input\":\"required name=search_term_string\"}],\"inLanguage\":\"fr-FR\"},{\"@type\":\"Organization\",\"@id\":\"https:\/\/vosgesinfo.fr\/remiremontinfo\/#organization\",\"name\":\"Remiremont Info\",\"url\":\"https:\/\/vosgesinfo.fr\/remiremontinfo\/\",\"logo\":{\"@type\":\"ImageObject\",\"inLanguage\":\"fr-FR\",\"@id\":\"https:\/\/vosgesinfo.fr\/remiremontinfo\/#\/schema\/logo\/image\/\",\"url\":\"https:\/\/vosgesinfo.fr\/app\/uploads\/sites\/5\/2023\/08\/favicon-remiremontinfo.png\",\"contentUrl\":\"https:\/\/vosgesinfo.fr\/app\/uploads\/sites\/5\/2023\/08\/favicon-remiremontinfo.png\",\"width\":512,\"height\":512,\"caption\":\"Remiremont Info\"},\"image\":{\"@id\":\"https:\/\/vosgesinfo.fr\/remiremontinfo\/#\/schema\/logo\/image\/\"},\"sameAs\":[\"https:\/\/www.facebook.com\/remiremontinfo\",\"https:\/\/x.com\/VosgesInfo88\",\"https:\/\/www.youtube.com\/@vosgesinfo\"]},{\"@type\":\"Person\",\"@id\":\"https:\/\/vosgesinfo.fr\/remiremontinfo\/#\/schema\/person\/3bfd164d5218a185b1db68655a265316\",\"name\":\"C D\",\"image\":{\"@type\":\"ImageObject\",\"inLanguage\":\"fr-FR\",\"@id\":\"https:\/\/vosgesinfo.fr\/remiremontinfo\/#\/schema\/person\/image\/\",\"url\":\"https:\/\/secure.gravatar.com\/avatar\/1f9a70007336511a47468b8f1c66f922b8b7cf617b02a31149ada43893a5d48f?s=96&d=mm&r=g\",\"contentUrl\":\"https:\/\/secure.gravatar.com\/avatar\/1f9a70007336511a47468b8f1c66f922b8b7cf617b02a31149ada43893a5d48f?s=96&d=mm&r=g\",\"caption\":\"C D\"},\"url\":\"https:\/\/vosgesinfo.fr\/remiremontinfo\/author\/cedric-drevet\/\"}]}<\/script>\n<!-- \/ Yoast SEO plugin. -->","yoast_head_json":{"title":"Vosges : 4 adolescents distingu\u00e9s par le pr\u00e9fet pour leur courage et leur d\u00e9vouement - Remiremont Info","robots":{"index":"index","follow":"follow","max-snippet":"max-snippet:-1","max-image-preview":"max-image-preview:large","max-video-preview":"max-video-preview:-1"},"canonical":"https:\/\/vosgesinfo.fr\/remiremontinfo\/2020\/10\/vosges-4-adolescents-distingues-prefet-courage-devouement\/","twitter_card":"summary_large_image","twitter_title":"Vosges : 4 adolescents distingu\u00e9s par le pr\u00e9fet pour leur courage et leur d\u00e9vouement - Remiremont Info","twitter_description":"Le 24 ao\u00fbt dernier, Lucas, Kenny, Logan et Alberic profitent d\u2019une de leurs derni\u00e8res soir\u00e9es d\u2019\u00e9t\u00e9 avant la rentr\u00e9e scolaire. [&hellip;]","twitter_image":"https:\/\/vosgesinfo.fr\/app\/uploads\/sites\/5\/2024\/09\/202010provencheres-colroy-mise-honneur-4-adolescents-7.jpg","twitter_creator":"@VosgesInfo88","twitter_site":"@VosgesInfo88","twitter_misc":{"\u00c9crit par":"C D","Dur\u00e9e de lecture estim\u00e9e":"1 minute"},"schema":{"@context":"https:\/\/schema.org","@graph":[{"@type":"Article","@id":"https:\/\/vosgesinfo.fr\/remiremontinfo\/2020\/10\/vosges-4-adolescents-distingues-prefet-courage-devouement\/#article","isPartOf":{"@id":"https:\/\/vosgesinfo.fr\/remiremontinfo\/2020\/10\/vosges-4-adolescents-distingues-prefet-courage-devouement\/"},"author":{"name":"C D","@id":"https:\/\/vosgesinfo.fr\/remiremontinfo\/#\/schema\/person\/3bfd164d5218a185b1db68655a265316"},"headline":"Vosges : 4 adolescents distingu\u00e9s par le pr\u00e9fet pour leur courage et leur d\u00e9vouement","datePublished":"2020-10-08T04:51:18+00:00","dateModified":"2020-10-08T04:51:18+00:00","mainEntityOfPage":{"@id":"https:\/\/vosgesinfo.fr\/remiremontinfo\/2020\/10\/vosges-4-adolescents-distingues-prefet-courage-devouement\/"},"wordCount":215,"commentCount":0,"publisher":{"@id":"https:\/\/vosgesinfo.fr\/remiremontinfo\/#organization"},"image":{"@id":"https:\/\/vosgesinfo.fr\/remiremontinfo\/2020\/10\/vosges-4-adolescents-distingues-prefet-courage-devouement\/#primaryimage"},"thumbnailUrl":"https:\/\/vosgesinfo.fr\/app\/uploads\/sites\/5\/2024\/09\/202010provencheres-colroy-mise-honneur-4-adolescents-7.jpg","articleSection":["A la Une","Vosges"],"inLanguage":"fr-FR","potentialAction":[{"@type":"CommentAction","name":"Comment","target":["https:\/\/vosgesinfo.fr\/remiremontinfo\/2020\/10\/vosges-4-adolescents-distingues-prefet-courage-devouement\/#respond"]}]},{"@type":"WebPage","@id":"https:\/\/vosgesinfo.fr\/remiremontinfo\/2020\/10\/vosges-4-adolescents-distingues-prefet-courage-devouement\/","url":"https:\/\/vosgesinfo.fr\/remiremontinfo\/2020\/10\/vosges-4-adolescents-distingues-prefet-courage-devouement\/","name":"Vosges : 4 adolescents distingu\u00e9s par le pr\u00e9fet pour leur courage et leur d\u00e9vouement - Remiremont Info","isPartOf":{"@id":"https:\/\/vosgesinfo.fr\/remiremontinfo\/#website"},"primaryImageOfPage":{"@id":"https:\/\/vosgesinfo.fr\/remiremontinfo\/2020\/10\/vosges-4-adolescents-distingues-prefet-courage-devouement\/#primaryimage"},"image":{"@id":"https:\/\/vosgesinfo.fr\/remiremontinfo\/2020\/10\/vosges-4-adolescents-distingues-prefet-courage-devouement\/#primaryimage"},"thumbnailUrl":"https:\/\/vosgesinfo.fr\/app\/uploads\/sites\/5\/2024\/09\/202010provencheres-colroy-mise-honneur-4-adolescents-7.jpg","datePublished":"2020-10-08T04:51:18+00:00","dateModified":"2020-10-08T04:51:18+00:00","breadcrumb":{"@id":"https:\/\/vosgesinfo.fr\/remiremontinfo\/2020\/10\/vosges-4-adolescents-distingues-prefet-courage-devouement\/#breadcrumb"},"inLanguage":"fr-FR","potentialAction":[{"@type":"ReadAction","target":["https:\/\/vosgesinfo.fr\/remiremontinfo\/2020\/10\/vosges-4-adolescents-distingues-prefet-courage-devouement\/"]}]},{"@type":"ImageObject","inLanguage":"fr-FR","@id":"https:\/\/vosgesinfo.fr\/remiremontinfo\/2020\/10\/vosges-4-adolescents-distingues-prefet-courage-devouement\/#primaryimage","url":"https:\/\/vosgesinfo.fr\/app\/uploads\/sites\/5\/2024\/09\/202010provencheres-colroy-mise-honneur-4-adolescents-7.jpg","contentUrl":"https:\/\/vosgesinfo.fr\/app\/uploads\/sites\/5\/2024\/09\/202010provencheres-colroy-mise-honneur-4-adolescents-7.jpg","width":800,"height":534},{"@type":"BreadcrumbList","@id":"https:\/\/vosgesinfo.fr\/remiremontinfo\/2020\/10\/vosges-4-adolescents-distingues-prefet-courage-devouement\/#breadcrumb","itemListElement":[{"@type":"ListItem","position":1,"name":"Home","item":"https:\/\/vosgesinfo.fr\/remiremontinfo\/"},{"@type":"ListItem","position":2,"name":"Vosges : 4 adolescents distingu\u00e9s par le pr\u00e9fet pour leur courage et leur d\u00e9vouement"}]},{"@type":"WebSite","@id":"https:\/\/vosgesinfo.fr\/remiremontinfo\/#website","url":"https:\/\/vosgesinfo.fr\/remiremontinfo\/","name":"Remiremont Info","description":"Toute l&#039;actualit\u00e9 de Remiremont","publisher":{"@id":"https:\/\/vosgesinfo.fr\/remiremontinfo\/#organization"},"alternateName":"Toute l'actualit\u00e9 de Remiremont","potentialAction":[{"@type":"SearchAction","target":{"@type":"EntryPoint","urlTemplate":"https:\/\/vosgesinfo.fr\/remiremontinfo\/?s={search_term_string}"},"query-input":"required name=search_term_string"}],"inLanguage":"fr-FR"},{"@type":"Organization","@id":"https:\/\/vosgesinfo.fr\/remiremontinfo\/#organization","name":"Remiremont Info","url":"https:\/\/vosgesinfo.fr\/remiremontinfo\/","logo":{"@type":"ImageObject","inLanguage":"fr-FR","@id":"https:\/\/vosgesinfo.fr\/remiremontinfo\/#\/schema\/logo\/image\/","url":"https:\/\/vosgesinfo.fr\/app\/uploads\/sites\/5\/2023\/08\/favicon-remiremontinfo.png","contentUrl":"https:\/\/vosgesinfo.fr\/app\/uploads\/sites\/5\/2023\/08\/favicon-remiremontinfo.png","width":512,"height":512,"caption":"Remiremont Info"},"image":{"@id":"https:\/\/vosgesinfo.fr\/remiremontinfo\/#\/schema\/logo\/image\/"},"sameAs":["https:\/\/www.facebook.com\/remiremontinfo","https:\/\/x.com\/VosgesInfo88","https:\/\/www.youtube.com\/@vosgesinfo"]},{"@type":"Person","@id":"https:\/\/vosgesinfo.fr\/remiremontinfo\/#\/schema\/person\/3bfd164d5218a185b1db68655a265316","name":"C D","image":{"@type":"ImageObject","inLanguage":"fr-FR","@id":"https:\/\/vosgesinfo.fr\/remiremontinfo\/#\/schema\/person\/image\/","url":"https:\/\/secure.gravatar.com\/avatar\/1f9a70007336511a47468b8f1c66f922b8b7cf617b02a31149ada43893a5d48f?s=96&d=mm&r=g","contentUrl":"https:\/\/secure.gravatar.com\/avatar\/1f9a70007336511a47468b8f1c66f922b8b7cf617b02a31149ada43893a5d48f?s=96&d=mm&r=g","caption":"C D"},"url":"https:\/\/vosgesinfo.fr\/remiremontinfo\/author\/cedric-drevet\/"}]}},"_links":{"self":[{"href":"https:\/\/vosgesinfo.fr\/remiremontinfo\/wp-json\/wp\/v2\/posts\/32494","targetHints":{"allow":["GET"]}}],"collection":[{"href":"https:\/\/vosgesinfo.fr\/remiremontinfo\/wp-json\/wp\/v2\/posts"}],"about":[{"href":"https:\/\/vosgesinfo.fr\/remiremontinfo\/wp-json\/wp\/v2\/types\/post"}],"author":[{"embeddable":true,"href":"https:\/\/vosgesinfo.fr\/remiremontinfo\/wp-json\/wp\/v2\/users\/407"}],"replies":[{"embeddable":true,"href":"https:\/\/vosgesinfo.fr\/remiremontinfo\/wp-json\/wp\/v2\/comments?post=32494"}],"version-history":[{"count":0,"href":"https:\/\/vosgesinfo.fr\/remiremontinfo\/wp-json\/wp\/v2\/posts\/32494\/revisions"}],"wp:featuredmedia":[{"embeddable":true,"href":"https:\/\/vosgesinfo.fr\/remiremontinfo\/wp-json\/wp\/v2\/media\/32495"}],"wp:attachment":[{"href":"https:\/\/vosgesinfo.fr\/remiremontinfo\/wp-json\/wp\/v2\/media?parent=32494"}],"wp:term":[{"taxonomy":"category","embeddable":true,"href":"https:\/\/vosgesinfo.fr\/remiremontinfo\/wp-json\/wp\/v2\/categories?post=32494"},{"taxonomy":"post_tag","embeddable":true,"href":"https:\/\/vosgesinfo.fr\/remiremontinfo\/wp-json\/wp\/v2\/tags?post=32494"}],"curies":[{"name":"wp","href":"https:\/\/api.w.org\/{rel}","templated":true}]}}