{"id":32544,"date":"2020-10-09T07:00:02","date_gmt":"2020-10-09T05:00:02","guid":{"rendered":"https:\/\/vosgesinfo.fr\/remiremontinfo\/2020\/10\/remiremont-benevoles-de-lassociation-chats-famille-organisent-collecte\/"},"modified":"2020-10-09T07:00:02","modified_gmt":"2020-10-09T05:00:02","slug":"remiremont-benevoles-de-lassociation-chats-famille-organisent-collecte","status":"publish","type":"post","link":"https:\/\/vosgesinfo.fr\/remiremontinfo\/2020\/10\/remiremont-benevoles-de-lassociation-chats-famille-organisent-collecte\/","title":{"rendered":"Remiremont : les b\u00e9n\u00e9voles de l\u2019association \u00ab Chats sans famille \u00bb organisent une collecte"},"content":{"rendered":"<p style=\"text-align: center;\"><a href=\"\/2020\/10\/21-1024x768.jpg\"><img decoding=\"async\" class=\"alignnone size-full wp-image-298255\" src=\"\/2020\/10\/21-1024x768.jpg\" alt=\"21-1024x768\" width=\"800\" height=\"600\" \/><\/a><\/p>\n<p><span style=\"font-size: 10pt;\"><em><span style=\"color: #333333;\"><span style=\"font-family: 'Times New Roman', serif;\">Photo d\u2019archive<\/span><\/span><\/em><\/span><\/p>\n<h2><span style=\"font-size: 12pt;\"><strong><span style=\"color: #333333;\"><span style=\"font-family: 'Times New Roman', serif;\">Depuis ce matin, des membres de l\u2019association \u00ab Chats sans famille \u00bb ont install\u00e9 un stand dans le hall du supermarch\u00e9 Cora de Remiremont pour pr\u00e9senter aux clients leurs actions et trouver des soutiens.<\/span><\/span><\/strong><\/span><\/h2>\n<p><span style=\"color: #333333; font-size: 12pt;\"><span style=\"font-family: 'Times New Roman', serif;\">L\u2019association a \u00e9t\u00e9 cr\u00e9\u00e9e en f\u00e9vrier 2018. Ses objectifs sont : st\u00e9riliser les chats errants, accueillir des chats et chatons de tous \u00e2ges, abandonn\u00e9s, malades, errants, accident\u00e9s ou destin\u00e9s \u00e0 l\u2019euthanasie, pour ensuite les proposer \u00e0 l\u2019adoption. \u00ab Chats sans famille \u00bb cherche aussi, par des campagnes dans les \u00e9coles, \u00e0 sensibiliser le jeune public sur la maltraitance animale, l\u2019abandon et l\u2019importance de la st\u00e9rilisation et de la vaccination.<\/span><\/span><\/p>\n<p><span style=\"font-size: 12pt;\"><span style=\"color: #333333;\"><span style=\"font-family: 'Times New Roman', serif;\">\u00ab\u00a0Tous les jours, nous allons nourrir nos chats libres sur 4 sites \u00e0 Remiremont\u00a0\u00bb, <\/span><\/span><span style=\"color: #333333;\"><span style=\"font-family: 'Times New Roman', serif;\">expliquent les membres de l\u2019association, <\/span><\/span><span style=\"color: #333333;\"><span style=\"font-family: 'Times New Roman', serif;\">\u00ab\u00a0En 10 jours nous avons trapp\u00e9s 10 chats dont 8 \u00e0 sociabiliser en Familles d&rsquo;Accueil. Nous recherchons toujours des Familles d&rsquo;Accueil, mais aussi un petit local de stockage\/garage proche de Remiremont\u00a0\u00bb. <\/span><\/span><span style=\"color: #333333;\"><span style=\"font-family: 'Times New Roman', serif;\">Ce vendredi 9 et ce samedi 10 octobre, rendez-vous est donn\u00e9 dans le hall du magasin Cora, pour \u00e9ventuellement d\u00e9couvrir l\u2019association et faire des dons.<\/span><\/span><\/span><\/p>\n<p style=\"text-align: center;\"><a href=\"\/2020\/10\/121033721_945732149251103_1730756155719728937_o.jpg\"><img decoding=\"async\" class=\"alignnone size-full wp-image-298256\" src=\"\/2020\/10\/121033721_945732149251103_1730756155719728937_o.jpg\" alt=\"121033721_945732149251103_1730756155719728937_o\" width=\"800\" height=\"800\" \/><\/a><\/p>\n","protected":false},"excerpt":{"rendered":"<p>Photo d\u2019archive Depuis ce matin, des membres de l\u2019association \u00ab Chats sans famille \u00bb ont install\u00e9 un stand dans le [&hellip;]<\/p>\n","protected":false},"author":407,"featured_media":32545,"comment_status":"open","ping_status":"open","sticky":false,"template":"","format":"standard","meta":{"footnotes":""},"categories":[26,1556,35,17],"tags":[],"class_list":["post-32544","post","type-post","status-publish","format-standard","has-post-thumbnail","hentry","category-a-la-une","category-remiremont-remiremont-son-canton-2","category-remiremont-son-canton","category-vie-associative"],"acf":[],"yoast_head":"<!-- This site is optimized with the Yoast SEO plugin v22.5 - https:\/\/yoast.com\/wordpress\/plugins\/seo\/ -->\n<title>Remiremont : les b\u00e9n\u00e9voles de l\u2019association \u00ab Chats sans famille \u00bb organisent une collecte - Remiremont Info<\/title>\n<meta name=\"robots\" content=\"index, follow, max-snippet:-1, max-image-preview:large, max-video-preview:-1\" \/>\n<link rel=\"canonical\" href=\"https:\/\/vosgesinfo.fr\/remiremontinfo\/2020\/10\/remiremont-benevoles-de-lassociation-chats-famille-organisent-collecte\/\" \/>\n<meta name=\"twitter:card\" content=\"summary_large_image\" \/>\n<meta name=\"twitter:title\" content=\"Remiremont : les b\u00e9n\u00e9voles de l\u2019association \u00ab Chats sans famille \u00bb organisent une collecte - Remiremont Info\" \/>\n<meta name=\"twitter:description\" content=\"Photo d\u2019archive Depuis ce matin, des membres de l\u2019association \u00ab Chats sans famille \u00bb ont install\u00e9 un stand dans le [&hellip;]\" \/>\n<meta name=\"twitter:image\" content=\"https:\/\/vosgesinfo.fr\/app\/uploads\/sites\/5\/2024\/09\/20201021-1024x768-1.jpg\" \/>\n<meta name=\"twitter:creator\" content=\"@VosgesInfo88\" \/>\n<meta name=\"twitter:site\" content=\"@VosgesInfo88\" \/>\n<meta name=\"twitter:label1\" content=\"\u00c9crit par\" \/>\n\t<meta name=\"twitter:data1\" content=\"C D\" \/>\n\t<meta name=\"twitter:label2\" content=\"Dur\u00e9e de lecture estim\u00e9e\" \/>\n\t<meta name=\"twitter:data2\" content=\"1 minute\" \/>\n<script type=\"application\/ld+json\" class=\"yoast-schema-graph\">{\"@context\":\"https:\/\/schema.org\",\"@graph\":[{\"@type\":\"Article\",\"@id\":\"https:\/\/vosgesinfo.fr\/remiremontinfo\/2020\/10\/remiremont-benevoles-de-lassociation-chats-famille-organisent-collecte\/#article\",\"isPartOf\":{\"@id\":\"https:\/\/vosgesinfo.fr\/remiremontinfo\/2020\/10\/remiremont-benevoles-de-lassociation-chats-famille-organisent-collecte\/\"},\"author\":{\"name\":\"C D\",\"@id\":\"https:\/\/vosgesinfo.fr\/remiremontinfo\/#\/schema\/person\/3bfd164d5218a185b1db68655a265316\"},\"headline\":\"Remiremont : les b\u00e9n\u00e9voles de l\u2019association \u00ab Chats sans famille \u00bb organisent une collecte\",\"datePublished\":\"2020-10-09T05:00:02+00:00\",\"dateModified\":\"2020-10-09T05:00:02+00:00\",\"mainEntityOfPage\":{\"@id\":\"https:\/\/vosgesinfo.fr\/remiremontinfo\/2020\/10\/remiremont-benevoles-de-lassociation-chats-famille-organisent-collecte\/\"},\"wordCount\":199,\"commentCount\":0,\"publisher\":{\"@id\":\"https:\/\/vosgesinfo.fr\/remiremontinfo\/#organization\"},\"image\":{\"@id\":\"https:\/\/vosgesinfo.fr\/remiremontinfo\/2020\/10\/remiremont-benevoles-de-lassociation-chats-famille-organisent-collecte\/#primaryimage\"},\"thumbnailUrl\":\"https:\/\/vosgesinfo.fr\/app\/uploads\/sites\/5\/2024\/09\/20201021-1024x768-1.jpg\",\"articleSection\":[\"A la Une\",\"Remiremont\",\"Remiremont &amp; son canton\",\"Vie associative\"],\"inLanguage\":\"fr-FR\",\"potentialAction\":[{\"@type\":\"CommentAction\",\"name\":\"Comment\",\"target\":[\"https:\/\/vosgesinfo.fr\/remiremontinfo\/2020\/10\/remiremont-benevoles-de-lassociation-chats-famille-organisent-collecte\/#respond\"]}]},{\"@type\":\"WebPage\",\"@id\":\"https:\/\/vosgesinfo.fr\/remiremontinfo\/2020\/10\/remiremont-benevoles-de-lassociation-chats-famille-organisent-collecte\/\",\"url\":\"https:\/\/vosgesinfo.fr\/remiremontinfo\/2020\/10\/remiremont-benevoles-de-lassociation-chats-famille-organisent-collecte\/\",\"name\":\"Remiremont : les b\u00e9n\u00e9voles de l\u2019association \u00ab Chats sans famille \u00bb organisent une collecte - Remiremont Info\",\"isPartOf\":{\"@id\":\"https:\/\/vosgesinfo.fr\/remiremontinfo\/#website\"},\"primaryImageOfPage\":{\"@id\":\"https:\/\/vosgesinfo.fr\/remiremontinfo\/2020\/10\/remiremont-benevoles-de-lassociation-chats-famille-organisent-collecte\/#primaryimage\"},\"image\":{\"@id\":\"https:\/\/vosgesinfo.fr\/remiremontinfo\/2020\/10\/remiremont-benevoles-de-lassociation-chats-famille-organisent-collecte\/#primaryimage\"},\"thumbnailUrl\":\"https:\/\/vosgesinfo.fr\/app\/uploads\/sites\/5\/2024\/09\/20201021-1024x768-1.jpg\",\"datePublished\":\"2020-10-09T05:00:02+00:00\",\"dateModified\":\"2020-10-09T05:00:02+00:00\",\"breadcrumb\":{\"@id\":\"https:\/\/vosgesinfo.fr\/remiremontinfo\/2020\/10\/remiremont-benevoles-de-lassociation-chats-famille-organisent-collecte\/#breadcrumb\"},\"inLanguage\":\"fr-FR\",\"potentialAction\":[{\"@type\":\"ReadAction\",\"target\":[\"https:\/\/vosgesinfo.fr\/remiremontinfo\/2020\/10\/remiremont-benevoles-de-lassociation-chats-famille-organisent-collecte\/\"]}]},{\"@type\":\"ImageObject\",\"inLanguage\":\"fr-FR\",\"@id\":\"https:\/\/vosgesinfo.fr\/remiremontinfo\/2020\/10\/remiremont-benevoles-de-lassociation-chats-famille-organisent-collecte\/#primaryimage\",\"url\":\"https:\/\/vosgesinfo.fr\/app\/uploads\/sites\/5\/2024\/09\/20201021-1024x768-1.jpg\",\"contentUrl\":\"https:\/\/vosgesinfo.fr\/app\/uploads\/sites\/5\/2024\/09\/20201021-1024x768-1.jpg\",\"width\":800,\"height\":600},{\"@type\":\"BreadcrumbList\",\"@id\":\"https:\/\/vosgesinfo.fr\/remiremontinfo\/2020\/10\/remiremont-benevoles-de-lassociation-chats-famille-organisent-collecte\/#breadcrumb\",\"itemListElement\":[{\"@type\":\"ListItem\",\"position\":1,\"name\":\"Home\",\"item\":\"https:\/\/vosgesinfo.fr\/remiremontinfo\/\"},{\"@type\":\"ListItem\",\"position\":2,\"name\":\"Remiremont : les b\u00e9n\u00e9voles de l\u2019association \u00ab Chats sans famille \u00bb organisent une collecte\"}]},{\"@type\":\"WebSite\",\"@id\":\"https:\/\/vosgesinfo.fr\/remiremontinfo\/#website\",\"url\":\"https:\/\/vosgesinfo.fr\/remiremontinfo\/\",\"name\":\"Remiremont Info\",\"description\":\"Toute l&#039;actualit\u00e9 de Remiremont\",\"publisher\":{\"@id\":\"https:\/\/vosgesinfo.fr\/remiremontinfo\/#organization\"},\"alternateName\":\"Toute l'actualit\u00e9 de Remiremont\",\"potentialAction\":[{\"@type\":\"SearchAction\",\"target\":{\"@type\":\"EntryPoint\",\"urlTemplate\":\"https:\/\/vosgesinfo.fr\/remiremontinfo\/?s={search_term_string}\"},\"query-input\":\"required name=search_term_string\"}],\"inLanguage\":\"fr-FR\"},{\"@type\":\"Organization\",\"@id\":\"https:\/\/vosgesinfo.fr\/remiremontinfo\/#organization\",\"name\":\"Remiremont Info\",\"url\":\"https:\/\/vosgesinfo.fr\/remiremontinfo\/\",\"logo\":{\"@type\":\"ImageObject\",\"inLanguage\":\"fr-FR\",\"@id\":\"https:\/\/vosgesinfo.fr\/remiremontinfo\/#\/schema\/logo\/image\/\",\"url\":\"https:\/\/vosgesinfo.fr\/app\/uploads\/sites\/5\/2023\/08\/favicon-remiremontinfo.png\",\"contentUrl\":\"https:\/\/vosgesinfo.fr\/app\/uploads\/sites\/5\/2023\/08\/favicon-remiremontinfo.png\",\"width\":512,\"height\":512,\"caption\":\"Remiremont Info\"},\"image\":{\"@id\":\"https:\/\/vosgesinfo.fr\/remiremontinfo\/#\/schema\/logo\/image\/\"},\"sameAs\":[\"https:\/\/www.facebook.com\/remiremontinfo\",\"https:\/\/x.com\/VosgesInfo88\",\"https:\/\/www.youtube.com\/@vosgesinfo\"]},{\"@type\":\"Person\",\"@id\":\"https:\/\/vosgesinfo.fr\/remiremontinfo\/#\/schema\/person\/3bfd164d5218a185b1db68655a265316\",\"name\":\"C D\",\"image\":{\"@type\":\"ImageObject\",\"inLanguage\":\"fr-FR\",\"@id\":\"https:\/\/vosgesinfo.fr\/remiremontinfo\/#\/schema\/person\/image\/\",\"url\":\"https:\/\/secure.gravatar.com\/avatar\/1f9a70007336511a47468b8f1c66f922b8b7cf617b02a31149ada43893a5d48f?s=96&d=mm&r=g\",\"contentUrl\":\"https:\/\/secure.gravatar.com\/avatar\/1f9a70007336511a47468b8f1c66f922b8b7cf617b02a31149ada43893a5d48f?s=96&d=mm&r=g\",\"caption\":\"C D\"},\"url\":\"https:\/\/vosgesinfo.fr\/remiremontinfo\/author\/cedric-drevet\/\"}]}<\/script>\n<!-- \/ Yoast SEO plugin. -->","yoast_head_json":{"title":"Remiremont : les b\u00e9n\u00e9voles de l\u2019association \u00ab Chats sans famille \u00bb organisent une collecte - Remiremont Info","robots":{"index":"index","follow":"follow","max-snippet":"max-snippet:-1","max-image-preview":"max-image-preview:large","max-video-preview":"max-video-preview:-1"},"canonical":"https:\/\/vosgesinfo.fr\/remiremontinfo\/2020\/10\/remiremont-benevoles-de-lassociation-chats-famille-organisent-collecte\/","twitter_card":"summary_large_image","twitter_title":"Remiremont : les b\u00e9n\u00e9voles de l\u2019association \u00ab Chats sans famille \u00bb organisent une collecte - Remiremont Info","twitter_description":"Photo d\u2019archive Depuis ce matin, des membres de l\u2019association \u00ab Chats sans famille \u00bb ont install\u00e9 un stand dans le [&hellip;]","twitter_image":"https:\/\/vosgesinfo.fr\/app\/uploads\/sites\/5\/2024\/09\/20201021-1024x768-1.jpg","twitter_creator":"@VosgesInfo88","twitter_site":"@VosgesInfo88","twitter_misc":{"\u00c9crit par":"C D","Dur\u00e9e de lecture estim\u00e9e":"1 minute"},"schema":{"@context":"https:\/\/schema.org","@graph":[{"@type":"Article","@id":"https:\/\/vosgesinfo.fr\/remiremontinfo\/2020\/10\/remiremont-benevoles-de-lassociation-chats-famille-organisent-collecte\/#article","isPartOf":{"@id":"https:\/\/vosgesinfo.fr\/remiremontinfo\/2020\/10\/remiremont-benevoles-de-lassociation-chats-famille-organisent-collecte\/"},"author":{"name":"C D","@id":"https:\/\/vosgesinfo.fr\/remiremontinfo\/#\/schema\/person\/3bfd164d5218a185b1db68655a265316"},"headline":"Remiremont : les b\u00e9n\u00e9voles de l\u2019association \u00ab Chats sans famille \u00bb organisent une collecte","datePublished":"2020-10-09T05:00:02+00:00","dateModified":"2020-10-09T05:00:02+00:00","mainEntityOfPage":{"@id":"https:\/\/vosgesinfo.fr\/remiremontinfo\/2020\/10\/remiremont-benevoles-de-lassociation-chats-famille-organisent-collecte\/"},"wordCount":199,"commentCount":0,"publisher":{"@id":"https:\/\/vosgesinfo.fr\/remiremontinfo\/#organization"},"image":{"@id":"https:\/\/vosgesinfo.fr\/remiremontinfo\/2020\/10\/remiremont-benevoles-de-lassociation-chats-famille-organisent-collecte\/#primaryimage"},"thumbnailUrl":"https:\/\/vosgesinfo.fr\/app\/uploads\/sites\/5\/2024\/09\/20201021-1024x768-1.jpg","articleSection":["A la Une","Remiremont","Remiremont &amp; son canton","Vie associative"],"inLanguage":"fr-FR","potentialAction":[{"@type":"CommentAction","name":"Comment","target":["https:\/\/vosgesinfo.fr\/remiremontinfo\/2020\/10\/remiremont-benevoles-de-lassociation-chats-famille-organisent-collecte\/#respond"]}]},{"@type":"WebPage","@id":"https:\/\/vosgesinfo.fr\/remiremontinfo\/2020\/10\/remiremont-benevoles-de-lassociation-chats-famille-organisent-collecte\/","url":"https:\/\/vosgesinfo.fr\/remiremontinfo\/2020\/10\/remiremont-benevoles-de-lassociation-chats-famille-organisent-collecte\/","name":"Remiremont : les b\u00e9n\u00e9voles de l\u2019association \u00ab Chats sans famille \u00bb organisent une collecte - Remiremont Info","isPartOf":{"@id":"https:\/\/vosgesinfo.fr\/remiremontinfo\/#website"},"primaryImageOfPage":{"@id":"https:\/\/vosgesinfo.fr\/remiremontinfo\/2020\/10\/remiremont-benevoles-de-lassociation-chats-famille-organisent-collecte\/#primaryimage"},"image":{"@id":"https:\/\/vosgesinfo.fr\/remiremontinfo\/2020\/10\/remiremont-benevoles-de-lassociation-chats-famille-organisent-collecte\/#primaryimage"},"thumbnailUrl":"https:\/\/vosgesinfo.fr\/app\/uploads\/sites\/5\/2024\/09\/20201021-1024x768-1.jpg","datePublished":"2020-10-09T05:00:02+00:00","dateModified":"2020-10-09T05:00:02+00:00","breadcrumb":{"@id":"https:\/\/vosgesinfo.fr\/remiremontinfo\/2020\/10\/remiremont-benevoles-de-lassociation-chats-famille-organisent-collecte\/#breadcrumb"},"inLanguage":"fr-FR","potentialAction":[{"@type":"ReadAction","target":["https:\/\/vosgesinfo.fr\/remiremontinfo\/2020\/10\/remiremont-benevoles-de-lassociation-chats-famille-organisent-collecte\/"]}]},{"@type":"ImageObject","inLanguage":"fr-FR","@id":"https:\/\/vosgesinfo.fr\/remiremontinfo\/2020\/10\/remiremont-benevoles-de-lassociation-chats-famille-organisent-collecte\/#primaryimage","url":"https:\/\/vosgesinfo.fr\/app\/uploads\/sites\/5\/2024\/09\/20201021-1024x768-1.jpg","contentUrl":"https:\/\/vosgesinfo.fr\/app\/uploads\/sites\/5\/2024\/09\/20201021-1024x768-1.jpg","width":800,"height":600},{"@type":"BreadcrumbList","@id":"https:\/\/vosgesinfo.fr\/remiremontinfo\/2020\/10\/remiremont-benevoles-de-lassociation-chats-famille-organisent-collecte\/#breadcrumb","itemListElement":[{"@type":"ListItem","position":1,"name":"Home","item":"https:\/\/vosgesinfo.fr\/remiremontinfo\/"},{"@type":"ListItem","position":2,"name":"Remiremont : les b\u00e9n\u00e9voles de l\u2019association \u00ab Chats sans famille \u00bb organisent une collecte"}]},{"@type":"WebSite","@id":"https:\/\/vosgesinfo.fr\/remiremontinfo\/#website","url":"https:\/\/vosgesinfo.fr\/remiremontinfo\/","name":"Remiremont Info","description":"Toute l&#039;actualit\u00e9 de Remiremont","publisher":{"@id":"https:\/\/vosgesinfo.fr\/remiremontinfo\/#organization"},"alternateName":"Toute l'actualit\u00e9 de Remiremont","potentialAction":[{"@type":"SearchAction","target":{"@type":"EntryPoint","urlTemplate":"https:\/\/vosgesinfo.fr\/remiremontinfo\/?s={search_term_string}"},"query-input":"required name=search_term_string"}],"inLanguage":"fr-FR"},{"@type":"Organization","@id":"https:\/\/vosgesinfo.fr\/remiremontinfo\/#organization","name":"Remiremont Info","url":"https:\/\/vosgesinfo.fr\/remiremontinfo\/","logo":{"@type":"ImageObject","inLanguage":"fr-FR","@id":"https:\/\/vosgesinfo.fr\/remiremontinfo\/#\/schema\/logo\/image\/","url":"https:\/\/vosgesinfo.fr\/app\/uploads\/sites\/5\/2023\/08\/favicon-remiremontinfo.png","contentUrl":"https:\/\/vosgesinfo.fr\/app\/uploads\/sites\/5\/2023\/08\/favicon-remiremontinfo.png","width":512,"height":512,"caption":"Remiremont Info"},"image":{"@id":"https:\/\/vosgesinfo.fr\/remiremontinfo\/#\/schema\/logo\/image\/"},"sameAs":["https:\/\/www.facebook.com\/remiremontinfo","https:\/\/x.com\/VosgesInfo88","https:\/\/www.youtube.com\/@vosgesinfo"]},{"@type":"Person","@id":"https:\/\/vosgesinfo.fr\/remiremontinfo\/#\/schema\/person\/3bfd164d5218a185b1db68655a265316","name":"C D","image":{"@type":"ImageObject","inLanguage":"fr-FR","@id":"https:\/\/vosgesinfo.fr\/remiremontinfo\/#\/schema\/person\/image\/","url":"https:\/\/secure.gravatar.com\/avatar\/1f9a70007336511a47468b8f1c66f922b8b7cf617b02a31149ada43893a5d48f?s=96&d=mm&r=g","contentUrl":"https:\/\/secure.gravatar.com\/avatar\/1f9a70007336511a47468b8f1c66f922b8b7cf617b02a31149ada43893a5d48f?s=96&d=mm&r=g","caption":"C D"},"url":"https:\/\/vosgesinfo.fr\/remiremontinfo\/author\/cedric-drevet\/"}]}},"_links":{"self":[{"href":"https:\/\/vosgesinfo.fr\/remiremontinfo\/wp-json\/wp\/v2\/posts\/32544","targetHints":{"allow":["GET"]}}],"collection":[{"href":"https:\/\/vosgesinfo.fr\/remiremontinfo\/wp-json\/wp\/v2\/posts"}],"about":[{"href":"https:\/\/vosgesinfo.fr\/remiremontinfo\/wp-json\/wp\/v2\/types\/post"}],"author":[{"embeddable":true,"href":"https:\/\/vosgesinfo.fr\/remiremontinfo\/wp-json\/wp\/v2\/users\/407"}],"replies":[{"embeddable":true,"href":"https:\/\/vosgesinfo.fr\/remiremontinfo\/wp-json\/wp\/v2\/comments?post=32544"}],"version-history":[{"count":0,"href":"https:\/\/vosgesinfo.fr\/remiremontinfo\/wp-json\/wp\/v2\/posts\/32544\/revisions"}],"wp:featuredmedia":[{"embeddable":true,"href":"https:\/\/vosgesinfo.fr\/remiremontinfo\/wp-json\/wp\/v2\/media\/32545"}],"wp:attachment":[{"href":"https:\/\/vosgesinfo.fr\/remiremontinfo\/wp-json\/wp\/v2\/media?parent=32544"}],"wp:term":[{"taxonomy":"category","embeddable":true,"href":"https:\/\/vosgesinfo.fr\/remiremontinfo\/wp-json\/wp\/v2\/categories?post=32544"},{"taxonomy":"post_tag","embeddable":true,"href":"https:\/\/vosgesinfo.fr\/remiremontinfo\/wp-json\/wp\/v2\/tags?post=32544"}],"curies":[{"name":"wp","href":"https:\/\/api.w.org\/{rel}","templated":true}]}}