{"id":32547,"date":"2020-10-09T05:43:41","date_gmt":"2020-10-09T03:43:41","guid":{"rendered":"https:\/\/vosgesinfo.fr\/remiremontinfo\/2020\/10\/vosges-sport-social-avancent-main-main\/"},"modified":"2020-10-09T05:43:41","modified_gmt":"2020-10-09T03:43:41","slug":"vosges-sport-social-avancent-main-main","status":"publish","type":"post","link":"https:\/\/vosgesinfo.fr\/remiremontinfo\/2020\/10\/vosges-sport-social-avancent-main-main\/","title":{"rendered":"Vosges : quand sport et social avancent main dans la main"},"content":{"rendered":"<h2><span style=\"font-size: 12pt;\"><strong>Hier jeudi apr\u00e8s-midi, au Conseil D\u00e9partemental des Vosges, la troisi\u00e8me \u00e9dition des jeudis de l\u2019\u00e9ducation et de l\u2019insertion par le sport s\u2019est d\u00e9roul\u00e9e, en pr\u00e9sence de Luc Gerecke, Vice-pr\u00e9sident du Conseil d\u00e9partemental, Jean-Fran\u00e7ois Moinaux, Pr\u00e9sident du Comit\u00e9 D\u00e9partemental Olympique et Sportif\u00a0et Julien Le Goff, Secr\u00e9taire G\u00e9n\u00e9ral de la Pr\u00e9fecture des Vosges.<\/strong><\/span><\/h2>\n<p><span style=\"font-size: 12pt;\">Cette journ\u00e9e a rassembl\u00e9 pr\u00e8s d\u2019une centaine d\u2019acteurs publics et associatifs intervenant dans les domaines sociaux et sportifs, autour de la th\u00e9matique \u00ab S\u2019engager ensemble pour laisser un h\u00e9ritage socio-sportif dans le cadre des JOP 2024 \u00bb.<\/span><\/p>\n<p><span style=\"font-size: 12pt;\">Ces journ\u00e9es sont des temps fort qui r\u00e9unissent des professionnels de deux champs diff\u00e9rents (sport et social), et qui permettent de travailler en commun pour aider les personnes en difficult\u00e9 d\u2019insertion sociale et professionnelle\u00a0<em>(b\u00e9n\u00e9ficiaires du RSA, habitants des quartiers politique de la ville, jeunes invisibles, femmes isol\u00e9es\u2026)<\/em>\u00a0en mobilisant le sport comme un v\u00e9ritable levier d\u2019insertion.<\/span><\/p>\n<h3><span style=\"font-size: 12pt;\"><strong>Cette rencontre avait plusieurs objectifs\u00a0:<\/strong><\/span><\/h3>\n<p><span style=\"font-size: 12pt;\">\u25ba Mettre en avant et partager les actions r\u00e9alis\u00e9es depuis la 1\u00e8re organisation en avril 2018.<\/span><\/p>\n<p><span style=\"font-size: 12pt;\">\u25ba Augmenter la prise de conscience de l\u2019utilit\u00e9 du sport comme levier d\u2019insertion pour les personnes en difficult\u00e9s par le biais de la pratique d\u2019une activit\u00e9 physique et de l\u2019engagement citoyen.<\/span><\/p>\n<p><span style=\"font-size: 12pt;\">\u25ba Proposer un temps de travail aux participants afin de s\u2019engager ensemble pour laisser un h\u00e9ritage socio-sportif dans le cadre des JOP 2024.<\/span><\/p>\n<p><span style=\"font-size: 12pt;\">Cette ann\u00e9e, une formule hybride a \u00e9t\u00e9 propos\u00e9e, avec des temps distanciels et\/ou pr\u00e9sentiels.<\/span><\/p>\n<p><span style=\"font-size: 12pt;\">La journ\u00e9e \u00e9tait retransmise en direct sur le site\u00a0https:\/\/www.besport.com<\/span><\/p>\n<p><span style=\"font-size: 12pt;\">Les ateliers r\u00e9flexifs se sont d\u00e9roul\u00e9s via l\u2019application Microsoft Teams (PC, Mac, iOS et Android).<\/span><\/p>\n<p><span style=\"font-size: 12pt;\">Source :\u00a0<a href=\"http:\/\/www.vosgesmag.fr\/\" target=\"_blank\" rel=\"noopener\">www.vosgesmag.fr<\/a><\/span><\/p>\n","protected":false},"excerpt":{"rendered":"<p>Hier jeudi apr\u00e8s-midi, au Conseil D\u00e9partemental des Vosges, la troisi\u00e8me \u00e9dition des jeudis de l\u2019\u00e9ducation et de l\u2019insertion par le [&hellip;]<\/p>\n","protected":false},"author":407,"featured_media":32548,"comment_status":"open","ping_status":"open","sticky":false,"template":"","format":"standard","meta":{"footnotes":""},"categories":[26,18],"tags":[],"class_list":["post-32547","post","type-post","status-publish","format-standard","has-post-thumbnail","hentry","category-a-la-une","category-vosges"],"acf":[],"yoast_head":"<!-- This site is optimized with the Yoast SEO plugin v22.5 - https:\/\/yoast.com\/wordpress\/plugins\/seo\/ -->\n<title>Vosges : quand sport et social avancent main dans la main - Remiremont Info<\/title>\n<meta name=\"robots\" content=\"index, follow, max-snippet:-1, max-image-preview:large, max-video-preview:-1\" \/>\n<link rel=\"canonical\" href=\"https:\/\/vosgesinfo.fr\/remiremontinfo\/2020\/10\/vosges-sport-social-avancent-main-main\/\" \/>\n<meta name=\"twitter:card\" content=\"summary_large_image\" \/>\n<meta name=\"twitter:title\" content=\"Vosges : quand sport et social avancent main dans la main - Remiremont Info\" \/>\n<meta name=\"twitter:description\" content=\"Hier jeudi apr\u00e8s-midi, au Conseil D\u00e9partemental des Vosges, la troisi\u00e8me \u00e9dition des jeudis de l\u2019\u00e9ducation et de l\u2019insertion par le [&hellip;]\" \/>\n<meta name=\"twitter:image\" content=\"https:\/\/vosgesinfo.fr\/app\/uploads\/sites\/5\/2024\/09\/202010sport1.jpg\" \/>\n<meta name=\"twitter:creator\" content=\"@VosgesInfo88\" \/>\n<meta name=\"twitter:site\" content=\"@VosgesInfo88\" \/>\n<meta name=\"twitter:label1\" content=\"\u00c9crit par\" \/>\n\t<meta name=\"twitter:data1\" content=\"C D\" \/>\n\t<meta name=\"twitter:label2\" content=\"Dur\u00e9e de lecture estim\u00e9e\" \/>\n\t<meta name=\"twitter:data2\" content=\"2 minutes\" \/>\n<script type=\"application\/ld+json\" class=\"yoast-schema-graph\">{\"@context\":\"https:\/\/schema.org\",\"@graph\":[{\"@type\":\"Article\",\"@id\":\"https:\/\/vosgesinfo.fr\/remiremontinfo\/2020\/10\/vosges-sport-social-avancent-main-main\/#article\",\"isPartOf\":{\"@id\":\"https:\/\/vosgesinfo.fr\/remiremontinfo\/2020\/10\/vosges-sport-social-avancent-main-main\/\"},\"author\":{\"name\":\"C D\",\"@id\":\"https:\/\/vosgesinfo.fr\/remiremontinfo\/#\/schema\/person\/3bfd164d5218a185b1db68655a265316\"},\"headline\":\"Vosges : quand sport et social avancent main dans la main\",\"datePublished\":\"2020-10-09T03:43:41+00:00\",\"dateModified\":\"2020-10-09T03:43:41+00:00\",\"mainEntityOfPage\":{\"@id\":\"https:\/\/vosgesinfo.fr\/remiremontinfo\/2020\/10\/vosges-sport-social-avancent-main-main\/\"},\"wordCount\":321,\"commentCount\":0,\"publisher\":{\"@id\":\"https:\/\/vosgesinfo.fr\/remiremontinfo\/#organization\"},\"image\":{\"@id\":\"https:\/\/vosgesinfo.fr\/remiremontinfo\/2020\/10\/vosges-sport-social-avancent-main-main\/#primaryimage\"},\"thumbnailUrl\":\"https:\/\/vosgesinfo.fr\/app\/uploads\/sites\/5\/2024\/09\/202010sport1.jpg\",\"articleSection\":[\"A la Une\",\"Vosges\"],\"inLanguage\":\"fr-FR\",\"potentialAction\":[{\"@type\":\"CommentAction\",\"name\":\"Comment\",\"target\":[\"https:\/\/vosgesinfo.fr\/remiremontinfo\/2020\/10\/vosges-sport-social-avancent-main-main\/#respond\"]}]},{\"@type\":\"WebPage\",\"@id\":\"https:\/\/vosgesinfo.fr\/remiremontinfo\/2020\/10\/vosges-sport-social-avancent-main-main\/\",\"url\":\"https:\/\/vosgesinfo.fr\/remiremontinfo\/2020\/10\/vosges-sport-social-avancent-main-main\/\",\"name\":\"Vosges : quand sport et social avancent main dans la main - Remiremont Info\",\"isPartOf\":{\"@id\":\"https:\/\/vosgesinfo.fr\/remiremontinfo\/#website\"},\"primaryImageOfPage\":{\"@id\":\"https:\/\/vosgesinfo.fr\/remiremontinfo\/2020\/10\/vosges-sport-social-avancent-main-main\/#primaryimage\"},\"image\":{\"@id\":\"https:\/\/vosgesinfo.fr\/remiremontinfo\/2020\/10\/vosges-sport-social-avancent-main-main\/#primaryimage\"},\"thumbnailUrl\":\"https:\/\/vosgesinfo.fr\/app\/uploads\/sites\/5\/2024\/09\/202010sport1.jpg\",\"datePublished\":\"2020-10-09T03:43:41+00:00\",\"dateModified\":\"2020-10-09T03:43:41+00:00\",\"breadcrumb\":{\"@id\":\"https:\/\/vosgesinfo.fr\/remiremontinfo\/2020\/10\/vosges-sport-social-avancent-main-main\/#breadcrumb\"},\"inLanguage\":\"fr-FR\",\"potentialAction\":[{\"@type\":\"ReadAction\",\"target\":[\"https:\/\/vosgesinfo.fr\/remiremontinfo\/2020\/10\/vosges-sport-social-avancent-main-main\/\"]}]},{\"@type\":\"ImageObject\",\"inLanguage\":\"fr-FR\",\"@id\":\"https:\/\/vosgesinfo.fr\/remiremontinfo\/2020\/10\/vosges-sport-social-avancent-main-main\/#primaryimage\",\"url\":\"https:\/\/vosgesinfo.fr\/app\/uploads\/sites\/5\/2024\/09\/202010sport1.jpg\",\"contentUrl\":\"https:\/\/vosgesinfo.fr\/app\/uploads\/sites\/5\/2024\/09\/202010sport1.jpg\",\"width\":800,\"height\":450},{\"@type\":\"BreadcrumbList\",\"@id\":\"https:\/\/vosgesinfo.fr\/remiremontinfo\/2020\/10\/vosges-sport-social-avancent-main-main\/#breadcrumb\",\"itemListElement\":[{\"@type\":\"ListItem\",\"position\":1,\"name\":\"Home\",\"item\":\"https:\/\/vosgesinfo.fr\/remiremontinfo\/\"},{\"@type\":\"ListItem\",\"position\":2,\"name\":\"Vosges : quand sport et social avancent main dans la main\"}]},{\"@type\":\"WebSite\",\"@id\":\"https:\/\/vosgesinfo.fr\/remiremontinfo\/#website\",\"url\":\"https:\/\/vosgesinfo.fr\/remiremontinfo\/\",\"name\":\"Remiremont Info\",\"description\":\"Toute l&#039;actualit\u00e9 de Remiremont\",\"publisher\":{\"@id\":\"https:\/\/vosgesinfo.fr\/remiremontinfo\/#organization\"},\"alternateName\":\"Toute l'actualit\u00e9 de Remiremont\",\"potentialAction\":[{\"@type\":\"SearchAction\",\"target\":{\"@type\":\"EntryPoint\",\"urlTemplate\":\"https:\/\/vosgesinfo.fr\/remiremontinfo\/?s={search_term_string}\"},\"query-input\":\"required name=search_term_string\"}],\"inLanguage\":\"fr-FR\"},{\"@type\":\"Organization\",\"@id\":\"https:\/\/vosgesinfo.fr\/remiremontinfo\/#organization\",\"name\":\"Remiremont Info\",\"url\":\"https:\/\/vosgesinfo.fr\/remiremontinfo\/\",\"logo\":{\"@type\":\"ImageObject\",\"inLanguage\":\"fr-FR\",\"@id\":\"https:\/\/vosgesinfo.fr\/remiremontinfo\/#\/schema\/logo\/image\/\",\"url\":\"https:\/\/vosgesinfo.fr\/app\/uploads\/sites\/5\/2023\/08\/favicon-remiremontinfo.png\",\"contentUrl\":\"https:\/\/vosgesinfo.fr\/app\/uploads\/sites\/5\/2023\/08\/favicon-remiremontinfo.png\",\"width\":512,\"height\":512,\"caption\":\"Remiremont Info\"},\"image\":{\"@id\":\"https:\/\/vosgesinfo.fr\/remiremontinfo\/#\/schema\/logo\/image\/\"},\"sameAs\":[\"https:\/\/www.facebook.com\/remiremontinfo\",\"https:\/\/x.com\/VosgesInfo88\",\"https:\/\/www.youtube.com\/@vosgesinfo\"]},{\"@type\":\"Person\",\"@id\":\"https:\/\/vosgesinfo.fr\/remiremontinfo\/#\/schema\/person\/3bfd164d5218a185b1db68655a265316\",\"name\":\"C D\",\"image\":{\"@type\":\"ImageObject\",\"inLanguage\":\"fr-FR\",\"@id\":\"https:\/\/vosgesinfo.fr\/remiremontinfo\/#\/schema\/person\/image\/\",\"url\":\"https:\/\/secure.gravatar.com\/avatar\/1f9a70007336511a47468b8f1c66f922b8b7cf617b02a31149ada43893a5d48f?s=96&d=mm&r=g\",\"contentUrl\":\"https:\/\/secure.gravatar.com\/avatar\/1f9a70007336511a47468b8f1c66f922b8b7cf617b02a31149ada43893a5d48f?s=96&d=mm&r=g\",\"caption\":\"C D\"},\"url\":\"https:\/\/vosgesinfo.fr\/remiremontinfo\/author\/cedric-drevet\/\"}]}<\/script>\n<!-- \/ Yoast SEO plugin. -->","yoast_head_json":{"title":"Vosges : quand sport et social avancent main dans la main - Remiremont Info","robots":{"index":"index","follow":"follow","max-snippet":"max-snippet:-1","max-image-preview":"max-image-preview:large","max-video-preview":"max-video-preview:-1"},"canonical":"https:\/\/vosgesinfo.fr\/remiremontinfo\/2020\/10\/vosges-sport-social-avancent-main-main\/","twitter_card":"summary_large_image","twitter_title":"Vosges : quand sport et social avancent main dans la main - Remiremont Info","twitter_description":"Hier jeudi apr\u00e8s-midi, au Conseil D\u00e9partemental des Vosges, la troisi\u00e8me \u00e9dition des jeudis de l\u2019\u00e9ducation et de l\u2019insertion par le [&hellip;]","twitter_image":"https:\/\/vosgesinfo.fr\/app\/uploads\/sites\/5\/2024\/09\/202010sport1.jpg","twitter_creator":"@VosgesInfo88","twitter_site":"@VosgesInfo88","twitter_misc":{"\u00c9crit par":"C D","Dur\u00e9e de lecture estim\u00e9e":"2 minutes"},"schema":{"@context":"https:\/\/schema.org","@graph":[{"@type":"Article","@id":"https:\/\/vosgesinfo.fr\/remiremontinfo\/2020\/10\/vosges-sport-social-avancent-main-main\/#article","isPartOf":{"@id":"https:\/\/vosgesinfo.fr\/remiremontinfo\/2020\/10\/vosges-sport-social-avancent-main-main\/"},"author":{"name":"C D","@id":"https:\/\/vosgesinfo.fr\/remiremontinfo\/#\/schema\/person\/3bfd164d5218a185b1db68655a265316"},"headline":"Vosges : quand sport et social avancent main dans la main","datePublished":"2020-10-09T03:43:41+00:00","dateModified":"2020-10-09T03:43:41+00:00","mainEntityOfPage":{"@id":"https:\/\/vosgesinfo.fr\/remiremontinfo\/2020\/10\/vosges-sport-social-avancent-main-main\/"},"wordCount":321,"commentCount":0,"publisher":{"@id":"https:\/\/vosgesinfo.fr\/remiremontinfo\/#organization"},"image":{"@id":"https:\/\/vosgesinfo.fr\/remiremontinfo\/2020\/10\/vosges-sport-social-avancent-main-main\/#primaryimage"},"thumbnailUrl":"https:\/\/vosgesinfo.fr\/app\/uploads\/sites\/5\/2024\/09\/202010sport1.jpg","articleSection":["A la Une","Vosges"],"inLanguage":"fr-FR","potentialAction":[{"@type":"CommentAction","name":"Comment","target":["https:\/\/vosgesinfo.fr\/remiremontinfo\/2020\/10\/vosges-sport-social-avancent-main-main\/#respond"]}]},{"@type":"WebPage","@id":"https:\/\/vosgesinfo.fr\/remiremontinfo\/2020\/10\/vosges-sport-social-avancent-main-main\/","url":"https:\/\/vosgesinfo.fr\/remiremontinfo\/2020\/10\/vosges-sport-social-avancent-main-main\/","name":"Vosges : quand sport et social avancent main dans la main - Remiremont Info","isPartOf":{"@id":"https:\/\/vosgesinfo.fr\/remiremontinfo\/#website"},"primaryImageOfPage":{"@id":"https:\/\/vosgesinfo.fr\/remiremontinfo\/2020\/10\/vosges-sport-social-avancent-main-main\/#primaryimage"},"image":{"@id":"https:\/\/vosgesinfo.fr\/remiremontinfo\/2020\/10\/vosges-sport-social-avancent-main-main\/#primaryimage"},"thumbnailUrl":"https:\/\/vosgesinfo.fr\/app\/uploads\/sites\/5\/2024\/09\/202010sport1.jpg","datePublished":"2020-10-09T03:43:41+00:00","dateModified":"2020-10-09T03:43:41+00:00","breadcrumb":{"@id":"https:\/\/vosgesinfo.fr\/remiremontinfo\/2020\/10\/vosges-sport-social-avancent-main-main\/#breadcrumb"},"inLanguage":"fr-FR","potentialAction":[{"@type":"ReadAction","target":["https:\/\/vosgesinfo.fr\/remiremontinfo\/2020\/10\/vosges-sport-social-avancent-main-main\/"]}]},{"@type":"ImageObject","inLanguage":"fr-FR","@id":"https:\/\/vosgesinfo.fr\/remiremontinfo\/2020\/10\/vosges-sport-social-avancent-main-main\/#primaryimage","url":"https:\/\/vosgesinfo.fr\/app\/uploads\/sites\/5\/2024\/09\/202010sport1.jpg","contentUrl":"https:\/\/vosgesinfo.fr\/app\/uploads\/sites\/5\/2024\/09\/202010sport1.jpg","width":800,"height":450},{"@type":"BreadcrumbList","@id":"https:\/\/vosgesinfo.fr\/remiremontinfo\/2020\/10\/vosges-sport-social-avancent-main-main\/#breadcrumb","itemListElement":[{"@type":"ListItem","position":1,"name":"Home","item":"https:\/\/vosgesinfo.fr\/remiremontinfo\/"},{"@type":"ListItem","position":2,"name":"Vosges : quand sport et social avancent main dans la main"}]},{"@type":"WebSite","@id":"https:\/\/vosgesinfo.fr\/remiremontinfo\/#website","url":"https:\/\/vosgesinfo.fr\/remiremontinfo\/","name":"Remiremont Info","description":"Toute l&#039;actualit\u00e9 de Remiremont","publisher":{"@id":"https:\/\/vosgesinfo.fr\/remiremontinfo\/#organization"},"alternateName":"Toute l'actualit\u00e9 de Remiremont","potentialAction":[{"@type":"SearchAction","target":{"@type":"EntryPoint","urlTemplate":"https:\/\/vosgesinfo.fr\/remiremontinfo\/?s={search_term_string}"},"query-input":"required name=search_term_string"}],"inLanguage":"fr-FR"},{"@type":"Organization","@id":"https:\/\/vosgesinfo.fr\/remiremontinfo\/#organization","name":"Remiremont Info","url":"https:\/\/vosgesinfo.fr\/remiremontinfo\/","logo":{"@type":"ImageObject","inLanguage":"fr-FR","@id":"https:\/\/vosgesinfo.fr\/remiremontinfo\/#\/schema\/logo\/image\/","url":"https:\/\/vosgesinfo.fr\/app\/uploads\/sites\/5\/2023\/08\/favicon-remiremontinfo.png","contentUrl":"https:\/\/vosgesinfo.fr\/app\/uploads\/sites\/5\/2023\/08\/favicon-remiremontinfo.png","width":512,"height":512,"caption":"Remiremont Info"},"image":{"@id":"https:\/\/vosgesinfo.fr\/remiremontinfo\/#\/schema\/logo\/image\/"},"sameAs":["https:\/\/www.facebook.com\/remiremontinfo","https:\/\/x.com\/VosgesInfo88","https:\/\/www.youtube.com\/@vosgesinfo"]},{"@type":"Person","@id":"https:\/\/vosgesinfo.fr\/remiremontinfo\/#\/schema\/person\/3bfd164d5218a185b1db68655a265316","name":"C D","image":{"@type":"ImageObject","inLanguage":"fr-FR","@id":"https:\/\/vosgesinfo.fr\/remiremontinfo\/#\/schema\/person\/image\/","url":"https:\/\/secure.gravatar.com\/avatar\/1f9a70007336511a47468b8f1c66f922b8b7cf617b02a31149ada43893a5d48f?s=96&d=mm&r=g","contentUrl":"https:\/\/secure.gravatar.com\/avatar\/1f9a70007336511a47468b8f1c66f922b8b7cf617b02a31149ada43893a5d48f?s=96&d=mm&r=g","caption":"C D"},"url":"https:\/\/vosgesinfo.fr\/remiremontinfo\/author\/cedric-drevet\/"}]}},"_links":{"self":[{"href":"https:\/\/vosgesinfo.fr\/remiremontinfo\/wp-json\/wp\/v2\/posts\/32547","targetHints":{"allow":["GET"]}}],"collection":[{"href":"https:\/\/vosgesinfo.fr\/remiremontinfo\/wp-json\/wp\/v2\/posts"}],"about":[{"href":"https:\/\/vosgesinfo.fr\/remiremontinfo\/wp-json\/wp\/v2\/types\/post"}],"author":[{"embeddable":true,"href":"https:\/\/vosgesinfo.fr\/remiremontinfo\/wp-json\/wp\/v2\/users\/407"}],"replies":[{"embeddable":true,"href":"https:\/\/vosgesinfo.fr\/remiremontinfo\/wp-json\/wp\/v2\/comments?post=32547"}],"version-history":[{"count":0,"href":"https:\/\/vosgesinfo.fr\/remiremontinfo\/wp-json\/wp\/v2\/posts\/32547\/revisions"}],"wp:featuredmedia":[{"embeddable":true,"href":"https:\/\/vosgesinfo.fr\/remiremontinfo\/wp-json\/wp\/v2\/media\/32548"}],"wp:attachment":[{"href":"https:\/\/vosgesinfo.fr\/remiremontinfo\/wp-json\/wp\/v2\/media?parent=32547"}],"wp:term":[{"taxonomy":"category","embeddable":true,"href":"https:\/\/vosgesinfo.fr\/remiremontinfo\/wp-json\/wp\/v2\/categories?post=32547"},{"taxonomy":"post_tag","embeddable":true,"href":"https:\/\/vosgesinfo.fr\/remiremontinfo\/wp-json\/wp\/v2\/tags?post=32547"}],"curies":[{"name":"wp","href":"https:\/\/api.w.org\/{rel}","templated":true}]}}