{"id":32700,"date":"2020-10-14T07:26:25","date_gmt":"2020-10-14T05:26:25","guid":{"rendered":"https:\/\/vosgesinfo.fr\/remiremontinfo\/2020\/10\/plombieres-defile-de-saint-nicolas-annule\/"},"modified":"2020-10-14T07:26:25","modified_gmt":"2020-10-14T05:26:25","slug":"plombieres-defile-de-saint-nicolas-annule","status":"publish","type":"post","link":"https:\/\/vosgesinfo.fr\/remiremontinfo\/2020\/10\/plombieres-defile-de-saint-nicolas-annule\/","title":{"rendered":"Plombi\u00e8res : le d\u00e9fil\u00e9 de la Saint-Nicolas est annul\u00e9"},"content":{"rendered":"<p style=\"text-align: center;\"><a href=\"\/2020\/10\/D5357CB9-2B9E-4D9F-93F5-D19C4BBAC63E.jpg\"><img decoding=\"async\" class=\"alignnone size-full wp-image-298580\" src=\"\/2020\/10\/D5357CB9-2B9E-4D9F-93F5-D19C4BBAC63E.jpg\" alt=\"D5357CB9-2B9E-4D9F-93F5-D19C4BBAC63E\" width=\"800\" height=\"577\" \/><\/a><\/p>\n<p><span style=\"font-size: 10pt;\"><em>Photo d&rsquo;archive, 2019<\/em><\/span><\/p>\n<h2><strong><span style=\"font-size: 12pt;\"><span style=\"font-family: 'Times New Roman', serif;\"><span style=\"text-decoration: underline;\"><a href=\"https:\/\/remiremontinfo.fr\/2019\/12\/saint-nicolas-reduisait-impots-2\/\">C\u2019est une tradition ancestrale.<\/a><\/span> Le 6 d\u00e9cembre, <\/span><span style=\"font-family: 'Times New Roman', serif;\">Saint-Nicolas,<\/span><span style=\"font-family: 'Times New Roman', serif;\"> accompagn\u00e9 du P\u00e8re Fouettard, d\u00e9file dans les rues <\/span><span style=\"font-family: 'Times New Roman', serif;\">des villages, distribue des friandises aux enfants. Il n\u2019en sera rien cette ann\u00e9e, \u00e0 Plombi\u00e8res-les Bains.<\/span><\/span><\/strong><\/h2>\n<p><span style=\"font-size: 12pt;\"><span style=\"font-family: 'Times New Roman', serif;\">En effet, le d\u00e9fil\u00e9 pr\u00e9vu cette ann\u00e9e \u00e0 \u00e9t\u00e9 annul\u00e9. <\/span><span style=\"font-family: 'Times New Roman', serif;\"><em>\u00ab\u00a0C\u2019est une d\u00e9cision qui n\u2019a pas \u00e9t\u00e9 facile \u00e0 prendre pour le comit\u00e9 d\u2019organisation\u00a0\u00bb<\/em>, explique t-on \u00e0 la mairie de la commune. En cause\u00a0: les restrictions impos\u00e9es par la Pr\u00e9fecture, li\u00e9es \u00e0 l\u2019\u00e9pid\u00e9mie de Covid-19. Le d\u00e9fil\u00e9 de la Saint-Nicolas <\/span><span style=\"font-family: 'Times New Roman', serif;\">rassemble beaucoup de public, et certaines rues du centre ville sont relativement \u00e9troites. Les organisateurs ont pr\u00e9f\u00e9r\u00e9 annuler cet \u00e9v\u00e9nement, plut\u00f4t que de le maintenir <\/span><em><span style=\"font-family: 'Times New Roman', serif;\">\u00ab\u00a0<\/span><span style=\"font-family: 'Times New Roman', serif;\">a<\/span><\/em><span style=\"font-family: 'Times New Roman', serif;\"><em>u risque de faire annuler la totalit\u00e9 du marche de No\u00ebl\u00a0\u00bb<\/em>. <\/span><span style=\"font-family: 'Times New Roman', serif;\">U<\/span><span style=\"font-family: 'Times New Roman', serif;\">ne autre formule <\/span><span style=\"font-family: 'Times New Roman', serif;\">diff\u00e9rente et adapt\u00e9e aux contraintes <\/span><span style=\"font-family: 'Times New Roman', serif;\">est en <\/span><span style=\"font-family: 'Times New Roman', serif;\">r\u00e9flexion. <\/span><\/span><\/p>\n","protected":false},"excerpt":{"rendered":"<p>Photo d&rsquo;archive, 2019 C\u2019est une tradition ancestrale. Le 6 d\u00e9cembre, Saint-Nicolas, accompagn\u00e9 du P\u00e8re Fouettard, d\u00e9file dans les rues des [&hellip;]<\/p>\n","protected":false},"author":407,"featured_media":32701,"comment_status":"open","ping_status":"open","sticky":false,"template":"","format":"standard","meta":{"footnotes":""},"categories":[26,124,82,102],"tags":[],"class_list":["post-32700","post","type-post","status-publish","format-standard","has-post-thumbnail","hentry","category-a-la-une","category-fetes","category-le-val-dajol-son-canton","category-plombieres-les-bains"],"acf":[],"yoast_head":"<!-- This site is optimized with the Yoast SEO plugin v22.5 - https:\/\/yoast.com\/wordpress\/plugins\/seo\/ -->\n<title>Plombi\u00e8res : le d\u00e9fil\u00e9 de la Saint-Nicolas est annul\u00e9 - Remiremont Info<\/title>\n<meta name=\"robots\" content=\"index, follow, max-snippet:-1, max-image-preview:large, max-video-preview:-1\" \/>\n<link rel=\"canonical\" href=\"https:\/\/vosgesinfo.fr\/remiremontinfo\/2020\/10\/plombieres-defile-de-saint-nicolas-annule\/\" \/>\n<meta name=\"twitter:card\" content=\"summary_large_image\" \/>\n<meta name=\"twitter:title\" content=\"Plombi\u00e8res : le d\u00e9fil\u00e9 de la Saint-Nicolas est annul\u00e9 - Remiremont Info\" \/>\n<meta name=\"twitter:description\" content=\"Photo d&rsquo;archive, 2019 C\u2019est une tradition ancestrale. Le 6 d\u00e9cembre, Saint-Nicolas, accompagn\u00e9 du P\u00e8re Fouettard, d\u00e9file dans les rues des [&hellip;]\" \/>\n<meta name=\"twitter:image\" content=\"https:\/\/vosgesinfo.fr\/app\/uploads\/sites\/5\/2024\/09\/202010d5357cb9-2b9e-4d9f-93f5-d19c4bbac63e.jpg\" \/>\n<meta name=\"twitter:creator\" content=\"@VosgesInfo88\" \/>\n<meta name=\"twitter:site\" content=\"@VosgesInfo88\" \/>\n<meta name=\"twitter:label1\" content=\"\u00c9crit par\" \/>\n\t<meta name=\"twitter:data1\" content=\"C D\" \/>\n\t<meta name=\"twitter:label2\" content=\"Dur\u00e9e de lecture estim\u00e9e\" \/>\n\t<meta name=\"twitter:data2\" content=\"1 minute\" \/>\n<script type=\"application\/ld+json\" class=\"yoast-schema-graph\">{\"@context\":\"https:\/\/schema.org\",\"@graph\":[{\"@type\":\"Article\",\"@id\":\"https:\/\/vosgesinfo.fr\/remiremontinfo\/2020\/10\/plombieres-defile-de-saint-nicolas-annule\/#article\",\"isPartOf\":{\"@id\":\"https:\/\/vosgesinfo.fr\/remiremontinfo\/2020\/10\/plombieres-defile-de-saint-nicolas-annule\/\"},\"author\":{\"name\":\"C D\",\"@id\":\"https:\/\/vosgesinfo.fr\/remiremontinfo\/#\/schema\/person\/3bfd164d5218a185b1db68655a265316\"},\"headline\":\"Plombi\u00e8res : le d\u00e9fil\u00e9 de la Saint-Nicolas est annul\u00e9\",\"datePublished\":\"2020-10-14T05:26:25+00:00\",\"dateModified\":\"2020-10-14T05:26:25+00:00\",\"mainEntityOfPage\":{\"@id\":\"https:\/\/vosgesinfo.fr\/remiremontinfo\/2020\/10\/plombieres-defile-de-saint-nicolas-annule\/\"},\"wordCount\":166,\"commentCount\":0,\"publisher\":{\"@id\":\"https:\/\/vosgesinfo.fr\/remiremontinfo\/#organization\"},\"image\":{\"@id\":\"https:\/\/vosgesinfo.fr\/remiremontinfo\/2020\/10\/plombieres-defile-de-saint-nicolas-annule\/#primaryimage\"},\"thumbnailUrl\":\"https:\/\/vosgesinfo.fr\/app\/uploads\/sites\/5\/2024\/09\/202010d5357cb9-2b9e-4d9f-93f5-d19c4bbac63e.jpg\",\"articleSection\":[\"A la Une\",\"F\u00eates\",\"Le Val-d'Ajol &amp; son canton\",\"Plombi\u00e8res-l\u00e8s-Bains\"],\"inLanguage\":\"fr-FR\",\"potentialAction\":[{\"@type\":\"CommentAction\",\"name\":\"Comment\",\"target\":[\"https:\/\/vosgesinfo.fr\/remiremontinfo\/2020\/10\/plombieres-defile-de-saint-nicolas-annule\/#respond\"]}]},{\"@type\":\"WebPage\",\"@id\":\"https:\/\/vosgesinfo.fr\/remiremontinfo\/2020\/10\/plombieres-defile-de-saint-nicolas-annule\/\",\"url\":\"https:\/\/vosgesinfo.fr\/remiremontinfo\/2020\/10\/plombieres-defile-de-saint-nicolas-annule\/\",\"name\":\"Plombi\u00e8res : le d\u00e9fil\u00e9 de la Saint-Nicolas est annul\u00e9 - Remiremont Info\",\"isPartOf\":{\"@id\":\"https:\/\/vosgesinfo.fr\/remiremontinfo\/#website\"},\"primaryImageOfPage\":{\"@id\":\"https:\/\/vosgesinfo.fr\/remiremontinfo\/2020\/10\/plombieres-defile-de-saint-nicolas-annule\/#primaryimage\"},\"image\":{\"@id\":\"https:\/\/vosgesinfo.fr\/remiremontinfo\/2020\/10\/plombieres-defile-de-saint-nicolas-annule\/#primaryimage\"},\"thumbnailUrl\":\"https:\/\/vosgesinfo.fr\/app\/uploads\/sites\/5\/2024\/09\/202010d5357cb9-2b9e-4d9f-93f5-d19c4bbac63e.jpg\",\"datePublished\":\"2020-10-14T05:26:25+00:00\",\"dateModified\":\"2020-10-14T05:26:25+00:00\",\"breadcrumb\":{\"@id\":\"https:\/\/vosgesinfo.fr\/remiremontinfo\/2020\/10\/plombieres-defile-de-saint-nicolas-annule\/#breadcrumb\"},\"inLanguage\":\"fr-FR\",\"potentialAction\":[{\"@type\":\"ReadAction\",\"target\":[\"https:\/\/vosgesinfo.fr\/remiremontinfo\/2020\/10\/plombieres-defile-de-saint-nicolas-annule\/\"]}]},{\"@type\":\"ImageObject\",\"inLanguage\":\"fr-FR\",\"@id\":\"https:\/\/vosgesinfo.fr\/remiremontinfo\/2020\/10\/plombieres-defile-de-saint-nicolas-annule\/#primaryimage\",\"url\":\"https:\/\/vosgesinfo.fr\/app\/uploads\/sites\/5\/2024\/09\/202010d5357cb9-2b9e-4d9f-93f5-d19c4bbac63e.jpg\",\"contentUrl\":\"https:\/\/vosgesinfo.fr\/app\/uploads\/sites\/5\/2024\/09\/202010d5357cb9-2b9e-4d9f-93f5-d19c4bbac63e.jpg\",\"width\":800,\"height\":577},{\"@type\":\"BreadcrumbList\",\"@id\":\"https:\/\/vosgesinfo.fr\/remiremontinfo\/2020\/10\/plombieres-defile-de-saint-nicolas-annule\/#breadcrumb\",\"itemListElement\":[{\"@type\":\"ListItem\",\"position\":1,\"name\":\"Home\",\"item\":\"https:\/\/vosgesinfo.fr\/remiremontinfo\/\"},{\"@type\":\"ListItem\",\"position\":2,\"name\":\"Plombi\u00e8res : le d\u00e9fil\u00e9 de la Saint-Nicolas est annul\u00e9\"}]},{\"@type\":\"WebSite\",\"@id\":\"https:\/\/vosgesinfo.fr\/remiremontinfo\/#website\",\"url\":\"https:\/\/vosgesinfo.fr\/remiremontinfo\/\",\"name\":\"Remiremont Info\",\"description\":\"Toute l&#039;actualit\u00e9 de Remiremont\",\"publisher\":{\"@id\":\"https:\/\/vosgesinfo.fr\/remiremontinfo\/#organization\"},\"alternateName\":\"Toute l'actualit\u00e9 de Remiremont\",\"potentialAction\":[{\"@type\":\"SearchAction\",\"target\":{\"@type\":\"EntryPoint\",\"urlTemplate\":\"https:\/\/vosgesinfo.fr\/remiremontinfo\/?s={search_term_string}\"},\"query-input\":\"required name=search_term_string\"}],\"inLanguage\":\"fr-FR\"},{\"@type\":\"Organization\",\"@id\":\"https:\/\/vosgesinfo.fr\/remiremontinfo\/#organization\",\"name\":\"Remiremont Info\",\"url\":\"https:\/\/vosgesinfo.fr\/remiremontinfo\/\",\"logo\":{\"@type\":\"ImageObject\",\"inLanguage\":\"fr-FR\",\"@id\":\"https:\/\/vosgesinfo.fr\/remiremontinfo\/#\/schema\/logo\/image\/\",\"url\":\"https:\/\/vosgesinfo.fr\/app\/uploads\/sites\/5\/2023\/08\/favicon-remiremontinfo.png\",\"contentUrl\":\"https:\/\/vosgesinfo.fr\/app\/uploads\/sites\/5\/2023\/08\/favicon-remiremontinfo.png\",\"width\":512,\"height\":512,\"caption\":\"Remiremont Info\"},\"image\":{\"@id\":\"https:\/\/vosgesinfo.fr\/remiremontinfo\/#\/schema\/logo\/image\/\"},\"sameAs\":[\"https:\/\/www.facebook.com\/remiremontinfo\",\"https:\/\/x.com\/VosgesInfo88\",\"https:\/\/www.youtube.com\/@vosgesinfo\"]},{\"@type\":\"Person\",\"@id\":\"https:\/\/vosgesinfo.fr\/remiremontinfo\/#\/schema\/person\/3bfd164d5218a185b1db68655a265316\",\"name\":\"C D\",\"image\":{\"@type\":\"ImageObject\",\"inLanguage\":\"fr-FR\",\"@id\":\"https:\/\/vosgesinfo.fr\/remiremontinfo\/#\/schema\/person\/image\/\",\"url\":\"https:\/\/secure.gravatar.com\/avatar\/1f9a70007336511a47468b8f1c66f922b8b7cf617b02a31149ada43893a5d48f?s=96&d=mm&r=g\",\"contentUrl\":\"https:\/\/secure.gravatar.com\/avatar\/1f9a70007336511a47468b8f1c66f922b8b7cf617b02a31149ada43893a5d48f?s=96&d=mm&r=g\",\"caption\":\"C D\"},\"url\":\"https:\/\/vosgesinfo.fr\/remiremontinfo\/author\/cedric-drevet\/\"}]}<\/script>\n<!-- \/ Yoast SEO plugin. -->","yoast_head_json":{"title":"Plombi\u00e8res : le d\u00e9fil\u00e9 de la Saint-Nicolas est annul\u00e9 - Remiremont Info","robots":{"index":"index","follow":"follow","max-snippet":"max-snippet:-1","max-image-preview":"max-image-preview:large","max-video-preview":"max-video-preview:-1"},"canonical":"https:\/\/vosgesinfo.fr\/remiremontinfo\/2020\/10\/plombieres-defile-de-saint-nicolas-annule\/","twitter_card":"summary_large_image","twitter_title":"Plombi\u00e8res : le d\u00e9fil\u00e9 de la Saint-Nicolas est annul\u00e9 - Remiremont Info","twitter_description":"Photo d&rsquo;archive, 2019 C\u2019est une tradition ancestrale. Le 6 d\u00e9cembre, Saint-Nicolas, accompagn\u00e9 du P\u00e8re Fouettard, d\u00e9file dans les rues des [&hellip;]","twitter_image":"https:\/\/vosgesinfo.fr\/app\/uploads\/sites\/5\/2024\/09\/202010d5357cb9-2b9e-4d9f-93f5-d19c4bbac63e.jpg","twitter_creator":"@VosgesInfo88","twitter_site":"@VosgesInfo88","twitter_misc":{"\u00c9crit par":"C D","Dur\u00e9e de lecture estim\u00e9e":"1 minute"},"schema":{"@context":"https:\/\/schema.org","@graph":[{"@type":"Article","@id":"https:\/\/vosgesinfo.fr\/remiremontinfo\/2020\/10\/plombieres-defile-de-saint-nicolas-annule\/#article","isPartOf":{"@id":"https:\/\/vosgesinfo.fr\/remiremontinfo\/2020\/10\/plombieres-defile-de-saint-nicolas-annule\/"},"author":{"name":"C D","@id":"https:\/\/vosgesinfo.fr\/remiremontinfo\/#\/schema\/person\/3bfd164d5218a185b1db68655a265316"},"headline":"Plombi\u00e8res : le d\u00e9fil\u00e9 de la Saint-Nicolas est annul\u00e9","datePublished":"2020-10-14T05:26:25+00:00","dateModified":"2020-10-14T05:26:25+00:00","mainEntityOfPage":{"@id":"https:\/\/vosgesinfo.fr\/remiremontinfo\/2020\/10\/plombieres-defile-de-saint-nicolas-annule\/"},"wordCount":166,"commentCount":0,"publisher":{"@id":"https:\/\/vosgesinfo.fr\/remiremontinfo\/#organization"},"image":{"@id":"https:\/\/vosgesinfo.fr\/remiremontinfo\/2020\/10\/plombieres-defile-de-saint-nicolas-annule\/#primaryimage"},"thumbnailUrl":"https:\/\/vosgesinfo.fr\/app\/uploads\/sites\/5\/2024\/09\/202010d5357cb9-2b9e-4d9f-93f5-d19c4bbac63e.jpg","articleSection":["A la Une","F\u00eates","Le Val-d'Ajol &amp; son canton","Plombi\u00e8res-l\u00e8s-Bains"],"inLanguage":"fr-FR","potentialAction":[{"@type":"CommentAction","name":"Comment","target":["https:\/\/vosgesinfo.fr\/remiremontinfo\/2020\/10\/plombieres-defile-de-saint-nicolas-annule\/#respond"]}]},{"@type":"WebPage","@id":"https:\/\/vosgesinfo.fr\/remiremontinfo\/2020\/10\/plombieres-defile-de-saint-nicolas-annule\/","url":"https:\/\/vosgesinfo.fr\/remiremontinfo\/2020\/10\/plombieres-defile-de-saint-nicolas-annule\/","name":"Plombi\u00e8res : le d\u00e9fil\u00e9 de la Saint-Nicolas est annul\u00e9 - Remiremont Info","isPartOf":{"@id":"https:\/\/vosgesinfo.fr\/remiremontinfo\/#website"},"primaryImageOfPage":{"@id":"https:\/\/vosgesinfo.fr\/remiremontinfo\/2020\/10\/plombieres-defile-de-saint-nicolas-annule\/#primaryimage"},"image":{"@id":"https:\/\/vosgesinfo.fr\/remiremontinfo\/2020\/10\/plombieres-defile-de-saint-nicolas-annule\/#primaryimage"},"thumbnailUrl":"https:\/\/vosgesinfo.fr\/app\/uploads\/sites\/5\/2024\/09\/202010d5357cb9-2b9e-4d9f-93f5-d19c4bbac63e.jpg","datePublished":"2020-10-14T05:26:25+00:00","dateModified":"2020-10-14T05:26:25+00:00","breadcrumb":{"@id":"https:\/\/vosgesinfo.fr\/remiremontinfo\/2020\/10\/plombieres-defile-de-saint-nicolas-annule\/#breadcrumb"},"inLanguage":"fr-FR","potentialAction":[{"@type":"ReadAction","target":["https:\/\/vosgesinfo.fr\/remiremontinfo\/2020\/10\/plombieres-defile-de-saint-nicolas-annule\/"]}]},{"@type":"ImageObject","inLanguage":"fr-FR","@id":"https:\/\/vosgesinfo.fr\/remiremontinfo\/2020\/10\/plombieres-defile-de-saint-nicolas-annule\/#primaryimage","url":"https:\/\/vosgesinfo.fr\/app\/uploads\/sites\/5\/2024\/09\/202010d5357cb9-2b9e-4d9f-93f5-d19c4bbac63e.jpg","contentUrl":"https:\/\/vosgesinfo.fr\/app\/uploads\/sites\/5\/2024\/09\/202010d5357cb9-2b9e-4d9f-93f5-d19c4bbac63e.jpg","width":800,"height":577},{"@type":"BreadcrumbList","@id":"https:\/\/vosgesinfo.fr\/remiremontinfo\/2020\/10\/plombieres-defile-de-saint-nicolas-annule\/#breadcrumb","itemListElement":[{"@type":"ListItem","position":1,"name":"Home","item":"https:\/\/vosgesinfo.fr\/remiremontinfo\/"},{"@type":"ListItem","position":2,"name":"Plombi\u00e8res : le d\u00e9fil\u00e9 de la Saint-Nicolas est annul\u00e9"}]},{"@type":"WebSite","@id":"https:\/\/vosgesinfo.fr\/remiremontinfo\/#website","url":"https:\/\/vosgesinfo.fr\/remiremontinfo\/","name":"Remiremont Info","description":"Toute l&#039;actualit\u00e9 de Remiremont","publisher":{"@id":"https:\/\/vosgesinfo.fr\/remiremontinfo\/#organization"},"alternateName":"Toute l'actualit\u00e9 de Remiremont","potentialAction":[{"@type":"SearchAction","target":{"@type":"EntryPoint","urlTemplate":"https:\/\/vosgesinfo.fr\/remiremontinfo\/?s={search_term_string}"},"query-input":"required name=search_term_string"}],"inLanguage":"fr-FR"},{"@type":"Organization","@id":"https:\/\/vosgesinfo.fr\/remiremontinfo\/#organization","name":"Remiremont Info","url":"https:\/\/vosgesinfo.fr\/remiremontinfo\/","logo":{"@type":"ImageObject","inLanguage":"fr-FR","@id":"https:\/\/vosgesinfo.fr\/remiremontinfo\/#\/schema\/logo\/image\/","url":"https:\/\/vosgesinfo.fr\/app\/uploads\/sites\/5\/2023\/08\/favicon-remiremontinfo.png","contentUrl":"https:\/\/vosgesinfo.fr\/app\/uploads\/sites\/5\/2023\/08\/favicon-remiremontinfo.png","width":512,"height":512,"caption":"Remiremont Info"},"image":{"@id":"https:\/\/vosgesinfo.fr\/remiremontinfo\/#\/schema\/logo\/image\/"},"sameAs":["https:\/\/www.facebook.com\/remiremontinfo","https:\/\/x.com\/VosgesInfo88","https:\/\/www.youtube.com\/@vosgesinfo"]},{"@type":"Person","@id":"https:\/\/vosgesinfo.fr\/remiremontinfo\/#\/schema\/person\/3bfd164d5218a185b1db68655a265316","name":"C D","image":{"@type":"ImageObject","inLanguage":"fr-FR","@id":"https:\/\/vosgesinfo.fr\/remiremontinfo\/#\/schema\/person\/image\/","url":"https:\/\/secure.gravatar.com\/avatar\/1f9a70007336511a47468b8f1c66f922b8b7cf617b02a31149ada43893a5d48f?s=96&d=mm&r=g","contentUrl":"https:\/\/secure.gravatar.com\/avatar\/1f9a70007336511a47468b8f1c66f922b8b7cf617b02a31149ada43893a5d48f?s=96&d=mm&r=g","caption":"C D"},"url":"https:\/\/vosgesinfo.fr\/remiremontinfo\/author\/cedric-drevet\/"}]}},"_links":{"self":[{"href":"https:\/\/vosgesinfo.fr\/remiremontinfo\/wp-json\/wp\/v2\/posts\/32700","targetHints":{"allow":["GET"]}}],"collection":[{"href":"https:\/\/vosgesinfo.fr\/remiremontinfo\/wp-json\/wp\/v2\/posts"}],"about":[{"href":"https:\/\/vosgesinfo.fr\/remiremontinfo\/wp-json\/wp\/v2\/types\/post"}],"author":[{"embeddable":true,"href":"https:\/\/vosgesinfo.fr\/remiremontinfo\/wp-json\/wp\/v2\/users\/407"}],"replies":[{"embeddable":true,"href":"https:\/\/vosgesinfo.fr\/remiremontinfo\/wp-json\/wp\/v2\/comments?post=32700"}],"version-history":[{"count":0,"href":"https:\/\/vosgesinfo.fr\/remiremontinfo\/wp-json\/wp\/v2\/posts\/32700\/revisions"}],"wp:featuredmedia":[{"embeddable":true,"href":"https:\/\/vosgesinfo.fr\/remiremontinfo\/wp-json\/wp\/v2\/media\/32701"}],"wp:attachment":[{"href":"https:\/\/vosgesinfo.fr\/remiremontinfo\/wp-json\/wp\/v2\/media?parent=32700"}],"wp:term":[{"taxonomy":"category","embeddable":true,"href":"https:\/\/vosgesinfo.fr\/remiremontinfo\/wp-json\/wp\/v2\/categories?post=32700"},{"taxonomy":"post_tag","embeddable":true,"href":"https:\/\/vosgesinfo.fr\/remiremontinfo\/wp-json\/wp\/v2\/tags?post=32700"}],"curies":[{"name":"wp","href":"https:\/\/api.w.org\/{rel}","templated":true}]}}