{"id":33469,"date":"2020-11-03T08:21:04","date_gmt":"2020-11-03T07:21:04","guid":{"rendered":"https:\/\/vosgesinfo.fr\/remiremontinfo\/2020\/11\/covid-19-110-personnes-hospitalisees-vosges-dont-14-reanimation\/"},"modified":"2020-11-03T08:21:04","modified_gmt":"2020-11-03T07:21:04","slug":"covid-19-110-personnes-hospitalisees-vosges-dont-14-reanimation","status":"publish","type":"post","link":"https:\/\/vosgesinfo.fr\/remiremontinfo\/2020\/11\/covid-19-110-personnes-hospitalisees-vosges-dont-14-reanimation\/","title":{"rendered":"Covid 19 : 110 personnes hospitalis\u00e9es dans les Vosges dont 14 en r\u00e9animation"},"content":{"rendered":"<p><a href=\"\/2020\/11\/virus-1.jpg\"><img decoding=\"async\" class=\"alignnone size-full wp-image-300581\" src=\"\/2020\/11\/virus-1.jpg\" alt=\"virus-1\" width=\"800\" height=\"270\" \/><\/a><\/p>\n<p>Les derniers chiffres dans les Vosges publi\u00e9s par Sant\u00e9 Publique France ce lundi :<\/p>\n<div><strong>Le D\u00e9partement en vuln\u00e9rabilit\u00e9 \u00e9lev\u00e9e<a href=\"https:\/\/epinalinfos.fr\/wp-content\/uploads\/2020\/11\/lun2.png\" data-featherlight=\"image\"><img decoding=\"async\" class=\"alignright size-full wp-image-181302\" src=\"https:\/\/epinalinfos.fr\/wp-content\/uploads\/2020\/11\/lun2.png\" alt=\"lun2\" width=\"455\" height=\"402\" \/><\/a><\/strong><\/div>\n<ul>\n<li data-insertor-excluded=\"1\">Hospitalisations : 110 (+13)<\/li>\n<li data-insertor-excluded=\"1\">Patients en r\u00e9animation : 14 (+1)<\/li>\n<li data-insertor-excluded=\"1\">Total des d\u00e9c\u00e8s : 279 (stable)<\/li>\n<li data-insertor-excluded=\"1\">Sorties de l\u2019h\u00f4pital : 818 (stable)<\/li>\n<\/ul>\n<div><strong><small>Le 30 octobre 2020 :<\/small><\/strong><\/div>\n<ul>\n<li data-insertor-excluded=\"1\">Taux de positivit\u00e9 des test : 15,5% (+0,7 points)<\/li>\n<li data-insertor-excluded=\"1\">Taux d\u2019incidence : 365,2 cas\/100 000 habitants (-7,8 points)<\/li>\n<\/ul>\n<div><strong><small>Donn\u00e9es r\u00e9gionales :<\/small><\/strong><\/div>\n<ul>\n<li data-insertor-excluded=\"1\">R effectif (30 octobre 2020) : 1,58<\/li>\n<li data-insertor-excluded=\"1\">Taux d\u2019occupation en r\u00e9a (2 novembre 2020) : 39,60%<\/li>\n<\/ul>\n<p><strong>En France ce lundi :<\/strong><\/p>\n<ul>\n<li data-insertor-excluded=\"1\">1466 433 cas confirm\u00e9s par PCR (Ehpad compris), soit 52 518 de plus<\/li>\n<li data-insertor-excluded=\"1\">37 435 d\u00e9c\u00e8s au total (Ehpad compris), soit 416 de plus<\/li>\n<li data-insertor-excluded=\"1\">25 784 d\u00e9c\u00e8s \u00e0 l\u2019h\u00f4pital, soit 416 de plus<\/li>\n<li data-insertor-excluded=\"1\">25 143 hospitalisations en cours, soit 1112 de plus<\/li>\n<li data-insertor-excluded=\"1\">3730 personnes actuellement en r\u00e9animation, soit 152 de plus<\/li>\n<li data-insertor-excluded=\"1\">2547 nouveaux admis \u00e0 l\u2019h\u00f4pital (+664) et 430 en r\u00e9animation (+141)<\/li>\n<li data-insertor-excluded=\"1\">119 104 personnes sorties de l\u2019h\u00f4pital, soit 877 de plus<\/li>\n<li data-insertor-excluded=\"1\">Taux de positivit\u00e9 des tests : 20,6%, soit 0,2 point de plus<\/li>\n<\/ul>\n","protected":false},"excerpt":{"rendered":"<p>Les derniers chiffres dans les Vosges publi\u00e9s par Sant\u00e9 Publique France ce lundi : Le D\u00e9partement en vuln\u00e9rabilit\u00e9 \u00e9lev\u00e9e Hospitalisations [&hellip;]<\/p>\n","protected":false},"author":407,"featured_media":33470,"comment_status":"open","ping_status":"open","sticky":false,"template":"","format":"standard","meta":{"footnotes":""},"categories":[26,12,18],"tags":[],"class_list":["post-33469","post","type-post","status-publish","format-standard","has-post-thumbnail","hentry","category-a-la-une","category-sante","category-vosges"],"acf":[],"yoast_head":"<!-- This site is optimized with the Yoast SEO plugin v22.5 - https:\/\/yoast.com\/wordpress\/plugins\/seo\/ -->\n<title>Covid 19 : 110 personnes hospitalis\u00e9es dans les Vosges dont 14 en r\u00e9animation - Remiremont Info<\/title>\n<meta name=\"robots\" content=\"index, follow, max-snippet:-1, max-image-preview:large, max-video-preview:-1\" \/>\n<link rel=\"canonical\" href=\"https:\/\/vosgesinfo.fr\/remiremontinfo\/2020\/11\/covid-19-110-personnes-hospitalisees-vosges-dont-14-reanimation\/\" \/>\n<meta name=\"twitter:card\" content=\"summary_large_image\" \/>\n<meta name=\"twitter:title\" content=\"Covid 19 : 110 personnes hospitalis\u00e9es dans les Vosges dont 14 en r\u00e9animation - Remiremont Info\" \/>\n<meta name=\"twitter:description\" content=\"Les derniers chiffres dans les Vosges publi\u00e9s par Sant\u00e9 Publique France ce lundi : Le D\u00e9partement en vuln\u00e9rabilit\u00e9 \u00e9lev\u00e9e Hospitalisations [&hellip;]\" \/>\n<meta name=\"twitter:image\" content=\"https:\/\/vosgesinfo.fr\/app\/uploads\/sites\/5\/2024\/09\/202011virus-1.jpg\" \/>\n<meta name=\"twitter:creator\" content=\"@VosgesInfo88\" \/>\n<meta name=\"twitter:site\" content=\"@VosgesInfo88\" \/>\n<meta name=\"twitter:label1\" content=\"\u00c9crit par\" \/>\n\t<meta name=\"twitter:data1\" content=\"C D\" \/>\n\t<meta name=\"twitter:label2\" content=\"Dur\u00e9e de lecture estim\u00e9e\" \/>\n\t<meta name=\"twitter:data2\" content=\"1 minute\" \/>\n<script type=\"application\/ld+json\" class=\"yoast-schema-graph\">{\"@context\":\"https:\/\/schema.org\",\"@graph\":[{\"@type\":\"Article\",\"@id\":\"https:\/\/vosgesinfo.fr\/remiremontinfo\/2020\/11\/covid-19-110-personnes-hospitalisees-vosges-dont-14-reanimation\/#article\",\"isPartOf\":{\"@id\":\"https:\/\/vosgesinfo.fr\/remiremontinfo\/2020\/11\/covid-19-110-personnes-hospitalisees-vosges-dont-14-reanimation\/\"},\"author\":{\"name\":\"C D\",\"@id\":\"https:\/\/vosgesinfo.fr\/remiremontinfo\/#\/schema\/person\/3bfd164d5218a185b1db68655a265316\"},\"headline\":\"Covid 19 : 110 personnes hospitalis\u00e9es dans les Vosges dont 14 en r\u00e9animation\",\"datePublished\":\"2020-11-03T07:21:04+00:00\",\"dateModified\":\"2020-11-03T07:21:04+00:00\",\"mainEntityOfPage\":{\"@id\":\"https:\/\/vosgesinfo.fr\/remiremontinfo\/2020\/11\/covid-19-110-personnes-hospitalisees-vosges-dont-14-reanimation\/\"},\"wordCount\":153,\"commentCount\":0,\"publisher\":{\"@id\":\"https:\/\/vosgesinfo.fr\/remiremontinfo\/#organization\"},\"image\":{\"@id\":\"https:\/\/vosgesinfo.fr\/remiremontinfo\/2020\/11\/covid-19-110-personnes-hospitalisees-vosges-dont-14-reanimation\/#primaryimage\"},\"thumbnailUrl\":\"https:\/\/vosgesinfo.fr\/app\/uploads\/sites\/5\/2024\/09\/202011virus-1.jpg\",\"articleSection\":[\"A la Une\",\"Sant\u00e9\",\"Vosges\"],\"inLanguage\":\"fr-FR\",\"potentialAction\":[{\"@type\":\"CommentAction\",\"name\":\"Comment\",\"target\":[\"https:\/\/vosgesinfo.fr\/remiremontinfo\/2020\/11\/covid-19-110-personnes-hospitalisees-vosges-dont-14-reanimation\/#respond\"]}]},{\"@type\":\"WebPage\",\"@id\":\"https:\/\/vosgesinfo.fr\/remiremontinfo\/2020\/11\/covid-19-110-personnes-hospitalisees-vosges-dont-14-reanimation\/\",\"url\":\"https:\/\/vosgesinfo.fr\/remiremontinfo\/2020\/11\/covid-19-110-personnes-hospitalisees-vosges-dont-14-reanimation\/\",\"name\":\"Covid 19 : 110 personnes hospitalis\u00e9es dans les Vosges dont 14 en r\u00e9animation - Remiremont Info\",\"isPartOf\":{\"@id\":\"https:\/\/vosgesinfo.fr\/remiremontinfo\/#website\"},\"primaryImageOfPage\":{\"@id\":\"https:\/\/vosgesinfo.fr\/remiremontinfo\/2020\/11\/covid-19-110-personnes-hospitalisees-vosges-dont-14-reanimation\/#primaryimage\"},\"image\":{\"@id\":\"https:\/\/vosgesinfo.fr\/remiremontinfo\/2020\/11\/covid-19-110-personnes-hospitalisees-vosges-dont-14-reanimation\/#primaryimage\"},\"thumbnailUrl\":\"https:\/\/vosgesinfo.fr\/app\/uploads\/sites\/5\/2024\/09\/202011virus-1.jpg\",\"datePublished\":\"2020-11-03T07:21:04+00:00\",\"dateModified\":\"2020-11-03T07:21:04+00:00\",\"breadcrumb\":{\"@id\":\"https:\/\/vosgesinfo.fr\/remiremontinfo\/2020\/11\/covid-19-110-personnes-hospitalisees-vosges-dont-14-reanimation\/#breadcrumb\"},\"inLanguage\":\"fr-FR\",\"potentialAction\":[{\"@type\":\"ReadAction\",\"target\":[\"https:\/\/vosgesinfo.fr\/remiremontinfo\/2020\/11\/covid-19-110-personnes-hospitalisees-vosges-dont-14-reanimation\/\"]}]},{\"@type\":\"ImageObject\",\"inLanguage\":\"fr-FR\",\"@id\":\"https:\/\/vosgesinfo.fr\/remiremontinfo\/2020\/11\/covid-19-110-personnes-hospitalisees-vosges-dont-14-reanimation\/#primaryimage\",\"url\":\"https:\/\/vosgesinfo.fr\/app\/uploads\/sites\/5\/2024\/09\/202011virus-1.jpg\",\"contentUrl\":\"https:\/\/vosgesinfo.fr\/app\/uploads\/sites\/5\/2024\/09\/202011virus-1.jpg\",\"width\":800,\"height\":270},{\"@type\":\"BreadcrumbList\",\"@id\":\"https:\/\/vosgesinfo.fr\/remiremontinfo\/2020\/11\/covid-19-110-personnes-hospitalisees-vosges-dont-14-reanimation\/#breadcrumb\",\"itemListElement\":[{\"@type\":\"ListItem\",\"position\":1,\"name\":\"Home\",\"item\":\"https:\/\/vosgesinfo.fr\/remiremontinfo\/\"},{\"@type\":\"ListItem\",\"position\":2,\"name\":\"Covid 19 : 110 personnes hospitalis\u00e9es dans les Vosges dont 14 en r\u00e9animation\"}]},{\"@type\":\"WebSite\",\"@id\":\"https:\/\/vosgesinfo.fr\/remiremontinfo\/#website\",\"url\":\"https:\/\/vosgesinfo.fr\/remiremontinfo\/\",\"name\":\"Remiremont Info\",\"description\":\"Toute l&#039;actualit\u00e9 de Remiremont\",\"publisher\":{\"@id\":\"https:\/\/vosgesinfo.fr\/remiremontinfo\/#organization\"},\"alternateName\":\"Toute l'actualit\u00e9 de Remiremont\",\"potentialAction\":[{\"@type\":\"SearchAction\",\"target\":{\"@type\":\"EntryPoint\",\"urlTemplate\":\"https:\/\/vosgesinfo.fr\/remiremontinfo\/?s={search_term_string}\"},\"query-input\":\"required name=search_term_string\"}],\"inLanguage\":\"fr-FR\"},{\"@type\":\"Organization\",\"@id\":\"https:\/\/vosgesinfo.fr\/remiremontinfo\/#organization\",\"name\":\"Remiremont Info\",\"url\":\"https:\/\/vosgesinfo.fr\/remiremontinfo\/\",\"logo\":{\"@type\":\"ImageObject\",\"inLanguage\":\"fr-FR\",\"@id\":\"https:\/\/vosgesinfo.fr\/remiremontinfo\/#\/schema\/logo\/image\/\",\"url\":\"https:\/\/vosgesinfo.fr\/app\/uploads\/sites\/5\/2023\/08\/favicon-remiremontinfo.png\",\"contentUrl\":\"https:\/\/vosgesinfo.fr\/app\/uploads\/sites\/5\/2023\/08\/favicon-remiremontinfo.png\",\"width\":512,\"height\":512,\"caption\":\"Remiremont Info\"},\"image\":{\"@id\":\"https:\/\/vosgesinfo.fr\/remiremontinfo\/#\/schema\/logo\/image\/\"},\"sameAs\":[\"https:\/\/www.facebook.com\/remiremontinfo\",\"https:\/\/x.com\/VosgesInfo88\",\"https:\/\/www.youtube.com\/@vosgesinfo\"]},{\"@type\":\"Person\",\"@id\":\"https:\/\/vosgesinfo.fr\/remiremontinfo\/#\/schema\/person\/3bfd164d5218a185b1db68655a265316\",\"name\":\"C D\",\"image\":{\"@type\":\"ImageObject\",\"inLanguage\":\"fr-FR\",\"@id\":\"https:\/\/vosgesinfo.fr\/remiremontinfo\/#\/schema\/person\/image\/\",\"url\":\"https:\/\/secure.gravatar.com\/avatar\/1f9a70007336511a47468b8f1c66f922b8b7cf617b02a31149ada43893a5d48f?s=96&d=mm&r=g\",\"contentUrl\":\"https:\/\/secure.gravatar.com\/avatar\/1f9a70007336511a47468b8f1c66f922b8b7cf617b02a31149ada43893a5d48f?s=96&d=mm&r=g\",\"caption\":\"C D\"},\"url\":\"https:\/\/vosgesinfo.fr\/remiremontinfo\/author\/cedric-drevet\/\"}]}<\/script>\n<!-- \/ Yoast SEO plugin. -->","yoast_head_json":{"title":"Covid 19 : 110 personnes hospitalis\u00e9es dans les Vosges dont 14 en r\u00e9animation - Remiremont Info","robots":{"index":"index","follow":"follow","max-snippet":"max-snippet:-1","max-image-preview":"max-image-preview:large","max-video-preview":"max-video-preview:-1"},"canonical":"https:\/\/vosgesinfo.fr\/remiremontinfo\/2020\/11\/covid-19-110-personnes-hospitalisees-vosges-dont-14-reanimation\/","twitter_card":"summary_large_image","twitter_title":"Covid 19 : 110 personnes hospitalis\u00e9es dans les Vosges dont 14 en r\u00e9animation - Remiremont Info","twitter_description":"Les derniers chiffres dans les Vosges publi\u00e9s par Sant\u00e9 Publique France ce lundi : Le D\u00e9partement en vuln\u00e9rabilit\u00e9 \u00e9lev\u00e9e Hospitalisations [&hellip;]","twitter_image":"https:\/\/vosgesinfo.fr\/app\/uploads\/sites\/5\/2024\/09\/202011virus-1.jpg","twitter_creator":"@VosgesInfo88","twitter_site":"@VosgesInfo88","twitter_misc":{"\u00c9crit par":"C D","Dur\u00e9e de lecture estim\u00e9e":"1 minute"},"schema":{"@context":"https:\/\/schema.org","@graph":[{"@type":"Article","@id":"https:\/\/vosgesinfo.fr\/remiremontinfo\/2020\/11\/covid-19-110-personnes-hospitalisees-vosges-dont-14-reanimation\/#article","isPartOf":{"@id":"https:\/\/vosgesinfo.fr\/remiremontinfo\/2020\/11\/covid-19-110-personnes-hospitalisees-vosges-dont-14-reanimation\/"},"author":{"name":"C D","@id":"https:\/\/vosgesinfo.fr\/remiremontinfo\/#\/schema\/person\/3bfd164d5218a185b1db68655a265316"},"headline":"Covid 19 : 110 personnes hospitalis\u00e9es dans les Vosges dont 14 en r\u00e9animation","datePublished":"2020-11-03T07:21:04+00:00","dateModified":"2020-11-03T07:21:04+00:00","mainEntityOfPage":{"@id":"https:\/\/vosgesinfo.fr\/remiremontinfo\/2020\/11\/covid-19-110-personnes-hospitalisees-vosges-dont-14-reanimation\/"},"wordCount":153,"commentCount":0,"publisher":{"@id":"https:\/\/vosgesinfo.fr\/remiremontinfo\/#organization"},"image":{"@id":"https:\/\/vosgesinfo.fr\/remiremontinfo\/2020\/11\/covid-19-110-personnes-hospitalisees-vosges-dont-14-reanimation\/#primaryimage"},"thumbnailUrl":"https:\/\/vosgesinfo.fr\/app\/uploads\/sites\/5\/2024\/09\/202011virus-1.jpg","articleSection":["A la Une","Sant\u00e9","Vosges"],"inLanguage":"fr-FR","potentialAction":[{"@type":"CommentAction","name":"Comment","target":["https:\/\/vosgesinfo.fr\/remiremontinfo\/2020\/11\/covid-19-110-personnes-hospitalisees-vosges-dont-14-reanimation\/#respond"]}]},{"@type":"WebPage","@id":"https:\/\/vosgesinfo.fr\/remiremontinfo\/2020\/11\/covid-19-110-personnes-hospitalisees-vosges-dont-14-reanimation\/","url":"https:\/\/vosgesinfo.fr\/remiremontinfo\/2020\/11\/covid-19-110-personnes-hospitalisees-vosges-dont-14-reanimation\/","name":"Covid 19 : 110 personnes hospitalis\u00e9es dans les Vosges dont 14 en r\u00e9animation - Remiremont Info","isPartOf":{"@id":"https:\/\/vosgesinfo.fr\/remiremontinfo\/#website"},"primaryImageOfPage":{"@id":"https:\/\/vosgesinfo.fr\/remiremontinfo\/2020\/11\/covid-19-110-personnes-hospitalisees-vosges-dont-14-reanimation\/#primaryimage"},"image":{"@id":"https:\/\/vosgesinfo.fr\/remiremontinfo\/2020\/11\/covid-19-110-personnes-hospitalisees-vosges-dont-14-reanimation\/#primaryimage"},"thumbnailUrl":"https:\/\/vosgesinfo.fr\/app\/uploads\/sites\/5\/2024\/09\/202011virus-1.jpg","datePublished":"2020-11-03T07:21:04+00:00","dateModified":"2020-11-03T07:21:04+00:00","breadcrumb":{"@id":"https:\/\/vosgesinfo.fr\/remiremontinfo\/2020\/11\/covid-19-110-personnes-hospitalisees-vosges-dont-14-reanimation\/#breadcrumb"},"inLanguage":"fr-FR","potentialAction":[{"@type":"ReadAction","target":["https:\/\/vosgesinfo.fr\/remiremontinfo\/2020\/11\/covid-19-110-personnes-hospitalisees-vosges-dont-14-reanimation\/"]}]},{"@type":"ImageObject","inLanguage":"fr-FR","@id":"https:\/\/vosgesinfo.fr\/remiremontinfo\/2020\/11\/covid-19-110-personnes-hospitalisees-vosges-dont-14-reanimation\/#primaryimage","url":"https:\/\/vosgesinfo.fr\/app\/uploads\/sites\/5\/2024\/09\/202011virus-1.jpg","contentUrl":"https:\/\/vosgesinfo.fr\/app\/uploads\/sites\/5\/2024\/09\/202011virus-1.jpg","width":800,"height":270},{"@type":"BreadcrumbList","@id":"https:\/\/vosgesinfo.fr\/remiremontinfo\/2020\/11\/covid-19-110-personnes-hospitalisees-vosges-dont-14-reanimation\/#breadcrumb","itemListElement":[{"@type":"ListItem","position":1,"name":"Home","item":"https:\/\/vosgesinfo.fr\/remiremontinfo\/"},{"@type":"ListItem","position":2,"name":"Covid 19 : 110 personnes hospitalis\u00e9es dans les Vosges dont 14 en r\u00e9animation"}]},{"@type":"WebSite","@id":"https:\/\/vosgesinfo.fr\/remiremontinfo\/#website","url":"https:\/\/vosgesinfo.fr\/remiremontinfo\/","name":"Remiremont Info","description":"Toute l&#039;actualit\u00e9 de Remiremont","publisher":{"@id":"https:\/\/vosgesinfo.fr\/remiremontinfo\/#organization"},"alternateName":"Toute l'actualit\u00e9 de Remiremont","potentialAction":[{"@type":"SearchAction","target":{"@type":"EntryPoint","urlTemplate":"https:\/\/vosgesinfo.fr\/remiremontinfo\/?s={search_term_string}"},"query-input":"required name=search_term_string"}],"inLanguage":"fr-FR"},{"@type":"Organization","@id":"https:\/\/vosgesinfo.fr\/remiremontinfo\/#organization","name":"Remiremont Info","url":"https:\/\/vosgesinfo.fr\/remiremontinfo\/","logo":{"@type":"ImageObject","inLanguage":"fr-FR","@id":"https:\/\/vosgesinfo.fr\/remiremontinfo\/#\/schema\/logo\/image\/","url":"https:\/\/vosgesinfo.fr\/app\/uploads\/sites\/5\/2023\/08\/favicon-remiremontinfo.png","contentUrl":"https:\/\/vosgesinfo.fr\/app\/uploads\/sites\/5\/2023\/08\/favicon-remiremontinfo.png","width":512,"height":512,"caption":"Remiremont Info"},"image":{"@id":"https:\/\/vosgesinfo.fr\/remiremontinfo\/#\/schema\/logo\/image\/"},"sameAs":["https:\/\/www.facebook.com\/remiremontinfo","https:\/\/x.com\/VosgesInfo88","https:\/\/www.youtube.com\/@vosgesinfo"]},{"@type":"Person","@id":"https:\/\/vosgesinfo.fr\/remiremontinfo\/#\/schema\/person\/3bfd164d5218a185b1db68655a265316","name":"C D","image":{"@type":"ImageObject","inLanguage":"fr-FR","@id":"https:\/\/vosgesinfo.fr\/remiremontinfo\/#\/schema\/person\/image\/","url":"https:\/\/secure.gravatar.com\/avatar\/1f9a70007336511a47468b8f1c66f922b8b7cf617b02a31149ada43893a5d48f?s=96&d=mm&r=g","contentUrl":"https:\/\/secure.gravatar.com\/avatar\/1f9a70007336511a47468b8f1c66f922b8b7cf617b02a31149ada43893a5d48f?s=96&d=mm&r=g","caption":"C D"},"url":"https:\/\/vosgesinfo.fr\/remiremontinfo\/author\/cedric-drevet\/"}]}},"_links":{"self":[{"href":"https:\/\/vosgesinfo.fr\/remiremontinfo\/wp-json\/wp\/v2\/posts\/33469","targetHints":{"allow":["GET"]}}],"collection":[{"href":"https:\/\/vosgesinfo.fr\/remiremontinfo\/wp-json\/wp\/v2\/posts"}],"about":[{"href":"https:\/\/vosgesinfo.fr\/remiremontinfo\/wp-json\/wp\/v2\/types\/post"}],"author":[{"embeddable":true,"href":"https:\/\/vosgesinfo.fr\/remiremontinfo\/wp-json\/wp\/v2\/users\/407"}],"replies":[{"embeddable":true,"href":"https:\/\/vosgesinfo.fr\/remiremontinfo\/wp-json\/wp\/v2\/comments?post=33469"}],"version-history":[{"count":0,"href":"https:\/\/vosgesinfo.fr\/remiremontinfo\/wp-json\/wp\/v2\/posts\/33469\/revisions"}],"wp:featuredmedia":[{"embeddable":true,"href":"https:\/\/vosgesinfo.fr\/remiremontinfo\/wp-json\/wp\/v2\/media\/33470"}],"wp:attachment":[{"href":"https:\/\/vosgesinfo.fr\/remiremontinfo\/wp-json\/wp\/v2\/media?parent=33469"}],"wp:term":[{"taxonomy":"category","embeddable":true,"href":"https:\/\/vosgesinfo.fr\/remiremontinfo\/wp-json\/wp\/v2\/categories?post=33469"},{"taxonomy":"post_tag","embeddable":true,"href":"https:\/\/vosgesinfo.fr\/remiremontinfo\/wp-json\/wp\/v2\/tags?post=33469"}],"curies":[{"name":"wp","href":"https:\/\/api.w.org\/{rel}","templated":true}]}}