{"id":33491,"date":"2020-11-03T09:45:49","date_gmt":"2020-11-03T08:45:49","guid":{"rendered":"https:\/\/vosgesinfo.fr\/remiremontinfo\/2020\/11\/restaurateurs-continuent-a-servir\/"},"modified":"2020-11-03T09:45:49","modified_gmt":"2020-11-03T08:45:49","slug":"restaurateurs-continuent-a-servir","status":"publish","type":"post","link":"https:\/\/vosgesinfo.fr\/remiremontinfo\/2020\/11\/restaurateurs-continuent-a-servir\/","title":{"rendered":"Les restaurateurs qui continuent \u00e0 vous servir\u00a0!"},"content":{"rendered":"<p style=\"text-align: center;\"><a href=\"\/2020\/11\/mixed-fruit-cake-2123197_1280.jpg\"><img decoding=\"async\" class=\"alignnone size-full wp-image-300627\" src=\"\/2020\/11\/mixed-fruit-cake-2123197_1280.jpg\" alt=\"mixed-fruit-cake-2123197_1280\" width=\"800\" height=\"530\" \/><\/a><\/p>\n<p><span style=\"font-size: 10pt;\"><em>Photo d&rsquo;illustration<\/em><\/span><\/p>\n<h2><span style=\"font-size: 12pt;\"><strong>Pendant ce nouveau confinement, de nombreux restaurateurs de la communaut\u00e9 de communes continuent \u00e0 cuisiner pour vous, en vente \u00e0 emporter voire m\u00eame en livraison\u00a0voici ci-dessous une liste \u00e9tablie par la Communaut\u00e9 de Communes de la Porte des Vosges M\u00e9ridionales. Une mise \u00e0 jour r\u00e9guli\u00e8re sera r\u00e9alis\u00e9e.<\/strong><\/span><\/h2>\n<p>&nbsp;<\/p>\n<p><strong>O P\u2019tit resto Galerie Leclerc<\/strong> (st Etienne les Remiremont)<\/p>\n<p>Supermarch\u00e9 Leclerc 88200 st Etienne les Remiremont<\/p>\n<p>0329246548 (ouvert de 9h \u00e0 13h30)<\/p>\n<p>Plats \u00e0 emporter du lundi au samedi (uniquement le midi) &#8211; Pas de livraison<\/p>\n<p>Carte des plats \u00e0 emporter mis \u00e0 jour sur facebook<\/p>\n<p>(<a href=\"https:\/\/fr-fr.facebook.com\/pages\/category\/Brewery\/O-Ptit-resto-349873048692876\/\">https:\/\/fr-fr.facebook.com\/pages\/category\/Brewery\/O-Ptit-resto-349873048692876\/<\/a>)<\/p>\n<p>Nous contacter par tel (de 9h \u00e0 13h30 ou sur facebook)<\/p>\n<p>&nbsp;<\/p>\n<p><strong>Le Chalet d\u2019Etienne<\/strong>\u00a0(st Etienne les Remiremont)<\/p>\n<p>34, rue des P\u00eacheurs<\/p>\n<p>88200 ST Etienne Les Remiremont<\/p>\n<p>T\u00e9l : 03 29 23 11 80<\/p>\n<p>contact@lechaletdetienne.com<\/p>\n<p>Vente \u00e0 emporter et livraison (sous condition)<\/p>\n<p>Du lundi au samedi (sauf samedi midi) de 11h00 \u00e0 13h00 et 18h00 \u00e0 20h30<\/p>\n<p>Carte des plats \u00e0 emporter mis \u00e0 jour sur facebook\u00a0:<\/p>\n<p><a href=\"https:\/\/www.facebook.com\/lechaletdetienne\/\">https:\/\/www.facebook.com\/lechaletdetienne\/<\/a><\/p>\n<p>&nbsp;<\/p>\n<p><strong>Restaurant Le Logis du Pr\u00e9 Braheux<\/strong> (St Nabord)<\/p>\n<p>1425 Route de Falli\u00e8res<\/p>\n<p>88200 SAINT NABORD<\/p>\n<p>Tel : 0329622367<\/p>\n<p>Mail : contact@les-pres-braheux.com<\/p>\n<p>Site : www.les-pres-braheux.fr<\/p>\n<p>Vente de plats cuisin\u00e9s et \/ ou de menus complets, \u00e0 emporter ou \u00e0 livrer (pas de frais de livraison)<\/p>\n<p>tous les soirs de la semaine, du lundi au samedi inclus, voir site.<\/p>\n<p>Vente de pizzas \u00e0 emporter ou \u00e0 livrer tous les soirs du mercredi au samedi inclus, voir site.<\/p>\n<p>&nbsp;<\/p>\n<p><strong>Chez Anatole<\/strong> (Plombi\u00e8res-Les-Bains)<\/p>\n<p>11 rue Stanislas &#8211; 88370 PLOMBIERES-LES-BAINS<\/p>\n<p>Type de service propos\u00e9 pendant le confinement : Plat du jour \u00e0 emporter tous les midis de 11h45 \u00e0<\/p>\n<p>13h30 uniquement sur r\u00e9servation au 06.60.05.76.89.<\/p>\n<p>Conditions particuli\u00e8res applicables :\u00a0retrait au Bar Restaurant Chez Anatole<\/p>\n<p>&nbsp;<\/p>\n<p><strong>Restaurant le Globe<\/strong> (Remiremont)<\/p>\n<p>7, place Jules M\u00e9line 88200 Remiremont<\/p>\n<p>03.29.22.21.70 ou 06.71.17.30.25<\/p>\n<blockquote class=\"wp-embedded-content\" data-secret=\"S4WMCs85xz\"><p><a href=\"https:\/\/restaurant-leglobe-remiremont.fr\/\">Accueil &#8211; Restaurant le Globe remiremont<\/a><\/p><\/blockquote>\n<p><iframe loading=\"lazy\" class=\"wp-embedded-content\" sandbox=\"allow-scripts\" security=\"restricted\" style=\"position: absolute; visibility: hidden;\" title=\"\u00ab\u00a0Accueil &#8211; Restaurant le Globe remiremont\u00a0\u00bb &#8212; Restaurant Le Globe\" src=\"https:\/\/restaurant-leglobe-remiremont.fr\/embed\/#?secret=pJjeBetaWx#?secret=S4WMCs85xz\" data-secret=\"S4WMCs85xz\" width=\"500\" height=\"282\" frameborder=\"0\" marginwidth=\"0\" marginheight=\"0\" scrolling=\"no\"><\/iframe><\/p>\n<p>Facebook: <a href=\"https:\/\/fr-fr.facebook.com\/legloberemiremont\/\">https:\/\/fr-fr.facebook.com\/legloberemiremont\/<\/a><\/p>\n<p>Vente \u00e0 emporter et livraisons<\/p>\n<p>Ouvert tous les jours sauf jeudi apr\u00e8s-midi de 9h00 \u00e0 14h30 et 18h30 et 21h30 (22h30 les vendredis<\/p>\n<p>et samedis)<\/p>\n<p>&nbsp;<\/p>\n<p><strong>Le Bistrot des Apothicaires<\/strong> (Remiremont)<\/p>\n<p>98 Rue Charles de Gaulle, 88200 Remiremont<\/p>\n<p>03 29 61 53 76<\/p>\n<p>Menus sur facebook\u00a0: <a href=\"https:\/\/www.facebook.com\/lebistrotdesapothicaires\/\">https:\/\/www.facebook.com\/lebistrotdesapothicaires\/<\/a><\/p>\n<p>Ouvert tous les midis sauf les mercredis\u00a0: menus \u00e0 emporter<\/p>\n<p>Menus \u00e0 th\u00e8mes les samedis et dimanches midis<\/p>\n<p>&nbsp;<\/p>\n<p><strong>Restaurant Le Kar\u00e9lian<\/strong> (Dommartin-l\u00e8s-Remiremont)<\/p>\n<p>36, rue du Cuchot 88200 Dommartin-l\u00e8s-Remiremont<\/p>\n<p>T\u00e9l : 03 29 62 44 05<\/p>\n<p>lekarelian@orange.fr<\/p>\n<p>www.lekarelian.com<\/p>\n<p>Un menu (entr\u00e9e, plat et dessert) est propos\u00e9 chaque semaine du mercredi au dimanche, midi et soir<\/p>\n<p>( sauf dimanche soir). Nous diffusons chaque semaine ce menu sur notre page facebook.<\/p>\n<p><a href=\"https:\/\/fr-fr.facebook.com\/pages\/category\/French-Restaurant\/Restaurant-gastronomique-Le-Kar%C3%A9lian-1764970140421098\/\">https:\/\/fr-fr.facebook.com\/pages\/category\/French-Restaurant\/Restaurant-gastronomique-Le-Kar%C3%A9lian-1764970140421098\/<\/a><\/p>\n<p>Ce menu est \u00e0 retirer sur place \u00e0 un horaire convenu lors de la r\u00e9servation.<\/p>\n<p>&nbsp;<\/p>\n<p><strong>Le Petit St\u00e9phanois<\/strong> (St Etienne l\u00e8s Remiremont)<\/p>\n<p>7 Rue de l\u2019\u00c9glise, 88200 Saint-\u00c9tienne-l\u00e8s-Remiremont<\/p>\n<p>vosges8825@gmail.com<\/p>\n<p>03 29 23 00 39<\/p>\n<p>Ouverts tous les midis du lundi au samedi<\/p>\n<p>Menus sur facebook\u00a0: le petit-st\u00e9phanois\u00a0:<\/p>\n<p><a href=\"https:\/\/fr-fr.facebook.com\/pages\/category\/French-Restaurant\/Le-petit-stephanois-1509464375943319\/\">https:\/\/fr-fr.facebook.com\/pages\/category\/French-Restaurant\/Le-petit-stephanois-1509464375943319\/<\/a><\/p>\n<p>Vente \u00e0 emporter et livraison<\/p>\n<p>&nbsp;<\/p>\n<p>Chez nos voisins\u00a0:<\/p>\n<p>&nbsp;<\/p>\n<p><strong>Le point central<\/strong> (Arches)<\/p>\n<p>1 Route de Remiremont, 88380 Arches<\/p>\n<p>03.29.64.24.92<\/p>\n<p>Page Facebook le point central arches\u00a0: https:\/\/www.facebook.com\/LepointcentralArches\/?ref=py_c<\/p>\n<p>Durant le confinement nous proposons notre menu du jour \u00e0 emporter les midis du mardi au<\/p>\n<p>vendredi. Les mercredis et vendredis soirs nous proposons des burgers et tacos \u00e0 emporter.<\/p>\n<p>Les dimanches midis poulet r\u00f4ti et sa garniture.<\/p>\n","protected":false},"excerpt":{"rendered":"<p>Photo d&rsquo;illustration Pendant ce nouveau confinement, de nombreux restaurateurs de la communaut\u00e9 de communes continuent \u00e0 cuisiner pour vous, en [&hellip;]<\/p>\n","protected":false},"author":407,"featured_media":33492,"comment_status":"open","ping_status":"open","sticky":false,"template":"","format":"standard","meta":{"footnotes":""},"categories":[26],"tags":[],"class_list":["post-33491","post","type-post","status-publish","format-standard","has-post-thumbnail","hentry","category-a-la-une"],"acf":[],"yoast_head":"<!-- This site is optimized with the Yoast SEO plugin v22.5 - https:\/\/yoast.com\/wordpress\/plugins\/seo\/ -->\n<title>Les restaurateurs qui continuent \u00e0 vous servir\u00a0! - Remiremont Info<\/title>\n<meta name=\"robots\" content=\"index, follow, max-snippet:-1, max-image-preview:large, max-video-preview:-1\" \/>\n<link rel=\"canonical\" href=\"https:\/\/vosgesinfo.fr\/remiremontinfo\/2020\/11\/restaurateurs-continuent-a-servir\/\" \/>\n<meta name=\"twitter:card\" content=\"summary_large_image\" \/>\n<meta name=\"twitter:title\" content=\"Les restaurateurs qui continuent \u00e0 vous servir\u00a0! - Remiremont Info\" \/>\n<meta name=\"twitter:description\" content=\"Photo d&rsquo;illustration Pendant ce nouveau confinement, de nombreux restaurateurs de la communaut\u00e9 de communes continuent \u00e0 cuisiner pour vous, en [&hellip;]\" \/>\n<meta name=\"twitter:image\" content=\"https:\/\/vosgesinfo.fr\/app\/uploads\/sites\/5\/2024\/09\/202011mixed-fruit-cake-2123197-1280.jpg\" \/>\n<meta name=\"twitter:creator\" content=\"@VosgesInfo88\" \/>\n<meta name=\"twitter:site\" content=\"@VosgesInfo88\" \/>\n<meta name=\"twitter:label1\" content=\"\u00c9crit par\" \/>\n\t<meta name=\"twitter:data1\" content=\"C D\" \/>\n\t<meta name=\"twitter:label2\" content=\"Dur\u00e9e de lecture estim\u00e9e\" \/>\n\t<meta name=\"twitter:data2\" content=\"3 minutes\" \/>\n<script type=\"application\/ld+json\" class=\"yoast-schema-graph\">{\"@context\":\"https:\/\/schema.org\",\"@graph\":[{\"@type\":\"Article\",\"@id\":\"https:\/\/vosgesinfo.fr\/remiremontinfo\/2020\/11\/restaurateurs-continuent-a-servir\/#article\",\"isPartOf\":{\"@id\":\"https:\/\/vosgesinfo.fr\/remiremontinfo\/2020\/11\/restaurateurs-continuent-a-servir\/\"},\"author\":{\"name\":\"C D\",\"@id\":\"https:\/\/vosgesinfo.fr\/remiremontinfo\/#\/schema\/person\/3bfd164d5218a185b1db68655a265316\"},\"headline\":\"Les restaurateurs qui continuent \u00e0 vous servir\u00a0!\",\"datePublished\":\"2020-11-03T08:45:49+00:00\",\"dateModified\":\"2020-11-03T08:45:49+00:00\",\"mainEntityOfPage\":{\"@id\":\"https:\/\/vosgesinfo.fr\/remiremontinfo\/2020\/11\/restaurateurs-continuent-a-servir\/\"},\"wordCount\":552,\"commentCount\":0,\"publisher\":{\"@id\":\"https:\/\/vosgesinfo.fr\/remiremontinfo\/#organization\"},\"image\":{\"@id\":\"https:\/\/vosgesinfo.fr\/remiremontinfo\/2020\/11\/restaurateurs-continuent-a-servir\/#primaryimage\"},\"thumbnailUrl\":\"https:\/\/vosgesinfo.fr\/app\/uploads\/sites\/5\/2024\/09\/202011mixed-fruit-cake-2123197-1280.jpg\",\"articleSection\":[\"A la Une\"],\"inLanguage\":\"fr-FR\",\"potentialAction\":[{\"@type\":\"CommentAction\",\"name\":\"Comment\",\"target\":[\"https:\/\/vosgesinfo.fr\/remiremontinfo\/2020\/11\/restaurateurs-continuent-a-servir\/#respond\"]}]},{\"@type\":\"WebPage\",\"@id\":\"https:\/\/vosgesinfo.fr\/remiremontinfo\/2020\/11\/restaurateurs-continuent-a-servir\/\",\"url\":\"https:\/\/vosgesinfo.fr\/remiremontinfo\/2020\/11\/restaurateurs-continuent-a-servir\/\",\"name\":\"Les restaurateurs qui continuent \u00e0 vous servir\u00a0! - Remiremont Info\",\"isPartOf\":{\"@id\":\"https:\/\/vosgesinfo.fr\/remiremontinfo\/#website\"},\"primaryImageOfPage\":{\"@id\":\"https:\/\/vosgesinfo.fr\/remiremontinfo\/2020\/11\/restaurateurs-continuent-a-servir\/#primaryimage\"},\"image\":{\"@id\":\"https:\/\/vosgesinfo.fr\/remiremontinfo\/2020\/11\/restaurateurs-continuent-a-servir\/#primaryimage\"},\"thumbnailUrl\":\"https:\/\/vosgesinfo.fr\/app\/uploads\/sites\/5\/2024\/09\/202011mixed-fruit-cake-2123197-1280.jpg\",\"datePublished\":\"2020-11-03T08:45:49+00:00\",\"dateModified\":\"2020-11-03T08:45:49+00:00\",\"breadcrumb\":{\"@id\":\"https:\/\/vosgesinfo.fr\/remiremontinfo\/2020\/11\/restaurateurs-continuent-a-servir\/#breadcrumb\"},\"inLanguage\":\"fr-FR\",\"potentialAction\":[{\"@type\":\"ReadAction\",\"target\":[\"https:\/\/vosgesinfo.fr\/remiremontinfo\/2020\/11\/restaurateurs-continuent-a-servir\/\"]}]},{\"@type\":\"ImageObject\",\"inLanguage\":\"fr-FR\",\"@id\":\"https:\/\/vosgesinfo.fr\/remiremontinfo\/2020\/11\/restaurateurs-continuent-a-servir\/#primaryimage\",\"url\":\"https:\/\/vosgesinfo.fr\/app\/uploads\/sites\/5\/2024\/09\/202011mixed-fruit-cake-2123197-1280.jpg\",\"contentUrl\":\"https:\/\/vosgesinfo.fr\/app\/uploads\/sites\/5\/2024\/09\/202011mixed-fruit-cake-2123197-1280.jpg\",\"width\":800,\"height\":530},{\"@type\":\"BreadcrumbList\",\"@id\":\"https:\/\/vosgesinfo.fr\/remiremontinfo\/2020\/11\/restaurateurs-continuent-a-servir\/#breadcrumb\",\"itemListElement\":[{\"@type\":\"ListItem\",\"position\":1,\"name\":\"Home\",\"item\":\"https:\/\/vosgesinfo.fr\/remiremontinfo\/\"},{\"@type\":\"ListItem\",\"position\":2,\"name\":\"Les restaurateurs qui continuent \u00e0 vous servir\u00a0!\"}]},{\"@type\":\"WebSite\",\"@id\":\"https:\/\/vosgesinfo.fr\/remiremontinfo\/#website\",\"url\":\"https:\/\/vosgesinfo.fr\/remiremontinfo\/\",\"name\":\"Remiremont Info\",\"description\":\"Toute l&#039;actualit\u00e9 de Remiremont\",\"publisher\":{\"@id\":\"https:\/\/vosgesinfo.fr\/remiremontinfo\/#organization\"},\"alternateName\":\"Toute l'actualit\u00e9 de Remiremont\",\"potentialAction\":[{\"@type\":\"SearchAction\",\"target\":{\"@type\":\"EntryPoint\",\"urlTemplate\":\"https:\/\/vosgesinfo.fr\/remiremontinfo\/?s={search_term_string}\"},\"query-input\":\"required name=search_term_string\"}],\"inLanguage\":\"fr-FR\"},{\"@type\":\"Organization\",\"@id\":\"https:\/\/vosgesinfo.fr\/remiremontinfo\/#organization\",\"name\":\"Remiremont Info\",\"url\":\"https:\/\/vosgesinfo.fr\/remiremontinfo\/\",\"logo\":{\"@type\":\"ImageObject\",\"inLanguage\":\"fr-FR\",\"@id\":\"https:\/\/vosgesinfo.fr\/remiremontinfo\/#\/schema\/logo\/image\/\",\"url\":\"https:\/\/vosgesinfo.fr\/app\/uploads\/sites\/5\/2023\/08\/favicon-remiremontinfo.png\",\"contentUrl\":\"https:\/\/vosgesinfo.fr\/app\/uploads\/sites\/5\/2023\/08\/favicon-remiremontinfo.png\",\"width\":512,\"height\":512,\"caption\":\"Remiremont Info\"},\"image\":{\"@id\":\"https:\/\/vosgesinfo.fr\/remiremontinfo\/#\/schema\/logo\/image\/\"},\"sameAs\":[\"https:\/\/www.facebook.com\/remiremontinfo\",\"https:\/\/x.com\/VosgesInfo88\",\"https:\/\/www.youtube.com\/@vosgesinfo\"]},{\"@type\":\"Person\",\"@id\":\"https:\/\/vosgesinfo.fr\/remiremontinfo\/#\/schema\/person\/3bfd164d5218a185b1db68655a265316\",\"name\":\"C D\",\"image\":{\"@type\":\"ImageObject\",\"inLanguage\":\"fr-FR\",\"@id\":\"https:\/\/vosgesinfo.fr\/remiremontinfo\/#\/schema\/person\/image\/\",\"url\":\"https:\/\/secure.gravatar.com\/avatar\/1f9a70007336511a47468b8f1c66f922b8b7cf617b02a31149ada43893a5d48f?s=96&d=mm&r=g\",\"contentUrl\":\"https:\/\/secure.gravatar.com\/avatar\/1f9a70007336511a47468b8f1c66f922b8b7cf617b02a31149ada43893a5d48f?s=96&d=mm&r=g\",\"caption\":\"C D\"},\"url\":\"https:\/\/vosgesinfo.fr\/remiremontinfo\/author\/cedric-drevet\/\"}]}<\/script>\n<!-- \/ Yoast SEO plugin. -->","yoast_head_json":{"title":"Les restaurateurs qui continuent \u00e0 vous servir\u00a0! - Remiremont Info","robots":{"index":"index","follow":"follow","max-snippet":"max-snippet:-1","max-image-preview":"max-image-preview:large","max-video-preview":"max-video-preview:-1"},"canonical":"https:\/\/vosgesinfo.fr\/remiremontinfo\/2020\/11\/restaurateurs-continuent-a-servir\/","twitter_card":"summary_large_image","twitter_title":"Les restaurateurs qui continuent \u00e0 vous servir\u00a0! - Remiremont Info","twitter_description":"Photo d&rsquo;illustration Pendant ce nouveau confinement, de nombreux restaurateurs de la communaut\u00e9 de communes continuent \u00e0 cuisiner pour vous, en [&hellip;]","twitter_image":"https:\/\/vosgesinfo.fr\/app\/uploads\/sites\/5\/2024\/09\/202011mixed-fruit-cake-2123197-1280.jpg","twitter_creator":"@VosgesInfo88","twitter_site":"@VosgesInfo88","twitter_misc":{"\u00c9crit par":"C D","Dur\u00e9e de lecture estim\u00e9e":"3 minutes"},"schema":{"@context":"https:\/\/schema.org","@graph":[{"@type":"Article","@id":"https:\/\/vosgesinfo.fr\/remiremontinfo\/2020\/11\/restaurateurs-continuent-a-servir\/#article","isPartOf":{"@id":"https:\/\/vosgesinfo.fr\/remiremontinfo\/2020\/11\/restaurateurs-continuent-a-servir\/"},"author":{"name":"C D","@id":"https:\/\/vosgesinfo.fr\/remiremontinfo\/#\/schema\/person\/3bfd164d5218a185b1db68655a265316"},"headline":"Les restaurateurs qui continuent \u00e0 vous servir\u00a0!","datePublished":"2020-11-03T08:45:49+00:00","dateModified":"2020-11-03T08:45:49+00:00","mainEntityOfPage":{"@id":"https:\/\/vosgesinfo.fr\/remiremontinfo\/2020\/11\/restaurateurs-continuent-a-servir\/"},"wordCount":552,"commentCount":0,"publisher":{"@id":"https:\/\/vosgesinfo.fr\/remiremontinfo\/#organization"},"image":{"@id":"https:\/\/vosgesinfo.fr\/remiremontinfo\/2020\/11\/restaurateurs-continuent-a-servir\/#primaryimage"},"thumbnailUrl":"https:\/\/vosgesinfo.fr\/app\/uploads\/sites\/5\/2024\/09\/202011mixed-fruit-cake-2123197-1280.jpg","articleSection":["A la Une"],"inLanguage":"fr-FR","potentialAction":[{"@type":"CommentAction","name":"Comment","target":["https:\/\/vosgesinfo.fr\/remiremontinfo\/2020\/11\/restaurateurs-continuent-a-servir\/#respond"]}]},{"@type":"WebPage","@id":"https:\/\/vosgesinfo.fr\/remiremontinfo\/2020\/11\/restaurateurs-continuent-a-servir\/","url":"https:\/\/vosgesinfo.fr\/remiremontinfo\/2020\/11\/restaurateurs-continuent-a-servir\/","name":"Les restaurateurs qui continuent \u00e0 vous servir\u00a0! - Remiremont Info","isPartOf":{"@id":"https:\/\/vosgesinfo.fr\/remiremontinfo\/#website"},"primaryImageOfPage":{"@id":"https:\/\/vosgesinfo.fr\/remiremontinfo\/2020\/11\/restaurateurs-continuent-a-servir\/#primaryimage"},"image":{"@id":"https:\/\/vosgesinfo.fr\/remiremontinfo\/2020\/11\/restaurateurs-continuent-a-servir\/#primaryimage"},"thumbnailUrl":"https:\/\/vosgesinfo.fr\/app\/uploads\/sites\/5\/2024\/09\/202011mixed-fruit-cake-2123197-1280.jpg","datePublished":"2020-11-03T08:45:49+00:00","dateModified":"2020-11-03T08:45:49+00:00","breadcrumb":{"@id":"https:\/\/vosgesinfo.fr\/remiremontinfo\/2020\/11\/restaurateurs-continuent-a-servir\/#breadcrumb"},"inLanguage":"fr-FR","potentialAction":[{"@type":"ReadAction","target":["https:\/\/vosgesinfo.fr\/remiremontinfo\/2020\/11\/restaurateurs-continuent-a-servir\/"]}]},{"@type":"ImageObject","inLanguage":"fr-FR","@id":"https:\/\/vosgesinfo.fr\/remiremontinfo\/2020\/11\/restaurateurs-continuent-a-servir\/#primaryimage","url":"https:\/\/vosgesinfo.fr\/app\/uploads\/sites\/5\/2024\/09\/202011mixed-fruit-cake-2123197-1280.jpg","contentUrl":"https:\/\/vosgesinfo.fr\/app\/uploads\/sites\/5\/2024\/09\/202011mixed-fruit-cake-2123197-1280.jpg","width":800,"height":530},{"@type":"BreadcrumbList","@id":"https:\/\/vosgesinfo.fr\/remiremontinfo\/2020\/11\/restaurateurs-continuent-a-servir\/#breadcrumb","itemListElement":[{"@type":"ListItem","position":1,"name":"Home","item":"https:\/\/vosgesinfo.fr\/remiremontinfo\/"},{"@type":"ListItem","position":2,"name":"Les restaurateurs qui continuent \u00e0 vous servir\u00a0!"}]},{"@type":"WebSite","@id":"https:\/\/vosgesinfo.fr\/remiremontinfo\/#website","url":"https:\/\/vosgesinfo.fr\/remiremontinfo\/","name":"Remiremont Info","description":"Toute l&#039;actualit\u00e9 de Remiremont","publisher":{"@id":"https:\/\/vosgesinfo.fr\/remiremontinfo\/#organization"},"alternateName":"Toute l'actualit\u00e9 de Remiremont","potentialAction":[{"@type":"SearchAction","target":{"@type":"EntryPoint","urlTemplate":"https:\/\/vosgesinfo.fr\/remiremontinfo\/?s={search_term_string}"},"query-input":"required name=search_term_string"}],"inLanguage":"fr-FR"},{"@type":"Organization","@id":"https:\/\/vosgesinfo.fr\/remiremontinfo\/#organization","name":"Remiremont Info","url":"https:\/\/vosgesinfo.fr\/remiremontinfo\/","logo":{"@type":"ImageObject","inLanguage":"fr-FR","@id":"https:\/\/vosgesinfo.fr\/remiremontinfo\/#\/schema\/logo\/image\/","url":"https:\/\/vosgesinfo.fr\/app\/uploads\/sites\/5\/2023\/08\/favicon-remiremontinfo.png","contentUrl":"https:\/\/vosgesinfo.fr\/app\/uploads\/sites\/5\/2023\/08\/favicon-remiremontinfo.png","width":512,"height":512,"caption":"Remiremont Info"},"image":{"@id":"https:\/\/vosgesinfo.fr\/remiremontinfo\/#\/schema\/logo\/image\/"},"sameAs":["https:\/\/www.facebook.com\/remiremontinfo","https:\/\/x.com\/VosgesInfo88","https:\/\/www.youtube.com\/@vosgesinfo"]},{"@type":"Person","@id":"https:\/\/vosgesinfo.fr\/remiremontinfo\/#\/schema\/person\/3bfd164d5218a185b1db68655a265316","name":"C D","image":{"@type":"ImageObject","inLanguage":"fr-FR","@id":"https:\/\/vosgesinfo.fr\/remiremontinfo\/#\/schema\/person\/image\/","url":"https:\/\/secure.gravatar.com\/avatar\/1f9a70007336511a47468b8f1c66f922b8b7cf617b02a31149ada43893a5d48f?s=96&d=mm&r=g","contentUrl":"https:\/\/secure.gravatar.com\/avatar\/1f9a70007336511a47468b8f1c66f922b8b7cf617b02a31149ada43893a5d48f?s=96&d=mm&r=g","caption":"C D"},"url":"https:\/\/vosgesinfo.fr\/remiremontinfo\/author\/cedric-drevet\/"}]}},"_links":{"self":[{"href":"https:\/\/vosgesinfo.fr\/remiremontinfo\/wp-json\/wp\/v2\/posts\/33491","targetHints":{"allow":["GET"]}}],"collection":[{"href":"https:\/\/vosgesinfo.fr\/remiremontinfo\/wp-json\/wp\/v2\/posts"}],"about":[{"href":"https:\/\/vosgesinfo.fr\/remiremontinfo\/wp-json\/wp\/v2\/types\/post"}],"author":[{"embeddable":true,"href":"https:\/\/vosgesinfo.fr\/remiremontinfo\/wp-json\/wp\/v2\/users\/407"}],"replies":[{"embeddable":true,"href":"https:\/\/vosgesinfo.fr\/remiremontinfo\/wp-json\/wp\/v2\/comments?post=33491"}],"version-history":[{"count":0,"href":"https:\/\/vosgesinfo.fr\/remiremontinfo\/wp-json\/wp\/v2\/posts\/33491\/revisions"}],"wp:featuredmedia":[{"embeddable":true,"href":"https:\/\/vosgesinfo.fr\/remiremontinfo\/wp-json\/wp\/v2\/media\/33492"}],"wp:attachment":[{"href":"https:\/\/vosgesinfo.fr\/remiremontinfo\/wp-json\/wp\/v2\/media?parent=33491"}],"wp:term":[{"taxonomy":"category","embeddable":true,"href":"https:\/\/vosgesinfo.fr\/remiremontinfo\/wp-json\/wp\/v2\/categories?post=33491"},{"taxonomy":"post_tag","embeddable":true,"href":"https:\/\/vosgesinfo.fr\/remiremontinfo\/wp-json\/wp\/v2\/tags?post=33491"}],"curies":[{"name":"wp","href":"https:\/\/api.w.org\/{rel}","templated":true}]}}