{"id":33526,"date":"2020-11-06T07:03:40","date_gmt":"2020-11-06T06:03:40","guid":{"rendered":"https:\/\/vosgesinfo.fr\/remiremontinfo\/2020\/11\/saint-etienne-distribution-de-300-masques-aux-ecoliers\/"},"modified":"2020-11-06T07:03:40","modified_gmt":"2020-11-06T06:03:40","slug":"saint-etienne-distribution-de-300-masques-aux-ecoliers","status":"publish","type":"post","link":"https:\/\/vosgesinfo.fr\/remiremontinfo\/2020\/11\/saint-etienne-distribution-de-300-masques-aux-ecoliers\/","title":{"rendered":"Saint-\u00c9tienne : Distribution de 300 masques aux \u00e9coliers"},"content":{"rendered":"\n<p>Ce jeudi, a eu lieu la distribution des 300 masques \u00e0 destination des \u00e9coliers st\u00e9phanois du CP au CM2. A l\u2019annonce du nouveau protocole sanitaire imposant le port du masque dans les \u00e9coles d\u00e8s l\u2019\u00e2ge de 6 ans, la municipalit\u00e9 a souhait\u00e9 offrir aux petits st\u00e9phanois 2 masques lavables par enfant. Ces masques ont \u00e9t\u00e9 confectionn\u00e9s en un temps record par \u00ab Le Drap Fran\u00e7ais \u00bb, groupe textile vosgien bas\u00e9 au Thillot, que la commune tient vivement \u00e0 remercier pour leur r\u00e9activit\u00e9. L\u2019association R-Play a, une nouvelle fois, eu la gentillesse de laisser son empreinte color\u00e9e en \u00ab\u00a0graffant\u00a0\u00bb ces masques. Un grand merci !<\/p>\n","protected":false},"excerpt":{"rendered":"<p>Ce jeudi, a eu lieu la distribution des 300 masques \u00e0 destination des \u00e9coliers st\u00e9phanois du CP au CM2. A [&hellip;]<\/p>\n","protected":false},"author":39,"featured_media":33527,"comment_status":"open","ping_status":"open","sticky":false,"template":"","format":"standard","meta":{"footnotes":""},"categories":[26,35,155],"tags":[],"class_list":["post-33526","post","type-post","status-publish","format-standard","has-post-thumbnail","hentry","category-a-la-une","category-remiremont-son-canton","category-saint-etienne"],"acf":[],"yoast_head":"<!-- This site is optimized with the Yoast SEO plugin v22.5 - https:\/\/yoast.com\/wordpress\/plugins\/seo\/ -->\n<title>Saint-\u00c9tienne : Distribution de 300 masques aux \u00e9coliers - Remiremont Info<\/title>\n<meta name=\"robots\" content=\"index, follow, max-snippet:-1, max-image-preview:large, max-video-preview:-1\" \/>\n<link rel=\"canonical\" href=\"https:\/\/vosgesinfo.fr\/remiremontinfo\/2020\/11\/saint-etienne-distribution-de-300-masques-aux-ecoliers\/\" \/>\n<meta name=\"twitter:card\" content=\"summary_large_image\" \/>\n<meta name=\"twitter:title\" content=\"Saint-\u00c9tienne : Distribution de 300 masques aux \u00e9coliers - Remiremont Info\" \/>\n<meta name=\"twitter:description\" content=\"Ce jeudi, a eu lieu la distribution des 300 masques \u00e0 destination des \u00e9coliers st\u00e9phanois du CP au CM2. A [&hellip;]\" \/>\n<meta name=\"twitter:image\" content=\"https:\/\/vosgesinfo.fr\/app\/uploads\/sites\/5\/2024\/09\/202011ma2.jpg\" \/>\n<meta name=\"twitter:creator\" content=\"@VosgesInfo88\" \/>\n<meta name=\"twitter:site\" content=\"@VosgesInfo88\" \/>\n<meta name=\"twitter:label1\" content=\"\u00c9crit par\" \/>\n\t<meta name=\"twitter:data1\" content=\"Phj\" \/>\n\t<meta name=\"twitter:label2\" content=\"Dur\u00e9e de lecture estim\u00e9e\" \/>\n\t<meta name=\"twitter:data2\" content=\"1 minute\" \/>\n<script type=\"application\/ld+json\" class=\"yoast-schema-graph\">{\"@context\":\"https:\/\/schema.org\",\"@graph\":[{\"@type\":\"Article\",\"@id\":\"https:\/\/vosgesinfo.fr\/remiremontinfo\/2020\/11\/saint-etienne-distribution-de-300-masques-aux-ecoliers\/#article\",\"isPartOf\":{\"@id\":\"https:\/\/vosgesinfo.fr\/remiremontinfo\/2020\/11\/saint-etienne-distribution-de-300-masques-aux-ecoliers\/\"},\"author\":{\"name\":\"Phj\",\"@id\":\"https:\/\/vosgesinfo.fr\/remiremontinfo\/#\/schema\/person\/4f57dc393faf2ac8b9f1cab30ad79250\"},\"headline\":\"Saint-\u00c9tienne : Distribution de 300 masques aux \u00e9coliers\",\"datePublished\":\"2020-11-06T06:03:40+00:00\",\"dateModified\":\"2020-11-06T06:03:40+00:00\",\"mainEntityOfPage\":{\"@id\":\"https:\/\/vosgesinfo.fr\/remiremontinfo\/2020\/11\/saint-etienne-distribution-de-300-masques-aux-ecoliers\/\"},\"wordCount\":123,\"commentCount\":0,\"publisher\":{\"@id\":\"https:\/\/vosgesinfo.fr\/remiremontinfo\/#organization\"},\"image\":{\"@id\":\"https:\/\/vosgesinfo.fr\/remiremontinfo\/2020\/11\/saint-etienne-distribution-de-300-masques-aux-ecoliers\/#primaryimage\"},\"thumbnailUrl\":\"https:\/\/vosgesinfo.fr\/app\/uploads\/sites\/5\/2024\/09\/202011ma2.jpg\",\"articleSection\":[\"A la Une\",\"Remiremont &amp; son canton\",\"Saint-Etienne\"],\"inLanguage\":\"fr-FR\",\"potentialAction\":[{\"@type\":\"CommentAction\",\"name\":\"Comment\",\"target\":[\"https:\/\/vosgesinfo.fr\/remiremontinfo\/2020\/11\/saint-etienne-distribution-de-300-masques-aux-ecoliers\/#respond\"]}]},{\"@type\":\"WebPage\",\"@id\":\"https:\/\/vosgesinfo.fr\/remiremontinfo\/2020\/11\/saint-etienne-distribution-de-300-masques-aux-ecoliers\/\",\"url\":\"https:\/\/vosgesinfo.fr\/remiremontinfo\/2020\/11\/saint-etienne-distribution-de-300-masques-aux-ecoliers\/\",\"name\":\"Saint-\u00c9tienne : Distribution de 300 masques aux \u00e9coliers - Remiremont Info\",\"isPartOf\":{\"@id\":\"https:\/\/vosgesinfo.fr\/remiremontinfo\/#website\"},\"primaryImageOfPage\":{\"@id\":\"https:\/\/vosgesinfo.fr\/remiremontinfo\/2020\/11\/saint-etienne-distribution-de-300-masques-aux-ecoliers\/#primaryimage\"},\"image\":{\"@id\":\"https:\/\/vosgesinfo.fr\/remiremontinfo\/2020\/11\/saint-etienne-distribution-de-300-masques-aux-ecoliers\/#primaryimage\"},\"thumbnailUrl\":\"https:\/\/vosgesinfo.fr\/app\/uploads\/sites\/5\/2024\/09\/202011ma2.jpg\",\"datePublished\":\"2020-11-06T06:03:40+00:00\",\"dateModified\":\"2020-11-06T06:03:40+00:00\",\"breadcrumb\":{\"@id\":\"https:\/\/vosgesinfo.fr\/remiremontinfo\/2020\/11\/saint-etienne-distribution-de-300-masques-aux-ecoliers\/#breadcrumb\"},\"inLanguage\":\"fr-FR\",\"potentialAction\":[{\"@type\":\"ReadAction\",\"target\":[\"https:\/\/vosgesinfo.fr\/remiremontinfo\/2020\/11\/saint-etienne-distribution-de-300-masques-aux-ecoliers\/\"]}]},{\"@type\":\"ImageObject\",\"inLanguage\":\"fr-FR\",\"@id\":\"https:\/\/vosgesinfo.fr\/remiremontinfo\/2020\/11\/saint-etienne-distribution-de-300-masques-aux-ecoliers\/#primaryimage\",\"url\":\"https:\/\/vosgesinfo.fr\/app\/uploads\/sites\/5\/2024\/09\/202011ma2.jpg\",\"contentUrl\":\"https:\/\/vosgesinfo.fr\/app\/uploads\/sites\/5\/2024\/09\/202011ma2.jpg\",\"width\":800,\"height\":600},{\"@type\":\"BreadcrumbList\",\"@id\":\"https:\/\/vosgesinfo.fr\/remiremontinfo\/2020\/11\/saint-etienne-distribution-de-300-masques-aux-ecoliers\/#breadcrumb\",\"itemListElement\":[{\"@type\":\"ListItem\",\"position\":1,\"name\":\"Home\",\"item\":\"https:\/\/vosgesinfo.fr\/remiremontinfo\/\"},{\"@type\":\"ListItem\",\"position\":2,\"name\":\"Saint-\u00c9tienne : Distribution de 300 masques aux \u00e9coliers\"}]},{\"@type\":\"WebSite\",\"@id\":\"https:\/\/vosgesinfo.fr\/remiremontinfo\/#website\",\"url\":\"https:\/\/vosgesinfo.fr\/remiremontinfo\/\",\"name\":\"Remiremont Info\",\"description\":\"Toute l&#039;actualit\u00e9 de Remiremont\",\"publisher\":{\"@id\":\"https:\/\/vosgesinfo.fr\/remiremontinfo\/#organization\"},\"alternateName\":\"Toute l'actualit\u00e9 de Remiremont\",\"potentialAction\":[{\"@type\":\"SearchAction\",\"target\":{\"@type\":\"EntryPoint\",\"urlTemplate\":\"https:\/\/vosgesinfo.fr\/remiremontinfo\/?s={search_term_string}\"},\"query-input\":\"required name=search_term_string\"}],\"inLanguage\":\"fr-FR\"},{\"@type\":\"Organization\",\"@id\":\"https:\/\/vosgesinfo.fr\/remiremontinfo\/#organization\",\"name\":\"Remiremont Info\",\"url\":\"https:\/\/vosgesinfo.fr\/remiremontinfo\/\",\"logo\":{\"@type\":\"ImageObject\",\"inLanguage\":\"fr-FR\",\"@id\":\"https:\/\/vosgesinfo.fr\/remiremontinfo\/#\/schema\/logo\/image\/\",\"url\":\"https:\/\/vosgesinfo.fr\/app\/uploads\/sites\/5\/2023\/08\/favicon-remiremontinfo.png\",\"contentUrl\":\"https:\/\/vosgesinfo.fr\/app\/uploads\/sites\/5\/2023\/08\/favicon-remiremontinfo.png\",\"width\":512,\"height\":512,\"caption\":\"Remiremont Info\"},\"image\":{\"@id\":\"https:\/\/vosgesinfo.fr\/remiremontinfo\/#\/schema\/logo\/image\/\"},\"sameAs\":[\"https:\/\/www.facebook.com\/remiremontinfo\",\"https:\/\/x.com\/VosgesInfo88\",\"https:\/\/www.youtube.com\/@vosgesinfo\"]},{\"@type\":\"Person\",\"@id\":\"https:\/\/vosgesinfo.fr\/remiremontinfo\/#\/schema\/person\/4f57dc393faf2ac8b9f1cab30ad79250\",\"name\":\"Phj\",\"image\":{\"@type\":\"ImageObject\",\"inLanguage\":\"fr-FR\",\"@id\":\"https:\/\/vosgesinfo.fr\/remiremontinfo\/#\/schema\/person\/image\/\",\"url\":\"https:\/\/secure.gravatar.com\/avatar\/ada60265080fb9a89c9809bf0abb1f448a128cb85db1c08905baa5038fbe3cfe?s=96&d=mm&r=g\",\"contentUrl\":\"https:\/\/secure.gravatar.com\/avatar\/ada60265080fb9a89c9809bf0abb1f448a128cb85db1c08905baa5038fbe3cfe?s=96&d=mm&r=g\",\"caption\":\"Phj\"},\"url\":\"https:\/\/vosgesinfo.fr\/remiremontinfo\/author\/phj\/\"}]}<\/script>\n<!-- \/ Yoast SEO plugin. -->","yoast_head_json":{"title":"Saint-\u00c9tienne : Distribution de 300 masques aux \u00e9coliers - Remiremont Info","robots":{"index":"index","follow":"follow","max-snippet":"max-snippet:-1","max-image-preview":"max-image-preview:large","max-video-preview":"max-video-preview:-1"},"canonical":"https:\/\/vosgesinfo.fr\/remiremontinfo\/2020\/11\/saint-etienne-distribution-de-300-masques-aux-ecoliers\/","twitter_card":"summary_large_image","twitter_title":"Saint-\u00c9tienne : Distribution de 300 masques aux \u00e9coliers - Remiremont Info","twitter_description":"Ce jeudi, a eu lieu la distribution des 300 masques \u00e0 destination des \u00e9coliers st\u00e9phanois du CP au CM2. A [&hellip;]","twitter_image":"https:\/\/vosgesinfo.fr\/app\/uploads\/sites\/5\/2024\/09\/202011ma2.jpg","twitter_creator":"@VosgesInfo88","twitter_site":"@VosgesInfo88","twitter_misc":{"\u00c9crit par":"Phj","Dur\u00e9e de lecture estim\u00e9e":"1 minute"},"schema":{"@context":"https:\/\/schema.org","@graph":[{"@type":"Article","@id":"https:\/\/vosgesinfo.fr\/remiremontinfo\/2020\/11\/saint-etienne-distribution-de-300-masques-aux-ecoliers\/#article","isPartOf":{"@id":"https:\/\/vosgesinfo.fr\/remiremontinfo\/2020\/11\/saint-etienne-distribution-de-300-masques-aux-ecoliers\/"},"author":{"name":"Phj","@id":"https:\/\/vosgesinfo.fr\/remiremontinfo\/#\/schema\/person\/4f57dc393faf2ac8b9f1cab30ad79250"},"headline":"Saint-\u00c9tienne : Distribution de 300 masques aux \u00e9coliers","datePublished":"2020-11-06T06:03:40+00:00","dateModified":"2020-11-06T06:03:40+00:00","mainEntityOfPage":{"@id":"https:\/\/vosgesinfo.fr\/remiremontinfo\/2020\/11\/saint-etienne-distribution-de-300-masques-aux-ecoliers\/"},"wordCount":123,"commentCount":0,"publisher":{"@id":"https:\/\/vosgesinfo.fr\/remiremontinfo\/#organization"},"image":{"@id":"https:\/\/vosgesinfo.fr\/remiremontinfo\/2020\/11\/saint-etienne-distribution-de-300-masques-aux-ecoliers\/#primaryimage"},"thumbnailUrl":"https:\/\/vosgesinfo.fr\/app\/uploads\/sites\/5\/2024\/09\/202011ma2.jpg","articleSection":["A la Une","Remiremont &amp; son canton","Saint-Etienne"],"inLanguage":"fr-FR","potentialAction":[{"@type":"CommentAction","name":"Comment","target":["https:\/\/vosgesinfo.fr\/remiremontinfo\/2020\/11\/saint-etienne-distribution-de-300-masques-aux-ecoliers\/#respond"]}]},{"@type":"WebPage","@id":"https:\/\/vosgesinfo.fr\/remiremontinfo\/2020\/11\/saint-etienne-distribution-de-300-masques-aux-ecoliers\/","url":"https:\/\/vosgesinfo.fr\/remiremontinfo\/2020\/11\/saint-etienne-distribution-de-300-masques-aux-ecoliers\/","name":"Saint-\u00c9tienne : Distribution de 300 masques aux \u00e9coliers - Remiremont Info","isPartOf":{"@id":"https:\/\/vosgesinfo.fr\/remiremontinfo\/#website"},"primaryImageOfPage":{"@id":"https:\/\/vosgesinfo.fr\/remiremontinfo\/2020\/11\/saint-etienne-distribution-de-300-masques-aux-ecoliers\/#primaryimage"},"image":{"@id":"https:\/\/vosgesinfo.fr\/remiremontinfo\/2020\/11\/saint-etienne-distribution-de-300-masques-aux-ecoliers\/#primaryimage"},"thumbnailUrl":"https:\/\/vosgesinfo.fr\/app\/uploads\/sites\/5\/2024\/09\/202011ma2.jpg","datePublished":"2020-11-06T06:03:40+00:00","dateModified":"2020-11-06T06:03:40+00:00","breadcrumb":{"@id":"https:\/\/vosgesinfo.fr\/remiremontinfo\/2020\/11\/saint-etienne-distribution-de-300-masques-aux-ecoliers\/#breadcrumb"},"inLanguage":"fr-FR","potentialAction":[{"@type":"ReadAction","target":["https:\/\/vosgesinfo.fr\/remiremontinfo\/2020\/11\/saint-etienne-distribution-de-300-masques-aux-ecoliers\/"]}]},{"@type":"ImageObject","inLanguage":"fr-FR","@id":"https:\/\/vosgesinfo.fr\/remiremontinfo\/2020\/11\/saint-etienne-distribution-de-300-masques-aux-ecoliers\/#primaryimage","url":"https:\/\/vosgesinfo.fr\/app\/uploads\/sites\/5\/2024\/09\/202011ma2.jpg","contentUrl":"https:\/\/vosgesinfo.fr\/app\/uploads\/sites\/5\/2024\/09\/202011ma2.jpg","width":800,"height":600},{"@type":"BreadcrumbList","@id":"https:\/\/vosgesinfo.fr\/remiremontinfo\/2020\/11\/saint-etienne-distribution-de-300-masques-aux-ecoliers\/#breadcrumb","itemListElement":[{"@type":"ListItem","position":1,"name":"Home","item":"https:\/\/vosgesinfo.fr\/remiremontinfo\/"},{"@type":"ListItem","position":2,"name":"Saint-\u00c9tienne : Distribution de 300 masques aux \u00e9coliers"}]},{"@type":"WebSite","@id":"https:\/\/vosgesinfo.fr\/remiremontinfo\/#website","url":"https:\/\/vosgesinfo.fr\/remiremontinfo\/","name":"Remiremont Info","description":"Toute l&#039;actualit\u00e9 de Remiremont","publisher":{"@id":"https:\/\/vosgesinfo.fr\/remiremontinfo\/#organization"},"alternateName":"Toute l'actualit\u00e9 de Remiremont","potentialAction":[{"@type":"SearchAction","target":{"@type":"EntryPoint","urlTemplate":"https:\/\/vosgesinfo.fr\/remiremontinfo\/?s={search_term_string}"},"query-input":"required name=search_term_string"}],"inLanguage":"fr-FR"},{"@type":"Organization","@id":"https:\/\/vosgesinfo.fr\/remiremontinfo\/#organization","name":"Remiremont Info","url":"https:\/\/vosgesinfo.fr\/remiremontinfo\/","logo":{"@type":"ImageObject","inLanguage":"fr-FR","@id":"https:\/\/vosgesinfo.fr\/remiremontinfo\/#\/schema\/logo\/image\/","url":"https:\/\/vosgesinfo.fr\/app\/uploads\/sites\/5\/2023\/08\/favicon-remiremontinfo.png","contentUrl":"https:\/\/vosgesinfo.fr\/app\/uploads\/sites\/5\/2023\/08\/favicon-remiremontinfo.png","width":512,"height":512,"caption":"Remiremont Info"},"image":{"@id":"https:\/\/vosgesinfo.fr\/remiremontinfo\/#\/schema\/logo\/image\/"},"sameAs":["https:\/\/www.facebook.com\/remiremontinfo","https:\/\/x.com\/VosgesInfo88","https:\/\/www.youtube.com\/@vosgesinfo"]},{"@type":"Person","@id":"https:\/\/vosgesinfo.fr\/remiremontinfo\/#\/schema\/person\/4f57dc393faf2ac8b9f1cab30ad79250","name":"Phj","image":{"@type":"ImageObject","inLanguage":"fr-FR","@id":"https:\/\/vosgesinfo.fr\/remiremontinfo\/#\/schema\/person\/image\/","url":"https:\/\/secure.gravatar.com\/avatar\/ada60265080fb9a89c9809bf0abb1f448a128cb85db1c08905baa5038fbe3cfe?s=96&d=mm&r=g","contentUrl":"https:\/\/secure.gravatar.com\/avatar\/ada60265080fb9a89c9809bf0abb1f448a128cb85db1c08905baa5038fbe3cfe?s=96&d=mm&r=g","caption":"Phj"},"url":"https:\/\/vosgesinfo.fr\/remiremontinfo\/author\/phj\/"}]}},"_links":{"self":[{"href":"https:\/\/vosgesinfo.fr\/remiremontinfo\/wp-json\/wp\/v2\/posts\/33526","targetHints":{"allow":["GET"]}}],"collection":[{"href":"https:\/\/vosgesinfo.fr\/remiremontinfo\/wp-json\/wp\/v2\/posts"}],"about":[{"href":"https:\/\/vosgesinfo.fr\/remiremontinfo\/wp-json\/wp\/v2\/types\/post"}],"author":[{"embeddable":true,"href":"https:\/\/vosgesinfo.fr\/remiremontinfo\/wp-json\/wp\/v2\/users\/39"}],"replies":[{"embeddable":true,"href":"https:\/\/vosgesinfo.fr\/remiremontinfo\/wp-json\/wp\/v2\/comments?post=33526"}],"version-history":[{"count":0,"href":"https:\/\/vosgesinfo.fr\/remiremontinfo\/wp-json\/wp\/v2\/posts\/33526\/revisions"}],"wp:featuredmedia":[{"embeddable":true,"href":"https:\/\/vosgesinfo.fr\/remiremontinfo\/wp-json\/wp\/v2\/media\/33527"}],"wp:attachment":[{"href":"https:\/\/vosgesinfo.fr\/remiremontinfo\/wp-json\/wp\/v2\/media?parent=33526"}],"wp:term":[{"taxonomy":"category","embeddable":true,"href":"https:\/\/vosgesinfo.fr\/remiremontinfo\/wp-json\/wp\/v2\/categories?post=33526"},{"taxonomy":"post_tag","embeddable":true,"href":"https:\/\/vosgesinfo.fr\/remiremontinfo\/wp-json\/wp\/v2\/tags?post=33526"}],"curies":[{"name":"wp","href":"https:\/\/api.w.org\/{rel}","templated":true}]}}