{"id":33548,"date":"2020-11-06T15:04:30","date_gmt":"2020-11-06T14:04:30","guid":{"rendered":"https:\/\/vosgesinfo.fr\/remiremontinfo\/2020\/11\/covid-19-lits-occupes-jour-soins-critiques-groupement-hospitalier-vosges\/"},"modified":"2020-11-06T15:04:30","modified_gmt":"2020-11-06T14:04:30","slug":"covid-19-lits-occupes-jour-soins-critiques-groupement-hospitalier-vosges","status":"publish","type":"post","link":"https:\/\/vosgesinfo.fr\/remiremontinfo\/2020\/11\/covid-19-lits-occupes-jour-soins-critiques-groupement-hospitalier-vosges\/","title":{"rendered":"Covid 19 \u2013 Les lits occup\u00e9s ce jour en soins critiques sur le Groupement Hospitalier des Vosges"},"content":{"rendered":"<div id=\"attachment_300801\" style=\"width: 650px\" class=\"wp-caption aligncenter\"><a href=\"https:\/\/remiremontinfo.fr\/2020\/11\/covid-19-lits-occupes-jour-soins-critiques-groupement-hospitalier-vosges\/eqrea\/\" rel=\"attachment wp-att-300801\"><img decoding=\"async\" aria-describedby=\"caption-attachment-300801\" class=\"wp-image-300801 size-full\" src=\"\/2020\/11\/eqrea.jpg\" alt=\"eqrea\" width=\"640\" height=\"480\" \/><\/a><p id=\"caption-attachment-300801\" class=\"wp-caption-text\"><strong>L&rsquo;\u00e9quipe de r\u00e9a de l\u2019h\u00f4pital d\u2019\u00c9pinal (photo Facebook)<\/strong><\/p><\/div>\n<p>Les chiffres du jour des hospitalisations, en soins critique et en m\u00e9decine sur le Groupement Hospitalier des Vosges.<\/p>\n<p>Lits occup\u00e9s ce jour <strong>en soins critiques<\/strong>\u00a0 : 29\/35 lits install\u00e9s, soit un taux d&rsquo;occupation de 82,85 %.<\/p>\n<ul>\n<li>dont le CH d&rsquo;Epinal (REANIMATION) : 9 lits occup\u00e9s\/12 lits install\u00e9s (9 COVID dont 9 intub\u00e9s)<\/li>\n<li>dont le CHOV (USC) : 6 lits occup\u00e9s\/9 lits install\u00e9s ( 3 COVID\u00a0 dont 0 intub\u00e9)<\/li>\n<li>dont le CH de Remiremont (USC) :\u00a0 6 lits occup\u00e9s\/6 lits install\u00e9s ( 4 COVID)<\/li>\n<li>dont le CH de Saint Di\u00e9 (USC) : 8 lits occup\u00e9s\/8 lits install\u00e9s (1 COVID)<\/li>\n<\/ul>\n<p>Nombre de patients COVID-19 confirm\u00e9s pris en charge <strong>en soins critiques<\/strong> : 17 (9 au CHED, 3 CHOV, 4 CH Remiremont, 1 CH Saint Di\u00e9).<\/p>\n<p>Nombre de patients COVID-19 confirm\u00e9s pris en charge <strong>dans les lits de M\u00e9decine d\u00e9di\u00e9s COVID<\/strong> GHT8 :\u00a0 61 dont 24 au CH Epinal, 12 au CHOV,\u00a0 15 au CH Remiremont, 10 au CH de Saint di\u00e9.<\/p>\n","protected":false},"excerpt":{"rendered":"<p>Les chiffres du jour des hospitalisations, en soins critique et en m\u00e9decine sur le Groupement Hospitalier des Vosges. Lits occup\u00e9s [&hellip;]<\/p>\n","protected":false},"author":391,"featured_media":33549,"comment_status":"open","ping_status":"open","sticky":false,"template":"","format":"standard","meta":{"footnotes":""},"categories":[26,18],"tags":[],"class_list":["post-33548","post","type-post","status-publish","format-standard","has-post-thumbnail","hentry","category-a-la-une","category-vosges"],"acf":[],"yoast_head":"<!-- This site is optimized with the Yoast SEO plugin v22.5 - https:\/\/yoast.com\/wordpress\/plugins\/seo\/ -->\n<title>Covid 19 \u2013 Les lits occup\u00e9s ce jour en soins critiques sur le Groupement Hospitalier des Vosges - Remiremont Info<\/title>\n<meta name=\"robots\" content=\"index, follow, max-snippet:-1, max-image-preview:large, max-video-preview:-1\" \/>\n<link rel=\"canonical\" href=\"https:\/\/vosgesinfo.fr\/remiremontinfo\/2020\/11\/covid-19-lits-occupes-jour-soins-critiques-groupement-hospitalier-vosges\/\" \/>\n<meta name=\"twitter:card\" content=\"summary_large_image\" \/>\n<meta name=\"twitter:title\" content=\"Covid 19 \u2013 Les lits occup\u00e9s ce jour en soins critiques sur le Groupement Hospitalier des Vosges - Remiremont Info\" \/>\n<meta name=\"twitter:description\" content=\"Les chiffres du jour des hospitalisations, en soins critique et en m\u00e9decine sur le Groupement Hospitalier des Vosges. Lits occup\u00e9s [&hellip;]\" \/>\n<meta name=\"twitter:image\" content=\"https:\/\/vosgesinfo.fr\/app\/uploads\/sites\/5\/2024\/09\/202011eqrea.jpg\" \/>\n<meta name=\"twitter:creator\" content=\"@VosgesInfo88\" \/>\n<meta name=\"twitter:site\" content=\"@VosgesInfo88\" \/>\n<meta name=\"twitter:label1\" content=\"\u00c9crit par\" \/>\n\t<meta name=\"twitter:data1\" content=\"La redaction\" \/>\n\t<meta name=\"twitter:label2\" content=\"Dur\u00e9e de lecture estim\u00e9e\" \/>\n\t<meta name=\"twitter:data2\" content=\"1 minute\" \/>\n<script type=\"application\/ld+json\" class=\"yoast-schema-graph\">{\"@context\":\"https:\/\/schema.org\",\"@graph\":[{\"@type\":\"Article\",\"@id\":\"https:\/\/vosgesinfo.fr\/remiremontinfo\/2020\/11\/covid-19-lits-occupes-jour-soins-critiques-groupement-hospitalier-vosges\/#article\",\"isPartOf\":{\"@id\":\"https:\/\/vosgesinfo.fr\/remiremontinfo\/2020\/11\/covid-19-lits-occupes-jour-soins-critiques-groupement-hospitalier-vosges\/\"},\"author\":{\"name\":\"La redaction\",\"@id\":\"https:\/\/vosgesinfo.fr\/remiremontinfo\/#\/schema\/person\/27a3695b06db98895b354c0765cdfc31\"},\"headline\":\"Covid 19 \u2013 Les lits occup\u00e9s ce jour en soins critiques sur le Groupement Hospitalier des Vosges\",\"datePublished\":\"2020-11-06T14:04:30+00:00\",\"dateModified\":\"2020-11-06T14:04:30+00:00\",\"mainEntityOfPage\":{\"@id\":\"https:\/\/vosgesinfo.fr\/remiremontinfo\/2020\/11\/covid-19-lits-occupes-jour-soins-critiques-groupement-hospitalier-vosges\/\"},\"wordCount\":182,\"commentCount\":0,\"publisher\":{\"@id\":\"https:\/\/vosgesinfo.fr\/remiremontinfo\/#organization\"},\"image\":{\"@id\":\"https:\/\/vosgesinfo.fr\/remiremontinfo\/2020\/11\/covid-19-lits-occupes-jour-soins-critiques-groupement-hospitalier-vosges\/#primaryimage\"},\"thumbnailUrl\":\"https:\/\/vosgesinfo.fr\/app\/uploads\/sites\/5\/2024\/09\/202011eqrea.jpg\",\"articleSection\":[\"A la Une\",\"Vosges\"],\"inLanguage\":\"fr-FR\",\"potentialAction\":[{\"@type\":\"CommentAction\",\"name\":\"Comment\",\"target\":[\"https:\/\/vosgesinfo.fr\/remiremontinfo\/2020\/11\/covid-19-lits-occupes-jour-soins-critiques-groupement-hospitalier-vosges\/#respond\"]}]},{\"@type\":\"WebPage\",\"@id\":\"https:\/\/vosgesinfo.fr\/remiremontinfo\/2020\/11\/covid-19-lits-occupes-jour-soins-critiques-groupement-hospitalier-vosges\/\",\"url\":\"https:\/\/vosgesinfo.fr\/remiremontinfo\/2020\/11\/covid-19-lits-occupes-jour-soins-critiques-groupement-hospitalier-vosges\/\",\"name\":\"Covid 19 \u2013 Les lits occup\u00e9s ce jour en soins critiques sur le Groupement Hospitalier des Vosges - Remiremont Info\",\"isPartOf\":{\"@id\":\"https:\/\/vosgesinfo.fr\/remiremontinfo\/#website\"},\"primaryImageOfPage\":{\"@id\":\"https:\/\/vosgesinfo.fr\/remiremontinfo\/2020\/11\/covid-19-lits-occupes-jour-soins-critiques-groupement-hospitalier-vosges\/#primaryimage\"},\"image\":{\"@id\":\"https:\/\/vosgesinfo.fr\/remiremontinfo\/2020\/11\/covid-19-lits-occupes-jour-soins-critiques-groupement-hospitalier-vosges\/#primaryimage\"},\"thumbnailUrl\":\"https:\/\/vosgesinfo.fr\/app\/uploads\/sites\/5\/2024\/09\/202011eqrea.jpg\",\"datePublished\":\"2020-11-06T14:04:30+00:00\",\"dateModified\":\"2020-11-06T14:04:30+00:00\",\"breadcrumb\":{\"@id\":\"https:\/\/vosgesinfo.fr\/remiremontinfo\/2020\/11\/covid-19-lits-occupes-jour-soins-critiques-groupement-hospitalier-vosges\/#breadcrumb\"},\"inLanguage\":\"fr-FR\",\"potentialAction\":[{\"@type\":\"ReadAction\",\"target\":[\"https:\/\/vosgesinfo.fr\/remiremontinfo\/2020\/11\/covid-19-lits-occupes-jour-soins-critiques-groupement-hospitalier-vosges\/\"]}]},{\"@type\":\"ImageObject\",\"inLanguage\":\"fr-FR\",\"@id\":\"https:\/\/vosgesinfo.fr\/remiremontinfo\/2020\/11\/covid-19-lits-occupes-jour-soins-critiques-groupement-hospitalier-vosges\/#primaryimage\",\"url\":\"https:\/\/vosgesinfo.fr\/app\/uploads\/sites\/5\/2024\/09\/202011eqrea.jpg\",\"contentUrl\":\"https:\/\/vosgesinfo.fr\/app\/uploads\/sites\/5\/2024\/09\/202011eqrea.jpg\",\"width\":640,\"height\":480},{\"@type\":\"BreadcrumbList\",\"@id\":\"https:\/\/vosgesinfo.fr\/remiremontinfo\/2020\/11\/covid-19-lits-occupes-jour-soins-critiques-groupement-hospitalier-vosges\/#breadcrumb\",\"itemListElement\":[{\"@type\":\"ListItem\",\"position\":1,\"name\":\"Home\",\"item\":\"https:\/\/vosgesinfo.fr\/remiremontinfo\/\"},{\"@type\":\"ListItem\",\"position\":2,\"name\":\"Covid 19 \u2013 Les lits occup\u00e9s ce jour en soins critiques sur le Groupement Hospitalier des Vosges\"}]},{\"@type\":\"WebSite\",\"@id\":\"https:\/\/vosgesinfo.fr\/remiremontinfo\/#website\",\"url\":\"https:\/\/vosgesinfo.fr\/remiremontinfo\/\",\"name\":\"Remiremont Info\",\"description\":\"Toute l&#039;actualit\u00e9 de Remiremont\",\"publisher\":{\"@id\":\"https:\/\/vosgesinfo.fr\/remiremontinfo\/#organization\"},\"alternateName\":\"Toute l'actualit\u00e9 de Remiremont\",\"potentialAction\":[{\"@type\":\"SearchAction\",\"target\":{\"@type\":\"EntryPoint\",\"urlTemplate\":\"https:\/\/vosgesinfo.fr\/remiremontinfo\/?s={search_term_string}\"},\"query-input\":\"required name=search_term_string\"}],\"inLanguage\":\"fr-FR\"},{\"@type\":\"Organization\",\"@id\":\"https:\/\/vosgesinfo.fr\/remiremontinfo\/#organization\",\"name\":\"Remiremont Info\",\"url\":\"https:\/\/vosgesinfo.fr\/remiremontinfo\/\",\"logo\":{\"@type\":\"ImageObject\",\"inLanguage\":\"fr-FR\",\"@id\":\"https:\/\/vosgesinfo.fr\/remiremontinfo\/#\/schema\/logo\/image\/\",\"url\":\"https:\/\/vosgesinfo.fr\/app\/uploads\/sites\/5\/2023\/08\/favicon-remiremontinfo.png\",\"contentUrl\":\"https:\/\/vosgesinfo.fr\/app\/uploads\/sites\/5\/2023\/08\/favicon-remiremontinfo.png\",\"width\":512,\"height\":512,\"caption\":\"Remiremont Info\"},\"image\":{\"@id\":\"https:\/\/vosgesinfo.fr\/remiremontinfo\/#\/schema\/logo\/image\/\"},\"sameAs\":[\"https:\/\/www.facebook.com\/remiremontinfo\",\"https:\/\/x.com\/VosgesInfo88\",\"https:\/\/www.youtube.com\/@vosgesinfo\"]},{\"@type\":\"Person\",\"@id\":\"https:\/\/vosgesinfo.fr\/remiremontinfo\/#\/schema\/person\/27a3695b06db98895b354c0765cdfc31\",\"name\":\"La redaction\",\"image\":{\"@type\":\"ImageObject\",\"inLanguage\":\"fr-FR\",\"@id\":\"https:\/\/vosgesinfo.fr\/remiremontinfo\/#\/schema\/person\/image\/\",\"url\":\"https:\/\/secure.gravatar.com\/avatar\/64c76a78e501cedee55736f43f332df901e1896ae9cd8fad269ae2236dd0e8b6?s=96&d=mm&r=g\",\"contentUrl\":\"https:\/\/secure.gravatar.com\/avatar\/64c76a78e501cedee55736f43f332df901e1896ae9cd8fad269ae2236dd0e8b6?s=96&d=mm&r=g\",\"caption\":\"La redaction\"},\"url\":\"https:\/\/vosgesinfo.fr\/remiremontinfo\/author\/la-redaction\/\"}]}<\/script>\n<!-- \/ Yoast SEO plugin. -->","yoast_head_json":{"title":"Covid 19 \u2013 Les lits occup\u00e9s ce jour en soins critiques sur le Groupement Hospitalier des Vosges - Remiremont Info","robots":{"index":"index","follow":"follow","max-snippet":"max-snippet:-1","max-image-preview":"max-image-preview:large","max-video-preview":"max-video-preview:-1"},"canonical":"https:\/\/vosgesinfo.fr\/remiremontinfo\/2020\/11\/covid-19-lits-occupes-jour-soins-critiques-groupement-hospitalier-vosges\/","twitter_card":"summary_large_image","twitter_title":"Covid 19 \u2013 Les lits occup\u00e9s ce jour en soins critiques sur le Groupement Hospitalier des Vosges - Remiremont Info","twitter_description":"Les chiffres du jour des hospitalisations, en soins critique et en m\u00e9decine sur le Groupement Hospitalier des Vosges. Lits occup\u00e9s [&hellip;]","twitter_image":"https:\/\/vosgesinfo.fr\/app\/uploads\/sites\/5\/2024\/09\/202011eqrea.jpg","twitter_creator":"@VosgesInfo88","twitter_site":"@VosgesInfo88","twitter_misc":{"\u00c9crit par":"La redaction","Dur\u00e9e de lecture estim\u00e9e":"1 minute"},"schema":{"@context":"https:\/\/schema.org","@graph":[{"@type":"Article","@id":"https:\/\/vosgesinfo.fr\/remiremontinfo\/2020\/11\/covid-19-lits-occupes-jour-soins-critiques-groupement-hospitalier-vosges\/#article","isPartOf":{"@id":"https:\/\/vosgesinfo.fr\/remiremontinfo\/2020\/11\/covid-19-lits-occupes-jour-soins-critiques-groupement-hospitalier-vosges\/"},"author":{"name":"La redaction","@id":"https:\/\/vosgesinfo.fr\/remiremontinfo\/#\/schema\/person\/27a3695b06db98895b354c0765cdfc31"},"headline":"Covid 19 \u2013 Les lits occup\u00e9s ce jour en soins critiques sur le Groupement Hospitalier des Vosges","datePublished":"2020-11-06T14:04:30+00:00","dateModified":"2020-11-06T14:04:30+00:00","mainEntityOfPage":{"@id":"https:\/\/vosgesinfo.fr\/remiremontinfo\/2020\/11\/covid-19-lits-occupes-jour-soins-critiques-groupement-hospitalier-vosges\/"},"wordCount":182,"commentCount":0,"publisher":{"@id":"https:\/\/vosgesinfo.fr\/remiremontinfo\/#organization"},"image":{"@id":"https:\/\/vosgesinfo.fr\/remiremontinfo\/2020\/11\/covid-19-lits-occupes-jour-soins-critiques-groupement-hospitalier-vosges\/#primaryimage"},"thumbnailUrl":"https:\/\/vosgesinfo.fr\/app\/uploads\/sites\/5\/2024\/09\/202011eqrea.jpg","articleSection":["A la Une","Vosges"],"inLanguage":"fr-FR","potentialAction":[{"@type":"CommentAction","name":"Comment","target":["https:\/\/vosgesinfo.fr\/remiremontinfo\/2020\/11\/covid-19-lits-occupes-jour-soins-critiques-groupement-hospitalier-vosges\/#respond"]}]},{"@type":"WebPage","@id":"https:\/\/vosgesinfo.fr\/remiremontinfo\/2020\/11\/covid-19-lits-occupes-jour-soins-critiques-groupement-hospitalier-vosges\/","url":"https:\/\/vosgesinfo.fr\/remiremontinfo\/2020\/11\/covid-19-lits-occupes-jour-soins-critiques-groupement-hospitalier-vosges\/","name":"Covid 19 \u2013 Les lits occup\u00e9s ce jour en soins critiques sur le Groupement Hospitalier des Vosges - Remiremont Info","isPartOf":{"@id":"https:\/\/vosgesinfo.fr\/remiremontinfo\/#website"},"primaryImageOfPage":{"@id":"https:\/\/vosgesinfo.fr\/remiremontinfo\/2020\/11\/covid-19-lits-occupes-jour-soins-critiques-groupement-hospitalier-vosges\/#primaryimage"},"image":{"@id":"https:\/\/vosgesinfo.fr\/remiremontinfo\/2020\/11\/covid-19-lits-occupes-jour-soins-critiques-groupement-hospitalier-vosges\/#primaryimage"},"thumbnailUrl":"https:\/\/vosgesinfo.fr\/app\/uploads\/sites\/5\/2024\/09\/202011eqrea.jpg","datePublished":"2020-11-06T14:04:30+00:00","dateModified":"2020-11-06T14:04:30+00:00","breadcrumb":{"@id":"https:\/\/vosgesinfo.fr\/remiremontinfo\/2020\/11\/covid-19-lits-occupes-jour-soins-critiques-groupement-hospitalier-vosges\/#breadcrumb"},"inLanguage":"fr-FR","potentialAction":[{"@type":"ReadAction","target":["https:\/\/vosgesinfo.fr\/remiremontinfo\/2020\/11\/covid-19-lits-occupes-jour-soins-critiques-groupement-hospitalier-vosges\/"]}]},{"@type":"ImageObject","inLanguage":"fr-FR","@id":"https:\/\/vosgesinfo.fr\/remiremontinfo\/2020\/11\/covid-19-lits-occupes-jour-soins-critiques-groupement-hospitalier-vosges\/#primaryimage","url":"https:\/\/vosgesinfo.fr\/app\/uploads\/sites\/5\/2024\/09\/202011eqrea.jpg","contentUrl":"https:\/\/vosgesinfo.fr\/app\/uploads\/sites\/5\/2024\/09\/202011eqrea.jpg","width":640,"height":480},{"@type":"BreadcrumbList","@id":"https:\/\/vosgesinfo.fr\/remiremontinfo\/2020\/11\/covid-19-lits-occupes-jour-soins-critiques-groupement-hospitalier-vosges\/#breadcrumb","itemListElement":[{"@type":"ListItem","position":1,"name":"Home","item":"https:\/\/vosgesinfo.fr\/remiremontinfo\/"},{"@type":"ListItem","position":2,"name":"Covid 19 \u2013 Les lits occup\u00e9s ce jour en soins critiques sur le Groupement Hospitalier des Vosges"}]},{"@type":"WebSite","@id":"https:\/\/vosgesinfo.fr\/remiremontinfo\/#website","url":"https:\/\/vosgesinfo.fr\/remiremontinfo\/","name":"Remiremont Info","description":"Toute l&#039;actualit\u00e9 de Remiremont","publisher":{"@id":"https:\/\/vosgesinfo.fr\/remiremontinfo\/#organization"},"alternateName":"Toute l'actualit\u00e9 de Remiremont","potentialAction":[{"@type":"SearchAction","target":{"@type":"EntryPoint","urlTemplate":"https:\/\/vosgesinfo.fr\/remiremontinfo\/?s={search_term_string}"},"query-input":"required name=search_term_string"}],"inLanguage":"fr-FR"},{"@type":"Organization","@id":"https:\/\/vosgesinfo.fr\/remiremontinfo\/#organization","name":"Remiremont Info","url":"https:\/\/vosgesinfo.fr\/remiremontinfo\/","logo":{"@type":"ImageObject","inLanguage":"fr-FR","@id":"https:\/\/vosgesinfo.fr\/remiremontinfo\/#\/schema\/logo\/image\/","url":"https:\/\/vosgesinfo.fr\/app\/uploads\/sites\/5\/2023\/08\/favicon-remiremontinfo.png","contentUrl":"https:\/\/vosgesinfo.fr\/app\/uploads\/sites\/5\/2023\/08\/favicon-remiremontinfo.png","width":512,"height":512,"caption":"Remiremont Info"},"image":{"@id":"https:\/\/vosgesinfo.fr\/remiremontinfo\/#\/schema\/logo\/image\/"},"sameAs":["https:\/\/www.facebook.com\/remiremontinfo","https:\/\/x.com\/VosgesInfo88","https:\/\/www.youtube.com\/@vosgesinfo"]},{"@type":"Person","@id":"https:\/\/vosgesinfo.fr\/remiremontinfo\/#\/schema\/person\/27a3695b06db98895b354c0765cdfc31","name":"La redaction","image":{"@type":"ImageObject","inLanguage":"fr-FR","@id":"https:\/\/vosgesinfo.fr\/remiremontinfo\/#\/schema\/person\/image\/","url":"https:\/\/secure.gravatar.com\/avatar\/64c76a78e501cedee55736f43f332df901e1896ae9cd8fad269ae2236dd0e8b6?s=96&d=mm&r=g","contentUrl":"https:\/\/secure.gravatar.com\/avatar\/64c76a78e501cedee55736f43f332df901e1896ae9cd8fad269ae2236dd0e8b6?s=96&d=mm&r=g","caption":"La redaction"},"url":"https:\/\/vosgesinfo.fr\/remiremontinfo\/author\/la-redaction\/"}]}},"_links":{"self":[{"href":"https:\/\/vosgesinfo.fr\/remiremontinfo\/wp-json\/wp\/v2\/posts\/33548","targetHints":{"allow":["GET"]}}],"collection":[{"href":"https:\/\/vosgesinfo.fr\/remiremontinfo\/wp-json\/wp\/v2\/posts"}],"about":[{"href":"https:\/\/vosgesinfo.fr\/remiremontinfo\/wp-json\/wp\/v2\/types\/post"}],"author":[{"embeddable":true,"href":"https:\/\/vosgesinfo.fr\/remiremontinfo\/wp-json\/wp\/v2\/users\/391"}],"replies":[{"embeddable":true,"href":"https:\/\/vosgesinfo.fr\/remiremontinfo\/wp-json\/wp\/v2\/comments?post=33548"}],"version-history":[{"count":0,"href":"https:\/\/vosgesinfo.fr\/remiremontinfo\/wp-json\/wp\/v2\/posts\/33548\/revisions"}],"wp:featuredmedia":[{"embeddable":true,"href":"https:\/\/vosgesinfo.fr\/remiremontinfo\/wp-json\/wp\/v2\/media\/33549"}],"wp:attachment":[{"href":"https:\/\/vosgesinfo.fr\/remiremontinfo\/wp-json\/wp\/v2\/media?parent=33548"}],"wp:term":[{"taxonomy":"category","embeddable":true,"href":"https:\/\/vosgesinfo.fr\/remiremontinfo\/wp-json\/wp\/v2\/categories?post=33548"},{"taxonomy":"post_tag","embeddable":true,"href":"https:\/\/vosgesinfo.fr\/remiremontinfo\/wp-json\/wp\/v2\/tags?post=33548"}],"curies":[{"name":"wp","href":"https:\/\/api.w.org\/{rel}","templated":true}]}}