{"id":33583,"date":"2020-11-09T06:54:51","date_gmt":"2020-11-09T05:54:51","guid":{"rendered":"https:\/\/vosgesinfo.fr\/remiremontinfo\/2020\/11\/lydie-barbaux-devient-premiere-vice-presidente-de-lassociation-maires-ruraux-vosges\/"},"modified":"2020-11-09T06:54:51","modified_gmt":"2020-11-09T05:54:51","slug":"lydie-barbaux-devient-premiere-vice-presidente-de-lassociation-maires-ruraux-vosges","status":"publish","type":"post","link":"https:\/\/vosgesinfo.fr\/remiremontinfo\/2020\/11\/lydie-barbaux-devient-premiere-vice-presidente-de-lassociation-maires-ruraux-vosges\/","title":{"rendered":"Lydie Barbaux devient premi\u00e8re vice-pr\u00e9sidente de l&rsquo;association des maires ruraux des Vosges"},"content":{"rendered":"<p style=\"text-align: center;\"><a href=\"\/2020\/11\/123750094_642101053152198_1318137305806338879_o.jpg\"><img decoding=\"async\" class=\"alignnone size-full wp-image-300898\" src=\"\/2020\/11\/123750094_642101053152198_1318137305806338879_o.jpg\" alt=\"123750094_642101053152198_1318137305806338879_o\" width=\"800\" height=\"600\" \/><\/a><\/p>\n<p><span style=\"font-size: 10pt;\"><em>Photo de AMR88<\/em><\/span><\/p>\n<h2><span style=\"font-size: 12pt;\"><strong>Le nouveau bureau de l\u2019Association des Maires Ruraux des Vosges a \u00e9t\u00e9 install\u00e9 le 4 novembre dernier, \u00e0 Fomerey. Les membres ont \u00e9t\u00e9 \u00e9lus par le conseil d&rsquo;administration \u00e0 l&rsquo;unanimit\u00e9.<\/strong><\/span><\/h2>\n<p>L\u2019association, pr\u00e9sid\u00e9e par Michel Fournier, s\u2019est dot\u00e9e de 4 vice pr\u00e9sidents\u00a0: Lydie Barbaux, Pascal Parmentelat , Christelle Paillard et Michel Lallemand. Les fonctions de tr\u00e9sorier et tr\u00e9sorier adjoint seront assur\u00e9es par Nicolas Humbert et Patrick Vilmar. Joris Huriot et Myriam Mathey rempliront les missions de secr\u00e9taire et secr\u00e9taire adjointe.<\/p>\n","protected":false},"excerpt":{"rendered":"<p>Photo de AMR88 Le nouveau bureau de l\u2019Association des Maires Ruraux des Vosges a \u00e9t\u00e9 install\u00e9 le 4 novembre dernier, [&hellip;]<\/p>\n","protected":false},"author":407,"featured_media":33584,"comment_status":"open","ping_status":"open","sticky":false,"template":"","format":"standard","meta":{"footnotes":""},"categories":[26,10,18],"tags":[],"class_list":["post-33583","post","type-post","status-publish","format-standard","has-post-thumbnail","hentry","category-a-la-une","category-politique","category-vosges"],"acf":[],"yoast_head":"<!-- This site is optimized with the Yoast SEO plugin v22.5 - https:\/\/yoast.com\/wordpress\/plugins\/seo\/ -->\n<title>Lydie Barbaux devient premi\u00e8re vice-pr\u00e9sidente de l&#039;association des maires ruraux des Vosges - Remiremont Info<\/title>\n<meta name=\"robots\" content=\"index, follow, max-snippet:-1, max-image-preview:large, max-video-preview:-1\" \/>\n<link rel=\"canonical\" href=\"https:\/\/vosgesinfo.fr\/remiremontinfo\/2020\/11\/lydie-barbaux-devient-premiere-vice-presidente-de-lassociation-maires-ruraux-vosges\/\" \/>\n<meta name=\"twitter:card\" content=\"summary_large_image\" \/>\n<meta name=\"twitter:title\" content=\"Lydie Barbaux devient premi\u00e8re vice-pr\u00e9sidente de l&#039;association des maires ruraux des Vosges - Remiremont Info\" \/>\n<meta name=\"twitter:description\" content=\"Photo de AMR88 Le nouveau bureau de l\u2019Association des Maires Ruraux des Vosges a \u00e9t\u00e9 install\u00e9 le 4 novembre dernier, [&hellip;]\" \/>\n<meta name=\"twitter:image\" content=\"https:\/\/vosgesinfo.fr\/app\/uploads\/sites\/5\/2024\/09\/202011123750094-642101053152198-1318137305806338879-o1.jpg\" \/>\n<meta name=\"twitter:creator\" content=\"@VosgesInfo88\" \/>\n<meta name=\"twitter:site\" content=\"@VosgesInfo88\" \/>\n<meta name=\"twitter:label1\" content=\"\u00c9crit par\" \/>\n\t<meta name=\"twitter:data1\" content=\"C D\" \/>\n<script type=\"application\/ld+json\" class=\"yoast-schema-graph\">{\"@context\":\"https:\/\/schema.org\",\"@graph\":[{\"@type\":\"Article\",\"@id\":\"https:\/\/vosgesinfo.fr\/remiremontinfo\/2020\/11\/lydie-barbaux-devient-premiere-vice-presidente-de-lassociation-maires-ruraux-vosges\/#article\",\"isPartOf\":{\"@id\":\"https:\/\/vosgesinfo.fr\/remiremontinfo\/2020\/11\/lydie-barbaux-devient-premiere-vice-presidente-de-lassociation-maires-ruraux-vosges\/\"},\"author\":{\"name\":\"C D\",\"@id\":\"https:\/\/vosgesinfo.fr\/remiremontinfo\/#\/schema\/person\/3bfd164d5218a185b1db68655a265316\"},\"headline\":\"Lydie Barbaux devient premi\u00e8re vice-pr\u00e9sidente de l&rsquo;association des maires ruraux des Vosges\",\"datePublished\":\"2020-11-09T05:54:51+00:00\",\"dateModified\":\"2020-11-09T05:54:51+00:00\",\"mainEntityOfPage\":{\"@id\":\"https:\/\/vosgesinfo.fr\/remiremontinfo\/2020\/11\/lydie-barbaux-devient-premiere-vice-presidente-de-lassociation-maires-ruraux-vosges\/\"},\"wordCount\":106,\"commentCount\":0,\"publisher\":{\"@id\":\"https:\/\/vosgesinfo.fr\/remiremontinfo\/#organization\"},\"image\":{\"@id\":\"https:\/\/vosgesinfo.fr\/remiremontinfo\/2020\/11\/lydie-barbaux-devient-premiere-vice-presidente-de-lassociation-maires-ruraux-vosges\/#primaryimage\"},\"thumbnailUrl\":\"https:\/\/vosgesinfo.fr\/app\/uploads\/sites\/5\/2024\/09\/202011123750094-642101053152198-1318137305806338879-o1.jpg\",\"articleSection\":[\"A la Une\",\"Politique\",\"Vosges\"],\"inLanguage\":\"fr-FR\",\"potentialAction\":[{\"@type\":\"CommentAction\",\"name\":\"Comment\",\"target\":[\"https:\/\/vosgesinfo.fr\/remiremontinfo\/2020\/11\/lydie-barbaux-devient-premiere-vice-presidente-de-lassociation-maires-ruraux-vosges\/#respond\"]}]},{\"@type\":\"WebPage\",\"@id\":\"https:\/\/vosgesinfo.fr\/remiremontinfo\/2020\/11\/lydie-barbaux-devient-premiere-vice-presidente-de-lassociation-maires-ruraux-vosges\/\",\"url\":\"https:\/\/vosgesinfo.fr\/remiremontinfo\/2020\/11\/lydie-barbaux-devient-premiere-vice-presidente-de-lassociation-maires-ruraux-vosges\/\",\"name\":\"Lydie Barbaux devient premi\u00e8re vice-pr\u00e9sidente de l'association des maires ruraux des Vosges - Remiremont Info\",\"isPartOf\":{\"@id\":\"https:\/\/vosgesinfo.fr\/remiremontinfo\/#website\"},\"primaryImageOfPage\":{\"@id\":\"https:\/\/vosgesinfo.fr\/remiremontinfo\/2020\/11\/lydie-barbaux-devient-premiere-vice-presidente-de-lassociation-maires-ruraux-vosges\/#primaryimage\"},\"image\":{\"@id\":\"https:\/\/vosgesinfo.fr\/remiremontinfo\/2020\/11\/lydie-barbaux-devient-premiere-vice-presidente-de-lassociation-maires-ruraux-vosges\/#primaryimage\"},\"thumbnailUrl\":\"https:\/\/vosgesinfo.fr\/app\/uploads\/sites\/5\/2024\/09\/202011123750094-642101053152198-1318137305806338879-o1.jpg\",\"datePublished\":\"2020-11-09T05:54:51+00:00\",\"dateModified\":\"2020-11-09T05:54:51+00:00\",\"breadcrumb\":{\"@id\":\"https:\/\/vosgesinfo.fr\/remiremontinfo\/2020\/11\/lydie-barbaux-devient-premiere-vice-presidente-de-lassociation-maires-ruraux-vosges\/#breadcrumb\"},\"inLanguage\":\"fr-FR\",\"potentialAction\":[{\"@type\":\"ReadAction\",\"target\":[\"https:\/\/vosgesinfo.fr\/remiremontinfo\/2020\/11\/lydie-barbaux-devient-premiere-vice-presidente-de-lassociation-maires-ruraux-vosges\/\"]}]},{\"@type\":\"ImageObject\",\"inLanguage\":\"fr-FR\",\"@id\":\"https:\/\/vosgesinfo.fr\/remiremontinfo\/2020\/11\/lydie-barbaux-devient-premiere-vice-presidente-de-lassociation-maires-ruraux-vosges\/#primaryimage\",\"url\":\"https:\/\/vosgesinfo.fr\/app\/uploads\/sites\/5\/2024\/09\/202011123750094-642101053152198-1318137305806338879-o1.jpg\",\"contentUrl\":\"https:\/\/vosgesinfo.fr\/app\/uploads\/sites\/5\/2024\/09\/202011123750094-642101053152198-1318137305806338879-o1.jpg\",\"width\":800,\"height\":600},{\"@type\":\"BreadcrumbList\",\"@id\":\"https:\/\/vosgesinfo.fr\/remiremontinfo\/2020\/11\/lydie-barbaux-devient-premiere-vice-presidente-de-lassociation-maires-ruraux-vosges\/#breadcrumb\",\"itemListElement\":[{\"@type\":\"ListItem\",\"position\":1,\"name\":\"Home\",\"item\":\"https:\/\/vosgesinfo.fr\/remiremontinfo\/\"},{\"@type\":\"ListItem\",\"position\":2,\"name\":\"Lydie Barbaux devient premi\u00e8re vice-pr\u00e9sidente de l&rsquo;association des maires ruraux des Vosges\"}]},{\"@type\":\"WebSite\",\"@id\":\"https:\/\/vosgesinfo.fr\/remiremontinfo\/#website\",\"url\":\"https:\/\/vosgesinfo.fr\/remiremontinfo\/\",\"name\":\"Remiremont Info\",\"description\":\"Toute l&#039;actualit\u00e9 de Remiremont\",\"publisher\":{\"@id\":\"https:\/\/vosgesinfo.fr\/remiremontinfo\/#organization\"},\"alternateName\":\"Toute l'actualit\u00e9 de Remiremont\",\"potentialAction\":[{\"@type\":\"SearchAction\",\"target\":{\"@type\":\"EntryPoint\",\"urlTemplate\":\"https:\/\/vosgesinfo.fr\/remiremontinfo\/?s={search_term_string}\"},\"query-input\":\"required name=search_term_string\"}],\"inLanguage\":\"fr-FR\"},{\"@type\":\"Organization\",\"@id\":\"https:\/\/vosgesinfo.fr\/remiremontinfo\/#organization\",\"name\":\"Remiremont Info\",\"url\":\"https:\/\/vosgesinfo.fr\/remiremontinfo\/\",\"logo\":{\"@type\":\"ImageObject\",\"inLanguage\":\"fr-FR\",\"@id\":\"https:\/\/vosgesinfo.fr\/remiremontinfo\/#\/schema\/logo\/image\/\",\"url\":\"https:\/\/vosgesinfo.fr\/app\/uploads\/sites\/5\/2023\/08\/favicon-remiremontinfo.png\",\"contentUrl\":\"https:\/\/vosgesinfo.fr\/app\/uploads\/sites\/5\/2023\/08\/favicon-remiremontinfo.png\",\"width\":512,\"height\":512,\"caption\":\"Remiremont Info\"},\"image\":{\"@id\":\"https:\/\/vosgesinfo.fr\/remiremontinfo\/#\/schema\/logo\/image\/\"},\"sameAs\":[\"https:\/\/www.facebook.com\/remiremontinfo\",\"https:\/\/x.com\/VosgesInfo88\",\"https:\/\/www.youtube.com\/@vosgesinfo\"]},{\"@type\":\"Person\",\"@id\":\"https:\/\/vosgesinfo.fr\/remiremontinfo\/#\/schema\/person\/3bfd164d5218a185b1db68655a265316\",\"name\":\"C D\",\"image\":{\"@type\":\"ImageObject\",\"inLanguage\":\"fr-FR\",\"@id\":\"https:\/\/vosgesinfo.fr\/remiremontinfo\/#\/schema\/person\/image\/\",\"url\":\"https:\/\/secure.gravatar.com\/avatar\/1f9a70007336511a47468b8f1c66f922b8b7cf617b02a31149ada43893a5d48f?s=96&d=mm&r=g\",\"contentUrl\":\"https:\/\/secure.gravatar.com\/avatar\/1f9a70007336511a47468b8f1c66f922b8b7cf617b02a31149ada43893a5d48f?s=96&d=mm&r=g\",\"caption\":\"C D\"},\"url\":\"https:\/\/vosgesinfo.fr\/remiremontinfo\/author\/cedric-drevet\/\"}]}<\/script>\n<!-- \/ Yoast SEO plugin. -->","yoast_head_json":{"title":"Lydie Barbaux devient premi\u00e8re vice-pr\u00e9sidente de l'association des maires ruraux des Vosges - Remiremont Info","robots":{"index":"index","follow":"follow","max-snippet":"max-snippet:-1","max-image-preview":"max-image-preview:large","max-video-preview":"max-video-preview:-1"},"canonical":"https:\/\/vosgesinfo.fr\/remiremontinfo\/2020\/11\/lydie-barbaux-devient-premiere-vice-presidente-de-lassociation-maires-ruraux-vosges\/","twitter_card":"summary_large_image","twitter_title":"Lydie Barbaux devient premi\u00e8re vice-pr\u00e9sidente de l'association des maires ruraux des Vosges - Remiremont Info","twitter_description":"Photo de AMR88 Le nouveau bureau de l\u2019Association des Maires Ruraux des Vosges a \u00e9t\u00e9 install\u00e9 le 4 novembre dernier, [&hellip;]","twitter_image":"https:\/\/vosgesinfo.fr\/app\/uploads\/sites\/5\/2024\/09\/202011123750094-642101053152198-1318137305806338879-o1.jpg","twitter_creator":"@VosgesInfo88","twitter_site":"@VosgesInfo88","twitter_misc":{"\u00c9crit par":"C D"},"schema":{"@context":"https:\/\/schema.org","@graph":[{"@type":"Article","@id":"https:\/\/vosgesinfo.fr\/remiremontinfo\/2020\/11\/lydie-barbaux-devient-premiere-vice-presidente-de-lassociation-maires-ruraux-vosges\/#article","isPartOf":{"@id":"https:\/\/vosgesinfo.fr\/remiremontinfo\/2020\/11\/lydie-barbaux-devient-premiere-vice-presidente-de-lassociation-maires-ruraux-vosges\/"},"author":{"name":"C D","@id":"https:\/\/vosgesinfo.fr\/remiremontinfo\/#\/schema\/person\/3bfd164d5218a185b1db68655a265316"},"headline":"Lydie Barbaux devient premi\u00e8re vice-pr\u00e9sidente de l&rsquo;association des maires ruraux des Vosges","datePublished":"2020-11-09T05:54:51+00:00","dateModified":"2020-11-09T05:54:51+00:00","mainEntityOfPage":{"@id":"https:\/\/vosgesinfo.fr\/remiremontinfo\/2020\/11\/lydie-barbaux-devient-premiere-vice-presidente-de-lassociation-maires-ruraux-vosges\/"},"wordCount":106,"commentCount":0,"publisher":{"@id":"https:\/\/vosgesinfo.fr\/remiremontinfo\/#organization"},"image":{"@id":"https:\/\/vosgesinfo.fr\/remiremontinfo\/2020\/11\/lydie-barbaux-devient-premiere-vice-presidente-de-lassociation-maires-ruraux-vosges\/#primaryimage"},"thumbnailUrl":"https:\/\/vosgesinfo.fr\/app\/uploads\/sites\/5\/2024\/09\/202011123750094-642101053152198-1318137305806338879-o1.jpg","articleSection":["A la Une","Politique","Vosges"],"inLanguage":"fr-FR","potentialAction":[{"@type":"CommentAction","name":"Comment","target":["https:\/\/vosgesinfo.fr\/remiremontinfo\/2020\/11\/lydie-barbaux-devient-premiere-vice-presidente-de-lassociation-maires-ruraux-vosges\/#respond"]}]},{"@type":"WebPage","@id":"https:\/\/vosgesinfo.fr\/remiremontinfo\/2020\/11\/lydie-barbaux-devient-premiere-vice-presidente-de-lassociation-maires-ruraux-vosges\/","url":"https:\/\/vosgesinfo.fr\/remiremontinfo\/2020\/11\/lydie-barbaux-devient-premiere-vice-presidente-de-lassociation-maires-ruraux-vosges\/","name":"Lydie Barbaux devient premi\u00e8re vice-pr\u00e9sidente de l'association des maires ruraux des Vosges - Remiremont Info","isPartOf":{"@id":"https:\/\/vosgesinfo.fr\/remiremontinfo\/#website"},"primaryImageOfPage":{"@id":"https:\/\/vosgesinfo.fr\/remiremontinfo\/2020\/11\/lydie-barbaux-devient-premiere-vice-presidente-de-lassociation-maires-ruraux-vosges\/#primaryimage"},"image":{"@id":"https:\/\/vosgesinfo.fr\/remiremontinfo\/2020\/11\/lydie-barbaux-devient-premiere-vice-presidente-de-lassociation-maires-ruraux-vosges\/#primaryimage"},"thumbnailUrl":"https:\/\/vosgesinfo.fr\/app\/uploads\/sites\/5\/2024\/09\/202011123750094-642101053152198-1318137305806338879-o1.jpg","datePublished":"2020-11-09T05:54:51+00:00","dateModified":"2020-11-09T05:54:51+00:00","breadcrumb":{"@id":"https:\/\/vosgesinfo.fr\/remiremontinfo\/2020\/11\/lydie-barbaux-devient-premiere-vice-presidente-de-lassociation-maires-ruraux-vosges\/#breadcrumb"},"inLanguage":"fr-FR","potentialAction":[{"@type":"ReadAction","target":["https:\/\/vosgesinfo.fr\/remiremontinfo\/2020\/11\/lydie-barbaux-devient-premiere-vice-presidente-de-lassociation-maires-ruraux-vosges\/"]}]},{"@type":"ImageObject","inLanguage":"fr-FR","@id":"https:\/\/vosgesinfo.fr\/remiremontinfo\/2020\/11\/lydie-barbaux-devient-premiere-vice-presidente-de-lassociation-maires-ruraux-vosges\/#primaryimage","url":"https:\/\/vosgesinfo.fr\/app\/uploads\/sites\/5\/2024\/09\/202011123750094-642101053152198-1318137305806338879-o1.jpg","contentUrl":"https:\/\/vosgesinfo.fr\/app\/uploads\/sites\/5\/2024\/09\/202011123750094-642101053152198-1318137305806338879-o1.jpg","width":800,"height":600},{"@type":"BreadcrumbList","@id":"https:\/\/vosgesinfo.fr\/remiremontinfo\/2020\/11\/lydie-barbaux-devient-premiere-vice-presidente-de-lassociation-maires-ruraux-vosges\/#breadcrumb","itemListElement":[{"@type":"ListItem","position":1,"name":"Home","item":"https:\/\/vosgesinfo.fr\/remiremontinfo\/"},{"@type":"ListItem","position":2,"name":"Lydie Barbaux devient premi\u00e8re vice-pr\u00e9sidente de l&rsquo;association des maires ruraux des Vosges"}]},{"@type":"WebSite","@id":"https:\/\/vosgesinfo.fr\/remiremontinfo\/#website","url":"https:\/\/vosgesinfo.fr\/remiremontinfo\/","name":"Remiremont Info","description":"Toute l&#039;actualit\u00e9 de Remiremont","publisher":{"@id":"https:\/\/vosgesinfo.fr\/remiremontinfo\/#organization"},"alternateName":"Toute l'actualit\u00e9 de Remiremont","potentialAction":[{"@type":"SearchAction","target":{"@type":"EntryPoint","urlTemplate":"https:\/\/vosgesinfo.fr\/remiremontinfo\/?s={search_term_string}"},"query-input":"required name=search_term_string"}],"inLanguage":"fr-FR"},{"@type":"Organization","@id":"https:\/\/vosgesinfo.fr\/remiremontinfo\/#organization","name":"Remiremont Info","url":"https:\/\/vosgesinfo.fr\/remiremontinfo\/","logo":{"@type":"ImageObject","inLanguage":"fr-FR","@id":"https:\/\/vosgesinfo.fr\/remiremontinfo\/#\/schema\/logo\/image\/","url":"https:\/\/vosgesinfo.fr\/app\/uploads\/sites\/5\/2023\/08\/favicon-remiremontinfo.png","contentUrl":"https:\/\/vosgesinfo.fr\/app\/uploads\/sites\/5\/2023\/08\/favicon-remiremontinfo.png","width":512,"height":512,"caption":"Remiremont Info"},"image":{"@id":"https:\/\/vosgesinfo.fr\/remiremontinfo\/#\/schema\/logo\/image\/"},"sameAs":["https:\/\/www.facebook.com\/remiremontinfo","https:\/\/x.com\/VosgesInfo88","https:\/\/www.youtube.com\/@vosgesinfo"]},{"@type":"Person","@id":"https:\/\/vosgesinfo.fr\/remiremontinfo\/#\/schema\/person\/3bfd164d5218a185b1db68655a265316","name":"C D","image":{"@type":"ImageObject","inLanguage":"fr-FR","@id":"https:\/\/vosgesinfo.fr\/remiremontinfo\/#\/schema\/person\/image\/","url":"https:\/\/secure.gravatar.com\/avatar\/1f9a70007336511a47468b8f1c66f922b8b7cf617b02a31149ada43893a5d48f?s=96&d=mm&r=g","contentUrl":"https:\/\/secure.gravatar.com\/avatar\/1f9a70007336511a47468b8f1c66f922b8b7cf617b02a31149ada43893a5d48f?s=96&d=mm&r=g","caption":"C D"},"url":"https:\/\/vosgesinfo.fr\/remiremontinfo\/author\/cedric-drevet\/"}]}},"_links":{"self":[{"href":"https:\/\/vosgesinfo.fr\/remiremontinfo\/wp-json\/wp\/v2\/posts\/33583","targetHints":{"allow":["GET"]}}],"collection":[{"href":"https:\/\/vosgesinfo.fr\/remiremontinfo\/wp-json\/wp\/v2\/posts"}],"about":[{"href":"https:\/\/vosgesinfo.fr\/remiremontinfo\/wp-json\/wp\/v2\/types\/post"}],"author":[{"embeddable":true,"href":"https:\/\/vosgesinfo.fr\/remiremontinfo\/wp-json\/wp\/v2\/users\/407"}],"replies":[{"embeddable":true,"href":"https:\/\/vosgesinfo.fr\/remiremontinfo\/wp-json\/wp\/v2\/comments?post=33583"}],"version-history":[{"count":0,"href":"https:\/\/vosgesinfo.fr\/remiremontinfo\/wp-json\/wp\/v2\/posts\/33583\/revisions"}],"wp:featuredmedia":[{"embeddable":true,"href":"https:\/\/vosgesinfo.fr\/remiremontinfo\/wp-json\/wp\/v2\/media\/33584"}],"wp:attachment":[{"href":"https:\/\/vosgesinfo.fr\/remiremontinfo\/wp-json\/wp\/v2\/media?parent=33583"}],"wp:term":[{"taxonomy":"category","embeddable":true,"href":"https:\/\/vosgesinfo.fr\/remiremontinfo\/wp-json\/wp\/v2\/categories?post=33583"},{"taxonomy":"post_tag","embeddable":true,"href":"https:\/\/vosgesinfo.fr\/remiremontinfo\/wp-json\/wp\/v2\/tags?post=33583"}],"curies":[{"name":"wp","href":"https:\/\/api.w.org\/{rel}","templated":true}]}}