{"id":33744,"date":"2020-11-15T07:41:03","date_gmt":"2020-11-15T06:41:03","guid":{"rendered":"https:\/\/vosgesinfo.fr\/remiremontinfo\/2020\/11\/saint-nabord-scolytes-ne-connaissent-confinement\/"},"modified":"2020-11-15T07:41:03","modified_gmt":"2020-11-15T06:41:03","slug":"saint-nabord-scolytes-ne-connaissent-confinement","status":"publish","type":"post","link":"https:\/\/vosgesinfo.fr\/remiremontinfo\/2020\/11\/saint-nabord-scolytes-ne-connaissent-confinement\/","title":{"rendered":"Saint-Nabord\u00a0: les scolytes ne connaissent pas le confinement"},"content":{"rendered":"<h2 style=\"text-align: center;\"><a href=\"\/2020\/11\/125537006_211345563847835_6841933514065819104_o.jpg\"><img decoding=\"async\" class=\"alignnone size-full wp-image-301385\" src=\"\/2020\/11\/125537006_211345563847835_6841933514065819104_o.jpg\" alt=\"125537006_211345563847835_6841933514065819104_o\" width=\"800\" height=\"450\" \/><\/a><\/h2>\n<h2><strong><span style=\"font-size: 12pt;\">Elus et techniciens forestiers multiplient les visites sur le terrain afin de \u00ab\u00a0prendre le pouls\u00a0\u00bb des for\u00eats et \u00e9changer avec les diff\u00e9rents acteurs travaillant pour le compte de la commune de Saint-Nabord.<\/span><\/strong><\/h2>\n<p>Nous avons rencontr\u00e9 derni\u00e8rement C\u00e9dric Simonin, entrepreneur de travaux forestiers du Val D\u2019Ajol, \u0153uvrant pour le compte de l\u2019entreprise Vogibois, en plein abattage d\u2019une t\u00e2che d\u2019\u00e9pic\u00e9as scolyt\u00e9s sur la parcelle 103 dans les Hauts de Falli\u00e8res. Le travail est professionnel, dans le respect du cahier des charges forestier. L\u2019abatteuse, avan\u00e7ant dans les diff\u00e9rents cloisonnements de la parcelle, abat progressivement chaque \u00e9pic\u00e9a sec sur pied en bout de 11,5 m.<\/p>\n<p>Le simple fait de cloisonner les parcelles \u00e9vite une circulation anarchique des engins et la formation d\u2019orni\u00e8res, responsables d\u2019une diminution de l\u2019enracinement et de l\u2019a\u00e9ration du sol ainsi qu\u2019une baisse de la filtrabilit\u00e9 (risque de ruissellement). Quelques jours avant chaque coupe, notre technicien forestier se rend sur place afin de contr\u00f4ler l\u2019avanc\u00e9e de l\u2019insecte.<\/p>\n<p>Dans un rayon proche de la t\u00e2che, chaque arbre est pass\u00e9 au crible. La pr\u00e9sence de trous plus petits qu\u2019une t\u00eate d\u2019aiguille ainsi qu\u2019une sciure rouge au pied de l\u2019arbre sont les signes avant-coureurs d\u2019un d\u00e9but d\u2019infestation. L\u2019arbre, en apparence vert et vigoureux, est condamn\u00e9. Porteur de larves et insectes ravageurs il sera abattu pour stopper la contamination.<\/p>\n<p>Apr\u00e8s l\u2019abattage, une course contre le temps d\u00e9marre : un champignon v\u00e9hicul\u00e9 par l\u2019insecte bleuit le bois, conduisant fatalement \u00e0 son d\u00e9classement. Il doit donc \u00eatre rapidement \u00e9vacu\u00e9. Malheureusement le march\u00e9 local de nos scieries est totalement satur\u00e9 du fait d\u2019un afflux massif et quotidien. R\u00e9sultat : nos acheteurs exportent de plus en plus par containers vers les pays d\u2019Asie.<\/p>\n<p>Heureusement, sur les parcelles ainsi d\u00e9bois\u00e9es, de multiples repousses, toutes essences confondues, laissent esp\u00e9rer une r\u00e9g\u00e9n\u00e9ration naturelle et une acclimatation possible dont on mesurera les premiers effets dans quelques d\u00e9cennies. Un long travail de suivi d\u00e9marre alors pour nos techniciens de l\u2019ONF&#8230;<\/p>\n<p><em>C\u00e9dric Babel, adjoint \u00e0 la for\u00eat et Pascale Naulin, adjointe \u00e0 la Communication<\/em><\/p>\n<p><em>Commune de Saint-Nabord<\/em><\/p>\n\n","protected":false},"excerpt":{"rendered":"<p>Elus et techniciens forestiers multiplient les visites sur le terrain afin de \u00ab\u00a0prendre le pouls\u00a0\u00bb des for\u00eats et \u00e9changer avec [&hellip;]<\/p>\n","protected":false},"author":407,"featured_media":33745,"comment_status":"open","ping_status":"open","sticky":false,"template":"","format":"standard","meta":{"footnotes":""},"categories":[26,7,35,100],"tags":[],"class_list":["post-33744","post","type-post","status-publish","format-standard","has-post-thumbnail","hentry","category-a-la-une","category-environnement","category-remiremont-son-canton","category-saint-nabord"],"acf":[],"yoast_head":"<!-- This site is optimized with the Yoast SEO plugin v22.5 - https:\/\/yoast.com\/wordpress\/plugins\/seo\/ -->\n<title>Saint-Nabord\u00a0: les scolytes ne connaissent pas le confinement - Remiremont Info<\/title>\n<meta name=\"robots\" content=\"index, follow, max-snippet:-1, max-image-preview:large, max-video-preview:-1\" \/>\n<link rel=\"canonical\" href=\"https:\/\/vosgesinfo.fr\/remiremontinfo\/2020\/11\/saint-nabord-scolytes-ne-connaissent-confinement\/\" \/>\n<meta name=\"twitter:card\" content=\"summary_large_image\" \/>\n<meta name=\"twitter:title\" content=\"Saint-Nabord\u00a0: les scolytes ne connaissent pas le confinement - Remiremont Info\" \/>\n<meta name=\"twitter:description\" content=\"Elus et techniciens forestiers multiplient les visites sur le terrain afin de \u00ab\u00a0prendre le pouls\u00a0\u00bb des for\u00eats et \u00e9changer avec [&hellip;]\" \/>\n<meta name=\"twitter:image\" content=\"https:\/\/vosgesinfo.fr\/app\/uploads\/sites\/5\/2024\/09\/202011125430178-211345660514492-54745872492155381-o1.jpg\" \/>\n<meta name=\"twitter:creator\" content=\"@VosgesInfo88\" \/>\n<meta name=\"twitter:site\" content=\"@VosgesInfo88\" \/>\n<meta name=\"twitter:label1\" content=\"\u00c9crit par\" \/>\n\t<meta name=\"twitter:data1\" content=\"C D\" \/>\n\t<meta name=\"twitter:label2\" content=\"Dur\u00e9e de lecture estim\u00e9e\" \/>\n\t<meta name=\"twitter:data2\" content=\"2 minutes\" \/>\n<script type=\"application\/ld+json\" class=\"yoast-schema-graph\">{\"@context\":\"https:\/\/schema.org\",\"@graph\":[{\"@type\":\"Article\",\"@id\":\"https:\/\/vosgesinfo.fr\/remiremontinfo\/2020\/11\/saint-nabord-scolytes-ne-connaissent-confinement\/#article\",\"isPartOf\":{\"@id\":\"https:\/\/vosgesinfo.fr\/remiremontinfo\/2020\/11\/saint-nabord-scolytes-ne-connaissent-confinement\/\"},\"author\":{\"name\":\"C D\",\"@id\":\"https:\/\/vosgesinfo.fr\/remiremontinfo\/#\/schema\/person\/3bfd164d5218a185b1db68655a265316\"},\"headline\":\"Saint-Nabord\u00a0: les scolytes ne connaissent pas le confinement\",\"datePublished\":\"2020-11-15T06:41:03+00:00\",\"dateModified\":\"2020-11-15T06:41:03+00:00\",\"mainEntityOfPage\":{\"@id\":\"https:\/\/vosgesinfo.fr\/remiremontinfo\/2020\/11\/saint-nabord-scolytes-ne-connaissent-confinement\/\"},\"wordCount\":398,\"commentCount\":0,\"publisher\":{\"@id\":\"https:\/\/vosgesinfo.fr\/remiremontinfo\/#organization\"},\"image\":{\"@id\":\"https:\/\/vosgesinfo.fr\/remiremontinfo\/2020\/11\/saint-nabord-scolytes-ne-connaissent-confinement\/#primaryimage\"},\"thumbnailUrl\":\"https:\/\/vosgesinfo.fr\/app\/uploads\/sites\/5\/2024\/09\/202011125430178-211345660514492-54745872492155381-o1.jpg\",\"articleSection\":[\"A la Une\",\"Environnement\",\"Remiremont &amp; son canton\",\"Saint-Nabord\"],\"inLanguage\":\"fr-FR\",\"potentialAction\":[{\"@type\":\"CommentAction\",\"name\":\"Comment\",\"target\":[\"https:\/\/vosgesinfo.fr\/remiremontinfo\/2020\/11\/saint-nabord-scolytes-ne-connaissent-confinement\/#respond\"]}]},{\"@type\":\"WebPage\",\"@id\":\"https:\/\/vosgesinfo.fr\/remiremontinfo\/2020\/11\/saint-nabord-scolytes-ne-connaissent-confinement\/\",\"url\":\"https:\/\/vosgesinfo.fr\/remiremontinfo\/2020\/11\/saint-nabord-scolytes-ne-connaissent-confinement\/\",\"name\":\"Saint-Nabord\u00a0: les scolytes ne connaissent pas le confinement - Remiremont Info\",\"isPartOf\":{\"@id\":\"https:\/\/vosgesinfo.fr\/remiremontinfo\/#website\"},\"primaryImageOfPage\":{\"@id\":\"https:\/\/vosgesinfo.fr\/remiremontinfo\/2020\/11\/saint-nabord-scolytes-ne-connaissent-confinement\/#primaryimage\"},\"image\":{\"@id\":\"https:\/\/vosgesinfo.fr\/remiremontinfo\/2020\/11\/saint-nabord-scolytes-ne-connaissent-confinement\/#primaryimage\"},\"thumbnailUrl\":\"https:\/\/vosgesinfo.fr\/app\/uploads\/sites\/5\/2024\/09\/202011125430178-211345660514492-54745872492155381-o1.jpg\",\"datePublished\":\"2020-11-15T06:41:03+00:00\",\"dateModified\":\"2020-11-15T06:41:03+00:00\",\"breadcrumb\":{\"@id\":\"https:\/\/vosgesinfo.fr\/remiremontinfo\/2020\/11\/saint-nabord-scolytes-ne-connaissent-confinement\/#breadcrumb\"},\"inLanguage\":\"fr-FR\",\"potentialAction\":[{\"@type\":\"ReadAction\",\"target\":[\"https:\/\/vosgesinfo.fr\/remiremontinfo\/2020\/11\/saint-nabord-scolytes-ne-connaissent-confinement\/\"]}]},{\"@type\":\"ImageObject\",\"inLanguage\":\"fr-FR\",\"@id\":\"https:\/\/vosgesinfo.fr\/remiremontinfo\/2020\/11\/saint-nabord-scolytes-ne-connaissent-confinement\/#primaryimage\",\"url\":\"https:\/\/vosgesinfo.fr\/app\/uploads\/sites\/5\/2024\/09\/202011125430178-211345660514492-54745872492155381-o1.jpg\",\"contentUrl\":\"https:\/\/vosgesinfo.fr\/app\/uploads\/sites\/5\/2024\/09\/202011125430178-211345660514492-54745872492155381-o1.jpg\",\"width\":800,\"height\":624},{\"@type\":\"BreadcrumbList\",\"@id\":\"https:\/\/vosgesinfo.fr\/remiremontinfo\/2020\/11\/saint-nabord-scolytes-ne-connaissent-confinement\/#breadcrumb\",\"itemListElement\":[{\"@type\":\"ListItem\",\"position\":1,\"name\":\"Home\",\"item\":\"https:\/\/vosgesinfo.fr\/remiremontinfo\/\"},{\"@type\":\"ListItem\",\"position\":2,\"name\":\"Saint-Nabord\u00a0: les scolytes ne connaissent pas le confinement\"}]},{\"@type\":\"WebSite\",\"@id\":\"https:\/\/vosgesinfo.fr\/remiremontinfo\/#website\",\"url\":\"https:\/\/vosgesinfo.fr\/remiremontinfo\/\",\"name\":\"Remiremont Info\",\"description\":\"Toute l&#039;actualit\u00e9 de Remiremont\",\"publisher\":{\"@id\":\"https:\/\/vosgesinfo.fr\/remiremontinfo\/#organization\"},\"alternateName\":\"Toute l'actualit\u00e9 de Remiremont\",\"potentialAction\":[{\"@type\":\"SearchAction\",\"target\":{\"@type\":\"EntryPoint\",\"urlTemplate\":\"https:\/\/vosgesinfo.fr\/remiremontinfo\/?s={search_term_string}\"},\"query-input\":\"required name=search_term_string\"}],\"inLanguage\":\"fr-FR\"},{\"@type\":\"Organization\",\"@id\":\"https:\/\/vosgesinfo.fr\/remiremontinfo\/#organization\",\"name\":\"Remiremont Info\",\"url\":\"https:\/\/vosgesinfo.fr\/remiremontinfo\/\",\"logo\":{\"@type\":\"ImageObject\",\"inLanguage\":\"fr-FR\",\"@id\":\"https:\/\/vosgesinfo.fr\/remiremontinfo\/#\/schema\/logo\/image\/\",\"url\":\"https:\/\/vosgesinfo.fr\/app\/uploads\/sites\/5\/2023\/08\/favicon-remiremontinfo.png\",\"contentUrl\":\"https:\/\/vosgesinfo.fr\/app\/uploads\/sites\/5\/2023\/08\/favicon-remiremontinfo.png\",\"width\":512,\"height\":512,\"caption\":\"Remiremont Info\"},\"image\":{\"@id\":\"https:\/\/vosgesinfo.fr\/remiremontinfo\/#\/schema\/logo\/image\/\"},\"sameAs\":[\"https:\/\/www.facebook.com\/remiremontinfo\",\"https:\/\/x.com\/VosgesInfo88\",\"https:\/\/www.youtube.com\/@vosgesinfo\"]},{\"@type\":\"Person\",\"@id\":\"https:\/\/vosgesinfo.fr\/remiremontinfo\/#\/schema\/person\/3bfd164d5218a185b1db68655a265316\",\"name\":\"C D\",\"image\":{\"@type\":\"ImageObject\",\"inLanguage\":\"fr-FR\",\"@id\":\"https:\/\/vosgesinfo.fr\/remiremontinfo\/#\/schema\/person\/image\/\",\"url\":\"https:\/\/secure.gravatar.com\/avatar\/1f9a70007336511a47468b8f1c66f922b8b7cf617b02a31149ada43893a5d48f?s=96&d=mm&r=g\",\"contentUrl\":\"https:\/\/secure.gravatar.com\/avatar\/1f9a70007336511a47468b8f1c66f922b8b7cf617b02a31149ada43893a5d48f?s=96&d=mm&r=g\",\"caption\":\"C D\"},\"url\":\"https:\/\/vosgesinfo.fr\/remiremontinfo\/author\/cedric-drevet\/\"}]}<\/script>\n<!-- \/ Yoast SEO plugin. -->","yoast_head_json":{"title":"Saint-Nabord\u00a0: les scolytes ne connaissent pas le confinement - Remiremont Info","robots":{"index":"index","follow":"follow","max-snippet":"max-snippet:-1","max-image-preview":"max-image-preview:large","max-video-preview":"max-video-preview:-1"},"canonical":"https:\/\/vosgesinfo.fr\/remiremontinfo\/2020\/11\/saint-nabord-scolytes-ne-connaissent-confinement\/","twitter_card":"summary_large_image","twitter_title":"Saint-Nabord\u00a0: les scolytes ne connaissent pas le confinement - Remiremont Info","twitter_description":"Elus et techniciens forestiers multiplient les visites sur le terrain afin de \u00ab\u00a0prendre le pouls\u00a0\u00bb des for\u00eats et \u00e9changer avec [&hellip;]","twitter_image":"https:\/\/vosgesinfo.fr\/app\/uploads\/sites\/5\/2024\/09\/202011125430178-211345660514492-54745872492155381-o1.jpg","twitter_creator":"@VosgesInfo88","twitter_site":"@VosgesInfo88","twitter_misc":{"\u00c9crit par":"C D","Dur\u00e9e de lecture estim\u00e9e":"2 minutes"},"schema":{"@context":"https:\/\/schema.org","@graph":[{"@type":"Article","@id":"https:\/\/vosgesinfo.fr\/remiremontinfo\/2020\/11\/saint-nabord-scolytes-ne-connaissent-confinement\/#article","isPartOf":{"@id":"https:\/\/vosgesinfo.fr\/remiremontinfo\/2020\/11\/saint-nabord-scolytes-ne-connaissent-confinement\/"},"author":{"name":"C D","@id":"https:\/\/vosgesinfo.fr\/remiremontinfo\/#\/schema\/person\/3bfd164d5218a185b1db68655a265316"},"headline":"Saint-Nabord\u00a0: les scolytes ne connaissent pas le confinement","datePublished":"2020-11-15T06:41:03+00:00","dateModified":"2020-11-15T06:41:03+00:00","mainEntityOfPage":{"@id":"https:\/\/vosgesinfo.fr\/remiremontinfo\/2020\/11\/saint-nabord-scolytes-ne-connaissent-confinement\/"},"wordCount":398,"commentCount":0,"publisher":{"@id":"https:\/\/vosgesinfo.fr\/remiremontinfo\/#organization"},"image":{"@id":"https:\/\/vosgesinfo.fr\/remiremontinfo\/2020\/11\/saint-nabord-scolytes-ne-connaissent-confinement\/#primaryimage"},"thumbnailUrl":"https:\/\/vosgesinfo.fr\/app\/uploads\/sites\/5\/2024\/09\/202011125430178-211345660514492-54745872492155381-o1.jpg","articleSection":["A la Une","Environnement","Remiremont &amp; son canton","Saint-Nabord"],"inLanguage":"fr-FR","potentialAction":[{"@type":"CommentAction","name":"Comment","target":["https:\/\/vosgesinfo.fr\/remiremontinfo\/2020\/11\/saint-nabord-scolytes-ne-connaissent-confinement\/#respond"]}]},{"@type":"WebPage","@id":"https:\/\/vosgesinfo.fr\/remiremontinfo\/2020\/11\/saint-nabord-scolytes-ne-connaissent-confinement\/","url":"https:\/\/vosgesinfo.fr\/remiremontinfo\/2020\/11\/saint-nabord-scolytes-ne-connaissent-confinement\/","name":"Saint-Nabord\u00a0: les scolytes ne connaissent pas le confinement - Remiremont Info","isPartOf":{"@id":"https:\/\/vosgesinfo.fr\/remiremontinfo\/#website"},"primaryImageOfPage":{"@id":"https:\/\/vosgesinfo.fr\/remiremontinfo\/2020\/11\/saint-nabord-scolytes-ne-connaissent-confinement\/#primaryimage"},"image":{"@id":"https:\/\/vosgesinfo.fr\/remiremontinfo\/2020\/11\/saint-nabord-scolytes-ne-connaissent-confinement\/#primaryimage"},"thumbnailUrl":"https:\/\/vosgesinfo.fr\/app\/uploads\/sites\/5\/2024\/09\/202011125430178-211345660514492-54745872492155381-o1.jpg","datePublished":"2020-11-15T06:41:03+00:00","dateModified":"2020-11-15T06:41:03+00:00","breadcrumb":{"@id":"https:\/\/vosgesinfo.fr\/remiremontinfo\/2020\/11\/saint-nabord-scolytes-ne-connaissent-confinement\/#breadcrumb"},"inLanguage":"fr-FR","potentialAction":[{"@type":"ReadAction","target":["https:\/\/vosgesinfo.fr\/remiremontinfo\/2020\/11\/saint-nabord-scolytes-ne-connaissent-confinement\/"]}]},{"@type":"ImageObject","inLanguage":"fr-FR","@id":"https:\/\/vosgesinfo.fr\/remiremontinfo\/2020\/11\/saint-nabord-scolytes-ne-connaissent-confinement\/#primaryimage","url":"https:\/\/vosgesinfo.fr\/app\/uploads\/sites\/5\/2024\/09\/202011125430178-211345660514492-54745872492155381-o1.jpg","contentUrl":"https:\/\/vosgesinfo.fr\/app\/uploads\/sites\/5\/2024\/09\/202011125430178-211345660514492-54745872492155381-o1.jpg","width":800,"height":624},{"@type":"BreadcrumbList","@id":"https:\/\/vosgesinfo.fr\/remiremontinfo\/2020\/11\/saint-nabord-scolytes-ne-connaissent-confinement\/#breadcrumb","itemListElement":[{"@type":"ListItem","position":1,"name":"Home","item":"https:\/\/vosgesinfo.fr\/remiremontinfo\/"},{"@type":"ListItem","position":2,"name":"Saint-Nabord\u00a0: les scolytes ne connaissent pas le confinement"}]},{"@type":"WebSite","@id":"https:\/\/vosgesinfo.fr\/remiremontinfo\/#website","url":"https:\/\/vosgesinfo.fr\/remiremontinfo\/","name":"Remiremont Info","description":"Toute l&#039;actualit\u00e9 de Remiremont","publisher":{"@id":"https:\/\/vosgesinfo.fr\/remiremontinfo\/#organization"},"alternateName":"Toute l'actualit\u00e9 de Remiremont","potentialAction":[{"@type":"SearchAction","target":{"@type":"EntryPoint","urlTemplate":"https:\/\/vosgesinfo.fr\/remiremontinfo\/?s={search_term_string}"},"query-input":"required name=search_term_string"}],"inLanguage":"fr-FR"},{"@type":"Organization","@id":"https:\/\/vosgesinfo.fr\/remiremontinfo\/#organization","name":"Remiremont Info","url":"https:\/\/vosgesinfo.fr\/remiremontinfo\/","logo":{"@type":"ImageObject","inLanguage":"fr-FR","@id":"https:\/\/vosgesinfo.fr\/remiremontinfo\/#\/schema\/logo\/image\/","url":"https:\/\/vosgesinfo.fr\/app\/uploads\/sites\/5\/2023\/08\/favicon-remiremontinfo.png","contentUrl":"https:\/\/vosgesinfo.fr\/app\/uploads\/sites\/5\/2023\/08\/favicon-remiremontinfo.png","width":512,"height":512,"caption":"Remiremont Info"},"image":{"@id":"https:\/\/vosgesinfo.fr\/remiremontinfo\/#\/schema\/logo\/image\/"},"sameAs":["https:\/\/www.facebook.com\/remiremontinfo","https:\/\/x.com\/VosgesInfo88","https:\/\/www.youtube.com\/@vosgesinfo"]},{"@type":"Person","@id":"https:\/\/vosgesinfo.fr\/remiremontinfo\/#\/schema\/person\/3bfd164d5218a185b1db68655a265316","name":"C D","image":{"@type":"ImageObject","inLanguage":"fr-FR","@id":"https:\/\/vosgesinfo.fr\/remiremontinfo\/#\/schema\/person\/image\/","url":"https:\/\/secure.gravatar.com\/avatar\/1f9a70007336511a47468b8f1c66f922b8b7cf617b02a31149ada43893a5d48f?s=96&d=mm&r=g","contentUrl":"https:\/\/secure.gravatar.com\/avatar\/1f9a70007336511a47468b8f1c66f922b8b7cf617b02a31149ada43893a5d48f?s=96&d=mm&r=g","caption":"C D"},"url":"https:\/\/vosgesinfo.fr\/remiremontinfo\/author\/cedric-drevet\/"}]}},"_links":{"self":[{"href":"https:\/\/vosgesinfo.fr\/remiremontinfo\/wp-json\/wp\/v2\/posts\/33744","targetHints":{"allow":["GET"]}}],"collection":[{"href":"https:\/\/vosgesinfo.fr\/remiremontinfo\/wp-json\/wp\/v2\/posts"}],"about":[{"href":"https:\/\/vosgesinfo.fr\/remiremontinfo\/wp-json\/wp\/v2\/types\/post"}],"author":[{"embeddable":true,"href":"https:\/\/vosgesinfo.fr\/remiremontinfo\/wp-json\/wp\/v2\/users\/407"}],"replies":[{"embeddable":true,"href":"https:\/\/vosgesinfo.fr\/remiremontinfo\/wp-json\/wp\/v2\/comments?post=33744"}],"version-history":[{"count":0,"href":"https:\/\/vosgesinfo.fr\/remiremontinfo\/wp-json\/wp\/v2\/posts\/33744\/revisions"}],"wp:featuredmedia":[{"embeddable":true,"href":"https:\/\/vosgesinfo.fr\/remiremontinfo\/wp-json\/wp\/v2\/media\/33745"}],"wp:attachment":[{"href":"https:\/\/vosgesinfo.fr\/remiremontinfo\/wp-json\/wp\/v2\/media?parent=33744"}],"wp:term":[{"taxonomy":"category","embeddable":true,"href":"https:\/\/vosgesinfo.fr\/remiremontinfo\/wp-json\/wp\/v2\/categories?post=33744"},{"taxonomy":"post_tag","embeddable":true,"href":"https:\/\/vosgesinfo.fr\/remiremontinfo\/wp-json\/wp\/v2\/tags?post=33744"}],"curies":[{"name":"wp","href":"https:\/\/api.w.org\/{rel}","templated":true}]}}