{"id":33754,"date":"2020-11-15T07:48:38","date_gmt":"2020-11-15T06:48:38","guid":{"rendered":"https:\/\/vosgesinfo.fr\/remiremontinfo\/2020\/11\/valery-audinot-elu-president-sivom\/"},"modified":"2020-11-15T07:48:38","modified_gmt":"2020-11-15T06:48:38","slug":"valery-audinot-elu-president-sivom","status":"publish","type":"post","link":"https:\/\/vosgesinfo.fr\/remiremontinfo\/2020\/11\/valery-audinot-elu-president-sivom\/","title":{"rendered":"Val\u00e9ry Audinot est \u00e9lu pr\u00e9sident du SIVOM"},"content":{"rendered":"\n<p><span style=\"font-size: 10pt;\"><em>Photos de Commune du Val d&rsquo;Ajol<\/em><\/span><\/p>\n<h2><strong><span style=\"font-size: 12pt;\">Ce vendredi 13 novembre, le Syndicat Intercommunal \u00e0 Vocations Multiples de l\u2019Agglom\u00e9ration romarimontaine (SIVOM) s\u2019est r\u00e9uni au centre socioculturel de Saint-Nabord. Suite \u00e0 la d\u00e9mission de Jean Hingray, l\u2019ordre du jour portait principalement sur l\u2019\u00e9lection d\u2019un nouveau pr\u00e9sident et de ces vice-pr\u00e9sidents.<\/span><\/strong><\/h2>\n<p>Apr\u00e8s d\u00e9lib\u00e9ration, les \u00e9lus aux diff\u00e9rents scrutins, sont :<\/p>\n<p>-Val\u00e9ry Audinot, d\u00e9l\u00e9gu\u00e9 de la commune de Saint Nabord, est \u00e9lu pr\u00e9sident,<\/p>\n<p>-Roger Bourcelot, d\u00e9l\u00e9gu\u00e9 de la commune de Remiremont, est \u00e9lu 1er vice-pr\u00e9sident<\/p>\n<p>-Fabrice Lecomte, d\u00e9l\u00e9gu\u00e9 de la commune de Vecoux, est \u00e9lu 2\u00e8me vice-pr\u00e9sident.<\/p>\n<p>Le nouveau Pr\u00e9sident a d\u00e9crit les priorit\u00e9s de sa feuille de route :<\/p>\n<p>-F\u00e9d\u00e9rer l\u2019ensemble des membres du comit\u00e9, ainsi que le personnel administratif, pour un travail en coh\u00e9sion, respectant la transparence et le respect.<\/p>\n<p>-Respecter une rigueur budg\u00e9taire de fonctionnement de la station \u00e9puration pour ne pas reproduire la m\u00eame augmentation que cette ann\u00e9e (+ 15%).<\/p>\n<p>-Effectuer un bilan de la situation en organisant une visite, en compagnie des deux vice-pr\u00e9sidents, des diff\u00e9rents ouvrages (station \u00e9puration, gymnases du Tertre et de Charlet). D\u2019autres d\u00e9placements seront r\u00e9alis\u00e9s, au terme de la crise sanitaire, avec l\u2019ensemble du comit\u00e9.<\/p>\n<p>-Prolonger, de 12 mois, le contrat de concession de l\u2019exploitation de la station \u00e9puration, portant l\u2019\u00e9ch\u00e9ance au 31 d\u00e9cembre 2021 avec la soci\u00e9t\u00e9 Suez. Et construire un nouveau contrat de d\u00e9l\u00e9gation de service public appel\u00e9 (DSP) au terme du contrat en cours (fin 2021).<\/p>\n<p>-Faire conna\u00eetre les missions du SIVOM \u00e0 nos habitants.<\/p>\n","protected":false},"excerpt":{"rendered":"<p>Photos de Commune du Val d&rsquo;Ajol Ce vendredi 13 novembre, le Syndicat Intercommunal \u00e0 Vocations Multiples de l\u2019Agglom\u00e9ration romarimontaine (SIVOM) [&hellip;]<\/p>\n","protected":false},"author":407,"featured_media":33755,"comment_status":"open","ping_status":"open","sticky":false,"template":"","format":"standard","meta":{"footnotes":""},"categories":[26,10,1556,35],"tags":[],"class_list":["post-33754","post","type-post","status-publish","format-standard","has-post-thumbnail","hentry","category-a-la-une","category-politique","category-remiremont-remiremont-son-canton-2","category-remiremont-son-canton"],"acf":[],"yoast_head":"<!-- This site is optimized with the Yoast SEO plugin v22.5 - https:\/\/yoast.com\/wordpress\/plugins\/seo\/ -->\n<title>Val\u00e9ry Audinot est \u00e9lu pr\u00e9sident du SIVOM - Remiremont Info<\/title>\n<meta name=\"robots\" content=\"index, follow, max-snippet:-1, max-image-preview:large, max-video-preview:-1\" \/>\n<link rel=\"canonical\" href=\"https:\/\/vosgesinfo.fr\/remiremontinfo\/2020\/11\/valery-audinot-elu-president-sivom\/\" \/>\n<meta name=\"twitter:card\" content=\"summary_large_image\" \/>\n<meta name=\"twitter:title\" content=\"Val\u00e9ry Audinot est \u00e9lu pr\u00e9sident du SIVOM - Remiremont Info\" \/>\n<meta name=\"twitter:description\" content=\"Photos de Commune du Val d&rsquo;Ajol Ce vendredi 13 novembre, le Syndicat Intercommunal \u00e0 Vocations Multiples de l\u2019Agglom\u00e9ration romarimontaine (SIVOM) [&hellip;]\" \/>\n<meta name=\"twitter:image\" content=\"https:\/\/vosgesinfo.fr\/app\/uploads\/sites\/5\/2024\/09\/202011125192354-211355860513472-5304246808510836909-o1.jpg\" \/>\n<meta name=\"twitter:creator\" content=\"@VosgesInfo88\" \/>\n<meta name=\"twitter:site\" content=\"@VosgesInfo88\" \/>\n<meta name=\"twitter:label1\" content=\"\u00c9crit par\" \/>\n\t<meta name=\"twitter:data1\" content=\"C D\" \/>\n\t<meta name=\"twitter:label2\" content=\"Dur\u00e9e de lecture estim\u00e9e\" \/>\n\t<meta name=\"twitter:data2\" content=\"1 minute\" \/>\n<script type=\"application\/ld+json\" class=\"yoast-schema-graph\">{\"@context\":\"https:\/\/schema.org\",\"@graph\":[{\"@type\":\"Article\",\"@id\":\"https:\/\/vosgesinfo.fr\/remiremontinfo\/2020\/11\/valery-audinot-elu-president-sivom\/#article\",\"isPartOf\":{\"@id\":\"https:\/\/vosgesinfo.fr\/remiremontinfo\/2020\/11\/valery-audinot-elu-president-sivom\/\"},\"author\":{\"name\":\"C D\",\"@id\":\"https:\/\/vosgesinfo.fr\/remiremontinfo\/#\/schema\/person\/3bfd164d5218a185b1db68655a265316\"},\"headline\":\"Val\u00e9ry Audinot est \u00e9lu pr\u00e9sident du SIVOM\",\"datePublished\":\"2020-11-15T06:48:38+00:00\",\"dateModified\":\"2020-11-15T06:48:38+00:00\",\"mainEntityOfPage\":{\"@id\":\"https:\/\/vosgesinfo.fr\/remiremontinfo\/2020\/11\/valery-audinot-elu-president-sivom\/\"},\"wordCount\":298,\"commentCount\":0,\"publisher\":{\"@id\":\"https:\/\/vosgesinfo.fr\/remiremontinfo\/#organization\"},\"image\":{\"@id\":\"https:\/\/vosgesinfo.fr\/remiremontinfo\/2020\/11\/valery-audinot-elu-president-sivom\/#primaryimage\"},\"thumbnailUrl\":\"https:\/\/vosgesinfo.fr\/app\/uploads\/sites\/5\/2024\/09\/202011125192354-211355860513472-5304246808510836909-o1.jpg\",\"articleSection\":[\"A la Une\",\"Politique\",\"Remiremont\",\"Remiremont &amp; son canton\"],\"inLanguage\":\"fr-FR\",\"potentialAction\":[{\"@type\":\"CommentAction\",\"name\":\"Comment\",\"target\":[\"https:\/\/vosgesinfo.fr\/remiremontinfo\/2020\/11\/valery-audinot-elu-president-sivom\/#respond\"]}]},{\"@type\":\"WebPage\",\"@id\":\"https:\/\/vosgesinfo.fr\/remiremontinfo\/2020\/11\/valery-audinot-elu-president-sivom\/\",\"url\":\"https:\/\/vosgesinfo.fr\/remiremontinfo\/2020\/11\/valery-audinot-elu-president-sivom\/\",\"name\":\"Val\u00e9ry Audinot est \u00e9lu pr\u00e9sident du SIVOM - Remiremont Info\",\"isPartOf\":{\"@id\":\"https:\/\/vosgesinfo.fr\/remiremontinfo\/#website\"},\"primaryImageOfPage\":{\"@id\":\"https:\/\/vosgesinfo.fr\/remiremontinfo\/2020\/11\/valery-audinot-elu-president-sivom\/#primaryimage\"},\"image\":{\"@id\":\"https:\/\/vosgesinfo.fr\/remiremontinfo\/2020\/11\/valery-audinot-elu-president-sivom\/#primaryimage\"},\"thumbnailUrl\":\"https:\/\/vosgesinfo.fr\/app\/uploads\/sites\/5\/2024\/09\/202011125192354-211355860513472-5304246808510836909-o1.jpg\",\"datePublished\":\"2020-11-15T06:48:38+00:00\",\"dateModified\":\"2020-11-15T06:48:38+00:00\",\"breadcrumb\":{\"@id\":\"https:\/\/vosgesinfo.fr\/remiremontinfo\/2020\/11\/valery-audinot-elu-president-sivom\/#breadcrumb\"},\"inLanguage\":\"fr-FR\",\"potentialAction\":[{\"@type\":\"ReadAction\",\"target\":[\"https:\/\/vosgesinfo.fr\/remiremontinfo\/2020\/11\/valery-audinot-elu-president-sivom\/\"]}]},{\"@type\":\"ImageObject\",\"inLanguage\":\"fr-FR\",\"@id\":\"https:\/\/vosgesinfo.fr\/remiremontinfo\/2020\/11\/valery-audinot-elu-president-sivom\/#primaryimage\",\"url\":\"https:\/\/vosgesinfo.fr\/app\/uploads\/sites\/5\/2024\/09\/202011125192354-211355860513472-5304246808510836909-o1.jpg\",\"contentUrl\":\"https:\/\/vosgesinfo.fr\/app\/uploads\/sites\/5\/2024\/09\/202011125192354-211355860513472-5304246808510836909-o1.jpg\",\"width\":800,\"height\":630},{\"@type\":\"BreadcrumbList\",\"@id\":\"https:\/\/vosgesinfo.fr\/remiremontinfo\/2020\/11\/valery-audinot-elu-president-sivom\/#breadcrumb\",\"itemListElement\":[{\"@type\":\"ListItem\",\"position\":1,\"name\":\"Home\",\"item\":\"https:\/\/vosgesinfo.fr\/remiremontinfo\/\"},{\"@type\":\"ListItem\",\"position\":2,\"name\":\"Val\u00e9ry Audinot est \u00e9lu pr\u00e9sident du SIVOM\"}]},{\"@type\":\"WebSite\",\"@id\":\"https:\/\/vosgesinfo.fr\/remiremontinfo\/#website\",\"url\":\"https:\/\/vosgesinfo.fr\/remiremontinfo\/\",\"name\":\"Remiremont Info\",\"description\":\"Toute l&#039;actualit\u00e9 de Remiremont\",\"publisher\":{\"@id\":\"https:\/\/vosgesinfo.fr\/remiremontinfo\/#organization\"},\"alternateName\":\"Toute l'actualit\u00e9 de Remiremont\",\"potentialAction\":[{\"@type\":\"SearchAction\",\"target\":{\"@type\":\"EntryPoint\",\"urlTemplate\":\"https:\/\/vosgesinfo.fr\/remiremontinfo\/?s={search_term_string}\"},\"query-input\":\"required name=search_term_string\"}],\"inLanguage\":\"fr-FR\"},{\"@type\":\"Organization\",\"@id\":\"https:\/\/vosgesinfo.fr\/remiremontinfo\/#organization\",\"name\":\"Remiremont Info\",\"url\":\"https:\/\/vosgesinfo.fr\/remiremontinfo\/\",\"logo\":{\"@type\":\"ImageObject\",\"inLanguage\":\"fr-FR\",\"@id\":\"https:\/\/vosgesinfo.fr\/remiremontinfo\/#\/schema\/logo\/image\/\",\"url\":\"https:\/\/vosgesinfo.fr\/app\/uploads\/sites\/5\/2023\/08\/favicon-remiremontinfo.png\",\"contentUrl\":\"https:\/\/vosgesinfo.fr\/app\/uploads\/sites\/5\/2023\/08\/favicon-remiremontinfo.png\",\"width\":512,\"height\":512,\"caption\":\"Remiremont Info\"},\"image\":{\"@id\":\"https:\/\/vosgesinfo.fr\/remiremontinfo\/#\/schema\/logo\/image\/\"},\"sameAs\":[\"https:\/\/www.facebook.com\/remiremontinfo\",\"https:\/\/x.com\/VosgesInfo88\",\"https:\/\/www.youtube.com\/@vosgesinfo\"]},{\"@type\":\"Person\",\"@id\":\"https:\/\/vosgesinfo.fr\/remiremontinfo\/#\/schema\/person\/3bfd164d5218a185b1db68655a265316\",\"name\":\"C D\",\"image\":{\"@type\":\"ImageObject\",\"inLanguage\":\"fr-FR\",\"@id\":\"https:\/\/vosgesinfo.fr\/remiremontinfo\/#\/schema\/person\/image\/\",\"url\":\"https:\/\/secure.gravatar.com\/avatar\/1f9a70007336511a47468b8f1c66f922b8b7cf617b02a31149ada43893a5d48f?s=96&d=mm&r=g\",\"contentUrl\":\"https:\/\/secure.gravatar.com\/avatar\/1f9a70007336511a47468b8f1c66f922b8b7cf617b02a31149ada43893a5d48f?s=96&d=mm&r=g\",\"caption\":\"C D\"},\"url\":\"https:\/\/vosgesinfo.fr\/remiremontinfo\/author\/cedric-drevet\/\"}]}<\/script>\n<!-- \/ Yoast SEO plugin. -->","yoast_head_json":{"title":"Val\u00e9ry Audinot est \u00e9lu pr\u00e9sident du SIVOM - Remiremont Info","robots":{"index":"index","follow":"follow","max-snippet":"max-snippet:-1","max-image-preview":"max-image-preview:large","max-video-preview":"max-video-preview:-1"},"canonical":"https:\/\/vosgesinfo.fr\/remiremontinfo\/2020\/11\/valery-audinot-elu-president-sivom\/","twitter_card":"summary_large_image","twitter_title":"Val\u00e9ry Audinot est \u00e9lu pr\u00e9sident du SIVOM - Remiremont Info","twitter_description":"Photos de Commune du Val d&rsquo;Ajol Ce vendredi 13 novembre, le Syndicat Intercommunal \u00e0 Vocations Multiples de l\u2019Agglom\u00e9ration romarimontaine (SIVOM) [&hellip;]","twitter_image":"https:\/\/vosgesinfo.fr\/app\/uploads\/sites\/5\/2024\/09\/202011125192354-211355860513472-5304246808510836909-o1.jpg","twitter_creator":"@VosgesInfo88","twitter_site":"@VosgesInfo88","twitter_misc":{"\u00c9crit par":"C D","Dur\u00e9e de lecture estim\u00e9e":"1 minute"},"schema":{"@context":"https:\/\/schema.org","@graph":[{"@type":"Article","@id":"https:\/\/vosgesinfo.fr\/remiremontinfo\/2020\/11\/valery-audinot-elu-president-sivom\/#article","isPartOf":{"@id":"https:\/\/vosgesinfo.fr\/remiremontinfo\/2020\/11\/valery-audinot-elu-president-sivom\/"},"author":{"name":"C D","@id":"https:\/\/vosgesinfo.fr\/remiremontinfo\/#\/schema\/person\/3bfd164d5218a185b1db68655a265316"},"headline":"Val\u00e9ry Audinot est \u00e9lu pr\u00e9sident du SIVOM","datePublished":"2020-11-15T06:48:38+00:00","dateModified":"2020-11-15T06:48:38+00:00","mainEntityOfPage":{"@id":"https:\/\/vosgesinfo.fr\/remiremontinfo\/2020\/11\/valery-audinot-elu-president-sivom\/"},"wordCount":298,"commentCount":0,"publisher":{"@id":"https:\/\/vosgesinfo.fr\/remiremontinfo\/#organization"},"image":{"@id":"https:\/\/vosgesinfo.fr\/remiremontinfo\/2020\/11\/valery-audinot-elu-president-sivom\/#primaryimage"},"thumbnailUrl":"https:\/\/vosgesinfo.fr\/app\/uploads\/sites\/5\/2024\/09\/202011125192354-211355860513472-5304246808510836909-o1.jpg","articleSection":["A la Une","Politique","Remiremont","Remiremont &amp; son canton"],"inLanguage":"fr-FR","potentialAction":[{"@type":"CommentAction","name":"Comment","target":["https:\/\/vosgesinfo.fr\/remiremontinfo\/2020\/11\/valery-audinot-elu-president-sivom\/#respond"]}]},{"@type":"WebPage","@id":"https:\/\/vosgesinfo.fr\/remiremontinfo\/2020\/11\/valery-audinot-elu-president-sivom\/","url":"https:\/\/vosgesinfo.fr\/remiremontinfo\/2020\/11\/valery-audinot-elu-president-sivom\/","name":"Val\u00e9ry Audinot est \u00e9lu pr\u00e9sident du SIVOM - Remiremont Info","isPartOf":{"@id":"https:\/\/vosgesinfo.fr\/remiremontinfo\/#website"},"primaryImageOfPage":{"@id":"https:\/\/vosgesinfo.fr\/remiremontinfo\/2020\/11\/valery-audinot-elu-president-sivom\/#primaryimage"},"image":{"@id":"https:\/\/vosgesinfo.fr\/remiremontinfo\/2020\/11\/valery-audinot-elu-president-sivom\/#primaryimage"},"thumbnailUrl":"https:\/\/vosgesinfo.fr\/app\/uploads\/sites\/5\/2024\/09\/202011125192354-211355860513472-5304246808510836909-o1.jpg","datePublished":"2020-11-15T06:48:38+00:00","dateModified":"2020-11-15T06:48:38+00:00","breadcrumb":{"@id":"https:\/\/vosgesinfo.fr\/remiremontinfo\/2020\/11\/valery-audinot-elu-president-sivom\/#breadcrumb"},"inLanguage":"fr-FR","potentialAction":[{"@type":"ReadAction","target":["https:\/\/vosgesinfo.fr\/remiremontinfo\/2020\/11\/valery-audinot-elu-president-sivom\/"]}]},{"@type":"ImageObject","inLanguage":"fr-FR","@id":"https:\/\/vosgesinfo.fr\/remiremontinfo\/2020\/11\/valery-audinot-elu-president-sivom\/#primaryimage","url":"https:\/\/vosgesinfo.fr\/app\/uploads\/sites\/5\/2024\/09\/202011125192354-211355860513472-5304246808510836909-o1.jpg","contentUrl":"https:\/\/vosgesinfo.fr\/app\/uploads\/sites\/5\/2024\/09\/202011125192354-211355860513472-5304246808510836909-o1.jpg","width":800,"height":630},{"@type":"BreadcrumbList","@id":"https:\/\/vosgesinfo.fr\/remiremontinfo\/2020\/11\/valery-audinot-elu-president-sivom\/#breadcrumb","itemListElement":[{"@type":"ListItem","position":1,"name":"Home","item":"https:\/\/vosgesinfo.fr\/remiremontinfo\/"},{"@type":"ListItem","position":2,"name":"Val\u00e9ry Audinot est \u00e9lu pr\u00e9sident du SIVOM"}]},{"@type":"WebSite","@id":"https:\/\/vosgesinfo.fr\/remiremontinfo\/#website","url":"https:\/\/vosgesinfo.fr\/remiremontinfo\/","name":"Remiremont Info","description":"Toute l&#039;actualit\u00e9 de Remiremont","publisher":{"@id":"https:\/\/vosgesinfo.fr\/remiremontinfo\/#organization"},"alternateName":"Toute l'actualit\u00e9 de Remiremont","potentialAction":[{"@type":"SearchAction","target":{"@type":"EntryPoint","urlTemplate":"https:\/\/vosgesinfo.fr\/remiremontinfo\/?s={search_term_string}"},"query-input":"required name=search_term_string"}],"inLanguage":"fr-FR"},{"@type":"Organization","@id":"https:\/\/vosgesinfo.fr\/remiremontinfo\/#organization","name":"Remiremont Info","url":"https:\/\/vosgesinfo.fr\/remiremontinfo\/","logo":{"@type":"ImageObject","inLanguage":"fr-FR","@id":"https:\/\/vosgesinfo.fr\/remiremontinfo\/#\/schema\/logo\/image\/","url":"https:\/\/vosgesinfo.fr\/app\/uploads\/sites\/5\/2023\/08\/favicon-remiremontinfo.png","contentUrl":"https:\/\/vosgesinfo.fr\/app\/uploads\/sites\/5\/2023\/08\/favicon-remiremontinfo.png","width":512,"height":512,"caption":"Remiremont Info"},"image":{"@id":"https:\/\/vosgesinfo.fr\/remiremontinfo\/#\/schema\/logo\/image\/"},"sameAs":["https:\/\/www.facebook.com\/remiremontinfo","https:\/\/x.com\/VosgesInfo88","https:\/\/www.youtube.com\/@vosgesinfo"]},{"@type":"Person","@id":"https:\/\/vosgesinfo.fr\/remiremontinfo\/#\/schema\/person\/3bfd164d5218a185b1db68655a265316","name":"C D","image":{"@type":"ImageObject","inLanguage":"fr-FR","@id":"https:\/\/vosgesinfo.fr\/remiremontinfo\/#\/schema\/person\/image\/","url":"https:\/\/secure.gravatar.com\/avatar\/1f9a70007336511a47468b8f1c66f922b8b7cf617b02a31149ada43893a5d48f?s=96&d=mm&r=g","contentUrl":"https:\/\/secure.gravatar.com\/avatar\/1f9a70007336511a47468b8f1c66f922b8b7cf617b02a31149ada43893a5d48f?s=96&d=mm&r=g","caption":"C D"},"url":"https:\/\/vosgesinfo.fr\/remiremontinfo\/author\/cedric-drevet\/"}]}},"_links":{"self":[{"href":"https:\/\/vosgesinfo.fr\/remiremontinfo\/wp-json\/wp\/v2\/posts\/33754","targetHints":{"allow":["GET"]}}],"collection":[{"href":"https:\/\/vosgesinfo.fr\/remiremontinfo\/wp-json\/wp\/v2\/posts"}],"about":[{"href":"https:\/\/vosgesinfo.fr\/remiremontinfo\/wp-json\/wp\/v2\/types\/post"}],"author":[{"embeddable":true,"href":"https:\/\/vosgesinfo.fr\/remiremontinfo\/wp-json\/wp\/v2\/users\/407"}],"replies":[{"embeddable":true,"href":"https:\/\/vosgesinfo.fr\/remiremontinfo\/wp-json\/wp\/v2\/comments?post=33754"}],"version-history":[{"count":0,"href":"https:\/\/vosgesinfo.fr\/remiremontinfo\/wp-json\/wp\/v2\/posts\/33754\/revisions"}],"wp:featuredmedia":[{"embeddable":true,"href":"https:\/\/vosgesinfo.fr\/remiremontinfo\/wp-json\/wp\/v2\/media\/33755"}],"wp:attachment":[{"href":"https:\/\/vosgesinfo.fr\/remiremontinfo\/wp-json\/wp\/v2\/media?parent=33754"}],"wp:term":[{"taxonomy":"category","embeddable":true,"href":"https:\/\/vosgesinfo.fr\/remiremontinfo\/wp-json\/wp\/v2\/categories?post=33754"},{"taxonomy":"post_tag","embeddable":true,"href":"https:\/\/vosgesinfo.fr\/remiremontinfo\/wp-json\/wp\/v2\/tags?post=33754"}],"curies":[{"name":"wp","href":"https:\/\/api.w.org\/{rel}","templated":true}]}}