{"id":33889,"date":"2020-11-17T06:00:41","date_gmt":"2020-11-17T05:00:41","guid":{"rendered":"https:\/\/vosgesinfo.fr\/remiremontinfo\/2020\/11\/bussang-janine-gaidot-figure-de-larcheologie-de-lhistoire-locale\/"},"modified":"2020-11-17T06:00:41","modified_gmt":"2020-11-17T05:00:41","slug":"bussang-janine-gaidot-figure-de-larcheologie-de-lhistoire-locale","status":"publish","type":"post","link":"https:\/\/vosgesinfo.fr\/remiremontinfo\/2020\/11\/bussang-janine-gaidot-figure-de-larcheologie-de-lhistoire-locale\/","title":{"rendered":"Bussang\u00a0: Janine Gaidot, figure de l\u2019arch\u00e9ologie et de l\u2019histoire locale"},"content":{"rendered":"<p style=\"text-align: center;\"><a href=\"\/2020\/11\/rrr.jpg\"><img decoding=\"async\" class=\"alignnone size-full wp-image-301662\" src=\"\/2020\/11\/rrr.jpg\" alt=\"rrr\" width=\"800\" height=\"600\" \/><\/a><\/p>\n<p><span style=\"font-size: 10pt;\"><em>Fl\u00e8che du n\u00e9olithique moyen, (entre &#8211; 4700 et &#8211; 4000 av JC) trouv\u00e9e en 2000 \u00e0 Ramonchamp par Janine Gaidot. Publi\u00e9 dans les actes des Journ\u00e9es d&rsquo;Etudes Vosgiennes du Thillot en 2007<\/em><\/span><\/p>\n<h2><span style=\"font-size: 12pt;\"><strong>Madame Janine Gaidot est d\u00e9c\u00e9d\u00e9e \u00e0 l\u2019aube de ses 93 ans. Qu\u2019elle repose en paix. Vincent Decombis, pr\u00e9sident de l&rsquo;association RECRE \u00ab\u00a0Vivre et Cr\u00e9er \u00e0 la Montagne\u00a0\u00bb, lui rend hommage en racontant une partie de son engagement dans<\/strong><\/span><\/h2>\n<div id=\"attachment_301663\" style=\"width: 138px\" class=\"wp-caption alignright\"><a href=\"\/2020\/11\/unnamed.jpg\"><img decoding=\"async\" aria-describedby=\"caption-attachment-301663\" class=\"wp-image-301663 size-full\" src=\"\/2020\/11\/unnamed.jpg\" alt=\"unnamed\" width=\"128\" height=\"151\" \/><\/a><p id=\"caption-attachment-301663\" class=\"wp-caption-text\"><em>Janine Gaidot<\/em><\/p><\/div>\n<h2><span style=\"font-size: 12pt;\"><strong>le domaine de l\u2019histoire et de la pr\u00e9histoire locales.<\/strong><\/span><\/h2>\n<p><em>\u00ab\u00a0Janine, figure de la m\u00e9moire de Bussang , participait activement avec Jojo, Georges Gaidot son \u00e9poux , \u00e0 tout ce qui touchait \u00e0 l&rsquo;\u00e2me profonde de Bussang et des Hautes Vosges .<\/em><\/p>\n<p><em>Elle recueillait passionn\u00e9ment ,toutes les archives, articles, de l&rsquo;histoire locale, avec une curiosit\u00e9 insatiable . Tr\u00e8s active avec Jojo dans l&rsquo;Association La Voye, centr\u00e9e \u00e0 Fresse sur Moselle, elle participait au groupe patois, au groupe couture, faisant costumes f\u00e9minins et blaudes pour les f\u00eates de celle-ci .<\/em><\/p>\n<p><em>Son engagement plus particulier au sein du groupe arch\u00e9ologique l&rsquo;amenait \u00e0 participer aux prospections de celui-ci, qui ont r\u00e9v\u00e9l\u00e9 depuis 1994 une pr\u00e9sence pr\u00e9historique et romaine dans le Sud Est des Vosges , jusque l\u00e0 ignor\u00e9e en amont de Remiremont .<\/em><\/p>\n<p><em>Dans des prospections syst\u00e9matiques sur le terrain, on lui doit maintes d\u00e9couvertes d&rsquo;artefacts pr\u00e9historiques et fragments de poterie romaine .<\/em><\/p>\n<p><em>Sa principale d\u00e9couverte est la fl\u00e8che n\u00e9olithique de Ramonchamp en 2000 .<\/em><\/p>\n<p><em>Les derni\u00e8res ann\u00e9es, elle ne venait plus sur le terrain : mais l&rsquo;examen des prospections avec Jojo faisait l&rsquo;objet de m\u00e9morables soir\u00e9es de tri, lavage, examen tout aussi passionn\u00e9es ., de discussions d&rsquo;interpr\u00e9tation du mat\u00e9riel arch\u00e9ologique tr\u00e8s discut\u00e9es .<\/em><\/p>\n<p><em>Elle et Jojo oarticipaient aussi aux r\u00e9unions de la Soci\u00e9t\u00e9 d&rsquo;Histoire Locale de Remiremont, aux colloques de Dialogues Transvosgiens et Rencontres Transvosgiennes<\/em><\/p>\n<p><em>Avec Jojo, elle participait aussi \u00e0 l&rsquo;action de l&rsquo;association RECRE \u00ab\u00a0Vivre et Cr\u00e9er \u00e0 la Montagne\u00a0\u00bb, tirant le bois notamment dans la pr\u00e9paration des Feux du Ballon , lanc\u00e9s en 1992.\u00a0\u00bb<\/em><\/p>\n<p><em>Vincent Decombis<\/em><\/p>\n","protected":false},"excerpt":{"rendered":"<p>Fl\u00e8che du n\u00e9olithique moyen, (entre &#8211; 4700 et &#8211; 4000 av JC) trouv\u00e9e en 2000 \u00e0 Ramonchamp par Janine Gaidot. [&hellip;]<\/p>\n","protected":false},"author":407,"featured_media":33890,"comment_status":"open","ping_status":"open","sticky":false,"template":"","format":"standard","meta":{"footnotes":""},"categories":[26,38,37],"tags":[],"class_list":["post-33889","post","type-post","status-publish","format-standard","has-post-thumbnail","hentry","category-a-la-une","category-bussang","category-le-thillot-son-canton"],"acf":[],"yoast_head":"<!-- This site is optimized with the Yoast SEO plugin v22.5 - https:\/\/yoast.com\/wordpress\/plugins\/seo\/ -->\n<title>Bussang\u00a0: Janine Gaidot, figure de l\u2019arch\u00e9ologie et de l\u2019histoire locale - Remiremont Info<\/title>\n<meta name=\"robots\" content=\"index, follow, max-snippet:-1, max-image-preview:large, max-video-preview:-1\" \/>\n<link rel=\"canonical\" href=\"https:\/\/vosgesinfo.fr\/remiremontinfo\/2020\/11\/bussang-janine-gaidot-figure-de-larcheologie-de-lhistoire-locale\/\" \/>\n<meta name=\"twitter:card\" content=\"summary_large_image\" \/>\n<meta name=\"twitter:title\" content=\"Bussang\u00a0: Janine Gaidot, figure de l\u2019arch\u00e9ologie et de l\u2019histoire locale - Remiremont Info\" \/>\n<meta name=\"twitter:description\" content=\"Fl\u00e8che du n\u00e9olithique moyen, (entre &#8211; 4700 et &#8211; 4000 av JC) trouv\u00e9e en 2000 \u00e0 Ramonchamp par Janine Gaidot. [&hellip;]\" \/>\n<meta name=\"twitter:image\" content=\"https:\/\/vosgesinfo.fr\/app\/uploads\/sites\/5\/2024\/09\/202011capture-decran-2020-11-17-111055.png\" \/>\n<meta name=\"twitter:creator\" content=\"@VosgesInfo88\" \/>\n<meta name=\"twitter:site\" content=\"@VosgesInfo88\" \/>\n<meta name=\"twitter:label1\" content=\"\u00c9crit par\" \/>\n\t<meta name=\"twitter:data1\" content=\"C D\" \/>\n\t<meta name=\"twitter:label2\" content=\"Dur\u00e9e de lecture estim\u00e9e\" \/>\n\t<meta name=\"twitter:data2\" content=\"2 minutes\" \/>\n<script type=\"application\/ld+json\" class=\"yoast-schema-graph\">{\"@context\":\"https:\/\/schema.org\",\"@graph\":[{\"@type\":\"Article\",\"@id\":\"https:\/\/vosgesinfo.fr\/remiremontinfo\/2020\/11\/bussang-janine-gaidot-figure-de-larcheologie-de-lhistoire-locale\/#article\",\"isPartOf\":{\"@id\":\"https:\/\/vosgesinfo.fr\/remiremontinfo\/2020\/11\/bussang-janine-gaidot-figure-de-larcheologie-de-lhistoire-locale\/\"},\"author\":{\"name\":\"C D\",\"@id\":\"https:\/\/vosgesinfo.fr\/remiremontinfo\/#\/schema\/person\/3bfd164d5218a185b1db68655a265316\"},\"headline\":\"Bussang\u00a0: Janine Gaidot, figure de l\u2019arch\u00e9ologie et de l\u2019histoire locale\",\"datePublished\":\"2020-11-17T05:00:41+00:00\",\"dateModified\":\"2020-11-17T05:00:41+00:00\",\"mainEntityOfPage\":{\"@id\":\"https:\/\/vosgesinfo.fr\/remiremontinfo\/2020\/11\/bussang-janine-gaidot-figure-de-larcheologie-de-lhistoire-locale\/\"},\"wordCount\":376,\"commentCount\":0,\"publisher\":{\"@id\":\"https:\/\/vosgesinfo.fr\/remiremontinfo\/#organization\"},\"image\":{\"@id\":\"https:\/\/vosgesinfo.fr\/remiremontinfo\/2020\/11\/bussang-janine-gaidot-figure-de-larcheologie-de-lhistoire-locale\/#primaryimage\"},\"thumbnailUrl\":\"https:\/\/vosgesinfo.fr\/app\/uploads\/sites\/5\/2024\/09\/202011capture-decran-2020-11-17-111055.png\",\"articleSection\":[\"A la Une\",\"Bussang\",\"Le Thillot &amp; son canton\"],\"inLanguage\":\"fr-FR\",\"potentialAction\":[{\"@type\":\"CommentAction\",\"name\":\"Comment\",\"target\":[\"https:\/\/vosgesinfo.fr\/remiremontinfo\/2020\/11\/bussang-janine-gaidot-figure-de-larcheologie-de-lhistoire-locale\/#respond\"]}]},{\"@type\":\"WebPage\",\"@id\":\"https:\/\/vosgesinfo.fr\/remiremontinfo\/2020\/11\/bussang-janine-gaidot-figure-de-larcheologie-de-lhistoire-locale\/\",\"url\":\"https:\/\/vosgesinfo.fr\/remiremontinfo\/2020\/11\/bussang-janine-gaidot-figure-de-larcheologie-de-lhistoire-locale\/\",\"name\":\"Bussang\u00a0: Janine Gaidot, figure de l\u2019arch\u00e9ologie et de l\u2019histoire locale - Remiremont Info\",\"isPartOf\":{\"@id\":\"https:\/\/vosgesinfo.fr\/remiremontinfo\/#website\"},\"primaryImageOfPage\":{\"@id\":\"https:\/\/vosgesinfo.fr\/remiremontinfo\/2020\/11\/bussang-janine-gaidot-figure-de-larcheologie-de-lhistoire-locale\/#primaryimage\"},\"image\":{\"@id\":\"https:\/\/vosgesinfo.fr\/remiremontinfo\/2020\/11\/bussang-janine-gaidot-figure-de-larcheologie-de-lhistoire-locale\/#primaryimage\"},\"thumbnailUrl\":\"https:\/\/vosgesinfo.fr\/app\/uploads\/sites\/5\/2024\/09\/202011capture-decran-2020-11-17-111055.png\",\"datePublished\":\"2020-11-17T05:00:41+00:00\",\"dateModified\":\"2020-11-17T05:00:41+00:00\",\"breadcrumb\":{\"@id\":\"https:\/\/vosgesinfo.fr\/remiremontinfo\/2020\/11\/bussang-janine-gaidot-figure-de-larcheologie-de-lhistoire-locale\/#breadcrumb\"},\"inLanguage\":\"fr-FR\",\"potentialAction\":[{\"@type\":\"ReadAction\",\"target\":[\"https:\/\/vosgesinfo.fr\/remiremontinfo\/2020\/11\/bussang-janine-gaidot-figure-de-larcheologie-de-lhistoire-locale\/\"]}]},{\"@type\":\"ImageObject\",\"inLanguage\":\"fr-FR\",\"@id\":\"https:\/\/vosgesinfo.fr\/remiremontinfo\/2020\/11\/bussang-janine-gaidot-figure-de-larcheologie-de-lhistoire-locale\/#primaryimage\",\"url\":\"https:\/\/vosgesinfo.fr\/app\/uploads\/sites\/5\/2024\/09\/202011capture-decran-2020-11-17-111055.png\",\"contentUrl\":\"https:\/\/vosgesinfo.fr\/app\/uploads\/sites\/5\/2024\/09\/202011capture-decran-2020-11-17-111055.png\",\"width\":756,\"height\":517},{\"@type\":\"BreadcrumbList\",\"@id\":\"https:\/\/vosgesinfo.fr\/remiremontinfo\/2020\/11\/bussang-janine-gaidot-figure-de-larcheologie-de-lhistoire-locale\/#breadcrumb\",\"itemListElement\":[{\"@type\":\"ListItem\",\"position\":1,\"name\":\"Home\",\"item\":\"https:\/\/vosgesinfo.fr\/remiremontinfo\/\"},{\"@type\":\"ListItem\",\"position\":2,\"name\":\"Bussang\u00a0: Janine Gaidot, figure de l\u2019arch\u00e9ologie et de l\u2019histoire locale\"}]},{\"@type\":\"WebSite\",\"@id\":\"https:\/\/vosgesinfo.fr\/remiremontinfo\/#website\",\"url\":\"https:\/\/vosgesinfo.fr\/remiremontinfo\/\",\"name\":\"Remiremont Info\",\"description\":\"Toute l&#039;actualit\u00e9 de Remiremont\",\"publisher\":{\"@id\":\"https:\/\/vosgesinfo.fr\/remiremontinfo\/#organization\"},\"alternateName\":\"Toute l'actualit\u00e9 de Remiremont\",\"potentialAction\":[{\"@type\":\"SearchAction\",\"target\":{\"@type\":\"EntryPoint\",\"urlTemplate\":\"https:\/\/vosgesinfo.fr\/remiremontinfo\/?s={search_term_string}\"},\"query-input\":\"required name=search_term_string\"}],\"inLanguage\":\"fr-FR\"},{\"@type\":\"Organization\",\"@id\":\"https:\/\/vosgesinfo.fr\/remiremontinfo\/#organization\",\"name\":\"Remiremont Info\",\"url\":\"https:\/\/vosgesinfo.fr\/remiremontinfo\/\",\"logo\":{\"@type\":\"ImageObject\",\"inLanguage\":\"fr-FR\",\"@id\":\"https:\/\/vosgesinfo.fr\/remiremontinfo\/#\/schema\/logo\/image\/\",\"url\":\"https:\/\/vosgesinfo.fr\/app\/uploads\/sites\/5\/2023\/08\/favicon-remiremontinfo.png\",\"contentUrl\":\"https:\/\/vosgesinfo.fr\/app\/uploads\/sites\/5\/2023\/08\/favicon-remiremontinfo.png\",\"width\":512,\"height\":512,\"caption\":\"Remiremont Info\"},\"image\":{\"@id\":\"https:\/\/vosgesinfo.fr\/remiremontinfo\/#\/schema\/logo\/image\/\"},\"sameAs\":[\"https:\/\/www.facebook.com\/remiremontinfo\",\"https:\/\/x.com\/VosgesInfo88\",\"https:\/\/www.youtube.com\/@vosgesinfo\"]},{\"@type\":\"Person\",\"@id\":\"https:\/\/vosgesinfo.fr\/remiremontinfo\/#\/schema\/person\/3bfd164d5218a185b1db68655a265316\",\"name\":\"C D\",\"image\":{\"@type\":\"ImageObject\",\"inLanguage\":\"fr-FR\",\"@id\":\"https:\/\/vosgesinfo.fr\/remiremontinfo\/#\/schema\/person\/image\/\",\"url\":\"https:\/\/secure.gravatar.com\/avatar\/1f9a70007336511a47468b8f1c66f922b8b7cf617b02a31149ada43893a5d48f?s=96&d=mm&r=g\",\"contentUrl\":\"https:\/\/secure.gravatar.com\/avatar\/1f9a70007336511a47468b8f1c66f922b8b7cf617b02a31149ada43893a5d48f?s=96&d=mm&r=g\",\"caption\":\"C D\"},\"url\":\"https:\/\/vosgesinfo.fr\/remiremontinfo\/author\/cedric-drevet\/\"}]}<\/script>\n<!-- \/ Yoast SEO plugin. -->","yoast_head_json":{"title":"Bussang\u00a0: Janine Gaidot, figure de l\u2019arch\u00e9ologie et de l\u2019histoire locale - Remiremont Info","robots":{"index":"index","follow":"follow","max-snippet":"max-snippet:-1","max-image-preview":"max-image-preview:large","max-video-preview":"max-video-preview:-1"},"canonical":"https:\/\/vosgesinfo.fr\/remiremontinfo\/2020\/11\/bussang-janine-gaidot-figure-de-larcheologie-de-lhistoire-locale\/","twitter_card":"summary_large_image","twitter_title":"Bussang\u00a0: Janine Gaidot, figure de l\u2019arch\u00e9ologie et de l\u2019histoire locale - Remiremont Info","twitter_description":"Fl\u00e8che du n\u00e9olithique moyen, (entre &#8211; 4700 et &#8211; 4000 av JC) trouv\u00e9e en 2000 \u00e0 Ramonchamp par Janine Gaidot. [&hellip;]","twitter_image":"https:\/\/vosgesinfo.fr\/app\/uploads\/sites\/5\/2024\/09\/202011capture-decran-2020-11-17-111055.png","twitter_creator":"@VosgesInfo88","twitter_site":"@VosgesInfo88","twitter_misc":{"\u00c9crit par":"C D","Dur\u00e9e de lecture estim\u00e9e":"2 minutes"},"schema":{"@context":"https:\/\/schema.org","@graph":[{"@type":"Article","@id":"https:\/\/vosgesinfo.fr\/remiremontinfo\/2020\/11\/bussang-janine-gaidot-figure-de-larcheologie-de-lhistoire-locale\/#article","isPartOf":{"@id":"https:\/\/vosgesinfo.fr\/remiremontinfo\/2020\/11\/bussang-janine-gaidot-figure-de-larcheologie-de-lhistoire-locale\/"},"author":{"name":"C D","@id":"https:\/\/vosgesinfo.fr\/remiremontinfo\/#\/schema\/person\/3bfd164d5218a185b1db68655a265316"},"headline":"Bussang\u00a0: Janine Gaidot, figure de l\u2019arch\u00e9ologie et de l\u2019histoire locale","datePublished":"2020-11-17T05:00:41+00:00","dateModified":"2020-11-17T05:00:41+00:00","mainEntityOfPage":{"@id":"https:\/\/vosgesinfo.fr\/remiremontinfo\/2020\/11\/bussang-janine-gaidot-figure-de-larcheologie-de-lhistoire-locale\/"},"wordCount":376,"commentCount":0,"publisher":{"@id":"https:\/\/vosgesinfo.fr\/remiremontinfo\/#organization"},"image":{"@id":"https:\/\/vosgesinfo.fr\/remiremontinfo\/2020\/11\/bussang-janine-gaidot-figure-de-larcheologie-de-lhistoire-locale\/#primaryimage"},"thumbnailUrl":"https:\/\/vosgesinfo.fr\/app\/uploads\/sites\/5\/2024\/09\/202011capture-decran-2020-11-17-111055.png","articleSection":["A la Une","Bussang","Le Thillot &amp; son canton"],"inLanguage":"fr-FR","potentialAction":[{"@type":"CommentAction","name":"Comment","target":["https:\/\/vosgesinfo.fr\/remiremontinfo\/2020\/11\/bussang-janine-gaidot-figure-de-larcheologie-de-lhistoire-locale\/#respond"]}]},{"@type":"WebPage","@id":"https:\/\/vosgesinfo.fr\/remiremontinfo\/2020\/11\/bussang-janine-gaidot-figure-de-larcheologie-de-lhistoire-locale\/","url":"https:\/\/vosgesinfo.fr\/remiremontinfo\/2020\/11\/bussang-janine-gaidot-figure-de-larcheologie-de-lhistoire-locale\/","name":"Bussang\u00a0: Janine Gaidot, figure de l\u2019arch\u00e9ologie et de l\u2019histoire locale - Remiremont Info","isPartOf":{"@id":"https:\/\/vosgesinfo.fr\/remiremontinfo\/#website"},"primaryImageOfPage":{"@id":"https:\/\/vosgesinfo.fr\/remiremontinfo\/2020\/11\/bussang-janine-gaidot-figure-de-larcheologie-de-lhistoire-locale\/#primaryimage"},"image":{"@id":"https:\/\/vosgesinfo.fr\/remiremontinfo\/2020\/11\/bussang-janine-gaidot-figure-de-larcheologie-de-lhistoire-locale\/#primaryimage"},"thumbnailUrl":"https:\/\/vosgesinfo.fr\/app\/uploads\/sites\/5\/2024\/09\/202011capture-decran-2020-11-17-111055.png","datePublished":"2020-11-17T05:00:41+00:00","dateModified":"2020-11-17T05:00:41+00:00","breadcrumb":{"@id":"https:\/\/vosgesinfo.fr\/remiremontinfo\/2020\/11\/bussang-janine-gaidot-figure-de-larcheologie-de-lhistoire-locale\/#breadcrumb"},"inLanguage":"fr-FR","potentialAction":[{"@type":"ReadAction","target":["https:\/\/vosgesinfo.fr\/remiremontinfo\/2020\/11\/bussang-janine-gaidot-figure-de-larcheologie-de-lhistoire-locale\/"]}]},{"@type":"ImageObject","inLanguage":"fr-FR","@id":"https:\/\/vosgesinfo.fr\/remiremontinfo\/2020\/11\/bussang-janine-gaidot-figure-de-larcheologie-de-lhistoire-locale\/#primaryimage","url":"https:\/\/vosgesinfo.fr\/app\/uploads\/sites\/5\/2024\/09\/202011capture-decran-2020-11-17-111055.png","contentUrl":"https:\/\/vosgesinfo.fr\/app\/uploads\/sites\/5\/2024\/09\/202011capture-decran-2020-11-17-111055.png","width":756,"height":517},{"@type":"BreadcrumbList","@id":"https:\/\/vosgesinfo.fr\/remiremontinfo\/2020\/11\/bussang-janine-gaidot-figure-de-larcheologie-de-lhistoire-locale\/#breadcrumb","itemListElement":[{"@type":"ListItem","position":1,"name":"Home","item":"https:\/\/vosgesinfo.fr\/remiremontinfo\/"},{"@type":"ListItem","position":2,"name":"Bussang\u00a0: Janine Gaidot, figure de l\u2019arch\u00e9ologie et de l\u2019histoire locale"}]},{"@type":"WebSite","@id":"https:\/\/vosgesinfo.fr\/remiremontinfo\/#website","url":"https:\/\/vosgesinfo.fr\/remiremontinfo\/","name":"Remiremont Info","description":"Toute l&#039;actualit\u00e9 de Remiremont","publisher":{"@id":"https:\/\/vosgesinfo.fr\/remiremontinfo\/#organization"},"alternateName":"Toute l'actualit\u00e9 de Remiremont","potentialAction":[{"@type":"SearchAction","target":{"@type":"EntryPoint","urlTemplate":"https:\/\/vosgesinfo.fr\/remiremontinfo\/?s={search_term_string}"},"query-input":"required name=search_term_string"}],"inLanguage":"fr-FR"},{"@type":"Organization","@id":"https:\/\/vosgesinfo.fr\/remiremontinfo\/#organization","name":"Remiremont Info","url":"https:\/\/vosgesinfo.fr\/remiremontinfo\/","logo":{"@type":"ImageObject","inLanguage":"fr-FR","@id":"https:\/\/vosgesinfo.fr\/remiremontinfo\/#\/schema\/logo\/image\/","url":"https:\/\/vosgesinfo.fr\/app\/uploads\/sites\/5\/2023\/08\/favicon-remiremontinfo.png","contentUrl":"https:\/\/vosgesinfo.fr\/app\/uploads\/sites\/5\/2023\/08\/favicon-remiremontinfo.png","width":512,"height":512,"caption":"Remiremont Info"},"image":{"@id":"https:\/\/vosgesinfo.fr\/remiremontinfo\/#\/schema\/logo\/image\/"},"sameAs":["https:\/\/www.facebook.com\/remiremontinfo","https:\/\/x.com\/VosgesInfo88","https:\/\/www.youtube.com\/@vosgesinfo"]},{"@type":"Person","@id":"https:\/\/vosgesinfo.fr\/remiremontinfo\/#\/schema\/person\/3bfd164d5218a185b1db68655a265316","name":"C D","image":{"@type":"ImageObject","inLanguage":"fr-FR","@id":"https:\/\/vosgesinfo.fr\/remiremontinfo\/#\/schema\/person\/image\/","url":"https:\/\/secure.gravatar.com\/avatar\/1f9a70007336511a47468b8f1c66f922b8b7cf617b02a31149ada43893a5d48f?s=96&d=mm&r=g","contentUrl":"https:\/\/secure.gravatar.com\/avatar\/1f9a70007336511a47468b8f1c66f922b8b7cf617b02a31149ada43893a5d48f?s=96&d=mm&r=g","caption":"C D"},"url":"https:\/\/vosgesinfo.fr\/remiremontinfo\/author\/cedric-drevet\/"}]}},"_links":{"self":[{"href":"https:\/\/vosgesinfo.fr\/remiremontinfo\/wp-json\/wp\/v2\/posts\/33889","targetHints":{"allow":["GET"]}}],"collection":[{"href":"https:\/\/vosgesinfo.fr\/remiremontinfo\/wp-json\/wp\/v2\/posts"}],"about":[{"href":"https:\/\/vosgesinfo.fr\/remiremontinfo\/wp-json\/wp\/v2\/types\/post"}],"author":[{"embeddable":true,"href":"https:\/\/vosgesinfo.fr\/remiremontinfo\/wp-json\/wp\/v2\/users\/407"}],"replies":[{"embeddable":true,"href":"https:\/\/vosgesinfo.fr\/remiremontinfo\/wp-json\/wp\/v2\/comments?post=33889"}],"version-history":[{"count":0,"href":"https:\/\/vosgesinfo.fr\/remiremontinfo\/wp-json\/wp\/v2\/posts\/33889\/revisions"}],"wp:featuredmedia":[{"embeddable":true,"href":"https:\/\/vosgesinfo.fr\/remiremontinfo\/wp-json\/wp\/v2\/media\/33890"}],"wp:attachment":[{"href":"https:\/\/vosgesinfo.fr\/remiremontinfo\/wp-json\/wp\/v2\/media?parent=33889"}],"wp:term":[{"taxonomy":"category","embeddable":true,"href":"https:\/\/vosgesinfo.fr\/remiremontinfo\/wp-json\/wp\/v2\/categories?post=33889"},{"taxonomy":"post_tag","embeddable":true,"href":"https:\/\/vosgesinfo.fr\/remiremontinfo\/wp-json\/wp\/v2\/tags?post=33889"}],"curies":[{"name":"wp","href":"https:\/\/api.w.org\/{rel}","templated":true}]}}