{"id":33900,"date":"2020-11-17T13:05:31","date_gmt":"2020-11-17T12:05:31","guid":{"rendered":"https:\/\/vosgesinfo.fr\/remiremontinfo\/2020\/11\/covid-19-operations-deprogrammees-a-lhopital-de-remiremont\/"},"modified":"2020-11-17T13:05:31","modified_gmt":"2020-11-17T12:05:31","slug":"covid-19-operations-deprogrammees-a-lhopital-de-remiremont","status":"publish","type":"post","link":"https:\/\/vosgesinfo.fr\/remiremontinfo\/2020\/11\/covid-19-operations-deprogrammees-a-lhopital-de-remiremont\/","title":{"rendered":"Covid-19 : des op\u00e9rations d\u00e9programm\u00e9es \u00e0 l&rsquo;h\u00f4pital de Remiremont"},"content":{"rendered":"<p style=\"text-align: center;\"><a href=\"\/2020\/11\/Annotation-2020-06-12-0913291.png\"><img decoding=\"async\" class=\"alignnone size-full wp-image-301699\" src=\"\/2020\/11\/Annotation-2020-06-12-0913291.png\" alt=\"Annotation-2020-06-12-0913291\" width=\"800\" height=\"534\" \/><\/a><\/p>\n<p style=\"text-align: center;\"><span style=\"font-size: 12pt;\"><em>Communiqu\u00e9 des Centres Hospitaliers<\/em><\/span><\/p>\n<h2><span style=\"font-size: 12pt;\"><strong>La deuxi\u00e8me vague de la pand\u00e9mie COVID 19 a contraint le Centre Hospitalier de Remiremont \u00e0 d\u00e9programmer des activit\u00e9s, afin d\u2019augmenter ses capacit\u00e9s de Soins critiques et de d\u00e9gager du personnel m\u00e9dical et param\u00e9dical pour renforcer la fili\u00e8re COVID en m\u00e9decine, en USC et aux urgences, mais aussi de faire face aux arr\u00eats de travail du personnel. Nous maintenons n\u00e9anmoins une continuit\u00e9 de la prise en charge pour les autres pathologies. Vous en trouverez ci-apr\u00e8s le d\u00e9tail.<\/strong><\/span><\/h2>\n<p><em><strong>Hospitalisations<\/strong><\/em><\/p>\n<p>M\u00e9decine :<br \/>\n&#8211; M\u00e9decine \u00e0 orientation cardiologique : maintien de la totalit\u00e9 de nos capacit\u00e9s<br \/>\n&#8211; Oncologie : maintien de l\u2019activit\u00e9 (chimioth\u00e9rapie, chirurgie, m\u00e9decine)<br \/>\n&#8211; Court s\u00e9jour g\u00e9riatrique : maintien de la totalit\u00e9 de nos capacit\u00e9s<br \/>\n&#8211; M\u00e9decine : Regroupement des m\u00e9decines \u00e0 orientation pneumologique, diab\u00e9tologique, m\u00e9decine interne et m\u00e9decine polyvalente non covid : 60% des lits de m\u00e9decine<br \/>\n&#8211; M\u00e9decine Covid : 40% des lits de m\u00e9decine<br \/>\n&#8211; H\u00f4pital de jour de m\u00e9decine: maintien de l\u2019activit\u00e9 non diff\u00e9rable<\/p>\n<p>P\u00e9diatrie et n\u00e9onatalogie :<br \/>\n&#8211; Maintien de la totalit\u00e9 de nos capacit\u00e9s<\/p>\n<p>Obst\u00e9trique :<br \/>\n&#8211; Maternit\u00e9 : maintien de la totalit\u00e9 de nos capacit\u00e9s<\/p>\n<p>Chirurgies et endoscopies :<br \/>\nMaintien de la chirurgie carcinologique, obst\u00e9tricale et 75% des endoscopies digestives.<br \/>\nMaintien constant d\u2019une salle de chirurgie d\u00e9di\u00e9e \u00e0 l\u2019urgence, toutes sp\u00e9cialit\u00e9s<br \/>\nD\u00e9programmation de gestes op\u00e9ratoires programm\u00e9s diff\u00e9rables (ambulatoires ou conventionnels):<br \/>\n&#8211; Chirurgie traumatologique et orthop\u00e9dique : maintien de 20% de l\u2019activit\u00e9<br \/>\n&#8211; Chirurgie visc\u00e9rale : maintien de 20% de l\u2019activit\u00e9<br \/>\n&#8211; Chirurgie gyn\u00e9cologique : maintien de 30% de l\u2019activit\u00e9<br \/>\n&#8211; Chirurgie ORL : maintien de 30% de l\u2019activit\u00e9<br \/>\n&#8211; H\u00e9pato-Gastro-Ent\u00e9rologie : maintien de 75% de l\u2019activit\u00e9<br \/>\n&#8211; Chirurgie maxillo-faciale : maintien de 100% de l\u2019activit\u00e9<\/p>\n<p>Surveillance continue :<br \/>\n&#8211;\u00a0Passage de 6 \u00e0 8 lits<\/p>\n<p>Soins de suite et r\u00e9adapation:<br \/>\n&#8211; Secteur non Covid, maintien de la totalit\u00e9 de nos capacit\u00e9s<\/p>\n<p><strong><em>Consultations<\/em><\/strong><\/p>\n<p>M\u00e9decine :<br \/>\n&#8211; Les consultations des sp\u00e9cialit\u00e9s prioritaires (cardiologie, canc\u00e9rologie, h\u00e9pato-gastro-ent\u00e9rologie) sont maintenues<br \/>\n&#8211; Les consultations des autres sp\u00e9cialit\u00e9s de m\u00e9decine sont conserv\u00e9es quand leur report entra\u00eenerait une perte de chance pour le patient. Dans le cas contraire, elles seront reprogramm\u00e9es par les secr\u00e9tariats de chaque sp\u00e9cialit\u00e9 d\u00e8s que possible.<br \/>\n&#8211; Chaque praticien g\u00e8re ses consultations, les patients sont contact\u00e9s directement par les secr\u00e9taires pour les informer du maintien ou du report de leur consultation<br \/>\n&#8211; Les consultations maintenues se font dans le respect des gestes barri\u00e8res (circuit d\u00e9di\u00e9, masques, gel et distanciation dans les salles d\u2019attente) , augmentation des temps de d\u00e9sinfection et cr\u00e9neaux d\u00e9cal\u00e9s pour les patients Covid + connus<br \/>\n&#8211; En cas d\u2019urgence , des consultations peuvent \u00eatre organis\u00e9es quelle que soit la sp\u00e9cialit\u00e9 sur appel du m\u00e9decin traitant<\/p>\n<p>Obst\u00e9trique \/ Gyn\u00e9colgie :<br \/>\n&#8211; Consultations et \u00e9chographies pr\u00e9natales maintenues, obst\u00e9triciens et sage-femme<br \/>\n&#8211; Consultations gyn\u00e9cologiques maintenues<br \/>\n&#8211; Consultations s\u00e9nologiques maintenues<\/p>\n<p>P\u00e9diatrie :<br \/>\n&#8211; Consultations des nouveau-n\u00e9s maintenues dans le respect des r\u00e8gles sanitaires<br \/>\n&#8211; Consultations p\u00e9diatriques, enfants et adolescents maintenues dans le respect des r\u00e8gles sanitaires<\/p>\n<p>Chirurgie et endoscopies :<br \/>\n&#8211; Les consultations de chirurgie digestive, orthop\u00e9diques et ORL sont maintenues avec respect des gestes barri\u00e8res (masques, gel et distanciation dans les salles d\u2019attente) , circuit d\u00e9di\u00e9 avec marche en avant, augmentation des temps de d\u00e9sinfection et cr\u00e9neaux d\u00e9cal\u00e9s pour les patients Covid + connus<\/p>\n<p>Anesth\u00e9sie :<br \/>\n&#8211; Maintien des consultations au prorata des besoins chirurgicaux et obst\u00e9tricaux<\/p>\n<p>Services M\u00e9dico-techniques :<br \/>\n&#8211; Imagerie : maintien de l\u2019activit\u00e9<br \/>\n&#8211; Laboratoire : maintien de l\u2019activit\u00e9 sur RDV<\/p>\n<p>Urgences :<\/p>\n<p>&#8211; Service d\u2019accueil urgence organis\u00e9 en double fili\u00e8re (Suspicion Covid ou non)<br \/>\n&#8211; Ligne SMUR<\/p>\n<p><span style=\"font-size: 12pt;\"><em>Communiqu\u00e9 des Centres Hospitaliers<\/em><\/span><\/p>\n","protected":false},"excerpt":{"rendered":"<p>Communiqu\u00e9 des Centres Hospitaliers La deuxi\u00e8me vague de la pand\u00e9mie COVID 19 a contraint le Centre Hospitalier de Remiremont \u00e0 [&hellip;]<\/p>\n","protected":false},"author":407,"featured_media":33901,"comment_status":"open","ping_status":"open","sticky":false,"template":"","format":"standard","meta":{"footnotes":""},"categories":[26,1556,35,12],"tags":[],"class_list":["post-33900","post","type-post","status-publish","format-standard","has-post-thumbnail","hentry","category-a-la-une","category-remiremont-remiremont-son-canton-2","category-remiremont-son-canton","category-sante"],"acf":[],"yoast_head":"<!-- This site is optimized with the Yoast SEO plugin v22.5 - https:\/\/yoast.com\/wordpress\/plugins\/seo\/ -->\n<title>Covid-19 : des op\u00e9rations d\u00e9programm\u00e9es \u00e0 l&#039;h\u00f4pital de Remiremont - Remiremont Info<\/title>\n<meta name=\"robots\" content=\"index, follow, max-snippet:-1, max-image-preview:large, max-video-preview:-1\" \/>\n<link rel=\"canonical\" href=\"https:\/\/vosgesinfo.fr\/remiremontinfo\/2020\/11\/covid-19-operations-deprogrammees-a-lhopital-de-remiremont\/\" \/>\n<meta name=\"twitter:card\" content=\"summary_large_image\" \/>\n<meta name=\"twitter:title\" content=\"Covid-19 : des op\u00e9rations d\u00e9programm\u00e9es \u00e0 l&#039;h\u00f4pital de Remiremont - Remiremont Info\" \/>\n<meta name=\"twitter:description\" content=\"Communiqu\u00e9 des Centres Hospitaliers La deuxi\u00e8me vague de la pand\u00e9mie COVID 19 a contraint le Centre Hospitalier de Remiremont \u00e0 [&hellip;]\" \/>\n<meta name=\"twitter:image\" content=\"https:\/\/vosgesinfo.fr\/app\/uploads\/sites\/5\/2024\/09\/202011annotation-2020-06-12-0913291.png\" \/>\n<meta name=\"twitter:creator\" content=\"@VosgesInfo88\" \/>\n<meta name=\"twitter:site\" content=\"@VosgesInfo88\" \/>\n<meta name=\"twitter:label1\" content=\"\u00c9crit par\" \/>\n\t<meta name=\"twitter:data1\" content=\"C D\" \/>\n\t<meta name=\"twitter:label2\" content=\"Dur\u00e9e de lecture estim\u00e9e\" \/>\n\t<meta name=\"twitter:data2\" content=\"3 minutes\" \/>\n<script type=\"application\/ld+json\" class=\"yoast-schema-graph\">{\"@context\":\"https:\/\/schema.org\",\"@graph\":[{\"@type\":\"Article\",\"@id\":\"https:\/\/vosgesinfo.fr\/remiremontinfo\/2020\/11\/covid-19-operations-deprogrammees-a-lhopital-de-remiremont\/#article\",\"isPartOf\":{\"@id\":\"https:\/\/vosgesinfo.fr\/remiremontinfo\/2020\/11\/covid-19-operations-deprogrammees-a-lhopital-de-remiremont\/\"},\"author\":{\"name\":\"C D\",\"@id\":\"https:\/\/vosgesinfo.fr\/remiremontinfo\/#\/schema\/person\/3bfd164d5218a185b1db68655a265316\"},\"headline\":\"Covid-19 : des op\u00e9rations d\u00e9programm\u00e9es \u00e0 l&rsquo;h\u00f4pital de Remiremont\",\"datePublished\":\"2020-11-17T12:05:31+00:00\",\"dateModified\":\"2020-11-17T12:05:31+00:00\",\"mainEntityOfPage\":{\"@id\":\"https:\/\/vosgesinfo.fr\/remiremontinfo\/2020\/11\/covid-19-operations-deprogrammees-a-lhopital-de-remiremont\/\"},\"wordCount\":663,\"commentCount\":0,\"publisher\":{\"@id\":\"https:\/\/vosgesinfo.fr\/remiremontinfo\/#organization\"},\"image\":{\"@id\":\"https:\/\/vosgesinfo.fr\/remiremontinfo\/2020\/11\/covid-19-operations-deprogrammees-a-lhopital-de-remiremont\/#primaryimage\"},\"thumbnailUrl\":\"https:\/\/vosgesinfo.fr\/app\/uploads\/sites\/5\/2024\/09\/202011annotation-2020-06-12-0913291.png\",\"articleSection\":[\"A la Une\",\"Remiremont\",\"Remiremont &amp; son canton\",\"Sant\u00e9\"],\"inLanguage\":\"fr-FR\",\"potentialAction\":[{\"@type\":\"CommentAction\",\"name\":\"Comment\",\"target\":[\"https:\/\/vosgesinfo.fr\/remiremontinfo\/2020\/11\/covid-19-operations-deprogrammees-a-lhopital-de-remiremont\/#respond\"]}]},{\"@type\":\"WebPage\",\"@id\":\"https:\/\/vosgesinfo.fr\/remiremontinfo\/2020\/11\/covid-19-operations-deprogrammees-a-lhopital-de-remiremont\/\",\"url\":\"https:\/\/vosgesinfo.fr\/remiremontinfo\/2020\/11\/covid-19-operations-deprogrammees-a-lhopital-de-remiremont\/\",\"name\":\"Covid-19 : des op\u00e9rations d\u00e9programm\u00e9es \u00e0 l'h\u00f4pital de Remiremont - Remiremont Info\",\"isPartOf\":{\"@id\":\"https:\/\/vosgesinfo.fr\/remiremontinfo\/#website\"},\"primaryImageOfPage\":{\"@id\":\"https:\/\/vosgesinfo.fr\/remiremontinfo\/2020\/11\/covid-19-operations-deprogrammees-a-lhopital-de-remiremont\/#primaryimage\"},\"image\":{\"@id\":\"https:\/\/vosgesinfo.fr\/remiremontinfo\/2020\/11\/covid-19-operations-deprogrammees-a-lhopital-de-remiremont\/#primaryimage\"},\"thumbnailUrl\":\"https:\/\/vosgesinfo.fr\/app\/uploads\/sites\/5\/2024\/09\/202011annotation-2020-06-12-0913291.png\",\"datePublished\":\"2020-11-17T12:05:31+00:00\",\"dateModified\":\"2020-11-17T12:05:31+00:00\",\"breadcrumb\":{\"@id\":\"https:\/\/vosgesinfo.fr\/remiremontinfo\/2020\/11\/covid-19-operations-deprogrammees-a-lhopital-de-remiremont\/#breadcrumb\"},\"inLanguage\":\"fr-FR\",\"potentialAction\":[{\"@type\":\"ReadAction\",\"target\":[\"https:\/\/vosgesinfo.fr\/remiremontinfo\/2020\/11\/covid-19-operations-deprogrammees-a-lhopital-de-remiremont\/\"]}]},{\"@type\":\"ImageObject\",\"inLanguage\":\"fr-FR\",\"@id\":\"https:\/\/vosgesinfo.fr\/remiremontinfo\/2020\/11\/covid-19-operations-deprogrammees-a-lhopital-de-remiremont\/#primaryimage\",\"url\":\"https:\/\/vosgesinfo.fr\/app\/uploads\/sites\/5\/2024\/09\/202011annotation-2020-06-12-0913291.png\",\"contentUrl\":\"https:\/\/vosgesinfo.fr\/app\/uploads\/sites\/5\/2024\/09\/202011annotation-2020-06-12-0913291.png\",\"width\":800,\"height\":534},{\"@type\":\"BreadcrumbList\",\"@id\":\"https:\/\/vosgesinfo.fr\/remiremontinfo\/2020\/11\/covid-19-operations-deprogrammees-a-lhopital-de-remiremont\/#breadcrumb\",\"itemListElement\":[{\"@type\":\"ListItem\",\"position\":1,\"name\":\"Home\",\"item\":\"https:\/\/vosgesinfo.fr\/remiremontinfo\/\"},{\"@type\":\"ListItem\",\"position\":2,\"name\":\"Covid-19 : des op\u00e9rations d\u00e9programm\u00e9es \u00e0 l&rsquo;h\u00f4pital de Remiremont\"}]},{\"@type\":\"WebSite\",\"@id\":\"https:\/\/vosgesinfo.fr\/remiremontinfo\/#website\",\"url\":\"https:\/\/vosgesinfo.fr\/remiremontinfo\/\",\"name\":\"Remiremont Info\",\"description\":\"Toute l&#039;actualit\u00e9 de Remiremont\",\"publisher\":{\"@id\":\"https:\/\/vosgesinfo.fr\/remiremontinfo\/#organization\"},\"alternateName\":\"Toute l'actualit\u00e9 de Remiremont\",\"potentialAction\":[{\"@type\":\"SearchAction\",\"target\":{\"@type\":\"EntryPoint\",\"urlTemplate\":\"https:\/\/vosgesinfo.fr\/remiremontinfo\/?s={search_term_string}\"},\"query-input\":\"required name=search_term_string\"}],\"inLanguage\":\"fr-FR\"},{\"@type\":\"Organization\",\"@id\":\"https:\/\/vosgesinfo.fr\/remiremontinfo\/#organization\",\"name\":\"Remiremont Info\",\"url\":\"https:\/\/vosgesinfo.fr\/remiremontinfo\/\",\"logo\":{\"@type\":\"ImageObject\",\"inLanguage\":\"fr-FR\",\"@id\":\"https:\/\/vosgesinfo.fr\/remiremontinfo\/#\/schema\/logo\/image\/\",\"url\":\"https:\/\/vosgesinfo.fr\/app\/uploads\/sites\/5\/2023\/08\/favicon-remiremontinfo.png\",\"contentUrl\":\"https:\/\/vosgesinfo.fr\/app\/uploads\/sites\/5\/2023\/08\/favicon-remiremontinfo.png\",\"width\":512,\"height\":512,\"caption\":\"Remiremont Info\"},\"image\":{\"@id\":\"https:\/\/vosgesinfo.fr\/remiremontinfo\/#\/schema\/logo\/image\/\"},\"sameAs\":[\"https:\/\/www.facebook.com\/remiremontinfo\",\"https:\/\/x.com\/VosgesInfo88\",\"https:\/\/www.youtube.com\/@vosgesinfo\"]},{\"@type\":\"Person\",\"@id\":\"https:\/\/vosgesinfo.fr\/remiremontinfo\/#\/schema\/person\/3bfd164d5218a185b1db68655a265316\",\"name\":\"C D\",\"image\":{\"@type\":\"ImageObject\",\"inLanguage\":\"fr-FR\",\"@id\":\"https:\/\/vosgesinfo.fr\/remiremontinfo\/#\/schema\/person\/image\/\",\"url\":\"https:\/\/secure.gravatar.com\/avatar\/1f9a70007336511a47468b8f1c66f922b8b7cf617b02a31149ada43893a5d48f?s=96&d=mm&r=g\",\"contentUrl\":\"https:\/\/secure.gravatar.com\/avatar\/1f9a70007336511a47468b8f1c66f922b8b7cf617b02a31149ada43893a5d48f?s=96&d=mm&r=g\",\"caption\":\"C D\"},\"url\":\"https:\/\/vosgesinfo.fr\/remiremontinfo\/author\/cedric-drevet\/\"}]}<\/script>\n<!-- \/ Yoast SEO plugin. -->","yoast_head_json":{"title":"Covid-19 : des op\u00e9rations d\u00e9programm\u00e9es \u00e0 l'h\u00f4pital de Remiremont - Remiremont Info","robots":{"index":"index","follow":"follow","max-snippet":"max-snippet:-1","max-image-preview":"max-image-preview:large","max-video-preview":"max-video-preview:-1"},"canonical":"https:\/\/vosgesinfo.fr\/remiremontinfo\/2020\/11\/covid-19-operations-deprogrammees-a-lhopital-de-remiremont\/","twitter_card":"summary_large_image","twitter_title":"Covid-19 : des op\u00e9rations d\u00e9programm\u00e9es \u00e0 l'h\u00f4pital de Remiremont - Remiremont Info","twitter_description":"Communiqu\u00e9 des Centres Hospitaliers La deuxi\u00e8me vague de la pand\u00e9mie COVID 19 a contraint le Centre Hospitalier de Remiremont \u00e0 [&hellip;]","twitter_image":"https:\/\/vosgesinfo.fr\/app\/uploads\/sites\/5\/2024\/09\/202011annotation-2020-06-12-0913291.png","twitter_creator":"@VosgesInfo88","twitter_site":"@VosgesInfo88","twitter_misc":{"\u00c9crit par":"C D","Dur\u00e9e de lecture estim\u00e9e":"3 minutes"},"schema":{"@context":"https:\/\/schema.org","@graph":[{"@type":"Article","@id":"https:\/\/vosgesinfo.fr\/remiremontinfo\/2020\/11\/covid-19-operations-deprogrammees-a-lhopital-de-remiremont\/#article","isPartOf":{"@id":"https:\/\/vosgesinfo.fr\/remiremontinfo\/2020\/11\/covid-19-operations-deprogrammees-a-lhopital-de-remiremont\/"},"author":{"name":"C D","@id":"https:\/\/vosgesinfo.fr\/remiremontinfo\/#\/schema\/person\/3bfd164d5218a185b1db68655a265316"},"headline":"Covid-19 : des op\u00e9rations d\u00e9programm\u00e9es \u00e0 l&rsquo;h\u00f4pital de Remiremont","datePublished":"2020-11-17T12:05:31+00:00","dateModified":"2020-11-17T12:05:31+00:00","mainEntityOfPage":{"@id":"https:\/\/vosgesinfo.fr\/remiremontinfo\/2020\/11\/covid-19-operations-deprogrammees-a-lhopital-de-remiremont\/"},"wordCount":663,"commentCount":0,"publisher":{"@id":"https:\/\/vosgesinfo.fr\/remiremontinfo\/#organization"},"image":{"@id":"https:\/\/vosgesinfo.fr\/remiremontinfo\/2020\/11\/covid-19-operations-deprogrammees-a-lhopital-de-remiremont\/#primaryimage"},"thumbnailUrl":"https:\/\/vosgesinfo.fr\/app\/uploads\/sites\/5\/2024\/09\/202011annotation-2020-06-12-0913291.png","articleSection":["A la Une","Remiremont","Remiremont &amp; son canton","Sant\u00e9"],"inLanguage":"fr-FR","potentialAction":[{"@type":"CommentAction","name":"Comment","target":["https:\/\/vosgesinfo.fr\/remiremontinfo\/2020\/11\/covid-19-operations-deprogrammees-a-lhopital-de-remiremont\/#respond"]}]},{"@type":"WebPage","@id":"https:\/\/vosgesinfo.fr\/remiremontinfo\/2020\/11\/covid-19-operations-deprogrammees-a-lhopital-de-remiremont\/","url":"https:\/\/vosgesinfo.fr\/remiremontinfo\/2020\/11\/covid-19-operations-deprogrammees-a-lhopital-de-remiremont\/","name":"Covid-19 : des op\u00e9rations d\u00e9programm\u00e9es \u00e0 l'h\u00f4pital de Remiremont - Remiremont Info","isPartOf":{"@id":"https:\/\/vosgesinfo.fr\/remiremontinfo\/#website"},"primaryImageOfPage":{"@id":"https:\/\/vosgesinfo.fr\/remiremontinfo\/2020\/11\/covid-19-operations-deprogrammees-a-lhopital-de-remiremont\/#primaryimage"},"image":{"@id":"https:\/\/vosgesinfo.fr\/remiremontinfo\/2020\/11\/covid-19-operations-deprogrammees-a-lhopital-de-remiremont\/#primaryimage"},"thumbnailUrl":"https:\/\/vosgesinfo.fr\/app\/uploads\/sites\/5\/2024\/09\/202011annotation-2020-06-12-0913291.png","datePublished":"2020-11-17T12:05:31+00:00","dateModified":"2020-11-17T12:05:31+00:00","breadcrumb":{"@id":"https:\/\/vosgesinfo.fr\/remiremontinfo\/2020\/11\/covid-19-operations-deprogrammees-a-lhopital-de-remiremont\/#breadcrumb"},"inLanguage":"fr-FR","potentialAction":[{"@type":"ReadAction","target":["https:\/\/vosgesinfo.fr\/remiremontinfo\/2020\/11\/covid-19-operations-deprogrammees-a-lhopital-de-remiremont\/"]}]},{"@type":"ImageObject","inLanguage":"fr-FR","@id":"https:\/\/vosgesinfo.fr\/remiremontinfo\/2020\/11\/covid-19-operations-deprogrammees-a-lhopital-de-remiremont\/#primaryimage","url":"https:\/\/vosgesinfo.fr\/app\/uploads\/sites\/5\/2024\/09\/202011annotation-2020-06-12-0913291.png","contentUrl":"https:\/\/vosgesinfo.fr\/app\/uploads\/sites\/5\/2024\/09\/202011annotation-2020-06-12-0913291.png","width":800,"height":534},{"@type":"BreadcrumbList","@id":"https:\/\/vosgesinfo.fr\/remiremontinfo\/2020\/11\/covid-19-operations-deprogrammees-a-lhopital-de-remiremont\/#breadcrumb","itemListElement":[{"@type":"ListItem","position":1,"name":"Home","item":"https:\/\/vosgesinfo.fr\/remiremontinfo\/"},{"@type":"ListItem","position":2,"name":"Covid-19 : des op\u00e9rations d\u00e9programm\u00e9es \u00e0 l&rsquo;h\u00f4pital de Remiremont"}]},{"@type":"WebSite","@id":"https:\/\/vosgesinfo.fr\/remiremontinfo\/#website","url":"https:\/\/vosgesinfo.fr\/remiremontinfo\/","name":"Remiremont Info","description":"Toute l&#039;actualit\u00e9 de Remiremont","publisher":{"@id":"https:\/\/vosgesinfo.fr\/remiremontinfo\/#organization"},"alternateName":"Toute l'actualit\u00e9 de Remiremont","potentialAction":[{"@type":"SearchAction","target":{"@type":"EntryPoint","urlTemplate":"https:\/\/vosgesinfo.fr\/remiremontinfo\/?s={search_term_string}"},"query-input":"required name=search_term_string"}],"inLanguage":"fr-FR"},{"@type":"Organization","@id":"https:\/\/vosgesinfo.fr\/remiremontinfo\/#organization","name":"Remiremont Info","url":"https:\/\/vosgesinfo.fr\/remiremontinfo\/","logo":{"@type":"ImageObject","inLanguage":"fr-FR","@id":"https:\/\/vosgesinfo.fr\/remiremontinfo\/#\/schema\/logo\/image\/","url":"https:\/\/vosgesinfo.fr\/app\/uploads\/sites\/5\/2023\/08\/favicon-remiremontinfo.png","contentUrl":"https:\/\/vosgesinfo.fr\/app\/uploads\/sites\/5\/2023\/08\/favicon-remiremontinfo.png","width":512,"height":512,"caption":"Remiremont Info"},"image":{"@id":"https:\/\/vosgesinfo.fr\/remiremontinfo\/#\/schema\/logo\/image\/"},"sameAs":["https:\/\/www.facebook.com\/remiremontinfo","https:\/\/x.com\/VosgesInfo88","https:\/\/www.youtube.com\/@vosgesinfo"]},{"@type":"Person","@id":"https:\/\/vosgesinfo.fr\/remiremontinfo\/#\/schema\/person\/3bfd164d5218a185b1db68655a265316","name":"C D","image":{"@type":"ImageObject","inLanguage":"fr-FR","@id":"https:\/\/vosgesinfo.fr\/remiremontinfo\/#\/schema\/person\/image\/","url":"https:\/\/secure.gravatar.com\/avatar\/1f9a70007336511a47468b8f1c66f922b8b7cf617b02a31149ada43893a5d48f?s=96&d=mm&r=g","contentUrl":"https:\/\/secure.gravatar.com\/avatar\/1f9a70007336511a47468b8f1c66f922b8b7cf617b02a31149ada43893a5d48f?s=96&d=mm&r=g","caption":"C D"},"url":"https:\/\/vosgesinfo.fr\/remiremontinfo\/author\/cedric-drevet\/"}]}},"_links":{"self":[{"href":"https:\/\/vosgesinfo.fr\/remiremontinfo\/wp-json\/wp\/v2\/posts\/33900","targetHints":{"allow":["GET"]}}],"collection":[{"href":"https:\/\/vosgesinfo.fr\/remiremontinfo\/wp-json\/wp\/v2\/posts"}],"about":[{"href":"https:\/\/vosgesinfo.fr\/remiremontinfo\/wp-json\/wp\/v2\/types\/post"}],"author":[{"embeddable":true,"href":"https:\/\/vosgesinfo.fr\/remiremontinfo\/wp-json\/wp\/v2\/users\/407"}],"replies":[{"embeddable":true,"href":"https:\/\/vosgesinfo.fr\/remiremontinfo\/wp-json\/wp\/v2\/comments?post=33900"}],"version-history":[{"count":0,"href":"https:\/\/vosgesinfo.fr\/remiremontinfo\/wp-json\/wp\/v2\/posts\/33900\/revisions"}],"wp:featuredmedia":[{"embeddable":true,"href":"https:\/\/vosgesinfo.fr\/remiremontinfo\/wp-json\/wp\/v2\/media\/33901"}],"wp:attachment":[{"href":"https:\/\/vosgesinfo.fr\/remiremontinfo\/wp-json\/wp\/v2\/media?parent=33900"}],"wp:term":[{"taxonomy":"category","embeddable":true,"href":"https:\/\/vosgesinfo.fr\/remiremontinfo\/wp-json\/wp\/v2\/categories?post=33900"},{"taxonomy":"post_tag","embeddable":true,"href":"https:\/\/vosgesinfo.fr\/remiremontinfo\/wp-json\/wp\/v2\/tags?post=33900"}],"curies":[{"name":"wp","href":"https:\/\/api.w.org\/{rel}","templated":true}]}}