{"id":33938,"date":"2020-11-18T06:28:58","date_gmt":"2020-11-18T05:28:58","guid":{"rendered":"https:\/\/vosgesinfo.fr\/remiremontinfo\/2020\/11\/bresse-video-de-ski-herbe-de-6-eleves-moniteurs-de-lucpa\/"},"modified":"2020-11-18T06:28:58","modified_gmt":"2020-11-18T05:28:58","slug":"bresse-video-de-ski-herbe-de-6-eleves-moniteurs-de-lucpa","status":"publish","type":"post","link":"https:\/\/vosgesinfo.fr\/remiremontinfo\/2020\/11\/bresse-video-de-ski-herbe-de-6-eleves-moniteurs-de-lucpa\/","title":{"rendered":"La Bresse : la vid\u00e9o de \u00ab\u00a0ski sur feuilles\u00a0\u00bb de 6 \u00e9l\u00e8ves-moniteurs de l&rsquo;UCPA"},"content":{"rendered":"<h2 style=\"text-align: center;\"><a href=\"\/2020\/11\/Capture-d\u2019\u00e9cran-2020-11-18-103116.png\"><img decoding=\"async\" class=\"alignnone size-full wp-image-301776\" src=\"\/2020\/11\/Capture-d\u2019\u00e9cran-2020-11-18-103116.png\" alt=\"Capture d\u2019\u00e9cran 2020-11-18 103116\" width=\"800\" height=\"573\" \/><\/a><\/h2>\n<h2><span style=\"font-size: 12pt;\"><strong>Un petit court-m\u00e9trage a \u00e9t\u00e9 r\u00e9alis\u00e9 6 jeunes \u00e9l\u00e8ves-moniteurs de l&rsquo;UCPA (<b>Union nationale des Centres sportifs de Plein Air)<\/b> confin\u00e9s ensemble \u00e0 La Bresse (Louison Habran, Antoine Deparis, Gilles Nicolas, Cyril Pierrel, Sarah Bury, A\u00ebl Normand). La vid\u00e9o a \u00e9t\u00e9 abondamment partag\u00e9e sur les r\u00e9seaux sociaux.<\/strong><\/span><\/h2>\n<p><em>\u00ab\u00a0Alors que la formation pour l&rsquo;Eurotest aurait d\u00fb avoir lieu en ce moment m\u00eame \u00e0 Tignes\u00a0\u00bb<\/em>, apprend sur la page Facebook du bressaud Cyril Pierrel, <em>\u00ab\u00a0on s&rsquo;est pas laisser abattre pour autant. Une for\u00eat \u00e0 moins d&rsquo;1km peut tr\u00e8s bien faire office de stade de slalom avec un peu d&rsquo;imagination. Une fois que l&rsquo;id\u00e9e \u00e0 germ\u00e9, elle ne nous a pas l\u00e2ch\u00e9 et de d\u00e9lires en d\u00e9lires voil\u00e0 ce qui en est ressorti: une immersion dans le milieu de la race et de ses alentours, la caricature de ce qu\u2019on fait en formation \u00e0 l\u2019automne sur le glacier de Tignes en temps normal. En esp\u00e9rant que cela vous donne le sourire en ces temps si sp\u00e9ciale. Bon visionnage\u00a0!\u00a0\u00bb<\/em><\/p>\n<p style=\"text-align: center;\"><iframe loading=\"lazy\" src=\"\/\/www.youtube.com\/embed\/O9dofiWUwzE\" width=\"425\" height=\"350\" allowfullscreen=\"allowfullscreen\"><\/iframe><\/p>\n","protected":false},"excerpt":{"rendered":"<p>Un petit court-m\u00e9trage a \u00e9t\u00e9 r\u00e9alis\u00e9 6 jeunes \u00e9l\u00e8ves-moniteurs de l&rsquo;UCPA (Union nationale des Centres sportifs de Plein Air) confin\u00e9s [&hellip;]<\/p>\n","protected":false},"author":407,"featured_media":33939,"comment_status":"open","ping_status":"open","sticky":false,"template":"","format":"standard","meta":{"footnotes":""},"categories":[26,104,25],"tags":[],"class_list":["post-33938","post","type-post","status-publish","format-standard","has-post-thumbnail","hentry","category-a-la-une","category-la-bresse-la-bresse-son-canton","category-la-bresse-son-canton"],"acf":[],"yoast_head":"<!-- This site is optimized with the Yoast SEO plugin v22.5 - https:\/\/yoast.com\/wordpress\/plugins\/seo\/ -->\n<title>La Bresse : la vid\u00e9o de &quot;ski sur feuilles&quot; de 6 \u00e9l\u00e8ves-moniteurs de l&#039;UCPA - Remiremont Info<\/title>\n<meta name=\"robots\" content=\"index, follow, max-snippet:-1, max-image-preview:large, max-video-preview:-1\" \/>\n<link rel=\"canonical\" href=\"https:\/\/vosgesinfo.fr\/remiremontinfo\/2020\/11\/bresse-video-de-ski-herbe-de-6-eleves-moniteurs-de-lucpa\/\" \/>\n<meta name=\"twitter:card\" content=\"summary_large_image\" \/>\n<meta name=\"twitter:title\" content=\"La Bresse : la vid\u00e9o de &quot;ski sur feuilles&quot; de 6 \u00e9l\u00e8ves-moniteurs de l&#039;UCPA - Remiremont Info\" \/>\n<meta name=\"twitter:description\" content=\"Un petit court-m\u00e9trage a \u00e9t\u00e9 r\u00e9alis\u00e9 6 jeunes \u00e9l\u00e8ves-moniteurs de l&rsquo;UCPA (Union nationale des Centres sportifs de Plein Air) confin\u00e9s [&hellip;]\" \/>\n<meta name=\"twitter:image\" content=\"https:\/\/vosgesinfo.fr\/app\/uploads\/sites\/5\/2024\/09\/202011capture-decran-2020-11-18-103116.png\" \/>\n<meta name=\"twitter:creator\" content=\"@VosgesInfo88\" \/>\n<meta name=\"twitter:site\" content=\"@VosgesInfo88\" \/>\n<meta name=\"twitter:label1\" content=\"\u00c9crit par\" \/>\n\t<meta name=\"twitter:data1\" content=\"C D\" \/>\n\t<meta name=\"twitter:label2\" content=\"Dur\u00e9e de lecture estim\u00e9e\" \/>\n\t<meta name=\"twitter:data2\" content=\"1 minute\" \/>\n<script type=\"application\/ld+json\" class=\"yoast-schema-graph\">{\"@context\":\"https:\/\/schema.org\",\"@graph\":[{\"@type\":\"Article\",\"@id\":\"https:\/\/vosgesinfo.fr\/remiremontinfo\/2020\/11\/bresse-video-de-ski-herbe-de-6-eleves-moniteurs-de-lucpa\/#article\",\"isPartOf\":{\"@id\":\"https:\/\/vosgesinfo.fr\/remiremontinfo\/2020\/11\/bresse-video-de-ski-herbe-de-6-eleves-moniteurs-de-lucpa\/\"},\"author\":{\"name\":\"C D\",\"@id\":\"https:\/\/vosgesinfo.fr\/remiremontinfo\/#\/schema\/person\/3bfd164d5218a185b1db68655a265316\"},\"headline\":\"La Bresse : la vid\u00e9o de \u00ab\u00a0ski sur feuilles\u00a0\u00bb de 6 \u00e9l\u00e8ves-moniteurs de l&rsquo;UCPA\",\"datePublished\":\"2020-11-18T05:28:58+00:00\",\"dateModified\":\"2020-11-18T05:28:58+00:00\",\"mainEntityOfPage\":{\"@id\":\"https:\/\/vosgesinfo.fr\/remiremontinfo\/2020\/11\/bresse-video-de-ski-herbe-de-6-eleves-moniteurs-de-lucpa\/\"},\"wordCount\":198,\"commentCount\":0,\"publisher\":{\"@id\":\"https:\/\/vosgesinfo.fr\/remiremontinfo\/#organization\"},\"image\":{\"@id\":\"https:\/\/vosgesinfo.fr\/remiremontinfo\/2020\/11\/bresse-video-de-ski-herbe-de-6-eleves-moniteurs-de-lucpa\/#primaryimage\"},\"thumbnailUrl\":\"https:\/\/vosgesinfo.fr\/app\/uploads\/sites\/5\/2024\/09\/202011capture-decran-2020-11-18-103116.png\",\"articleSection\":[\"A la Une\",\"La Bresse\",\"La Bresse &amp; son canton\"],\"inLanguage\":\"fr-FR\",\"potentialAction\":[{\"@type\":\"CommentAction\",\"name\":\"Comment\",\"target\":[\"https:\/\/vosgesinfo.fr\/remiremontinfo\/2020\/11\/bresse-video-de-ski-herbe-de-6-eleves-moniteurs-de-lucpa\/#respond\"]}]},{\"@type\":\"WebPage\",\"@id\":\"https:\/\/vosgesinfo.fr\/remiremontinfo\/2020\/11\/bresse-video-de-ski-herbe-de-6-eleves-moniteurs-de-lucpa\/\",\"url\":\"https:\/\/vosgesinfo.fr\/remiremontinfo\/2020\/11\/bresse-video-de-ski-herbe-de-6-eleves-moniteurs-de-lucpa\/\",\"name\":\"La Bresse : la vid\u00e9o de \\\"ski sur feuilles\\\" de 6 \u00e9l\u00e8ves-moniteurs de l'UCPA - Remiremont Info\",\"isPartOf\":{\"@id\":\"https:\/\/vosgesinfo.fr\/remiremontinfo\/#website\"},\"primaryImageOfPage\":{\"@id\":\"https:\/\/vosgesinfo.fr\/remiremontinfo\/2020\/11\/bresse-video-de-ski-herbe-de-6-eleves-moniteurs-de-lucpa\/#primaryimage\"},\"image\":{\"@id\":\"https:\/\/vosgesinfo.fr\/remiremontinfo\/2020\/11\/bresse-video-de-ski-herbe-de-6-eleves-moniteurs-de-lucpa\/#primaryimage\"},\"thumbnailUrl\":\"https:\/\/vosgesinfo.fr\/app\/uploads\/sites\/5\/2024\/09\/202011capture-decran-2020-11-18-103116.png\",\"datePublished\":\"2020-11-18T05:28:58+00:00\",\"dateModified\":\"2020-11-18T05:28:58+00:00\",\"breadcrumb\":{\"@id\":\"https:\/\/vosgesinfo.fr\/remiremontinfo\/2020\/11\/bresse-video-de-ski-herbe-de-6-eleves-moniteurs-de-lucpa\/#breadcrumb\"},\"inLanguage\":\"fr-FR\",\"potentialAction\":[{\"@type\":\"ReadAction\",\"target\":[\"https:\/\/vosgesinfo.fr\/remiremontinfo\/2020\/11\/bresse-video-de-ski-herbe-de-6-eleves-moniteurs-de-lucpa\/\"]}]},{\"@type\":\"ImageObject\",\"inLanguage\":\"fr-FR\",\"@id\":\"https:\/\/vosgesinfo.fr\/remiremontinfo\/2020\/11\/bresse-video-de-ski-herbe-de-6-eleves-moniteurs-de-lucpa\/#primaryimage\",\"url\":\"https:\/\/vosgesinfo.fr\/app\/uploads\/sites\/5\/2024\/09\/202011capture-decran-2020-11-18-103116.png\",\"contentUrl\":\"https:\/\/vosgesinfo.fr\/app\/uploads\/sites\/5\/2024\/09\/202011capture-decran-2020-11-18-103116.png\",\"width\":800,\"height\":573},{\"@type\":\"BreadcrumbList\",\"@id\":\"https:\/\/vosgesinfo.fr\/remiremontinfo\/2020\/11\/bresse-video-de-ski-herbe-de-6-eleves-moniteurs-de-lucpa\/#breadcrumb\",\"itemListElement\":[{\"@type\":\"ListItem\",\"position\":1,\"name\":\"Home\",\"item\":\"https:\/\/vosgesinfo.fr\/remiremontinfo\/\"},{\"@type\":\"ListItem\",\"position\":2,\"name\":\"La Bresse : la vid\u00e9o de \u00ab\u00a0ski sur feuilles\u00a0\u00bb de 6 \u00e9l\u00e8ves-moniteurs de l&rsquo;UCPA\"}]},{\"@type\":\"WebSite\",\"@id\":\"https:\/\/vosgesinfo.fr\/remiremontinfo\/#website\",\"url\":\"https:\/\/vosgesinfo.fr\/remiremontinfo\/\",\"name\":\"Remiremont Info\",\"description\":\"Toute l&#039;actualit\u00e9 de Remiremont\",\"publisher\":{\"@id\":\"https:\/\/vosgesinfo.fr\/remiremontinfo\/#organization\"},\"alternateName\":\"Toute l'actualit\u00e9 de Remiremont\",\"potentialAction\":[{\"@type\":\"SearchAction\",\"target\":{\"@type\":\"EntryPoint\",\"urlTemplate\":\"https:\/\/vosgesinfo.fr\/remiremontinfo\/?s={search_term_string}\"},\"query-input\":\"required name=search_term_string\"}],\"inLanguage\":\"fr-FR\"},{\"@type\":\"Organization\",\"@id\":\"https:\/\/vosgesinfo.fr\/remiremontinfo\/#organization\",\"name\":\"Remiremont Info\",\"url\":\"https:\/\/vosgesinfo.fr\/remiremontinfo\/\",\"logo\":{\"@type\":\"ImageObject\",\"inLanguage\":\"fr-FR\",\"@id\":\"https:\/\/vosgesinfo.fr\/remiremontinfo\/#\/schema\/logo\/image\/\",\"url\":\"https:\/\/vosgesinfo.fr\/app\/uploads\/sites\/5\/2023\/08\/favicon-remiremontinfo.png\",\"contentUrl\":\"https:\/\/vosgesinfo.fr\/app\/uploads\/sites\/5\/2023\/08\/favicon-remiremontinfo.png\",\"width\":512,\"height\":512,\"caption\":\"Remiremont Info\"},\"image\":{\"@id\":\"https:\/\/vosgesinfo.fr\/remiremontinfo\/#\/schema\/logo\/image\/\"},\"sameAs\":[\"https:\/\/www.facebook.com\/remiremontinfo\",\"https:\/\/x.com\/VosgesInfo88\",\"https:\/\/www.youtube.com\/@vosgesinfo\"]},{\"@type\":\"Person\",\"@id\":\"https:\/\/vosgesinfo.fr\/remiremontinfo\/#\/schema\/person\/3bfd164d5218a185b1db68655a265316\",\"name\":\"C D\",\"image\":{\"@type\":\"ImageObject\",\"inLanguage\":\"fr-FR\",\"@id\":\"https:\/\/vosgesinfo.fr\/remiremontinfo\/#\/schema\/person\/image\/\",\"url\":\"https:\/\/secure.gravatar.com\/avatar\/1f9a70007336511a47468b8f1c66f922b8b7cf617b02a31149ada43893a5d48f?s=96&d=mm&r=g\",\"contentUrl\":\"https:\/\/secure.gravatar.com\/avatar\/1f9a70007336511a47468b8f1c66f922b8b7cf617b02a31149ada43893a5d48f?s=96&d=mm&r=g\",\"caption\":\"C D\"},\"url\":\"https:\/\/vosgesinfo.fr\/remiremontinfo\/author\/cedric-drevet\/\"}]}<\/script>\n<!-- \/ Yoast SEO plugin. -->","yoast_head_json":{"title":"La Bresse : la vid\u00e9o de \"ski sur feuilles\" de 6 \u00e9l\u00e8ves-moniteurs de l'UCPA - Remiremont Info","robots":{"index":"index","follow":"follow","max-snippet":"max-snippet:-1","max-image-preview":"max-image-preview:large","max-video-preview":"max-video-preview:-1"},"canonical":"https:\/\/vosgesinfo.fr\/remiremontinfo\/2020\/11\/bresse-video-de-ski-herbe-de-6-eleves-moniteurs-de-lucpa\/","twitter_card":"summary_large_image","twitter_title":"La Bresse : la vid\u00e9o de \"ski sur feuilles\" de 6 \u00e9l\u00e8ves-moniteurs de l'UCPA - Remiremont Info","twitter_description":"Un petit court-m\u00e9trage a \u00e9t\u00e9 r\u00e9alis\u00e9 6 jeunes \u00e9l\u00e8ves-moniteurs de l&rsquo;UCPA (Union nationale des Centres sportifs de Plein Air) confin\u00e9s [&hellip;]","twitter_image":"https:\/\/vosgesinfo.fr\/app\/uploads\/sites\/5\/2024\/09\/202011capture-decran-2020-11-18-103116.png","twitter_creator":"@VosgesInfo88","twitter_site":"@VosgesInfo88","twitter_misc":{"\u00c9crit par":"C D","Dur\u00e9e de lecture estim\u00e9e":"1 minute"},"schema":{"@context":"https:\/\/schema.org","@graph":[{"@type":"Article","@id":"https:\/\/vosgesinfo.fr\/remiremontinfo\/2020\/11\/bresse-video-de-ski-herbe-de-6-eleves-moniteurs-de-lucpa\/#article","isPartOf":{"@id":"https:\/\/vosgesinfo.fr\/remiremontinfo\/2020\/11\/bresse-video-de-ski-herbe-de-6-eleves-moniteurs-de-lucpa\/"},"author":{"name":"C D","@id":"https:\/\/vosgesinfo.fr\/remiremontinfo\/#\/schema\/person\/3bfd164d5218a185b1db68655a265316"},"headline":"La Bresse : la vid\u00e9o de \u00ab\u00a0ski sur feuilles\u00a0\u00bb de 6 \u00e9l\u00e8ves-moniteurs de l&rsquo;UCPA","datePublished":"2020-11-18T05:28:58+00:00","dateModified":"2020-11-18T05:28:58+00:00","mainEntityOfPage":{"@id":"https:\/\/vosgesinfo.fr\/remiremontinfo\/2020\/11\/bresse-video-de-ski-herbe-de-6-eleves-moniteurs-de-lucpa\/"},"wordCount":198,"commentCount":0,"publisher":{"@id":"https:\/\/vosgesinfo.fr\/remiremontinfo\/#organization"},"image":{"@id":"https:\/\/vosgesinfo.fr\/remiremontinfo\/2020\/11\/bresse-video-de-ski-herbe-de-6-eleves-moniteurs-de-lucpa\/#primaryimage"},"thumbnailUrl":"https:\/\/vosgesinfo.fr\/app\/uploads\/sites\/5\/2024\/09\/202011capture-decran-2020-11-18-103116.png","articleSection":["A la Une","La Bresse","La Bresse &amp; son canton"],"inLanguage":"fr-FR","potentialAction":[{"@type":"CommentAction","name":"Comment","target":["https:\/\/vosgesinfo.fr\/remiremontinfo\/2020\/11\/bresse-video-de-ski-herbe-de-6-eleves-moniteurs-de-lucpa\/#respond"]}]},{"@type":"WebPage","@id":"https:\/\/vosgesinfo.fr\/remiremontinfo\/2020\/11\/bresse-video-de-ski-herbe-de-6-eleves-moniteurs-de-lucpa\/","url":"https:\/\/vosgesinfo.fr\/remiremontinfo\/2020\/11\/bresse-video-de-ski-herbe-de-6-eleves-moniteurs-de-lucpa\/","name":"La Bresse : la vid\u00e9o de \"ski sur feuilles\" de 6 \u00e9l\u00e8ves-moniteurs de l'UCPA - Remiremont Info","isPartOf":{"@id":"https:\/\/vosgesinfo.fr\/remiremontinfo\/#website"},"primaryImageOfPage":{"@id":"https:\/\/vosgesinfo.fr\/remiremontinfo\/2020\/11\/bresse-video-de-ski-herbe-de-6-eleves-moniteurs-de-lucpa\/#primaryimage"},"image":{"@id":"https:\/\/vosgesinfo.fr\/remiremontinfo\/2020\/11\/bresse-video-de-ski-herbe-de-6-eleves-moniteurs-de-lucpa\/#primaryimage"},"thumbnailUrl":"https:\/\/vosgesinfo.fr\/app\/uploads\/sites\/5\/2024\/09\/202011capture-decran-2020-11-18-103116.png","datePublished":"2020-11-18T05:28:58+00:00","dateModified":"2020-11-18T05:28:58+00:00","breadcrumb":{"@id":"https:\/\/vosgesinfo.fr\/remiremontinfo\/2020\/11\/bresse-video-de-ski-herbe-de-6-eleves-moniteurs-de-lucpa\/#breadcrumb"},"inLanguage":"fr-FR","potentialAction":[{"@type":"ReadAction","target":["https:\/\/vosgesinfo.fr\/remiremontinfo\/2020\/11\/bresse-video-de-ski-herbe-de-6-eleves-moniteurs-de-lucpa\/"]}]},{"@type":"ImageObject","inLanguage":"fr-FR","@id":"https:\/\/vosgesinfo.fr\/remiremontinfo\/2020\/11\/bresse-video-de-ski-herbe-de-6-eleves-moniteurs-de-lucpa\/#primaryimage","url":"https:\/\/vosgesinfo.fr\/app\/uploads\/sites\/5\/2024\/09\/202011capture-decran-2020-11-18-103116.png","contentUrl":"https:\/\/vosgesinfo.fr\/app\/uploads\/sites\/5\/2024\/09\/202011capture-decran-2020-11-18-103116.png","width":800,"height":573},{"@type":"BreadcrumbList","@id":"https:\/\/vosgesinfo.fr\/remiremontinfo\/2020\/11\/bresse-video-de-ski-herbe-de-6-eleves-moniteurs-de-lucpa\/#breadcrumb","itemListElement":[{"@type":"ListItem","position":1,"name":"Home","item":"https:\/\/vosgesinfo.fr\/remiremontinfo\/"},{"@type":"ListItem","position":2,"name":"La Bresse : la vid\u00e9o de \u00ab\u00a0ski sur feuilles\u00a0\u00bb de 6 \u00e9l\u00e8ves-moniteurs de l&rsquo;UCPA"}]},{"@type":"WebSite","@id":"https:\/\/vosgesinfo.fr\/remiremontinfo\/#website","url":"https:\/\/vosgesinfo.fr\/remiremontinfo\/","name":"Remiremont Info","description":"Toute l&#039;actualit\u00e9 de Remiremont","publisher":{"@id":"https:\/\/vosgesinfo.fr\/remiremontinfo\/#organization"},"alternateName":"Toute l'actualit\u00e9 de Remiremont","potentialAction":[{"@type":"SearchAction","target":{"@type":"EntryPoint","urlTemplate":"https:\/\/vosgesinfo.fr\/remiremontinfo\/?s={search_term_string}"},"query-input":"required name=search_term_string"}],"inLanguage":"fr-FR"},{"@type":"Organization","@id":"https:\/\/vosgesinfo.fr\/remiremontinfo\/#organization","name":"Remiremont Info","url":"https:\/\/vosgesinfo.fr\/remiremontinfo\/","logo":{"@type":"ImageObject","inLanguage":"fr-FR","@id":"https:\/\/vosgesinfo.fr\/remiremontinfo\/#\/schema\/logo\/image\/","url":"https:\/\/vosgesinfo.fr\/app\/uploads\/sites\/5\/2023\/08\/favicon-remiremontinfo.png","contentUrl":"https:\/\/vosgesinfo.fr\/app\/uploads\/sites\/5\/2023\/08\/favicon-remiremontinfo.png","width":512,"height":512,"caption":"Remiremont Info"},"image":{"@id":"https:\/\/vosgesinfo.fr\/remiremontinfo\/#\/schema\/logo\/image\/"},"sameAs":["https:\/\/www.facebook.com\/remiremontinfo","https:\/\/x.com\/VosgesInfo88","https:\/\/www.youtube.com\/@vosgesinfo"]},{"@type":"Person","@id":"https:\/\/vosgesinfo.fr\/remiremontinfo\/#\/schema\/person\/3bfd164d5218a185b1db68655a265316","name":"C D","image":{"@type":"ImageObject","inLanguage":"fr-FR","@id":"https:\/\/vosgesinfo.fr\/remiremontinfo\/#\/schema\/person\/image\/","url":"https:\/\/secure.gravatar.com\/avatar\/1f9a70007336511a47468b8f1c66f922b8b7cf617b02a31149ada43893a5d48f?s=96&d=mm&r=g","contentUrl":"https:\/\/secure.gravatar.com\/avatar\/1f9a70007336511a47468b8f1c66f922b8b7cf617b02a31149ada43893a5d48f?s=96&d=mm&r=g","caption":"C D"},"url":"https:\/\/vosgesinfo.fr\/remiremontinfo\/author\/cedric-drevet\/"}]}},"_links":{"self":[{"href":"https:\/\/vosgesinfo.fr\/remiremontinfo\/wp-json\/wp\/v2\/posts\/33938","targetHints":{"allow":["GET"]}}],"collection":[{"href":"https:\/\/vosgesinfo.fr\/remiremontinfo\/wp-json\/wp\/v2\/posts"}],"about":[{"href":"https:\/\/vosgesinfo.fr\/remiremontinfo\/wp-json\/wp\/v2\/types\/post"}],"author":[{"embeddable":true,"href":"https:\/\/vosgesinfo.fr\/remiremontinfo\/wp-json\/wp\/v2\/users\/407"}],"replies":[{"embeddable":true,"href":"https:\/\/vosgesinfo.fr\/remiremontinfo\/wp-json\/wp\/v2\/comments?post=33938"}],"version-history":[{"count":0,"href":"https:\/\/vosgesinfo.fr\/remiremontinfo\/wp-json\/wp\/v2\/posts\/33938\/revisions"}],"wp:featuredmedia":[{"embeddable":true,"href":"https:\/\/vosgesinfo.fr\/remiremontinfo\/wp-json\/wp\/v2\/media\/33939"}],"wp:attachment":[{"href":"https:\/\/vosgesinfo.fr\/remiremontinfo\/wp-json\/wp\/v2\/media?parent=33938"}],"wp:term":[{"taxonomy":"category","embeddable":true,"href":"https:\/\/vosgesinfo.fr\/remiremontinfo\/wp-json\/wp\/v2\/categories?post=33938"},{"taxonomy":"post_tag","embeddable":true,"href":"https:\/\/vosgesinfo.fr\/remiremontinfo\/wp-json\/wp\/v2\/tags?post=33938"}],"curies":[{"name":"wp","href":"https:\/\/api.w.org\/{rel}","templated":true}]}}