{"id":3400,"date":"2023-12-19T09:00:57","date_gmt":"2023-12-19T08:00:57","guid":{"rendered":"https:\/\/vosgesinfo.fr\/remiremontinfo\/2023\/12\/cornimont-la-sixieme-edition-du-concert-entrefete-cest-jeudi-28-decembre\/"},"modified":"2023-12-19T09:00:57","modified_gmt":"2023-12-19T08:00:57","slug":"cornimont-la-sixieme-edition-du-concert-entrefete-cest-jeudi-28-decembre","status":"publish","type":"post","link":"https:\/\/vosgesinfo.fr\/remiremontinfo\/2023\/12\/cornimont-la-sixieme-edition-du-concert-entrefete-cest-jeudi-28-decembre\/","title":{"rendered":"Cornimont &#8211; La sixi\u00e8me \u00e9dition du \u00ab\u00a0Concert Entref\u00eate\u00a0\u00bb, c&rsquo;est jeudi 28 d\u00e9cembre !"},"content":{"rendered":"<p><a href=\"https:\/\/remiremontinfo.fr\/wp-content\/uploads\/2023\/12\/2022-12-28-Entref\u00eate-chants-Fin-9.jpg\"><img decoding=\"async\" class=\"alignnone size-large wp-image-380913 aligncenter\" src=\"https:\/\/vosgesinfo.fr\/app\/uploads\/sites\/5\/2023\/12\/2022-12-28-entrefete-chants-fin-9.jpg\" alt=\"2022-12-28 Entref\u00eate chants Fin (9)\" width=\"960\" height=\"720\" \/><\/a><\/p>\n<p>Cors et Accords a le plaisir de vous annoncer son prochain \u00ab\u00a0Concert Entref\u00eate\u00a0\u00bb le jeudi 28 d\u00e9cembre \u00e0 15 heures \u00e0 la Salle Jacques Villeret \u00e0 Cornimont.<\/p>\n<p>Le programme de cette sixi\u00e8me \u00e9dition sera musical et vari\u00e9: Cors des Alpes, Guitare, Chorale du Haut du Roc, accord\u00e9ons, Epinettes des Vosges, sketches, Saxo \u2026<\/p>\n<p>Libre participation, chapeau.<\/p>\n<p><a href=\"https:\/\/remiremontinfo.fr\/wp-content\/uploads\/2023\/12\/2023-12-28-Affiche-Entref\u00eate-.jpg\"><img decoding=\"async\" class=\"size-large wp-image-380914 aligncenter\" src=\"https:\/\/vosgesinfo.fr\/app\/uploads\/sites\/5\/2023\/12\/2023-12-28-affiche-entrefete-.jpg\" alt=\"2023-12-28 Affiche Entref\u00eate\" width=\"723\" height=\"1024\" \/><\/a><\/p>\n","protected":false},"excerpt":{"rendered":"<p>Cors et Accords a le plaisir de vous annoncer son prochain \u00ab\u00a0Concert Entref\u00eate\u00a0\u00bb le jeudi 28 d\u00e9cembre \u00e0 15 heures [&hellip;]<\/p>\n","protected":false},"author":414,"featured_media":3398,"comment_status":"open","ping_status":"open","sticky":false,"template":"","format":"standard","meta":{"footnotes":""},"categories":[26,34,25],"tags":[53,598,599,79,197],"class_list":["post-3400","post","type-post","status-publish","format-standard","has-post-thumbnail","hentry","category-a-la-une","category-cornimont","category-la-bresse-son-canton","tag-concert","tag-concert-entrefete","tag-cords-et-accords","tag-cornimont","tag-traditions"],"acf":[],"yoast_head":"<!-- This site is optimized with the Yoast SEO plugin v22.5 - https:\/\/yoast.com\/wordpress\/plugins\/seo\/ -->\n<title>Cornimont - La sixi\u00e8me \u00e9dition du &quot;Concert Entref\u00eate&quot;, c&#039;est jeudi 28 d\u00e9cembre ! - Remiremont Info<\/title>\n<meta name=\"robots\" content=\"index, follow, max-snippet:-1, max-image-preview:large, max-video-preview:-1\" \/>\n<link rel=\"canonical\" href=\"https:\/\/vosgesinfo.fr\/remiremontinfo\/2023\/12\/cornimont-la-sixieme-edition-du-concert-entrefete-cest-jeudi-28-decembre\/\" \/>\n<meta name=\"twitter:card\" content=\"summary_large_image\" \/>\n<meta name=\"twitter:title\" content=\"Cornimont - La sixi\u00e8me \u00e9dition du &quot;Concert Entref\u00eate&quot;, c&#039;est jeudi 28 d\u00e9cembre ! - Remiremont Info\" \/>\n<meta name=\"twitter:description\" content=\"Cors et Accords a le plaisir de vous annoncer son prochain \u00ab\u00a0Concert Entref\u00eate\u00a0\u00bb le jeudi 28 d\u00e9cembre \u00e0 15 heures [&hellip;]\" \/>\n<meta name=\"twitter:image\" content=\"https:\/\/vosgesinfo.fr\/app\/uploads\/sites\/5\/2023\/12\/2022-12-28-entrefete-chants-fin-9.jpg\" \/>\n<meta name=\"twitter:creator\" content=\"@VosgesInfo88\" \/>\n<meta name=\"twitter:site\" content=\"@VosgesInfo88\" \/>\n<meta name=\"twitter:label1\" content=\"\u00c9crit par\" \/>\n\t<meta name=\"twitter:data1\" content=\"Julien Chassard\" \/>\n<script type=\"application\/ld+json\" class=\"yoast-schema-graph\">{\"@context\":\"https:\/\/schema.org\",\"@graph\":[{\"@type\":\"Article\",\"@id\":\"https:\/\/vosgesinfo.fr\/remiremontinfo\/2023\/12\/cornimont-la-sixieme-edition-du-concert-entrefete-cest-jeudi-28-decembre\/#article\",\"isPartOf\":{\"@id\":\"https:\/\/vosgesinfo.fr\/remiremontinfo\/2023\/12\/cornimont-la-sixieme-edition-du-concert-entrefete-cest-jeudi-28-decembre\/\"},\"author\":{\"name\":\"Julien Chassard\",\"@id\":\"https:\/\/vosgesinfo.fr\/remiremontinfo\/#\/schema\/person\/9f7d5afbed21dfe30e21502db85507c8\"},\"headline\":\"Cornimont &#8211; La sixi\u00e8me \u00e9dition du \u00ab\u00a0Concert Entref\u00eate\u00a0\u00bb, c&rsquo;est jeudi 28 d\u00e9cembre !\",\"datePublished\":\"2023-12-19T08:00:57+00:00\",\"dateModified\":\"2023-12-19T08:00:57+00:00\",\"mainEntityOfPage\":{\"@id\":\"https:\/\/vosgesinfo.fr\/remiremontinfo\/2023\/12\/cornimont-la-sixieme-edition-du-concert-entrefete-cest-jeudi-28-decembre\/\"},\"wordCount\":69,\"commentCount\":0,\"publisher\":{\"@id\":\"https:\/\/vosgesinfo.fr\/remiremontinfo\/#organization\"},\"image\":{\"@id\":\"https:\/\/vosgesinfo.fr\/remiremontinfo\/2023\/12\/cornimont-la-sixieme-edition-du-concert-entrefete-cest-jeudi-28-decembre\/#primaryimage\"},\"thumbnailUrl\":\"https:\/\/vosgesinfo.fr\/app\/uploads\/sites\/5\/2023\/12\/2022-12-28-entrefete-chants-fin-9.jpg\",\"keywords\":[\"concert\",\"Concert Entref\u00eate\",\"Cords et accords\",\"cornimont\",\"traditions\"],\"articleSection\":[\"A la Une\",\"Cornimont\",\"La Bresse &amp; son canton\"],\"inLanguage\":\"fr-FR\",\"potentialAction\":[{\"@type\":\"CommentAction\",\"name\":\"Comment\",\"target\":[\"https:\/\/vosgesinfo.fr\/remiremontinfo\/2023\/12\/cornimont-la-sixieme-edition-du-concert-entrefete-cest-jeudi-28-decembre\/#respond\"]}]},{\"@type\":\"WebPage\",\"@id\":\"https:\/\/vosgesinfo.fr\/remiremontinfo\/2023\/12\/cornimont-la-sixieme-edition-du-concert-entrefete-cest-jeudi-28-decembre\/\",\"url\":\"https:\/\/vosgesinfo.fr\/remiremontinfo\/2023\/12\/cornimont-la-sixieme-edition-du-concert-entrefete-cest-jeudi-28-decembre\/\",\"name\":\"Cornimont - La sixi\u00e8me \u00e9dition du \\\"Concert Entref\u00eate\\\", c'est jeudi 28 d\u00e9cembre ! - Remiremont Info\",\"isPartOf\":{\"@id\":\"https:\/\/vosgesinfo.fr\/remiremontinfo\/#website\"},\"primaryImageOfPage\":{\"@id\":\"https:\/\/vosgesinfo.fr\/remiremontinfo\/2023\/12\/cornimont-la-sixieme-edition-du-concert-entrefete-cest-jeudi-28-decembre\/#primaryimage\"},\"image\":{\"@id\":\"https:\/\/vosgesinfo.fr\/remiremontinfo\/2023\/12\/cornimont-la-sixieme-edition-du-concert-entrefete-cest-jeudi-28-decembre\/#primaryimage\"},\"thumbnailUrl\":\"https:\/\/vosgesinfo.fr\/app\/uploads\/sites\/5\/2023\/12\/2022-12-28-entrefete-chants-fin-9.jpg\",\"datePublished\":\"2023-12-19T08:00:57+00:00\",\"dateModified\":\"2023-12-19T08:00:57+00:00\",\"breadcrumb\":{\"@id\":\"https:\/\/vosgesinfo.fr\/remiremontinfo\/2023\/12\/cornimont-la-sixieme-edition-du-concert-entrefete-cest-jeudi-28-decembre\/#breadcrumb\"},\"inLanguage\":\"fr-FR\",\"potentialAction\":[{\"@type\":\"ReadAction\",\"target\":[\"https:\/\/vosgesinfo.fr\/remiremontinfo\/2023\/12\/cornimont-la-sixieme-edition-du-concert-entrefete-cest-jeudi-28-decembre\/\"]}]},{\"@type\":\"ImageObject\",\"inLanguage\":\"fr-FR\",\"@id\":\"https:\/\/vosgesinfo.fr\/remiremontinfo\/2023\/12\/cornimont-la-sixieme-edition-du-concert-entrefete-cest-jeudi-28-decembre\/#primaryimage\",\"url\":\"https:\/\/vosgesinfo.fr\/app\/uploads\/sites\/5\/2023\/12\/2022-12-28-entrefete-chants-fin-9.jpg\",\"contentUrl\":\"https:\/\/vosgesinfo.fr\/app\/uploads\/sites\/5\/2023\/12\/2022-12-28-entrefete-chants-fin-9.jpg\",\"width\":1600,\"height\":1200},{\"@type\":\"BreadcrumbList\",\"@id\":\"https:\/\/vosgesinfo.fr\/remiremontinfo\/2023\/12\/cornimont-la-sixieme-edition-du-concert-entrefete-cest-jeudi-28-decembre\/#breadcrumb\",\"itemListElement\":[{\"@type\":\"ListItem\",\"position\":1,\"name\":\"Home\",\"item\":\"https:\/\/vosgesinfo.fr\/remiremontinfo\/\"},{\"@type\":\"ListItem\",\"position\":2,\"name\":\"Cornimont &#8211; La sixi\u00e8me \u00e9dition du \u00ab\u00a0Concert Entref\u00eate\u00a0\u00bb, c&rsquo;est jeudi 28 d\u00e9cembre !\"}]},{\"@type\":\"WebSite\",\"@id\":\"https:\/\/vosgesinfo.fr\/remiremontinfo\/#website\",\"url\":\"https:\/\/vosgesinfo.fr\/remiremontinfo\/\",\"name\":\"Remiremont Info\",\"description\":\"Toute l&#039;actualit\u00e9 de Remiremont\",\"publisher\":{\"@id\":\"https:\/\/vosgesinfo.fr\/remiremontinfo\/#organization\"},\"alternateName\":\"Toute l'actualit\u00e9 de Remiremont\",\"potentialAction\":[{\"@type\":\"SearchAction\",\"target\":{\"@type\":\"EntryPoint\",\"urlTemplate\":\"https:\/\/vosgesinfo.fr\/remiremontinfo\/?s={search_term_string}\"},\"query-input\":\"required name=search_term_string\"}],\"inLanguage\":\"fr-FR\"},{\"@type\":\"Organization\",\"@id\":\"https:\/\/vosgesinfo.fr\/remiremontinfo\/#organization\",\"name\":\"Remiremont Info\",\"url\":\"https:\/\/vosgesinfo.fr\/remiremontinfo\/\",\"logo\":{\"@type\":\"ImageObject\",\"inLanguage\":\"fr-FR\",\"@id\":\"https:\/\/vosgesinfo.fr\/remiremontinfo\/#\/schema\/logo\/image\/\",\"url\":\"https:\/\/vosgesinfo.fr\/app\/uploads\/sites\/5\/2023\/08\/favicon-remiremontinfo.png\",\"contentUrl\":\"https:\/\/vosgesinfo.fr\/app\/uploads\/sites\/5\/2023\/08\/favicon-remiremontinfo.png\",\"width\":512,\"height\":512,\"caption\":\"Remiremont Info\"},\"image\":{\"@id\":\"https:\/\/vosgesinfo.fr\/remiremontinfo\/#\/schema\/logo\/image\/\"},\"sameAs\":[\"https:\/\/www.facebook.com\/remiremontinfo\",\"https:\/\/x.com\/VosgesInfo88\",\"https:\/\/www.youtube.com\/@vosgesinfo\"]},{\"@type\":\"Person\",\"@id\":\"https:\/\/vosgesinfo.fr\/remiremontinfo\/#\/schema\/person\/9f7d5afbed21dfe30e21502db85507c8\",\"name\":\"Julien Chassard\",\"image\":{\"@type\":\"ImageObject\",\"inLanguage\":\"fr-FR\",\"@id\":\"https:\/\/vosgesinfo.fr\/remiremontinfo\/#\/schema\/person\/image\/\",\"url\":\"https:\/\/secure.gravatar.com\/avatar\/b1edc920568095a5269cc92a13830411052ebb396f029db539972c12276b9ba9?s=96&d=mm&r=g\",\"contentUrl\":\"https:\/\/secure.gravatar.com\/avatar\/b1edc920568095a5269cc92a13830411052ebb396f029db539972c12276b9ba9?s=96&d=mm&r=g\",\"caption\":\"Julien Chassard\"},\"url\":\"https:\/\/vosgesinfo.fr\/remiremontinfo\/author\/j-chassard882\/\"}]}<\/script>\n<!-- \/ Yoast SEO plugin. -->","yoast_head_json":{"title":"Cornimont - La sixi\u00e8me \u00e9dition du \"Concert Entref\u00eate\", c'est jeudi 28 d\u00e9cembre ! - Remiremont Info","robots":{"index":"index","follow":"follow","max-snippet":"max-snippet:-1","max-image-preview":"max-image-preview:large","max-video-preview":"max-video-preview:-1"},"canonical":"https:\/\/vosgesinfo.fr\/remiremontinfo\/2023\/12\/cornimont-la-sixieme-edition-du-concert-entrefete-cest-jeudi-28-decembre\/","twitter_card":"summary_large_image","twitter_title":"Cornimont - La sixi\u00e8me \u00e9dition du \"Concert Entref\u00eate\", c'est jeudi 28 d\u00e9cembre ! - Remiremont Info","twitter_description":"Cors et Accords a le plaisir de vous annoncer son prochain \u00ab\u00a0Concert Entref\u00eate\u00a0\u00bb le jeudi 28 d\u00e9cembre \u00e0 15 heures [&hellip;]","twitter_image":"https:\/\/vosgesinfo.fr\/app\/uploads\/sites\/5\/2023\/12\/2022-12-28-entrefete-chants-fin-9.jpg","twitter_creator":"@VosgesInfo88","twitter_site":"@VosgesInfo88","twitter_misc":{"\u00c9crit par":"Julien Chassard"},"schema":{"@context":"https:\/\/schema.org","@graph":[{"@type":"Article","@id":"https:\/\/vosgesinfo.fr\/remiremontinfo\/2023\/12\/cornimont-la-sixieme-edition-du-concert-entrefete-cest-jeudi-28-decembre\/#article","isPartOf":{"@id":"https:\/\/vosgesinfo.fr\/remiremontinfo\/2023\/12\/cornimont-la-sixieme-edition-du-concert-entrefete-cest-jeudi-28-decembre\/"},"author":{"name":"Julien Chassard","@id":"https:\/\/vosgesinfo.fr\/remiremontinfo\/#\/schema\/person\/9f7d5afbed21dfe30e21502db85507c8"},"headline":"Cornimont &#8211; La sixi\u00e8me \u00e9dition du \u00ab\u00a0Concert Entref\u00eate\u00a0\u00bb, c&rsquo;est jeudi 28 d\u00e9cembre !","datePublished":"2023-12-19T08:00:57+00:00","dateModified":"2023-12-19T08:00:57+00:00","mainEntityOfPage":{"@id":"https:\/\/vosgesinfo.fr\/remiremontinfo\/2023\/12\/cornimont-la-sixieme-edition-du-concert-entrefete-cest-jeudi-28-decembre\/"},"wordCount":69,"commentCount":0,"publisher":{"@id":"https:\/\/vosgesinfo.fr\/remiremontinfo\/#organization"},"image":{"@id":"https:\/\/vosgesinfo.fr\/remiremontinfo\/2023\/12\/cornimont-la-sixieme-edition-du-concert-entrefete-cest-jeudi-28-decembre\/#primaryimage"},"thumbnailUrl":"https:\/\/vosgesinfo.fr\/app\/uploads\/sites\/5\/2023\/12\/2022-12-28-entrefete-chants-fin-9.jpg","keywords":["concert","Concert Entref\u00eate","Cords et accords","cornimont","traditions"],"articleSection":["A la Une","Cornimont","La Bresse &amp; son canton"],"inLanguage":"fr-FR","potentialAction":[{"@type":"CommentAction","name":"Comment","target":["https:\/\/vosgesinfo.fr\/remiremontinfo\/2023\/12\/cornimont-la-sixieme-edition-du-concert-entrefete-cest-jeudi-28-decembre\/#respond"]}]},{"@type":"WebPage","@id":"https:\/\/vosgesinfo.fr\/remiremontinfo\/2023\/12\/cornimont-la-sixieme-edition-du-concert-entrefete-cest-jeudi-28-decembre\/","url":"https:\/\/vosgesinfo.fr\/remiremontinfo\/2023\/12\/cornimont-la-sixieme-edition-du-concert-entrefete-cest-jeudi-28-decembre\/","name":"Cornimont - La sixi\u00e8me \u00e9dition du \"Concert Entref\u00eate\", c'est jeudi 28 d\u00e9cembre ! - Remiremont Info","isPartOf":{"@id":"https:\/\/vosgesinfo.fr\/remiremontinfo\/#website"},"primaryImageOfPage":{"@id":"https:\/\/vosgesinfo.fr\/remiremontinfo\/2023\/12\/cornimont-la-sixieme-edition-du-concert-entrefete-cest-jeudi-28-decembre\/#primaryimage"},"image":{"@id":"https:\/\/vosgesinfo.fr\/remiremontinfo\/2023\/12\/cornimont-la-sixieme-edition-du-concert-entrefete-cest-jeudi-28-decembre\/#primaryimage"},"thumbnailUrl":"https:\/\/vosgesinfo.fr\/app\/uploads\/sites\/5\/2023\/12\/2022-12-28-entrefete-chants-fin-9.jpg","datePublished":"2023-12-19T08:00:57+00:00","dateModified":"2023-12-19T08:00:57+00:00","breadcrumb":{"@id":"https:\/\/vosgesinfo.fr\/remiremontinfo\/2023\/12\/cornimont-la-sixieme-edition-du-concert-entrefete-cest-jeudi-28-decembre\/#breadcrumb"},"inLanguage":"fr-FR","potentialAction":[{"@type":"ReadAction","target":["https:\/\/vosgesinfo.fr\/remiremontinfo\/2023\/12\/cornimont-la-sixieme-edition-du-concert-entrefete-cest-jeudi-28-decembre\/"]}]},{"@type":"ImageObject","inLanguage":"fr-FR","@id":"https:\/\/vosgesinfo.fr\/remiremontinfo\/2023\/12\/cornimont-la-sixieme-edition-du-concert-entrefete-cest-jeudi-28-decembre\/#primaryimage","url":"https:\/\/vosgesinfo.fr\/app\/uploads\/sites\/5\/2023\/12\/2022-12-28-entrefete-chants-fin-9.jpg","contentUrl":"https:\/\/vosgesinfo.fr\/app\/uploads\/sites\/5\/2023\/12\/2022-12-28-entrefete-chants-fin-9.jpg","width":1600,"height":1200},{"@type":"BreadcrumbList","@id":"https:\/\/vosgesinfo.fr\/remiremontinfo\/2023\/12\/cornimont-la-sixieme-edition-du-concert-entrefete-cest-jeudi-28-decembre\/#breadcrumb","itemListElement":[{"@type":"ListItem","position":1,"name":"Home","item":"https:\/\/vosgesinfo.fr\/remiremontinfo\/"},{"@type":"ListItem","position":2,"name":"Cornimont &#8211; La sixi\u00e8me \u00e9dition du \u00ab\u00a0Concert Entref\u00eate\u00a0\u00bb, c&rsquo;est jeudi 28 d\u00e9cembre !"}]},{"@type":"WebSite","@id":"https:\/\/vosgesinfo.fr\/remiremontinfo\/#website","url":"https:\/\/vosgesinfo.fr\/remiremontinfo\/","name":"Remiremont Info","description":"Toute l&#039;actualit\u00e9 de Remiremont","publisher":{"@id":"https:\/\/vosgesinfo.fr\/remiremontinfo\/#organization"},"alternateName":"Toute l'actualit\u00e9 de Remiremont","potentialAction":[{"@type":"SearchAction","target":{"@type":"EntryPoint","urlTemplate":"https:\/\/vosgesinfo.fr\/remiremontinfo\/?s={search_term_string}"},"query-input":"required name=search_term_string"}],"inLanguage":"fr-FR"},{"@type":"Organization","@id":"https:\/\/vosgesinfo.fr\/remiremontinfo\/#organization","name":"Remiremont Info","url":"https:\/\/vosgesinfo.fr\/remiremontinfo\/","logo":{"@type":"ImageObject","inLanguage":"fr-FR","@id":"https:\/\/vosgesinfo.fr\/remiremontinfo\/#\/schema\/logo\/image\/","url":"https:\/\/vosgesinfo.fr\/app\/uploads\/sites\/5\/2023\/08\/favicon-remiremontinfo.png","contentUrl":"https:\/\/vosgesinfo.fr\/app\/uploads\/sites\/5\/2023\/08\/favicon-remiremontinfo.png","width":512,"height":512,"caption":"Remiremont Info"},"image":{"@id":"https:\/\/vosgesinfo.fr\/remiremontinfo\/#\/schema\/logo\/image\/"},"sameAs":["https:\/\/www.facebook.com\/remiremontinfo","https:\/\/x.com\/VosgesInfo88","https:\/\/www.youtube.com\/@vosgesinfo"]},{"@type":"Person","@id":"https:\/\/vosgesinfo.fr\/remiremontinfo\/#\/schema\/person\/9f7d5afbed21dfe30e21502db85507c8","name":"Julien Chassard","image":{"@type":"ImageObject","inLanguage":"fr-FR","@id":"https:\/\/vosgesinfo.fr\/remiremontinfo\/#\/schema\/person\/image\/","url":"https:\/\/secure.gravatar.com\/avatar\/b1edc920568095a5269cc92a13830411052ebb396f029db539972c12276b9ba9?s=96&d=mm&r=g","contentUrl":"https:\/\/secure.gravatar.com\/avatar\/b1edc920568095a5269cc92a13830411052ebb396f029db539972c12276b9ba9?s=96&d=mm&r=g","caption":"Julien Chassard"},"url":"https:\/\/vosgesinfo.fr\/remiremontinfo\/author\/j-chassard882\/"}]}},"_links":{"self":[{"href":"https:\/\/vosgesinfo.fr\/remiremontinfo\/wp-json\/wp\/v2\/posts\/3400","targetHints":{"allow":["GET"]}}],"collection":[{"href":"https:\/\/vosgesinfo.fr\/remiremontinfo\/wp-json\/wp\/v2\/posts"}],"about":[{"href":"https:\/\/vosgesinfo.fr\/remiremontinfo\/wp-json\/wp\/v2\/types\/post"}],"author":[{"embeddable":true,"href":"https:\/\/vosgesinfo.fr\/remiremontinfo\/wp-json\/wp\/v2\/users\/414"}],"replies":[{"embeddable":true,"href":"https:\/\/vosgesinfo.fr\/remiremontinfo\/wp-json\/wp\/v2\/comments?post=3400"}],"version-history":[{"count":0,"href":"https:\/\/vosgesinfo.fr\/remiremontinfo\/wp-json\/wp\/v2\/posts\/3400\/revisions"}],"wp:featuredmedia":[{"embeddable":true,"href":"https:\/\/vosgesinfo.fr\/remiremontinfo\/wp-json\/wp\/v2\/media\/3398"}],"wp:attachment":[{"href":"https:\/\/vosgesinfo.fr\/remiremontinfo\/wp-json\/wp\/v2\/media?parent=3400"}],"wp:term":[{"taxonomy":"category","embeddable":true,"href":"https:\/\/vosgesinfo.fr\/remiremontinfo\/wp-json\/wp\/v2\/categories?post=3400"},{"taxonomy":"post_tag","embeddable":true,"href":"https:\/\/vosgesinfo.fr\/remiremontinfo\/wp-json\/wp\/v2\/tags?post=3400"}],"curies":[{"name":"wp","href":"https:\/\/api.w.org\/{rel}","templated":true}]}}