{"id":3405,"date":"2023-12-19T10:00:25","date_gmt":"2023-12-19T09:00:25","guid":{"rendered":"https:\/\/vosgesinfo.fr\/remiremontinfo\/2023\/12\/la-bresse-le-traditionnel-marche-de-noel-ouvrira-ses-portes-ce-vendredi\/"},"modified":"2023-12-19T10:00:25","modified_gmt":"2023-12-19T09:00:25","slug":"la-bresse-le-traditionnel-marche-de-noel-ouvrira-ses-portes-ce-vendredi","status":"publish","type":"post","link":"https:\/\/vosgesinfo.fr\/remiremontinfo\/2023\/12\/la-bresse-le-traditionnel-marche-de-noel-ouvrira-ses-portes-ce-vendredi\/","title":{"rendered":"La Bresse &#8211; Le traditionnel march\u00e9 de No\u00ebl ouvrira ses portes ce vendredi !"},"content":{"rendered":"<div id=\"attachment_380977\" style=\"width: 970px\" class=\"wp-caption aligncenter\"><a href=\"https:\/\/remiremontinfo.fr\/wp-content\/uploads\/2023\/12\/March\u00e9-de-No\u00ebl-La-Bresse-\u00a9Mairie-de-La-Bresse.jpg\"><img decoding=\"async\" aria-describedby=\"caption-attachment-380977\" class=\"wp-image-380977 size-large\" src=\"https:\/\/vosgesinfo.fr\/app\/uploads\/sites\/5\/2023\/12\/marche-de-noel-la-bresse-\u00a9mairie-de-la-bresse.jpg\" alt=\"March\u00e9 de No\u00ebl La Bresse-\u00a9Mairie de La Bresse\" width=\"960\" height=\"720\" \/><\/a><p id=\"caption-attachment-380977\" class=\"wp-caption-text\">Photo Mairie de La Bresse<\/p><\/div>\n<h2><span style=\"font-size: 14pt;\">A<\/span> <span style=\"font-size: 14pt;\">La Bresse, c&rsquo;est le march\u00e9 de No\u00ebl avant l&rsquo;heure ! Si l&rsquo;ouverture du village de No\u00ebl bressaud \u00e9tait pr\u00e9vue pour le samedi 23 d\u00e9cembre prochain, celui-ci ouvrira finalement ses portes un jour plus t\u00f4t, ce vendredi 22 d\u00e9cembre. Commer\u00e7ants, animations et spectacles y seront \u00e0 d\u00e9couvrir jusqu&rsquo;au 7 janvier prochain.\u00a0<\/span><\/h2>\n<p>Au pied du sapin de la Place du Champtel, au c\u0153ur de la ville de La Bresse, le village de No\u00ebl vous accueille !\u00a0Venez d\u00e9couvrir les producteurs et artisans dans les chalets et profiter de l\u2019atmosph\u00e8re conviviale et chaleureuse des torches norv\u00e9giennes. Vous pourrez aussi poster votre liste de cadeaux dans la bo\u00eete aux lettres du P\u00e8re No\u00ebl, d\u00e9guster tartes flamb\u00e9es et autres sp\u00e9cialit\u00e9s \u00e0 toute heure. Un man\u00e8ge pour le plaisir des petits, au c\u0153ur du March\u00e9 de No\u00ebl de La Bresse !<\/p>\n<p>C\u00f4t\u00e9 animations :<\/p>\n<p>\u2022 S\u00e9ance photos avec le P\u00e8re No\u00ebl : le dimanche 24 de 10h \u00e0 12h et de 14h \u00e0 16h.<br \/>\n\u2022 Feux d\u2019artifice de No\u00ebl : le dimanche 24 \u00e0 18h30.<br \/>\n\u2022 Soir\u00e9es musicales d\u00e8s 17h autour des torches norv\u00e9giennes avec d\u00e9gustation de sp\u00e9cialit\u00e9s vosgiennes fum\u00e9es : le mercredi 27 d\u00e9cembre et mardi 2 janvier.<br \/>\n\u2022 Soir\u00e9e du 31 d\u00e9cembre avec DJ Micka, distribution de chapeaux pointus et bracelets fluo. Feux d\u2019artifice d\u00e8s 18h30.<br \/>\n\u2022 Spectacle de patinage avec la troupe \u00ab Everest On Ice \u00bb le jeudi 4 janvier \u00e0 18h30.<br \/>\nAnimations gratuites (sauf man\u00e8ge)<\/p>\n<p>Horaires d\u2019ouverture : de 10h30 \u00e0 19h<\/p>\n","protected":false},"excerpt":{"rendered":"<p>A La Bresse, c&rsquo;est le march\u00e9 de No\u00ebl avant l&rsquo;heure ! Si l&rsquo;ouverture du village de No\u00ebl bressaud \u00e9tait pr\u00e9vue [&hellip;]<\/p>\n","protected":false},"author":414,"featured_media":3404,"comment_status":"open","ping_status":"open","sticky":false,"template":"","format":"standard","meta":{"footnotes":""},"categories":[26,124,25],"tags":[366,105,460,514],"class_list":["post-3405","post","type-post","status-publish","format-standard","has-post-thumbnail","hentry","category-a-la-une","category-fetes","category-la-bresse-son-canton","tag-fetes","tag-la-bresse","tag-marche-de-noel","tag-pere-noel"],"acf":[],"yoast_head":"<!-- This site is optimized with the Yoast SEO plugin v22.5 - https:\/\/yoast.com\/wordpress\/plugins\/seo\/ -->\n<title>La Bresse - Le traditionnel march\u00e9 de No\u00ebl ouvrira ses portes ce vendredi ! - Remiremont Info<\/title>\n<meta name=\"robots\" content=\"index, follow, max-snippet:-1, max-image-preview:large, max-video-preview:-1\" \/>\n<link rel=\"canonical\" href=\"https:\/\/vosgesinfo.fr\/remiremontinfo\/2023\/12\/la-bresse-le-traditionnel-marche-de-noel-ouvrira-ses-portes-ce-vendredi\/\" \/>\n<meta name=\"twitter:card\" content=\"summary_large_image\" \/>\n<meta name=\"twitter:title\" content=\"La Bresse - Le traditionnel march\u00e9 de No\u00ebl ouvrira ses portes ce vendredi ! - Remiremont Info\" \/>\n<meta name=\"twitter:description\" content=\"A La Bresse, c&rsquo;est le march\u00e9 de No\u00ebl avant l&rsquo;heure ! Si l&rsquo;ouverture du village de No\u00ebl bressaud \u00e9tait pr\u00e9vue [&hellip;]\" \/>\n<meta name=\"twitter:image\" content=\"https:\/\/vosgesinfo.fr\/app\/uploads\/sites\/5\/2023\/12\/marche-de-noel-la-bresse-\u00a9mairie-de-la-bresse.jpg\" \/>\n<meta name=\"twitter:creator\" content=\"@VosgesInfo88\" \/>\n<meta name=\"twitter:site\" content=\"@VosgesInfo88\" \/>\n<meta name=\"twitter:label1\" content=\"\u00c9crit par\" \/>\n\t<meta name=\"twitter:data1\" content=\"Julien Chassard\" \/>\n\t<meta name=\"twitter:label2\" content=\"Dur\u00e9e de lecture estim\u00e9e\" \/>\n\t<meta name=\"twitter:data2\" content=\"1 minute\" \/>\n<script type=\"application\/ld+json\" class=\"yoast-schema-graph\">{\"@context\":\"https:\/\/schema.org\",\"@graph\":[{\"@type\":\"Article\",\"@id\":\"https:\/\/vosgesinfo.fr\/remiremontinfo\/2023\/12\/la-bresse-le-traditionnel-marche-de-noel-ouvrira-ses-portes-ce-vendredi\/#article\",\"isPartOf\":{\"@id\":\"https:\/\/vosgesinfo.fr\/remiremontinfo\/2023\/12\/la-bresse-le-traditionnel-marche-de-noel-ouvrira-ses-portes-ce-vendredi\/\"},\"author\":{\"name\":\"Julien Chassard\",\"@id\":\"https:\/\/vosgesinfo.fr\/remiremontinfo\/#\/schema\/person\/9f7d5afbed21dfe30e21502db85507c8\"},\"headline\":\"La Bresse &#8211; Le traditionnel march\u00e9 de No\u00ebl ouvrira ses portes ce vendredi !\",\"datePublished\":\"2023-12-19T09:00:25+00:00\",\"dateModified\":\"2023-12-19T09:00:25+00:00\",\"mainEntityOfPage\":{\"@id\":\"https:\/\/vosgesinfo.fr\/remiremontinfo\/2023\/12\/la-bresse-le-traditionnel-marche-de-noel-ouvrira-ses-portes-ce-vendredi\/\"},\"wordCount\":285,\"commentCount\":0,\"publisher\":{\"@id\":\"https:\/\/vosgesinfo.fr\/remiremontinfo\/#organization\"},\"image\":{\"@id\":\"https:\/\/vosgesinfo.fr\/remiremontinfo\/2023\/12\/la-bresse-le-traditionnel-marche-de-noel-ouvrira-ses-portes-ce-vendredi\/#primaryimage\"},\"thumbnailUrl\":\"https:\/\/vosgesinfo.fr\/app\/uploads\/sites\/5\/2023\/12\/marche-de-noel-la-bresse-\u00a9mairie-de-la-bresse.jpg\",\"keywords\":[\"fetes\",\"la bresse\",\"MARCHE DE NOEL\",\"P\u00e8re No\u00ebl\"],\"articleSection\":[\"A la Une\",\"F\u00eates\",\"La Bresse &amp; son canton\"],\"inLanguage\":\"fr-FR\",\"potentialAction\":[{\"@type\":\"CommentAction\",\"name\":\"Comment\",\"target\":[\"https:\/\/vosgesinfo.fr\/remiremontinfo\/2023\/12\/la-bresse-le-traditionnel-marche-de-noel-ouvrira-ses-portes-ce-vendredi\/#respond\"]}]},{\"@type\":\"WebPage\",\"@id\":\"https:\/\/vosgesinfo.fr\/remiremontinfo\/2023\/12\/la-bresse-le-traditionnel-marche-de-noel-ouvrira-ses-portes-ce-vendredi\/\",\"url\":\"https:\/\/vosgesinfo.fr\/remiremontinfo\/2023\/12\/la-bresse-le-traditionnel-marche-de-noel-ouvrira-ses-portes-ce-vendredi\/\",\"name\":\"La Bresse - Le traditionnel march\u00e9 de No\u00ebl ouvrira ses portes ce vendredi ! - Remiremont Info\",\"isPartOf\":{\"@id\":\"https:\/\/vosgesinfo.fr\/remiremontinfo\/#website\"},\"primaryImageOfPage\":{\"@id\":\"https:\/\/vosgesinfo.fr\/remiremontinfo\/2023\/12\/la-bresse-le-traditionnel-marche-de-noel-ouvrira-ses-portes-ce-vendredi\/#primaryimage\"},\"image\":{\"@id\":\"https:\/\/vosgesinfo.fr\/remiremontinfo\/2023\/12\/la-bresse-le-traditionnel-marche-de-noel-ouvrira-ses-portes-ce-vendredi\/#primaryimage\"},\"thumbnailUrl\":\"https:\/\/vosgesinfo.fr\/app\/uploads\/sites\/5\/2023\/12\/marche-de-noel-la-bresse-\u00a9mairie-de-la-bresse.jpg\",\"datePublished\":\"2023-12-19T09:00:25+00:00\",\"dateModified\":\"2023-12-19T09:00:25+00:00\",\"breadcrumb\":{\"@id\":\"https:\/\/vosgesinfo.fr\/remiremontinfo\/2023\/12\/la-bresse-le-traditionnel-marche-de-noel-ouvrira-ses-portes-ce-vendredi\/#breadcrumb\"},\"inLanguage\":\"fr-FR\",\"potentialAction\":[{\"@type\":\"ReadAction\",\"target\":[\"https:\/\/vosgesinfo.fr\/remiremontinfo\/2023\/12\/la-bresse-le-traditionnel-marche-de-noel-ouvrira-ses-portes-ce-vendredi\/\"]}]},{\"@type\":\"ImageObject\",\"inLanguage\":\"fr-FR\",\"@id\":\"https:\/\/vosgesinfo.fr\/remiremontinfo\/2023\/12\/la-bresse-le-traditionnel-marche-de-noel-ouvrira-ses-portes-ce-vendredi\/#primaryimage\",\"url\":\"https:\/\/vosgesinfo.fr\/app\/uploads\/sites\/5\/2023\/12\/marche-de-noel-la-bresse-\u00a9mairie-de-la-bresse.jpg\",\"contentUrl\":\"https:\/\/vosgesinfo.fr\/app\/uploads\/sites\/5\/2023\/12\/marche-de-noel-la-bresse-\u00a9mairie-de-la-bresse.jpg\",\"width\":1600,\"height\":1200},{\"@type\":\"BreadcrumbList\",\"@id\":\"https:\/\/vosgesinfo.fr\/remiremontinfo\/2023\/12\/la-bresse-le-traditionnel-marche-de-noel-ouvrira-ses-portes-ce-vendredi\/#breadcrumb\",\"itemListElement\":[{\"@type\":\"ListItem\",\"position\":1,\"name\":\"Home\",\"item\":\"https:\/\/vosgesinfo.fr\/remiremontinfo\/\"},{\"@type\":\"ListItem\",\"position\":2,\"name\":\"La Bresse &#8211; Le traditionnel march\u00e9 de No\u00ebl ouvrira ses portes ce vendredi !\"}]},{\"@type\":\"WebSite\",\"@id\":\"https:\/\/vosgesinfo.fr\/remiremontinfo\/#website\",\"url\":\"https:\/\/vosgesinfo.fr\/remiremontinfo\/\",\"name\":\"Remiremont Info\",\"description\":\"Toute l&#039;actualit\u00e9 de Remiremont\",\"publisher\":{\"@id\":\"https:\/\/vosgesinfo.fr\/remiremontinfo\/#organization\"},\"alternateName\":\"Toute l'actualit\u00e9 de Remiremont\",\"potentialAction\":[{\"@type\":\"SearchAction\",\"target\":{\"@type\":\"EntryPoint\",\"urlTemplate\":\"https:\/\/vosgesinfo.fr\/remiremontinfo\/?s={search_term_string}\"},\"query-input\":\"required name=search_term_string\"}],\"inLanguage\":\"fr-FR\"},{\"@type\":\"Organization\",\"@id\":\"https:\/\/vosgesinfo.fr\/remiremontinfo\/#organization\",\"name\":\"Remiremont Info\",\"url\":\"https:\/\/vosgesinfo.fr\/remiremontinfo\/\",\"logo\":{\"@type\":\"ImageObject\",\"inLanguage\":\"fr-FR\",\"@id\":\"https:\/\/vosgesinfo.fr\/remiremontinfo\/#\/schema\/logo\/image\/\",\"url\":\"https:\/\/vosgesinfo.fr\/app\/uploads\/sites\/5\/2023\/08\/favicon-remiremontinfo.png\",\"contentUrl\":\"https:\/\/vosgesinfo.fr\/app\/uploads\/sites\/5\/2023\/08\/favicon-remiremontinfo.png\",\"width\":512,\"height\":512,\"caption\":\"Remiremont Info\"},\"image\":{\"@id\":\"https:\/\/vosgesinfo.fr\/remiremontinfo\/#\/schema\/logo\/image\/\"},\"sameAs\":[\"https:\/\/www.facebook.com\/remiremontinfo\",\"https:\/\/x.com\/VosgesInfo88\",\"https:\/\/www.youtube.com\/@vosgesinfo\"]},{\"@type\":\"Person\",\"@id\":\"https:\/\/vosgesinfo.fr\/remiremontinfo\/#\/schema\/person\/9f7d5afbed21dfe30e21502db85507c8\",\"name\":\"Julien Chassard\",\"image\":{\"@type\":\"ImageObject\",\"inLanguage\":\"fr-FR\",\"@id\":\"https:\/\/vosgesinfo.fr\/remiremontinfo\/#\/schema\/person\/image\/\",\"url\":\"https:\/\/secure.gravatar.com\/avatar\/b1edc920568095a5269cc92a13830411052ebb396f029db539972c12276b9ba9?s=96&d=mm&r=g\",\"contentUrl\":\"https:\/\/secure.gravatar.com\/avatar\/b1edc920568095a5269cc92a13830411052ebb396f029db539972c12276b9ba9?s=96&d=mm&r=g\",\"caption\":\"Julien Chassard\"},\"url\":\"https:\/\/vosgesinfo.fr\/remiremontinfo\/author\/j-chassard882\/\"}]}<\/script>\n<!-- \/ Yoast SEO plugin. -->","yoast_head_json":{"title":"La Bresse - Le traditionnel march\u00e9 de No\u00ebl ouvrira ses portes ce vendredi ! - Remiremont Info","robots":{"index":"index","follow":"follow","max-snippet":"max-snippet:-1","max-image-preview":"max-image-preview:large","max-video-preview":"max-video-preview:-1"},"canonical":"https:\/\/vosgesinfo.fr\/remiremontinfo\/2023\/12\/la-bresse-le-traditionnel-marche-de-noel-ouvrira-ses-portes-ce-vendredi\/","twitter_card":"summary_large_image","twitter_title":"La Bresse - Le traditionnel march\u00e9 de No\u00ebl ouvrira ses portes ce vendredi ! - Remiremont Info","twitter_description":"A La Bresse, c&rsquo;est le march\u00e9 de No\u00ebl avant l&rsquo;heure ! Si l&rsquo;ouverture du village de No\u00ebl bressaud \u00e9tait pr\u00e9vue [&hellip;]","twitter_image":"https:\/\/vosgesinfo.fr\/app\/uploads\/sites\/5\/2023\/12\/marche-de-noel-la-bresse-\u00a9mairie-de-la-bresse.jpg","twitter_creator":"@VosgesInfo88","twitter_site":"@VosgesInfo88","twitter_misc":{"\u00c9crit par":"Julien Chassard","Dur\u00e9e de lecture estim\u00e9e":"1 minute"},"schema":{"@context":"https:\/\/schema.org","@graph":[{"@type":"Article","@id":"https:\/\/vosgesinfo.fr\/remiremontinfo\/2023\/12\/la-bresse-le-traditionnel-marche-de-noel-ouvrira-ses-portes-ce-vendredi\/#article","isPartOf":{"@id":"https:\/\/vosgesinfo.fr\/remiremontinfo\/2023\/12\/la-bresse-le-traditionnel-marche-de-noel-ouvrira-ses-portes-ce-vendredi\/"},"author":{"name":"Julien Chassard","@id":"https:\/\/vosgesinfo.fr\/remiremontinfo\/#\/schema\/person\/9f7d5afbed21dfe30e21502db85507c8"},"headline":"La Bresse &#8211; Le traditionnel march\u00e9 de No\u00ebl ouvrira ses portes ce vendredi !","datePublished":"2023-12-19T09:00:25+00:00","dateModified":"2023-12-19T09:00:25+00:00","mainEntityOfPage":{"@id":"https:\/\/vosgesinfo.fr\/remiremontinfo\/2023\/12\/la-bresse-le-traditionnel-marche-de-noel-ouvrira-ses-portes-ce-vendredi\/"},"wordCount":285,"commentCount":0,"publisher":{"@id":"https:\/\/vosgesinfo.fr\/remiremontinfo\/#organization"},"image":{"@id":"https:\/\/vosgesinfo.fr\/remiremontinfo\/2023\/12\/la-bresse-le-traditionnel-marche-de-noel-ouvrira-ses-portes-ce-vendredi\/#primaryimage"},"thumbnailUrl":"https:\/\/vosgesinfo.fr\/app\/uploads\/sites\/5\/2023\/12\/marche-de-noel-la-bresse-\u00a9mairie-de-la-bresse.jpg","keywords":["fetes","la bresse","MARCHE DE NOEL","P\u00e8re No\u00ebl"],"articleSection":["A la Une","F\u00eates","La Bresse &amp; son canton"],"inLanguage":"fr-FR","potentialAction":[{"@type":"CommentAction","name":"Comment","target":["https:\/\/vosgesinfo.fr\/remiremontinfo\/2023\/12\/la-bresse-le-traditionnel-marche-de-noel-ouvrira-ses-portes-ce-vendredi\/#respond"]}]},{"@type":"WebPage","@id":"https:\/\/vosgesinfo.fr\/remiremontinfo\/2023\/12\/la-bresse-le-traditionnel-marche-de-noel-ouvrira-ses-portes-ce-vendredi\/","url":"https:\/\/vosgesinfo.fr\/remiremontinfo\/2023\/12\/la-bresse-le-traditionnel-marche-de-noel-ouvrira-ses-portes-ce-vendredi\/","name":"La Bresse - Le traditionnel march\u00e9 de No\u00ebl ouvrira ses portes ce vendredi ! - Remiremont Info","isPartOf":{"@id":"https:\/\/vosgesinfo.fr\/remiremontinfo\/#website"},"primaryImageOfPage":{"@id":"https:\/\/vosgesinfo.fr\/remiremontinfo\/2023\/12\/la-bresse-le-traditionnel-marche-de-noel-ouvrira-ses-portes-ce-vendredi\/#primaryimage"},"image":{"@id":"https:\/\/vosgesinfo.fr\/remiremontinfo\/2023\/12\/la-bresse-le-traditionnel-marche-de-noel-ouvrira-ses-portes-ce-vendredi\/#primaryimage"},"thumbnailUrl":"https:\/\/vosgesinfo.fr\/app\/uploads\/sites\/5\/2023\/12\/marche-de-noel-la-bresse-\u00a9mairie-de-la-bresse.jpg","datePublished":"2023-12-19T09:00:25+00:00","dateModified":"2023-12-19T09:00:25+00:00","breadcrumb":{"@id":"https:\/\/vosgesinfo.fr\/remiremontinfo\/2023\/12\/la-bresse-le-traditionnel-marche-de-noel-ouvrira-ses-portes-ce-vendredi\/#breadcrumb"},"inLanguage":"fr-FR","potentialAction":[{"@type":"ReadAction","target":["https:\/\/vosgesinfo.fr\/remiremontinfo\/2023\/12\/la-bresse-le-traditionnel-marche-de-noel-ouvrira-ses-portes-ce-vendredi\/"]}]},{"@type":"ImageObject","inLanguage":"fr-FR","@id":"https:\/\/vosgesinfo.fr\/remiremontinfo\/2023\/12\/la-bresse-le-traditionnel-marche-de-noel-ouvrira-ses-portes-ce-vendredi\/#primaryimage","url":"https:\/\/vosgesinfo.fr\/app\/uploads\/sites\/5\/2023\/12\/marche-de-noel-la-bresse-\u00a9mairie-de-la-bresse.jpg","contentUrl":"https:\/\/vosgesinfo.fr\/app\/uploads\/sites\/5\/2023\/12\/marche-de-noel-la-bresse-\u00a9mairie-de-la-bresse.jpg","width":1600,"height":1200},{"@type":"BreadcrumbList","@id":"https:\/\/vosgesinfo.fr\/remiremontinfo\/2023\/12\/la-bresse-le-traditionnel-marche-de-noel-ouvrira-ses-portes-ce-vendredi\/#breadcrumb","itemListElement":[{"@type":"ListItem","position":1,"name":"Home","item":"https:\/\/vosgesinfo.fr\/remiremontinfo\/"},{"@type":"ListItem","position":2,"name":"La Bresse &#8211; Le traditionnel march\u00e9 de No\u00ebl ouvrira ses portes ce vendredi !"}]},{"@type":"WebSite","@id":"https:\/\/vosgesinfo.fr\/remiremontinfo\/#website","url":"https:\/\/vosgesinfo.fr\/remiremontinfo\/","name":"Remiremont Info","description":"Toute l&#039;actualit\u00e9 de Remiremont","publisher":{"@id":"https:\/\/vosgesinfo.fr\/remiremontinfo\/#organization"},"alternateName":"Toute l'actualit\u00e9 de Remiremont","potentialAction":[{"@type":"SearchAction","target":{"@type":"EntryPoint","urlTemplate":"https:\/\/vosgesinfo.fr\/remiremontinfo\/?s={search_term_string}"},"query-input":"required name=search_term_string"}],"inLanguage":"fr-FR"},{"@type":"Organization","@id":"https:\/\/vosgesinfo.fr\/remiremontinfo\/#organization","name":"Remiremont Info","url":"https:\/\/vosgesinfo.fr\/remiremontinfo\/","logo":{"@type":"ImageObject","inLanguage":"fr-FR","@id":"https:\/\/vosgesinfo.fr\/remiremontinfo\/#\/schema\/logo\/image\/","url":"https:\/\/vosgesinfo.fr\/app\/uploads\/sites\/5\/2023\/08\/favicon-remiremontinfo.png","contentUrl":"https:\/\/vosgesinfo.fr\/app\/uploads\/sites\/5\/2023\/08\/favicon-remiremontinfo.png","width":512,"height":512,"caption":"Remiremont Info"},"image":{"@id":"https:\/\/vosgesinfo.fr\/remiremontinfo\/#\/schema\/logo\/image\/"},"sameAs":["https:\/\/www.facebook.com\/remiremontinfo","https:\/\/x.com\/VosgesInfo88","https:\/\/www.youtube.com\/@vosgesinfo"]},{"@type":"Person","@id":"https:\/\/vosgesinfo.fr\/remiremontinfo\/#\/schema\/person\/9f7d5afbed21dfe30e21502db85507c8","name":"Julien Chassard","image":{"@type":"ImageObject","inLanguage":"fr-FR","@id":"https:\/\/vosgesinfo.fr\/remiremontinfo\/#\/schema\/person\/image\/","url":"https:\/\/secure.gravatar.com\/avatar\/b1edc920568095a5269cc92a13830411052ebb396f029db539972c12276b9ba9?s=96&d=mm&r=g","contentUrl":"https:\/\/secure.gravatar.com\/avatar\/b1edc920568095a5269cc92a13830411052ebb396f029db539972c12276b9ba9?s=96&d=mm&r=g","caption":"Julien Chassard"},"url":"https:\/\/vosgesinfo.fr\/remiremontinfo\/author\/j-chassard882\/"}]}},"_links":{"self":[{"href":"https:\/\/vosgesinfo.fr\/remiremontinfo\/wp-json\/wp\/v2\/posts\/3405","targetHints":{"allow":["GET"]}}],"collection":[{"href":"https:\/\/vosgesinfo.fr\/remiremontinfo\/wp-json\/wp\/v2\/posts"}],"about":[{"href":"https:\/\/vosgesinfo.fr\/remiremontinfo\/wp-json\/wp\/v2\/types\/post"}],"author":[{"embeddable":true,"href":"https:\/\/vosgesinfo.fr\/remiremontinfo\/wp-json\/wp\/v2\/users\/414"}],"replies":[{"embeddable":true,"href":"https:\/\/vosgesinfo.fr\/remiremontinfo\/wp-json\/wp\/v2\/comments?post=3405"}],"version-history":[{"count":0,"href":"https:\/\/vosgesinfo.fr\/remiremontinfo\/wp-json\/wp\/v2\/posts\/3405\/revisions"}],"wp:featuredmedia":[{"embeddable":true,"href":"https:\/\/vosgesinfo.fr\/remiremontinfo\/wp-json\/wp\/v2\/media\/3404"}],"wp:attachment":[{"href":"https:\/\/vosgesinfo.fr\/remiremontinfo\/wp-json\/wp\/v2\/media?parent=3405"}],"wp:term":[{"taxonomy":"category","embeddable":true,"href":"https:\/\/vosgesinfo.fr\/remiremontinfo\/wp-json\/wp\/v2\/categories?post=3405"},{"taxonomy":"post_tag","embeddable":true,"href":"https:\/\/vosgesinfo.fr\/remiremontinfo\/wp-json\/wp\/v2\/tags?post=3405"}],"curies":[{"name":"wp","href":"https:\/\/api.w.org\/{rel}","templated":true}]}}