{"id":34195,"date":"2020-11-24T10:04:03","date_gmt":"2020-11-24T09:04:03","guid":{"rendered":"https:\/\/vosgesinfo.fr\/remiremontinfo\/2020\/11\/bougies-cire-100-vegetale-fabriquees-a-remiremont\/"},"modified":"2020-11-24T10:04:03","modified_gmt":"2020-11-24T09:04:03","slug":"bougies-cire-100-vegetale-fabriquees-a-remiremont","status":"publish","type":"post","link":"https:\/\/vosgesinfo.fr\/remiremontinfo\/2020\/11\/bougies-cire-100-vegetale-fabriquees-a-remiremont\/","title":{"rendered":"Des bougies en cire 100\u00a0% v\u00e9g\u00e9tale fabriqu\u00e9es \u00e0 Remiremont"},"content":{"rendered":"<p style=\"text-align: center;\"><a href=\"\/2020\/11\/1-Copie.jpg\"><img decoding=\"async\" class=\"alignnone size-full wp-image-302357\" src=\"\/2020\/11\/1-Copie.jpg\" alt=\"1 - Copie\" width=\"625\" height=\"477\" \/><\/a><\/p>\n<h2><span style=\"font-size: 12pt;\"><strong>A l\u2019approche des f\u00eates de No\u00ebl, des vosgiens sont \u00e0 la recherche de d\u00e9corations ou de cadeaux originaux, et pourquoi pas fabriqu\u00e9s pr\u00e8s de chez eux. Voici une adresse qui pourrait en int\u00e9resser certains. Il y a plus de 4 ans, \u00e0 Remiremont, Sandrine Cortese a cr\u00e9\u00e9 l\u2019\u00ab\u00a0Atelier Bougies\u00a0\u00bb.<\/strong><\/span><\/h2>\n<p><em>\u00ab\u00a0Je r\u00e9alise \u00e0 la main dans mon atelier situ\u00e9 \u00e0 Remiremont\u00a0\u00bb<\/em>, explique Sandrine Cortese, <em>\u00ab\u00a0des bougies en cire 100% v\u00e9g\u00e9tale\u00a0\u00bb<\/em>\u00a0produite \u00e0 partir de Soja ou de Colza, sans OGM ni pesticides. <em>\u00ab\u00a0Tout est fran\u00e7ais, naturel et fait main\u00a0\u00bb.<\/em> Des cuves permettent de fondre la cire au bains marie en petites moyennes et grandes quantit\u00e9s. Puis les bougies sont form\u00e9es dans diff\u00e9rents contenants, avec plusieurs coloris ou parfums. Les clients de l\u2019Atelier sont des particuliers et professionnels. Souvent des boutiques de d\u00e9corations et des fleuristes.<\/p>\n<p>Sandrine Cortese a r\u00e9alis\u00e9 jusqu\u2019\u00e0 25.000 bougies pour une seule et m\u00eame commande. C\u2019est l\u2019entreprise Thiriet qui, en fin d\u2019ann\u00e9e 2019, l\u2019a contact\u00e9e pour fournir les bougies n\u00e9cessaires \u00e0 une box pour la Saint-Valentin. Un<em> \u00ab\u00a0repas aux chandelles\u00a0\u00bb<\/em>. Une quantit\u00e9 impressionnante. Pendant le confinement, la fabrication n\u2019a pas \u00e9t\u00e9 interrompue. La cr\u00e9atrice ne re\u00e7oit plus \u00e0 l\u2019atelier, mais les commandes sont nombreuses. <em>\u00ab\u00a0C\u2019est une p\u00e9riode assez charg\u00e9e\u00a0\u00bb<\/em>. Beaucoup de clients font appelle \u00e0 l\u2019entreprise \u00e0 l\u2019approche des f\u00eates. <em>\u00ab\u00a0Soit pour faire des cadeaux, soit pour mettre chez eux\u00a0\u00bb<\/em>. Les commande sont exp\u00e9di\u00e9es, comme d\u2019habitude, par voie postale.<\/p>\n<p>Il y a un choix entre 3 types de contenants. En m\u00e9tal, le plus basique. En porcelaine, fait main en Bourgogne. Ou en verre, en provenance de la Roch\u00e8re. <em>\u00ab\u00a0Je voulais quelque chose d\u2019un peu plus haut de gamme. Je me suis tourn\u00e9e vers le verrerie de la Roch\u00e8re\u00a0\u00bb<\/em>. Sandrine Cortese a s\u00e9lectionn\u00e9 des contenants qui servent habituellement dans l\u2019alimentaire. \u00ab\u00a0Je les ai d\u00e9tourn\u00e9s de leur usage initial\u00a0\u00bb. Les contenants en verre et porcelaine sont rechargeables <em>\u00ab\u00a0\u00c7a permet de changer de parfum un peu comme de chemise\u00a0\u00bb<\/em>, explique la cr\u00e9atrice. <em>\u00ab\u00a0L\u2019id\u00e9e c\u2019est de ne pas toujours jeter\u00a0\u00bb<\/em>. Une d\u00e9marche <em>\u00ab\u00a0durable\u00a0\u00bb<\/em> et \u00e9coresponsable. C\u2019est un point mis en avant\u00a0: des produits qui respectent l\u2019environnement, avec <em>\u00ab\u00a0des mati\u00e8res premi\u00e8res s\u00e9lectionn\u00e9es avec soin\u00a0\u00bb.<\/em><\/p>\n<p>La coloration est aussi effectu\u00e9e sur place. <em>\u00ab\u00a0J\u2019ai des couleurs de base, des couleurs primaires\u00a0\u00bb<\/em>. En r\u00e9alisant des m\u00e9langes, la cr\u00e9atrice parvient \u00e0 proposer de tr\u00e8s nombreuses teintes. Les parfums sont \u00e9labor\u00e9s \u00e0 Grasse et Mougins. Pour l\u2019hiver, et \u00e0 l\u2019approche des f\u00eates de fin d\u2019ann\u00e9e, certains parfums sont tr\u00e8s pris\u00e9s. <em>\u00ab\u00a0En ce moment, je fais \u00e9norm\u00e9ment de cannelle, de sapin des Vosges\u00a0\u00bb<\/em>. Aussi du pain d\u2019\u00e9pice, du chocolat. <em>\u00ab\u00a0Des parfums gourmands, qui font penser \u00e0 No\u00ebl\u00a0\u00bb<\/em>. C\u2019est diff\u00e9rent au printemps. Les parfums floraux ont alors la pr\u00e9f\u00e9rence des clients. En \u00e9t\u00e9, ce sont les agrumes, la mangue, la noix de coco, la menthe, qui sont les plus demand\u00e9s.<\/p>\n<p>Pour plus de renseignements, rendez vous sur <a href=\"https:\/\/www.facebook.com\/atelierbougie\/\">la page Facebook de l\u2019Atelier Bougies<\/a> ou sur <a href=\"https:\/\/www.atelierbougies.com\/\">www.atelierbougies.com<\/a><\/p>\n\n","protected":false},"excerpt":{"rendered":"<p>A l\u2019approche des f\u00eates de No\u00ebl, des vosgiens sont \u00e0 la recherche de d\u00e9corations ou de cadeaux originaux, et pourquoi [&hellip;]<\/p>\n","protected":false},"author":407,"featured_media":34196,"comment_status":"open","ping_status":"open","sticky":false,"template":"","format":"standard","meta":{"footnotes":""},"categories":[26,1556,35],"tags":[],"class_list":["post-34195","post","type-post","status-publish","format-standard","has-post-thumbnail","hentry","category-a-la-une","category-remiremont-remiremont-son-canton-2","category-remiremont-son-canton"],"acf":[],"yoast_head":"<!-- This site is optimized with the Yoast SEO plugin v22.5 - https:\/\/yoast.com\/wordpress\/plugins\/seo\/ -->\n<title>Des bougies en cire 100\u00a0% v\u00e9g\u00e9tale fabriqu\u00e9es \u00e0 Remiremont - Remiremont Info<\/title>\n<meta name=\"robots\" content=\"index, follow, max-snippet:-1, max-image-preview:large, max-video-preview:-1\" \/>\n<link rel=\"canonical\" href=\"https:\/\/vosgesinfo.fr\/remiremontinfo\/2020\/11\/bougies-cire-100-vegetale-fabriquees-a-remiremont\/\" \/>\n<meta name=\"twitter:card\" content=\"summary_large_image\" \/>\n<meta name=\"twitter:title\" content=\"Des bougies en cire 100\u00a0% v\u00e9g\u00e9tale fabriqu\u00e9es \u00e0 Remiremont - Remiremont Info\" \/>\n<meta name=\"twitter:description\" content=\"A l\u2019approche des f\u00eates de No\u00ebl, des vosgiens sont \u00e0 la recherche de d\u00e9corations ou de cadeaux originaux, et pourquoi [&hellip;]\" \/>\n<meta name=\"twitter:image\" content=\"https:\/\/vosgesinfo.fr\/app\/uploads\/sites\/5\/2024\/09\/202011capture-decran-2020-11-24-100211.png\" \/>\n<meta name=\"twitter:creator\" content=\"@VosgesInfo88\" \/>\n<meta name=\"twitter:site\" content=\"@VosgesInfo88\" \/>\n<meta name=\"twitter:label1\" content=\"\u00c9crit par\" \/>\n\t<meta name=\"twitter:data1\" content=\"C D\" \/>\n\t<meta name=\"twitter:label2\" content=\"Dur\u00e9e de lecture estim\u00e9e\" \/>\n\t<meta name=\"twitter:data2\" content=\"3 minutes\" \/>\n<script type=\"application\/ld+json\" class=\"yoast-schema-graph\">{\"@context\":\"https:\/\/schema.org\",\"@graph\":[{\"@type\":\"Article\",\"@id\":\"https:\/\/vosgesinfo.fr\/remiremontinfo\/2020\/11\/bougies-cire-100-vegetale-fabriquees-a-remiremont\/#article\",\"isPartOf\":{\"@id\":\"https:\/\/vosgesinfo.fr\/remiremontinfo\/2020\/11\/bougies-cire-100-vegetale-fabriquees-a-remiremont\/\"},\"author\":{\"name\":\"C D\",\"@id\":\"https:\/\/vosgesinfo.fr\/remiremontinfo\/#\/schema\/person\/3bfd164d5218a185b1db68655a265316\"},\"headline\":\"Des bougies en cire 100\u00a0% v\u00e9g\u00e9tale fabriqu\u00e9es \u00e0 Remiremont\",\"datePublished\":\"2020-11-24T09:04:03+00:00\",\"dateModified\":\"2020-11-24T09:04:03+00:00\",\"mainEntityOfPage\":{\"@id\":\"https:\/\/vosgesinfo.fr\/remiremontinfo\/2020\/11\/bougies-cire-100-vegetale-fabriquees-a-remiremont\/\"},\"wordCount\":560,\"commentCount\":0,\"publisher\":{\"@id\":\"https:\/\/vosgesinfo.fr\/remiremontinfo\/#organization\"},\"image\":{\"@id\":\"https:\/\/vosgesinfo.fr\/remiremontinfo\/2020\/11\/bougies-cire-100-vegetale-fabriquees-a-remiremont\/#primaryimage\"},\"thumbnailUrl\":\"https:\/\/vosgesinfo.fr\/app\/uploads\/sites\/5\/2024\/09\/202011capture-decran-2020-11-24-100211.png\",\"articleSection\":[\"A la Une\",\"Remiremont\",\"Remiremont &amp; son canton\"],\"inLanguage\":\"fr-FR\",\"potentialAction\":[{\"@type\":\"CommentAction\",\"name\":\"Comment\",\"target\":[\"https:\/\/vosgesinfo.fr\/remiremontinfo\/2020\/11\/bougies-cire-100-vegetale-fabriquees-a-remiremont\/#respond\"]}]},{\"@type\":\"WebPage\",\"@id\":\"https:\/\/vosgesinfo.fr\/remiremontinfo\/2020\/11\/bougies-cire-100-vegetale-fabriquees-a-remiremont\/\",\"url\":\"https:\/\/vosgesinfo.fr\/remiremontinfo\/2020\/11\/bougies-cire-100-vegetale-fabriquees-a-remiremont\/\",\"name\":\"Des bougies en cire 100\u00a0% v\u00e9g\u00e9tale fabriqu\u00e9es \u00e0 Remiremont - Remiremont Info\",\"isPartOf\":{\"@id\":\"https:\/\/vosgesinfo.fr\/remiremontinfo\/#website\"},\"primaryImageOfPage\":{\"@id\":\"https:\/\/vosgesinfo.fr\/remiremontinfo\/2020\/11\/bougies-cire-100-vegetale-fabriquees-a-remiremont\/#primaryimage\"},\"image\":{\"@id\":\"https:\/\/vosgesinfo.fr\/remiremontinfo\/2020\/11\/bougies-cire-100-vegetale-fabriquees-a-remiremont\/#primaryimage\"},\"thumbnailUrl\":\"https:\/\/vosgesinfo.fr\/app\/uploads\/sites\/5\/2024\/09\/202011capture-decran-2020-11-24-100211.png\",\"datePublished\":\"2020-11-24T09:04:03+00:00\",\"dateModified\":\"2020-11-24T09:04:03+00:00\",\"breadcrumb\":{\"@id\":\"https:\/\/vosgesinfo.fr\/remiremontinfo\/2020\/11\/bougies-cire-100-vegetale-fabriquees-a-remiremont\/#breadcrumb\"},\"inLanguage\":\"fr-FR\",\"potentialAction\":[{\"@type\":\"ReadAction\",\"target\":[\"https:\/\/vosgesinfo.fr\/remiremontinfo\/2020\/11\/bougies-cire-100-vegetale-fabriquees-a-remiremont\/\"]}]},{\"@type\":\"ImageObject\",\"inLanguage\":\"fr-FR\",\"@id\":\"https:\/\/vosgesinfo.fr\/remiremontinfo\/2020\/11\/bougies-cire-100-vegetale-fabriquees-a-remiremont\/#primaryimage\",\"url\":\"https:\/\/vosgesinfo.fr\/app\/uploads\/sites\/5\/2024\/09\/202011capture-decran-2020-11-24-100211.png\",\"contentUrl\":\"https:\/\/vosgesinfo.fr\/app\/uploads\/sites\/5\/2024\/09\/202011capture-decran-2020-11-24-100211.png\",\"width\":800,\"height\":601},{\"@type\":\"BreadcrumbList\",\"@id\":\"https:\/\/vosgesinfo.fr\/remiremontinfo\/2020\/11\/bougies-cire-100-vegetale-fabriquees-a-remiremont\/#breadcrumb\",\"itemListElement\":[{\"@type\":\"ListItem\",\"position\":1,\"name\":\"Home\",\"item\":\"https:\/\/vosgesinfo.fr\/remiremontinfo\/\"},{\"@type\":\"ListItem\",\"position\":2,\"name\":\"Des bougies en cire 100\u00a0% v\u00e9g\u00e9tale fabriqu\u00e9es \u00e0 Remiremont\"}]},{\"@type\":\"WebSite\",\"@id\":\"https:\/\/vosgesinfo.fr\/remiremontinfo\/#website\",\"url\":\"https:\/\/vosgesinfo.fr\/remiremontinfo\/\",\"name\":\"Remiremont Info\",\"description\":\"Toute l&#039;actualit\u00e9 de Remiremont\",\"publisher\":{\"@id\":\"https:\/\/vosgesinfo.fr\/remiremontinfo\/#organization\"},\"alternateName\":\"Toute l'actualit\u00e9 de Remiremont\",\"potentialAction\":[{\"@type\":\"SearchAction\",\"target\":{\"@type\":\"EntryPoint\",\"urlTemplate\":\"https:\/\/vosgesinfo.fr\/remiremontinfo\/?s={search_term_string}\"},\"query-input\":\"required name=search_term_string\"}],\"inLanguage\":\"fr-FR\"},{\"@type\":\"Organization\",\"@id\":\"https:\/\/vosgesinfo.fr\/remiremontinfo\/#organization\",\"name\":\"Remiremont Info\",\"url\":\"https:\/\/vosgesinfo.fr\/remiremontinfo\/\",\"logo\":{\"@type\":\"ImageObject\",\"inLanguage\":\"fr-FR\",\"@id\":\"https:\/\/vosgesinfo.fr\/remiremontinfo\/#\/schema\/logo\/image\/\",\"url\":\"https:\/\/vosgesinfo.fr\/app\/uploads\/sites\/5\/2023\/08\/favicon-remiremontinfo.png\",\"contentUrl\":\"https:\/\/vosgesinfo.fr\/app\/uploads\/sites\/5\/2023\/08\/favicon-remiremontinfo.png\",\"width\":512,\"height\":512,\"caption\":\"Remiremont Info\"},\"image\":{\"@id\":\"https:\/\/vosgesinfo.fr\/remiremontinfo\/#\/schema\/logo\/image\/\"},\"sameAs\":[\"https:\/\/www.facebook.com\/remiremontinfo\",\"https:\/\/x.com\/VosgesInfo88\",\"https:\/\/www.youtube.com\/@vosgesinfo\"]},{\"@type\":\"Person\",\"@id\":\"https:\/\/vosgesinfo.fr\/remiremontinfo\/#\/schema\/person\/3bfd164d5218a185b1db68655a265316\",\"name\":\"C D\",\"image\":{\"@type\":\"ImageObject\",\"inLanguage\":\"fr-FR\",\"@id\":\"https:\/\/vosgesinfo.fr\/remiremontinfo\/#\/schema\/person\/image\/\",\"url\":\"https:\/\/secure.gravatar.com\/avatar\/1f9a70007336511a47468b8f1c66f922b8b7cf617b02a31149ada43893a5d48f?s=96&d=mm&r=g\",\"contentUrl\":\"https:\/\/secure.gravatar.com\/avatar\/1f9a70007336511a47468b8f1c66f922b8b7cf617b02a31149ada43893a5d48f?s=96&d=mm&r=g\",\"caption\":\"C D\"},\"url\":\"https:\/\/vosgesinfo.fr\/remiremontinfo\/author\/cedric-drevet\/\"}]}<\/script>\n<!-- \/ Yoast SEO plugin. -->","yoast_head_json":{"title":"Des bougies en cire 100\u00a0% v\u00e9g\u00e9tale fabriqu\u00e9es \u00e0 Remiremont - Remiremont Info","robots":{"index":"index","follow":"follow","max-snippet":"max-snippet:-1","max-image-preview":"max-image-preview:large","max-video-preview":"max-video-preview:-1"},"canonical":"https:\/\/vosgesinfo.fr\/remiremontinfo\/2020\/11\/bougies-cire-100-vegetale-fabriquees-a-remiremont\/","twitter_card":"summary_large_image","twitter_title":"Des bougies en cire 100\u00a0% v\u00e9g\u00e9tale fabriqu\u00e9es \u00e0 Remiremont - Remiremont Info","twitter_description":"A l\u2019approche des f\u00eates de No\u00ebl, des vosgiens sont \u00e0 la recherche de d\u00e9corations ou de cadeaux originaux, et pourquoi [&hellip;]","twitter_image":"https:\/\/vosgesinfo.fr\/app\/uploads\/sites\/5\/2024\/09\/202011capture-decran-2020-11-24-100211.png","twitter_creator":"@VosgesInfo88","twitter_site":"@VosgesInfo88","twitter_misc":{"\u00c9crit par":"C D","Dur\u00e9e de lecture estim\u00e9e":"3 minutes"},"schema":{"@context":"https:\/\/schema.org","@graph":[{"@type":"Article","@id":"https:\/\/vosgesinfo.fr\/remiremontinfo\/2020\/11\/bougies-cire-100-vegetale-fabriquees-a-remiremont\/#article","isPartOf":{"@id":"https:\/\/vosgesinfo.fr\/remiremontinfo\/2020\/11\/bougies-cire-100-vegetale-fabriquees-a-remiremont\/"},"author":{"name":"C D","@id":"https:\/\/vosgesinfo.fr\/remiremontinfo\/#\/schema\/person\/3bfd164d5218a185b1db68655a265316"},"headline":"Des bougies en cire 100\u00a0% v\u00e9g\u00e9tale fabriqu\u00e9es \u00e0 Remiremont","datePublished":"2020-11-24T09:04:03+00:00","dateModified":"2020-11-24T09:04:03+00:00","mainEntityOfPage":{"@id":"https:\/\/vosgesinfo.fr\/remiremontinfo\/2020\/11\/bougies-cire-100-vegetale-fabriquees-a-remiremont\/"},"wordCount":560,"commentCount":0,"publisher":{"@id":"https:\/\/vosgesinfo.fr\/remiremontinfo\/#organization"},"image":{"@id":"https:\/\/vosgesinfo.fr\/remiremontinfo\/2020\/11\/bougies-cire-100-vegetale-fabriquees-a-remiremont\/#primaryimage"},"thumbnailUrl":"https:\/\/vosgesinfo.fr\/app\/uploads\/sites\/5\/2024\/09\/202011capture-decran-2020-11-24-100211.png","articleSection":["A la Une","Remiremont","Remiremont &amp; son canton"],"inLanguage":"fr-FR","potentialAction":[{"@type":"CommentAction","name":"Comment","target":["https:\/\/vosgesinfo.fr\/remiremontinfo\/2020\/11\/bougies-cire-100-vegetale-fabriquees-a-remiremont\/#respond"]}]},{"@type":"WebPage","@id":"https:\/\/vosgesinfo.fr\/remiremontinfo\/2020\/11\/bougies-cire-100-vegetale-fabriquees-a-remiremont\/","url":"https:\/\/vosgesinfo.fr\/remiremontinfo\/2020\/11\/bougies-cire-100-vegetale-fabriquees-a-remiremont\/","name":"Des bougies en cire 100\u00a0% v\u00e9g\u00e9tale fabriqu\u00e9es \u00e0 Remiremont - Remiremont Info","isPartOf":{"@id":"https:\/\/vosgesinfo.fr\/remiremontinfo\/#website"},"primaryImageOfPage":{"@id":"https:\/\/vosgesinfo.fr\/remiremontinfo\/2020\/11\/bougies-cire-100-vegetale-fabriquees-a-remiremont\/#primaryimage"},"image":{"@id":"https:\/\/vosgesinfo.fr\/remiremontinfo\/2020\/11\/bougies-cire-100-vegetale-fabriquees-a-remiremont\/#primaryimage"},"thumbnailUrl":"https:\/\/vosgesinfo.fr\/app\/uploads\/sites\/5\/2024\/09\/202011capture-decran-2020-11-24-100211.png","datePublished":"2020-11-24T09:04:03+00:00","dateModified":"2020-11-24T09:04:03+00:00","breadcrumb":{"@id":"https:\/\/vosgesinfo.fr\/remiremontinfo\/2020\/11\/bougies-cire-100-vegetale-fabriquees-a-remiremont\/#breadcrumb"},"inLanguage":"fr-FR","potentialAction":[{"@type":"ReadAction","target":["https:\/\/vosgesinfo.fr\/remiremontinfo\/2020\/11\/bougies-cire-100-vegetale-fabriquees-a-remiremont\/"]}]},{"@type":"ImageObject","inLanguage":"fr-FR","@id":"https:\/\/vosgesinfo.fr\/remiremontinfo\/2020\/11\/bougies-cire-100-vegetale-fabriquees-a-remiremont\/#primaryimage","url":"https:\/\/vosgesinfo.fr\/app\/uploads\/sites\/5\/2024\/09\/202011capture-decran-2020-11-24-100211.png","contentUrl":"https:\/\/vosgesinfo.fr\/app\/uploads\/sites\/5\/2024\/09\/202011capture-decran-2020-11-24-100211.png","width":800,"height":601},{"@type":"BreadcrumbList","@id":"https:\/\/vosgesinfo.fr\/remiremontinfo\/2020\/11\/bougies-cire-100-vegetale-fabriquees-a-remiremont\/#breadcrumb","itemListElement":[{"@type":"ListItem","position":1,"name":"Home","item":"https:\/\/vosgesinfo.fr\/remiremontinfo\/"},{"@type":"ListItem","position":2,"name":"Des bougies en cire 100\u00a0% v\u00e9g\u00e9tale fabriqu\u00e9es \u00e0 Remiremont"}]},{"@type":"WebSite","@id":"https:\/\/vosgesinfo.fr\/remiremontinfo\/#website","url":"https:\/\/vosgesinfo.fr\/remiremontinfo\/","name":"Remiremont Info","description":"Toute l&#039;actualit\u00e9 de Remiremont","publisher":{"@id":"https:\/\/vosgesinfo.fr\/remiremontinfo\/#organization"},"alternateName":"Toute l'actualit\u00e9 de Remiremont","potentialAction":[{"@type":"SearchAction","target":{"@type":"EntryPoint","urlTemplate":"https:\/\/vosgesinfo.fr\/remiremontinfo\/?s={search_term_string}"},"query-input":"required name=search_term_string"}],"inLanguage":"fr-FR"},{"@type":"Organization","@id":"https:\/\/vosgesinfo.fr\/remiremontinfo\/#organization","name":"Remiremont Info","url":"https:\/\/vosgesinfo.fr\/remiremontinfo\/","logo":{"@type":"ImageObject","inLanguage":"fr-FR","@id":"https:\/\/vosgesinfo.fr\/remiremontinfo\/#\/schema\/logo\/image\/","url":"https:\/\/vosgesinfo.fr\/app\/uploads\/sites\/5\/2023\/08\/favicon-remiremontinfo.png","contentUrl":"https:\/\/vosgesinfo.fr\/app\/uploads\/sites\/5\/2023\/08\/favicon-remiremontinfo.png","width":512,"height":512,"caption":"Remiremont Info"},"image":{"@id":"https:\/\/vosgesinfo.fr\/remiremontinfo\/#\/schema\/logo\/image\/"},"sameAs":["https:\/\/www.facebook.com\/remiremontinfo","https:\/\/x.com\/VosgesInfo88","https:\/\/www.youtube.com\/@vosgesinfo"]},{"@type":"Person","@id":"https:\/\/vosgesinfo.fr\/remiremontinfo\/#\/schema\/person\/3bfd164d5218a185b1db68655a265316","name":"C D","image":{"@type":"ImageObject","inLanguage":"fr-FR","@id":"https:\/\/vosgesinfo.fr\/remiremontinfo\/#\/schema\/person\/image\/","url":"https:\/\/secure.gravatar.com\/avatar\/1f9a70007336511a47468b8f1c66f922b8b7cf617b02a31149ada43893a5d48f?s=96&d=mm&r=g","contentUrl":"https:\/\/secure.gravatar.com\/avatar\/1f9a70007336511a47468b8f1c66f922b8b7cf617b02a31149ada43893a5d48f?s=96&d=mm&r=g","caption":"C D"},"url":"https:\/\/vosgesinfo.fr\/remiremontinfo\/author\/cedric-drevet\/"}]}},"_links":{"self":[{"href":"https:\/\/vosgesinfo.fr\/remiremontinfo\/wp-json\/wp\/v2\/posts\/34195","targetHints":{"allow":["GET"]}}],"collection":[{"href":"https:\/\/vosgesinfo.fr\/remiremontinfo\/wp-json\/wp\/v2\/posts"}],"about":[{"href":"https:\/\/vosgesinfo.fr\/remiremontinfo\/wp-json\/wp\/v2\/types\/post"}],"author":[{"embeddable":true,"href":"https:\/\/vosgesinfo.fr\/remiremontinfo\/wp-json\/wp\/v2\/users\/407"}],"replies":[{"embeddable":true,"href":"https:\/\/vosgesinfo.fr\/remiremontinfo\/wp-json\/wp\/v2\/comments?post=34195"}],"version-history":[{"count":0,"href":"https:\/\/vosgesinfo.fr\/remiremontinfo\/wp-json\/wp\/v2\/posts\/34195\/revisions"}],"wp:featuredmedia":[{"embeddable":true,"href":"https:\/\/vosgesinfo.fr\/remiremontinfo\/wp-json\/wp\/v2\/media\/34196"}],"wp:attachment":[{"href":"https:\/\/vosgesinfo.fr\/remiremontinfo\/wp-json\/wp\/v2\/media?parent=34195"}],"wp:term":[{"taxonomy":"category","embeddable":true,"href":"https:\/\/vosgesinfo.fr\/remiremontinfo\/wp-json\/wp\/v2\/categories?post=34195"},{"taxonomy":"post_tag","embeddable":true,"href":"https:\/\/vosgesinfo.fr\/remiremontinfo\/wp-json\/wp\/v2\/tags?post=34195"}],"curies":[{"name":"wp","href":"https:\/\/api.w.org\/{rel}","templated":true}]}}