{"id":34338,"date":"2020-11-27T08:40:51","date_gmt":"2020-11-27T07:40:51","guid":{"rendered":"https:\/\/vosgesinfo.fr\/remiremontinfo\/2020\/11\/plombieres-cest-promis-fin-de-lannee-ne-sera-morose\/"},"modified":"2020-11-27T08:40:51","modified_gmt":"2020-11-27T07:40:51","slug":"plombieres-cest-promis-fin-de-lannee-ne-sera-morose","status":"publish","type":"post","link":"https:\/\/vosgesinfo.fr\/remiremontinfo\/2020\/11\/plombieres-cest-promis-fin-de-lannee-ne-sera-morose\/","title":{"rendered":"Plombi\u00e8res\u00a0: \u00ab\u00a0c\u2019est promis, la fin de l\u2019ann\u00e9e ne sera pas morose\u00a0\u00bb"},"content":{"rendered":"\n<p><span style=\"font-size: 10pt;\"><em>Photos\u00a0@villedeplombiereslesbains<\/em><\/span><\/p>\n<h2><span style=\"font-size: 12pt;\"><strong>Le temps de l\u2019Avent est l\u2019un des temps forts de l\u2019ann\u00e9e pour Plombi\u00e8res-les-bains. Cette ann\u00e9e, tout sera un peu diff\u00e9rent. Le March\u00e9 de No\u00ebl, tr\u00e8s appr\u00e9ci\u00e9 et renomm\u00e9, et le d\u00e9fil\u00e9 de Saint Nicolas sontt annul\u00e9s en raisons des mesures gouvernementales li\u00e9es \u00e0 la crise du Covid-19.<\/strong><\/span><\/h2>\n<p>Sapins et d\u00e9corations ont tout de m\u00eame \u00e9t\u00e9 install\u00e9s dans la ville thermale. Ce mercredi a eu lieu la premi\u00e8re nuit \u00ab\u00a0illumin\u00e9e\u00a0\u00bb. Certes, il manque les petits chalets de No\u00ebl, l\u2019odeur des gaufres et des marrons chauds, la musique dans les hauts parleurs et la voix qui annonce les diff\u00e9rentes activit\u00e9s propos\u00e9es aux visiteurs. Cependant, assure la municipalit\u00e9, <em>\u00ab\u00a0c\u2019est promis, la fin de l\u2019ann\u00e9e ne sera pas morose\u00a0\u00bb.<\/em><\/p>\n<p>&nbsp;<\/p>\n","protected":false},"excerpt":{"rendered":"<p>Photos\u00a0@villedeplombiereslesbains Le temps de l\u2019Avent est l\u2019un des temps forts de l\u2019ann\u00e9e pour Plombi\u00e8res-les-bains. Cette ann\u00e9e, tout sera un peu [&hellip;]<\/p>\n","protected":false},"author":407,"featured_media":34339,"comment_status":"open","ping_status":"open","sticky":false,"template":"","format":"standard","meta":{"footnotes":""},"categories":[26,124,82,102],"tags":[],"class_list":["post-34338","post","type-post","status-publish","format-standard","has-post-thumbnail","hentry","category-a-la-une","category-fetes","category-le-val-dajol-son-canton","category-plombieres-les-bains"],"acf":[],"yoast_head":"<!-- This site is optimized with the Yoast SEO plugin v22.5 - https:\/\/yoast.com\/wordpress\/plugins\/seo\/ -->\n<title>Plombi\u00e8res\u00a0: \u00ab\u00a0c\u2019est promis, la fin de l\u2019ann\u00e9e ne sera pas morose\u00a0\u00bb - Remiremont Info<\/title>\n<meta name=\"robots\" content=\"index, follow, max-snippet:-1, max-image-preview:large, max-video-preview:-1\" \/>\n<link rel=\"canonical\" href=\"https:\/\/vosgesinfo.fr\/remiremontinfo\/2020\/11\/plombieres-cest-promis-fin-de-lannee-ne-sera-morose\/\" \/>\n<meta name=\"twitter:card\" content=\"summary_large_image\" \/>\n<meta name=\"twitter:title\" content=\"Plombi\u00e8res\u00a0: \u00ab\u00a0c\u2019est promis, la fin de l\u2019ann\u00e9e ne sera pas morose\u00a0\u00bb - Remiremont Info\" \/>\n<meta name=\"twitter:description\" content=\"Photos\u00a0@villedeplombiereslesbains Le temps de l\u2019Avent est l\u2019un des temps forts de l\u2019ann\u00e9e pour Plombi\u00e8res-les-bains. Cette ann\u00e9e, tout sera un peu [&hellip;]\" \/>\n<meta name=\"twitter:image\" content=\"https:\/\/vosgesinfo.fr\/app\/uploads\/sites\/5\/2024\/09\/202011capture-decran-2020-11-27-091435.png\" \/>\n<meta name=\"twitter:creator\" content=\"@VosgesInfo88\" \/>\n<meta name=\"twitter:site\" content=\"@VosgesInfo88\" \/>\n<meta name=\"twitter:label1\" content=\"\u00c9crit par\" \/>\n\t<meta name=\"twitter:data1\" content=\"C D\" \/>\n\t<meta name=\"twitter:label2\" content=\"Dur\u00e9e de lecture estim\u00e9e\" \/>\n\t<meta name=\"twitter:data2\" content=\"1 minute\" \/>\n<script type=\"application\/ld+json\" class=\"yoast-schema-graph\">{\"@context\":\"https:\/\/schema.org\",\"@graph\":[{\"@type\":\"Article\",\"@id\":\"https:\/\/vosgesinfo.fr\/remiremontinfo\/2020\/11\/plombieres-cest-promis-fin-de-lannee-ne-sera-morose\/#article\",\"isPartOf\":{\"@id\":\"https:\/\/vosgesinfo.fr\/remiremontinfo\/2020\/11\/plombieres-cest-promis-fin-de-lannee-ne-sera-morose\/\"},\"author\":{\"name\":\"C D\",\"@id\":\"https:\/\/vosgesinfo.fr\/remiremontinfo\/#\/schema\/person\/3bfd164d5218a185b1db68655a265316\"},\"headline\":\"Plombi\u00e8res\u00a0: \u00ab\u00a0c\u2019est promis, la fin de l\u2019ann\u00e9e ne sera pas morose\u00a0\u00bb\",\"datePublished\":\"2020-11-27T07:40:51+00:00\",\"dateModified\":\"2020-11-27T07:40:51+00:00\",\"mainEntityOfPage\":{\"@id\":\"https:\/\/vosgesinfo.fr\/remiremontinfo\/2020\/11\/plombieres-cest-promis-fin-de-lannee-ne-sera-morose\/\"},\"wordCount\":166,\"commentCount\":0,\"publisher\":{\"@id\":\"https:\/\/vosgesinfo.fr\/remiremontinfo\/#organization\"},\"image\":{\"@id\":\"https:\/\/vosgesinfo.fr\/remiremontinfo\/2020\/11\/plombieres-cest-promis-fin-de-lannee-ne-sera-morose\/#primaryimage\"},\"thumbnailUrl\":\"https:\/\/vosgesinfo.fr\/app\/uploads\/sites\/5\/2024\/09\/202011capture-decran-2020-11-27-091435.png\",\"articleSection\":[\"A la Une\",\"F\u00eates\",\"Le Val-d'Ajol &amp; son canton\",\"Plombi\u00e8res-l\u00e8s-Bains\"],\"inLanguage\":\"fr-FR\",\"potentialAction\":[{\"@type\":\"CommentAction\",\"name\":\"Comment\",\"target\":[\"https:\/\/vosgesinfo.fr\/remiremontinfo\/2020\/11\/plombieres-cest-promis-fin-de-lannee-ne-sera-morose\/#respond\"]}]},{\"@type\":\"WebPage\",\"@id\":\"https:\/\/vosgesinfo.fr\/remiremontinfo\/2020\/11\/plombieres-cest-promis-fin-de-lannee-ne-sera-morose\/\",\"url\":\"https:\/\/vosgesinfo.fr\/remiremontinfo\/2020\/11\/plombieres-cest-promis-fin-de-lannee-ne-sera-morose\/\",\"name\":\"Plombi\u00e8res\u00a0: \u00ab\u00a0c\u2019est promis, la fin de l\u2019ann\u00e9e ne sera pas morose\u00a0\u00bb - Remiremont Info\",\"isPartOf\":{\"@id\":\"https:\/\/vosgesinfo.fr\/remiremontinfo\/#website\"},\"primaryImageOfPage\":{\"@id\":\"https:\/\/vosgesinfo.fr\/remiremontinfo\/2020\/11\/plombieres-cest-promis-fin-de-lannee-ne-sera-morose\/#primaryimage\"},\"image\":{\"@id\":\"https:\/\/vosgesinfo.fr\/remiremontinfo\/2020\/11\/plombieres-cest-promis-fin-de-lannee-ne-sera-morose\/#primaryimage\"},\"thumbnailUrl\":\"https:\/\/vosgesinfo.fr\/app\/uploads\/sites\/5\/2024\/09\/202011capture-decran-2020-11-27-091435.png\",\"datePublished\":\"2020-11-27T07:40:51+00:00\",\"dateModified\":\"2020-11-27T07:40:51+00:00\",\"breadcrumb\":{\"@id\":\"https:\/\/vosgesinfo.fr\/remiremontinfo\/2020\/11\/plombieres-cest-promis-fin-de-lannee-ne-sera-morose\/#breadcrumb\"},\"inLanguage\":\"fr-FR\",\"potentialAction\":[{\"@type\":\"ReadAction\",\"target\":[\"https:\/\/vosgesinfo.fr\/remiremontinfo\/2020\/11\/plombieres-cest-promis-fin-de-lannee-ne-sera-morose\/\"]}]},{\"@type\":\"ImageObject\",\"inLanguage\":\"fr-FR\",\"@id\":\"https:\/\/vosgesinfo.fr\/remiremontinfo\/2020\/11\/plombieres-cest-promis-fin-de-lannee-ne-sera-morose\/#primaryimage\",\"url\":\"https:\/\/vosgesinfo.fr\/app\/uploads\/sites\/5\/2024\/09\/202011capture-decran-2020-11-27-091435.png\",\"contentUrl\":\"https:\/\/vosgesinfo.fr\/app\/uploads\/sites\/5\/2024\/09\/202011capture-decran-2020-11-27-091435.png\",\"width\":800,\"height\":533},{\"@type\":\"BreadcrumbList\",\"@id\":\"https:\/\/vosgesinfo.fr\/remiremontinfo\/2020\/11\/plombieres-cest-promis-fin-de-lannee-ne-sera-morose\/#breadcrumb\",\"itemListElement\":[{\"@type\":\"ListItem\",\"position\":1,\"name\":\"Home\",\"item\":\"https:\/\/vosgesinfo.fr\/remiremontinfo\/\"},{\"@type\":\"ListItem\",\"position\":2,\"name\":\"Plombi\u00e8res\u00a0: \u00ab\u00a0c\u2019est promis, la fin de l\u2019ann\u00e9e ne sera pas morose\u00a0\u00bb\"}]},{\"@type\":\"WebSite\",\"@id\":\"https:\/\/vosgesinfo.fr\/remiremontinfo\/#website\",\"url\":\"https:\/\/vosgesinfo.fr\/remiremontinfo\/\",\"name\":\"Remiremont Info\",\"description\":\"Toute l&#039;actualit\u00e9 de Remiremont\",\"publisher\":{\"@id\":\"https:\/\/vosgesinfo.fr\/remiremontinfo\/#organization\"},\"alternateName\":\"Toute l'actualit\u00e9 de Remiremont\",\"potentialAction\":[{\"@type\":\"SearchAction\",\"target\":{\"@type\":\"EntryPoint\",\"urlTemplate\":\"https:\/\/vosgesinfo.fr\/remiremontinfo\/?s={search_term_string}\"},\"query-input\":\"required name=search_term_string\"}],\"inLanguage\":\"fr-FR\"},{\"@type\":\"Organization\",\"@id\":\"https:\/\/vosgesinfo.fr\/remiremontinfo\/#organization\",\"name\":\"Remiremont Info\",\"url\":\"https:\/\/vosgesinfo.fr\/remiremontinfo\/\",\"logo\":{\"@type\":\"ImageObject\",\"inLanguage\":\"fr-FR\",\"@id\":\"https:\/\/vosgesinfo.fr\/remiremontinfo\/#\/schema\/logo\/image\/\",\"url\":\"https:\/\/vosgesinfo.fr\/app\/uploads\/sites\/5\/2023\/08\/favicon-remiremontinfo.png\",\"contentUrl\":\"https:\/\/vosgesinfo.fr\/app\/uploads\/sites\/5\/2023\/08\/favicon-remiremontinfo.png\",\"width\":512,\"height\":512,\"caption\":\"Remiremont Info\"},\"image\":{\"@id\":\"https:\/\/vosgesinfo.fr\/remiremontinfo\/#\/schema\/logo\/image\/\"},\"sameAs\":[\"https:\/\/www.facebook.com\/remiremontinfo\",\"https:\/\/x.com\/VosgesInfo88\",\"https:\/\/www.youtube.com\/@vosgesinfo\"]},{\"@type\":\"Person\",\"@id\":\"https:\/\/vosgesinfo.fr\/remiremontinfo\/#\/schema\/person\/3bfd164d5218a185b1db68655a265316\",\"name\":\"C D\",\"image\":{\"@type\":\"ImageObject\",\"inLanguage\":\"fr-FR\",\"@id\":\"https:\/\/vosgesinfo.fr\/remiremontinfo\/#\/schema\/person\/image\/\",\"url\":\"https:\/\/secure.gravatar.com\/avatar\/1f9a70007336511a47468b8f1c66f922b8b7cf617b02a31149ada43893a5d48f?s=96&d=mm&r=g\",\"contentUrl\":\"https:\/\/secure.gravatar.com\/avatar\/1f9a70007336511a47468b8f1c66f922b8b7cf617b02a31149ada43893a5d48f?s=96&d=mm&r=g\",\"caption\":\"C D\"},\"url\":\"https:\/\/vosgesinfo.fr\/remiremontinfo\/author\/cedric-drevet\/\"}]}<\/script>\n<!-- \/ Yoast SEO plugin. -->","yoast_head_json":{"title":"Plombi\u00e8res\u00a0: \u00ab\u00a0c\u2019est promis, la fin de l\u2019ann\u00e9e ne sera pas morose\u00a0\u00bb - Remiremont Info","robots":{"index":"index","follow":"follow","max-snippet":"max-snippet:-1","max-image-preview":"max-image-preview:large","max-video-preview":"max-video-preview:-1"},"canonical":"https:\/\/vosgesinfo.fr\/remiremontinfo\/2020\/11\/plombieres-cest-promis-fin-de-lannee-ne-sera-morose\/","twitter_card":"summary_large_image","twitter_title":"Plombi\u00e8res\u00a0: \u00ab\u00a0c\u2019est promis, la fin de l\u2019ann\u00e9e ne sera pas morose\u00a0\u00bb - Remiremont Info","twitter_description":"Photos\u00a0@villedeplombiereslesbains Le temps de l\u2019Avent est l\u2019un des temps forts de l\u2019ann\u00e9e pour Plombi\u00e8res-les-bains. Cette ann\u00e9e, tout sera un peu [&hellip;]","twitter_image":"https:\/\/vosgesinfo.fr\/app\/uploads\/sites\/5\/2024\/09\/202011capture-decran-2020-11-27-091435.png","twitter_creator":"@VosgesInfo88","twitter_site":"@VosgesInfo88","twitter_misc":{"\u00c9crit par":"C D","Dur\u00e9e de lecture estim\u00e9e":"1 minute"},"schema":{"@context":"https:\/\/schema.org","@graph":[{"@type":"Article","@id":"https:\/\/vosgesinfo.fr\/remiremontinfo\/2020\/11\/plombieres-cest-promis-fin-de-lannee-ne-sera-morose\/#article","isPartOf":{"@id":"https:\/\/vosgesinfo.fr\/remiremontinfo\/2020\/11\/plombieres-cest-promis-fin-de-lannee-ne-sera-morose\/"},"author":{"name":"C D","@id":"https:\/\/vosgesinfo.fr\/remiremontinfo\/#\/schema\/person\/3bfd164d5218a185b1db68655a265316"},"headline":"Plombi\u00e8res\u00a0: \u00ab\u00a0c\u2019est promis, la fin de l\u2019ann\u00e9e ne sera pas morose\u00a0\u00bb","datePublished":"2020-11-27T07:40:51+00:00","dateModified":"2020-11-27T07:40:51+00:00","mainEntityOfPage":{"@id":"https:\/\/vosgesinfo.fr\/remiremontinfo\/2020\/11\/plombieres-cest-promis-fin-de-lannee-ne-sera-morose\/"},"wordCount":166,"commentCount":0,"publisher":{"@id":"https:\/\/vosgesinfo.fr\/remiremontinfo\/#organization"},"image":{"@id":"https:\/\/vosgesinfo.fr\/remiremontinfo\/2020\/11\/plombieres-cest-promis-fin-de-lannee-ne-sera-morose\/#primaryimage"},"thumbnailUrl":"https:\/\/vosgesinfo.fr\/app\/uploads\/sites\/5\/2024\/09\/202011capture-decran-2020-11-27-091435.png","articleSection":["A la Une","F\u00eates","Le Val-d'Ajol &amp; son canton","Plombi\u00e8res-l\u00e8s-Bains"],"inLanguage":"fr-FR","potentialAction":[{"@type":"CommentAction","name":"Comment","target":["https:\/\/vosgesinfo.fr\/remiremontinfo\/2020\/11\/plombieres-cest-promis-fin-de-lannee-ne-sera-morose\/#respond"]}]},{"@type":"WebPage","@id":"https:\/\/vosgesinfo.fr\/remiremontinfo\/2020\/11\/plombieres-cest-promis-fin-de-lannee-ne-sera-morose\/","url":"https:\/\/vosgesinfo.fr\/remiremontinfo\/2020\/11\/plombieres-cest-promis-fin-de-lannee-ne-sera-morose\/","name":"Plombi\u00e8res\u00a0: \u00ab\u00a0c\u2019est promis, la fin de l\u2019ann\u00e9e ne sera pas morose\u00a0\u00bb - Remiremont Info","isPartOf":{"@id":"https:\/\/vosgesinfo.fr\/remiremontinfo\/#website"},"primaryImageOfPage":{"@id":"https:\/\/vosgesinfo.fr\/remiremontinfo\/2020\/11\/plombieres-cest-promis-fin-de-lannee-ne-sera-morose\/#primaryimage"},"image":{"@id":"https:\/\/vosgesinfo.fr\/remiremontinfo\/2020\/11\/plombieres-cest-promis-fin-de-lannee-ne-sera-morose\/#primaryimage"},"thumbnailUrl":"https:\/\/vosgesinfo.fr\/app\/uploads\/sites\/5\/2024\/09\/202011capture-decran-2020-11-27-091435.png","datePublished":"2020-11-27T07:40:51+00:00","dateModified":"2020-11-27T07:40:51+00:00","breadcrumb":{"@id":"https:\/\/vosgesinfo.fr\/remiremontinfo\/2020\/11\/plombieres-cest-promis-fin-de-lannee-ne-sera-morose\/#breadcrumb"},"inLanguage":"fr-FR","potentialAction":[{"@type":"ReadAction","target":["https:\/\/vosgesinfo.fr\/remiremontinfo\/2020\/11\/plombieres-cest-promis-fin-de-lannee-ne-sera-morose\/"]}]},{"@type":"ImageObject","inLanguage":"fr-FR","@id":"https:\/\/vosgesinfo.fr\/remiremontinfo\/2020\/11\/plombieres-cest-promis-fin-de-lannee-ne-sera-morose\/#primaryimage","url":"https:\/\/vosgesinfo.fr\/app\/uploads\/sites\/5\/2024\/09\/202011capture-decran-2020-11-27-091435.png","contentUrl":"https:\/\/vosgesinfo.fr\/app\/uploads\/sites\/5\/2024\/09\/202011capture-decran-2020-11-27-091435.png","width":800,"height":533},{"@type":"BreadcrumbList","@id":"https:\/\/vosgesinfo.fr\/remiremontinfo\/2020\/11\/plombieres-cest-promis-fin-de-lannee-ne-sera-morose\/#breadcrumb","itemListElement":[{"@type":"ListItem","position":1,"name":"Home","item":"https:\/\/vosgesinfo.fr\/remiremontinfo\/"},{"@type":"ListItem","position":2,"name":"Plombi\u00e8res\u00a0: \u00ab\u00a0c\u2019est promis, la fin de l\u2019ann\u00e9e ne sera pas morose\u00a0\u00bb"}]},{"@type":"WebSite","@id":"https:\/\/vosgesinfo.fr\/remiremontinfo\/#website","url":"https:\/\/vosgesinfo.fr\/remiremontinfo\/","name":"Remiremont Info","description":"Toute l&#039;actualit\u00e9 de Remiremont","publisher":{"@id":"https:\/\/vosgesinfo.fr\/remiremontinfo\/#organization"},"alternateName":"Toute l'actualit\u00e9 de Remiremont","potentialAction":[{"@type":"SearchAction","target":{"@type":"EntryPoint","urlTemplate":"https:\/\/vosgesinfo.fr\/remiremontinfo\/?s={search_term_string}"},"query-input":"required name=search_term_string"}],"inLanguage":"fr-FR"},{"@type":"Organization","@id":"https:\/\/vosgesinfo.fr\/remiremontinfo\/#organization","name":"Remiremont Info","url":"https:\/\/vosgesinfo.fr\/remiremontinfo\/","logo":{"@type":"ImageObject","inLanguage":"fr-FR","@id":"https:\/\/vosgesinfo.fr\/remiremontinfo\/#\/schema\/logo\/image\/","url":"https:\/\/vosgesinfo.fr\/app\/uploads\/sites\/5\/2023\/08\/favicon-remiremontinfo.png","contentUrl":"https:\/\/vosgesinfo.fr\/app\/uploads\/sites\/5\/2023\/08\/favicon-remiremontinfo.png","width":512,"height":512,"caption":"Remiremont Info"},"image":{"@id":"https:\/\/vosgesinfo.fr\/remiremontinfo\/#\/schema\/logo\/image\/"},"sameAs":["https:\/\/www.facebook.com\/remiremontinfo","https:\/\/x.com\/VosgesInfo88","https:\/\/www.youtube.com\/@vosgesinfo"]},{"@type":"Person","@id":"https:\/\/vosgesinfo.fr\/remiremontinfo\/#\/schema\/person\/3bfd164d5218a185b1db68655a265316","name":"C D","image":{"@type":"ImageObject","inLanguage":"fr-FR","@id":"https:\/\/vosgesinfo.fr\/remiremontinfo\/#\/schema\/person\/image\/","url":"https:\/\/secure.gravatar.com\/avatar\/1f9a70007336511a47468b8f1c66f922b8b7cf617b02a31149ada43893a5d48f?s=96&d=mm&r=g","contentUrl":"https:\/\/secure.gravatar.com\/avatar\/1f9a70007336511a47468b8f1c66f922b8b7cf617b02a31149ada43893a5d48f?s=96&d=mm&r=g","caption":"C D"},"url":"https:\/\/vosgesinfo.fr\/remiremontinfo\/author\/cedric-drevet\/"}]}},"_links":{"self":[{"href":"https:\/\/vosgesinfo.fr\/remiremontinfo\/wp-json\/wp\/v2\/posts\/34338","targetHints":{"allow":["GET"]}}],"collection":[{"href":"https:\/\/vosgesinfo.fr\/remiremontinfo\/wp-json\/wp\/v2\/posts"}],"about":[{"href":"https:\/\/vosgesinfo.fr\/remiremontinfo\/wp-json\/wp\/v2\/types\/post"}],"author":[{"embeddable":true,"href":"https:\/\/vosgesinfo.fr\/remiremontinfo\/wp-json\/wp\/v2\/users\/407"}],"replies":[{"embeddable":true,"href":"https:\/\/vosgesinfo.fr\/remiremontinfo\/wp-json\/wp\/v2\/comments?post=34338"}],"version-history":[{"count":0,"href":"https:\/\/vosgesinfo.fr\/remiremontinfo\/wp-json\/wp\/v2\/posts\/34338\/revisions"}],"wp:featuredmedia":[{"embeddable":true,"href":"https:\/\/vosgesinfo.fr\/remiremontinfo\/wp-json\/wp\/v2\/media\/34339"}],"wp:attachment":[{"href":"https:\/\/vosgesinfo.fr\/remiremontinfo\/wp-json\/wp\/v2\/media?parent=34338"}],"wp:term":[{"taxonomy":"category","embeddable":true,"href":"https:\/\/vosgesinfo.fr\/remiremontinfo\/wp-json\/wp\/v2\/categories?post=34338"},{"taxonomy":"post_tag","embeddable":true,"href":"https:\/\/vosgesinfo.fr\/remiremontinfo\/wp-json\/wp\/v2\/tags?post=34338"}],"curies":[{"name":"wp","href":"https:\/\/api.w.org\/{rel}","templated":true}]}}