{"id":34347,"date":"2020-11-27T08:35:54","date_gmt":"2020-11-27T07:35:54","guid":{"rendered":"https:\/\/vosgesinfo.fr\/remiremontinfo\/2020\/11\/reouverture-mediatheques-intercommunales-a-partir-1er-decembre\/"},"modified":"2020-11-27T08:35:54","modified_gmt":"2020-11-27T07:35:54","slug":"reouverture-mediatheques-intercommunales-a-partir-1er-decembre","status":"publish","type":"post","link":"https:\/\/vosgesinfo.fr\/remiremontinfo\/2020\/11\/reouverture-mediatheques-intercommunales-a-partir-1er-decembre\/","title":{"rendered":"R\u00e9ouverture des m\u00e9diath\u00e8ques intercommunales \u00e0 partir du 1er d\u00e9cembre"},"content":{"rendered":"<h2 style=\"text-align: left;\"><span style=\"font-size: 12pt;\"><strong>Une nouvelle qui r\u00e9jouira sans doute des amateurs de lecture. Suite aux derni\u00e8res annonces gouvernementales, la m\u00e9diath\u00e8que accueillera de nouveau du public sans rendez- vous \u00e0 compter du mardi 1er d\u00e9cembre, \u00e0 Remiremont, Saint-Nabord, Vecoux et au Val-d&rsquo;Ajol. On\u00a0pourra rendre, emprunter et r\u00e9server jusqu&rsquo;\u00e0 10 documents. De plus, le service de portage \u00e0 domicile sur les secteurs de Dommartin-l\u00e8s-Remiremont et Eloyes est maintenu.<\/strong><\/span><\/h2>\n<h2 style=\"text-align: center;\">\n<a href=\"\/2020\/11\/unnamed1.jpg\"><img decoding=\"async\" class=\"alignnone size-full wp-image-302724\" src=\"\/2020\/11\/unnamed1.jpg\" alt=\"unnamed\" width=\"566\" height=\"800\" \/><\/a><\/h2>\n<p>&nbsp;<\/p>\n","protected":false},"excerpt":{"rendered":"<p>Une nouvelle qui r\u00e9jouira sans doute des amateurs de lecture. Suite aux derni\u00e8res annonces gouvernementales, la m\u00e9diath\u00e8que accueillera de nouveau [&hellip;]<\/p>\n","protected":false},"author":407,"featured_media":427,"comment_status":"open","ping_status":"open","sticky":false,"template":"","format":"standard","meta":{"footnotes":""},"categories":[26,4],"tags":[],"class_list":["post-34347","post","type-post","status-publish","format-standard","has-post-thumbnail","hentry","category-a-la-une","category-culture"],"acf":[],"yoast_head":"<!-- This site is optimized with the Yoast SEO plugin v22.5 - https:\/\/yoast.com\/wordpress\/plugins\/seo\/ -->\n<title>R\u00e9ouverture des m\u00e9diath\u00e8ques intercommunales \u00e0 partir du 1er d\u00e9cembre - Remiremont Info<\/title>\n<meta name=\"robots\" content=\"index, follow, max-snippet:-1, max-image-preview:large, max-video-preview:-1\" \/>\n<link rel=\"canonical\" href=\"https:\/\/vosgesinfo.fr\/remiremontinfo\/2020\/11\/reouverture-mediatheques-intercommunales-a-partir-1er-decembre\/\" \/>\n<meta name=\"twitter:card\" content=\"summary_large_image\" \/>\n<meta name=\"twitter:title\" content=\"R\u00e9ouverture des m\u00e9diath\u00e8ques intercommunales \u00e0 partir du 1er d\u00e9cembre - Remiremont Info\" \/>\n<meta name=\"twitter:description\" content=\"Une nouvelle qui r\u00e9jouira sans doute des amateurs de lecture. Suite aux derni\u00e8res annonces gouvernementales, la m\u00e9diath\u00e8que accueillera de nouveau [&hellip;]\" \/>\n<meta name=\"twitter:image\" content=\"https:\/\/vosgesinfo.fr\/app\/uploads\/sites\/5\/2020\/01\/p1110212-1024x768-1.jpg\" \/>\n<meta name=\"twitter:creator\" content=\"@VosgesInfo88\" \/>\n<meta name=\"twitter:site\" content=\"@VosgesInfo88\" \/>\n<meta name=\"twitter:label1\" content=\"\u00c9crit par\" \/>\n\t<meta name=\"twitter:data1\" content=\"C D\" \/>\n<script type=\"application\/ld+json\" class=\"yoast-schema-graph\">{\"@context\":\"https:\/\/schema.org\",\"@graph\":[{\"@type\":\"Article\",\"@id\":\"https:\/\/vosgesinfo.fr\/remiremontinfo\/2020\/11\/reouverture-mediatheques-intercommunales-a-partir-1er-decembre\/#article\",\"isPartOf\":{\"@id\":\"https:\/\/vosgesinfo.fr\/remiremontinfo\/2020\/11\/reouverture-mediatheques-intercommunales-a-partir-1er-decembre\/\"},\"author\":{\"name\":\"C D\",\"@id\":\"https:\/\/vosgesinfo.fr\/remiremontinfo\/#\/schema\/person\/3bfd164d5218a185b1db68655a265316\"},\"headline\":\"R\u00e9ouverture des m\u00e9diath\u00e8ques intercommunales \u00e0 partir du 1er d\u00e9cembre\",\"datePublished\":\"2020-11-27T07:35:54+00:00\",\"dateModified\":\"2020-11-27T07:35:54+00:00\",\"mainEntityOfPage\":{\"@id\":\"https:\/\/vosgesinfo.fr\/remiremontinfo\/2020\/11\/reouverture-mediatheques-intercommunales-a-partir-1er-decembre\/\"},\"wordCount\":81,\"commentCount\":0,\"publisher\":{\"@id\":\"https:\/\/vosgesinfo.fr\/remiremontinfo\/#organization\"},\"image\":{\"@id\":\"https:\/\/vosgesinfo.fr\/remiremontinfo\/2020\/11\/reouverture-mediatheques-intercommunales-a-partir-1er-decembre\/#primaryimage\"},\"thumbnailUrl\":\"https:\/\/vosgesinfo.fr\/app\/uploads\/sites\/5\/2020\/01\/p1110212-1024x768-1.jpg\",\"articleSection\":[\"A la Une\",\"Culture\"],\"inLanguage\":\"fr-FR\",\"potentialAction\":[{\"@type\":\"CommentAction\",\"name\":\"Comment\",\"target\":[\"https:\/\/vosgesinfo.fr\/remiremontinfo\/2020\/11\/reouverture-mediatheques-intercommunales-a-partir-1er-decembre\/#respond\"]}]},{\"@type\":\"WebPage\",\"@id\":\"https:\/\/vosgesinfo.fr\/remiremontinfo\/2020\/11\/reouverture-mediatheques-intercommunales-a-partir-1er-decembre\/\",\"url\":\"https:\/\/vosgesinfo.fr\/remiremontinfo\/2020\/11\/reouverture-mediatheques-intercommunales-a-partir-1er-decembre\/\",\"name\":\"R\u00e9ouverture des m\u00e9diath\u00e8ques intercommunales \u00e0 partir du 1er d\u00e9cembre - Remiremont Info\",\"isPartOf\":{\"@id\":\"https:\/\/vosgesinfo.fr\/remiremontinfo\/#website\"},\"primaryImageOfPage\":{\"@id\":\"https:\/\/vosgesinfo.fr\/remiremontinfo\/2020\/11\/reouverture-mediatheques-intercommunales-a-partir-1er-decembre\/#primaryimage\"},\"image\":{\"@id\":\"https:\/\/vosgesinfo.fr\/remiremontinfo\/2020\/11\/reouverture-mediatheques-intercommunales-a-partir-1er-decembre\/#primaryimage\"},\"thumbnailUrl\":\"https:\/\/vosgesinfo.fr\/app\/uploads\/sites\/5\/2020\/01\/p1110212-1024x768-1.jpg\",\"datePublished\":\"2020-11-27T07:35:54+00:00\",\"dateModified\":\"2020-11-27T07:35:54+00:00\",\"breadcrumb\":{\"@id\":\"https:\/\/vosgesinfo.fr\/remiremontinfo\/2020\/11\/reouverture-mediatheques-intercommunales-a-partir-1er-decembre\/#breadcrumb\"},\"inLanguage\":\"fr-FR\",\"potentialAction\":[{\"@type\":\"ReadAction\",\"target\":[\"https:\/\/vosgesinfo.fr\/remiremontinfo\/2020\/11\/reouverture-mediatheques-intercommunales-a-partir-1er-decembre\/\"]}]},{\"@type\":\"ImageObject\",\"inLanguage\":\"fr-FR\",\"@id\":\"https:\/\/vosgesinfo.fr\/remiremontinfo\/2020\/11\/reouverture-mediatheques-intercommunales-a-partir-1er-decembre\/#primaryimage\",\"url\":\"https:\/\/vosgesinfo.fr\/app\/uploads\/sites\/5\/2020\/01\/p1110212-1024x768-1.jpg\",\"contentUrl\":\"https:\/\/vosgesinfo.fr\/app\/uploads\/sites\/5\/2020\/01\/p1110212-1024x768-1.jpg\",\"width\":1024,\"height\":768},{\"@type\":\"BreadcrumbList\",\"@id\":\"https:\/\/vosgesinfo.fr\/remiremontinfo\/2020\/11\/reouverture-mediatheques-intercommunales-a-partir-1er-decembre\/#breadcrumb\",\"itemListElement\":[{\"@type\":\"ListItem\",\"position\":1,\"name\":\"Home\",\"item\":\"https:\/\/vosgesinfo.fr\/remiremontinfo\/\"},{\"@type\":\"ListItem\",\"position\":2,\"name\":\"R\u00e9ouverture des m\u00e9diath\u00e8ques intercommunales \u00e0 partir du 1er d\u00e9cembre\"}]},{\"@type\":\"WebSite\",\"@id\":\"https:\/\/vosgesinfo.fr\/remiremontinfo\/#website\",\"url\":\"https:\/\/vosgesinfo.fr\/remiremontinfo\/\",\"name\":\"Remiremont Info\",\"description\":\"Toute l&#039;actualit\u00e9 de Remiremont\",\"publisher\":{\"@id\":\"https:\/\/vosgesinfo.fr\/remiremontinfo\/#organization\"},\"alternateName\":\"Toute l'actualit\u00e9 de Remiremont\",\"potentialAction\":[{\"@type\":\"SearchAction\",\"target\":{\"@type\":\"EntryPoint\",\"urlTemplate\":\"https:\/\/vosgesinfo.fr\/remiremontinfo\/?s={search_term_string}\"},\"query-input\":\"required name=search_term_string\"}],\"inLanguage\":\"fr-FR\"},{\"@type\":\"Organization\",\"@id\":\"https:\/\/vosgesinfo.fr\/remiremontinfo\/#organization\",\"name\":\"Remiremont Info\",\"url\":\"https:\/\/vosgesinfo.fr\/remiremontinfo\/\",\"logo\":{\"@type\":\"ImageObject\",\"inLanguage\":\"fr-FR\",\"@id\":\"https:\/\/vosgesinfo.fr\/remiremontinfo\/#\/schema\/logo\/image\/\",\"url\":\"https:\/\/vosgesinfo.fr\/app\/uploads\/sites\/5\/2023\/08\/favicon-remiremontinfo.png\",\"contentUrl\":\"https:\/\/vosgesinfo.fr\/app\/uploads\/sites\/5\/2023\/08\/favicon-remiremontinfo.png\",\"width\":512,\"height\":512,\"caption\":\"Remiremont Info\"},\"image\":{\"@id\":\"https:\/\/vosgesinfo.fr\/remiremontinfo\/#\/schema\/logo\/image\/\"},\"sameAs\":[\"https:\/\/www.facebook.com\/remiremontinfo\",\"https:\/\/x.com\/VosgesInfo88\",\"https:\/\/www.youtube.com\/@vosgesinfo\"]},{\"@type\":\"Person\",\"@id\":\"https:\/\/vosgesinfo.fr\/remiremontinfo\/#\/schema\/person\/3bfd164d5218a185b1db68655a265316\",\"name\":\"C D\",\"image\":{\"@type\":\"ImageObject\",\"inLanguage\":\"fr-FR\",\"@id\":\"https:\/\/vosgesinfo.fr\/remiremontinfo\/#\/schema\/person\/image\/\",\"url\":\"https:\/\/secure.gravatar.com\/avatar\/1f9a70007336511a47468b8f1c66f922b8b7cf617b02a31149ada43893a5d48f?s=96&d=mm&r=g\",\"contentUrl\":\"https:\/\/secure.gravatar.com\/avatar\/1f9a70007336511a47468b8f1c66f922b8b7cf617b02a31149ada43893a5d48f?s=96&d=mm&r=g\",\"caption\":\"C D\"},\"url\":\"https:\/\/vosgesinfo.fr\/remiremontinfo\/author\/cedric-drevet\/\"}]}<\/script>\n<!-- \/ Yoast SEO plugin. -->","yoast_head_json":{"title":"R\u00e9ouverture des m\u00e9diath\u00e8ques intercommunales \u00e0 partir du 1er d\u00e9cembre - Remiremont Info","robots":{"index":"index","follow":"follow","max-snippet":"max-snippet:-1","max-image-preview":"max-image-preview:large","max-video-preview":"max-video-preview:-1"},"canonical":"https:\/\/vosgesinfo.fr\/remiremontinfo\/2020\/11\/reouverture-mediatheques-intercommunales-a-partir-1er-decembre\/","twitter_card":"summary_large_image","twitter_title":"R\u00e9ouverture des m\u00e9diath\u00e8ques intercommunales \u00e0 partir du 1er d\u00e9cembre - Remiremont Info","twitter_description":"Une nouvelle qui r\u00e9jouira sans doute des amateurs de lecture. Suite aux derni\u00e8res annonces gouvernementales, la m\u00e9diath\u00e8que accueillera de nouveau [&hellip;]","twitter_image":"https:\/\/vosgesinfo.fr\/app\/uploads\/sites\/5\/2020\/01\/p1110212-1024x768-1.jpg","twitter_creator":"@VosgesInfo88","twitter_site":"@VosgesInfo88","twitter_misc":{"\u00c9crit par":"C D"},"schema":{"@context":"https:\/\/schema.org","@graph":[{"@type":"Article","@id":"https:\/\/vosgesinfo.fr\/remiremontinfo\/2020\/11\/reouverture-mediatheques-intercommunales-a-partir-1er-decembre\/#article","isPartOf":{"@id":"https:\/\/vosgesinfo.fr\/remiremontinfo\/2020\/11\/reouverture-mediatheques-intercommunales-a-partir-1er-decembre\/"},"author":{"name":"C D","@id":"https:\/\/vosgesinfo.fr\/remiremontinfo\/#\/schema\/person\/3bfd164d5218a185b1db68655a265316"},"headline":"R\u00e9ouverture des m\u00e9diath\u00e8ques intercommunales \u00e0 partir du 1er d\u00e9cembre","datePublished":"2020-11-27T07:35:54+00:00","dateModified":"2020-11-27T07:35:54+00:00","mainEntityOfPage":{"@id":"https:\/\/vosgesinfo.fr\/remiremontinfo\/2020\/11\/reouverture-mediatheques-intercommunales-a-partir-1er-decembre\/"},"wordCount":81,"commentCount":0,"publisher":{"@id":"https:\/\/vosgesinfo.fr\/remiremontinfo\/#organization"},"image":{"@id":"https:\/\/vosgesinfo.fr\/remiremontinfo\/2020\/11\/reouverture-mediatheques-intercommunales-a-partir-1er-decembre\/#primaryimage"},"thumbnailUrl":"https:\/\/vosgesinfo.fr\/app\/uploads\/sites\/5\/2020\/01\/p1110212-1024x768-1.jpg","articleSection":["A la Une","Culture"],"inLanguage":"fr-FR","potentialAction":[{"@type":"CommentAction","name":"Comment","target":["https:\/\/vosgesinfo.fr\/remiremontinfo\/2020\/11\/reouverture-mediatheques-intercommunales-a-partir-1er-decembre\/#respond"]}]},{"@type":"WebPage","@id":"https:\/\/vosgesinfo.fr\/remiremontinfo\/2020\/11\/reouverture-mediatheques-intercommunales-a-partir-1er-decembre\/","url":"https:\/\/vosgesinfo.fr\/remiremontinfo\/2020\/11\/reouverture-mediatheques-intercommunales-a-partir-1er-decembre\/","name":"R\u00e9ouverture des m\u00e9diath\u00e8ques intercommunales \u00e0 partir du 1er d\u00e9cembre - Remiremont Info","isPartOf":{"@id":"https:\/\/vosgesinfo.fr\/remiremontinfo\/#website"},"primaryImageOfPage":{"@id":"https:\/\/vosgesinfo.fr\/remiremontinfo\/2020\/11\/reouverture-mediatheques-intercommunales-a-partir-1er-decembre\/#primaryimage"},"image":{"@id":"https:\/\/vosgesinfo.fr\/remiremontinfo\/2020\/11\/reouverture-mediatheques-intercommunales-a-partir-1er-decembre\/#primaryimage"},"thumbnailUrl":"https:\/\/vosgesinfo.fr\/app\/uploads\/sites\/5\/2020\/01\/p1110212-1024x768-1.jpg","datePublished":"2020-11-27T07:35:54+00:00","dateModified":"2020-11-27T07:35:54+00:00","breadcrumb":{"@id":"https:\/\/vosgesinfo.fr\/remiremontinfo\/2020\/11\/reouverture-mediatheques-intercommunales-a-partir-1er-decembre\/#breadcrumb"},"inLanguage":"fr-FR","potentialAction":[{"@type":"ReadAction","target":["https:\/\/vosgesinfo.fr\/remiremontinfo\/2020\/11\/reouverture-mediatheques-intercommunales-a-partir-1er-decembre\/"]}]},{"@type":"ImageObject","inLanguage":"fr-FR","@id":"https:\/\/vosgesinfo.fr\/remiremontinfo\/2020\/11\/reouverture-mediatheques-intercommunales-a-partir-1er-decembre\/#primaryimage","url":"https:\/\/vosgesinfo.fr\/app\/uploads\/sites\/5\/2020\/01\/p1110212-1024x768-1.jpg","contentUrl":"https:\/\/vosgesinfo.fr\/app\/uploads\/sites\/5\/2020\/01\/p1110212-1024x768-1.jpg","width":1024,"height":768},{"@type":"BreadcrumbList","@id":"https:\/\/vosgesinfo.fr\/remiremontinfo\/2020\/11\/reouverture-mediatheques-intercommunales-a-partir-1er-decembre\/#breadcrumb","itemListElement":[{"@type":"ListItem","position":1,"name":"Home","item":"https:\/\/vosgesinfo.fr\/remiremontinfo\/"},{"@type":"ListItem","position":2,"name":"R\u00e9ouverture des m\u00e9diath\u00e8ques intercommunales \u00e0 partir du 1er d\u00e9cembre"}]},{"@type":"WebSite","@id":"https:\/\/vosgesinfo.fr\/remiremontinfo\/#website","url":"https:\/\/vosgesinfo.fr\/remiremontinfo\/","name":"Remiremont Info","description":"Toute l&#039;actualit\u00e9 de Remiremont","publisher":{"@id":"https:\/\/vosgesinfo.fr\/remiremontinfo\/#organization"},"alternateName":"Toute l'actualit\u00e9 de Remiremont","potentialAction":[{"@type":"SearchAction","target":{"@type":"EntryPoint","urlTemplate":"https:\/\/vosgesinfo.fr\/remiremontinfo\/?s={search_term_string}"},"query-input":"required name=search_term_string"}],"inLanguage":"fr-FR"},{"@type":"Organization","@id":"https:\/\/vosgesinfo.fr\/remiremontinfo\/#organization","name":"Remiremont Info","url":"https:\/\/vosgesinfo.fr\/remiremontinfo\/","logo":{"@type":"ImageObject","inLanguage":"fr-FR","@id":"https:\/\/vosgesinfo.fr\/remiremontinfo\/#\/schema\/logo\/image\/","url":"https:\/\/vosgesinfo.fr\/app\/uploads\/sites\/5\/2023\/08\/favicon-remiremontinfo.png","contentUrl":"https:\/\/vosgesinfo.fr\/app\/uploads\/sites\/5\/2023\/08\/favicon-remiremontinfo.png","width":512,"height":512,"caption":"Remiremont Info"},"image":{"@id":"https:\/\/vosgesinfo.fr\/remiremontinfo\/#\/schema\/logo\/image\/"},"sameAs":["https:\/\/www.facebook.com\/remiremontinfo","https:\/\/x.com\/VosgesInfo88","https:\/\/www.youtube.com\/@vosgesinfo"]},{"@type":"Person","@id":"https:\/\/vosgesinfo.fr\/remiremontinfo\/#\/schema\/person\/3bfd164d5218a185b1db68655a265316","name":"C D","image":{"@type":"ImageObject","inLanguage":"fr-FR","@id":"https:\/\/vosgesinfo.fr\/remiremontinfo\/#\/schema\/person\/image\/","url":"https:\/\/secure.gravatar.com\/avatar\/1f9a70007336511a47468b8f1c66f922b8b7cf617b02a31149ada43893a5d48f?s=96&d=mm&r=g","contentUrl":"https:\/\/secure.gravatar.com\/avatar\/1f9a70007336511a47468b8f1c66f922b8b7cf617b02a31149ada43893a5d48f?s=96&d=mm&r=g","caption":"C D"},"url":"https:\/\/vosgesinfo.fr\/remiremontinfo\/author\/cedric-drevet\/"}]}},"_links":{"self":[{"href":"https:\/\/vosgesinfo.fr\/remiremontinfo\/wp-json\/wp\/v2\/posts\/34347","targetHints":{"allow":["GET"]}}],"collection":[{"href":"https:\/\/vosgesinfo.fr\/remiremontinfo\/wp-json\/wp\/v2\/posts"}],"about":[{"href":"https:\/\/vosgesinfo.fr\/remiremontinfo\/wp-json\/wp\/v2\/types\/post"}],"author":[{"embeddable":true,"href":"https:\/\/vosgesinfo.fr\/remiremontinfo\/wp-json\/wp\/v2\/users\/407"}],"replies":[{"embeddable":true,"href":"https:\/\/vosgesinfo.fr\/remiremontinfo\/wp-json\/wp\/v2\/comments?post=34347"}],"version-history":[{"count":0,"href":"https:\/\/vosgesinfo.fr\/remiremontinfo\/wp-json\/wp\/v2\/posts\/34347\/revisions"}],"wp:featuredmedia":[{"embeddable":true,"href":"https:\/\/vosgesinfo.fr\/remiremontinfo\/wp-json\/wp\/v2\/media\/427"}],"wp:attachment":[{"href":"https:\/\/vosgesinfo.fr\/remiremontinfo\/wp-json\/wp\/v2\/media?parent=34347"}],"wp:term":[{"taxonomy":"category","embeddable":true,"href":"https:\/\/vosgesinfo.fr\/remiremontinfo\/wp-json\/wp\/v2\/categories?post=34347"},{"taxonomy":"post_tag","embeddable":true,"href":"https:\/\/vosgesinfo.fr\/remiremontinfo\/wp-json\/wp\/v2\/tags?post=34347"}],"curies":[{"name":"wp","href":"https:\/\/api.w.org\/{rel}","templated":true}]}}