{"id":34381,"date":"2020-11-28T06:48:08","date_gmt":"2020-11-28T05:48:08","guid":{"rendered":"https:\/\/vosgesinfo.fr\/remiremontinfo\/2020\/11\/remiremont-promenade-charles-david-a-nouveau-accessible-aux-promeneurs\/"},"modified":"2020-11-28T06:48:08","modified_gmt":"2020-11-28T05:48:08","slug":"remiremont-promenade-charles-david-a-nouveau-accessible-aux-promeneurs","status":"publish","type":"post","link":"https:\/\/vosgesinfo.fr\/remiremontinfo\/2020\/11\/remiremont-promenade-charles-david-a-nouveau-accessible-aux-promeneurs\/","title":{"rendered":"Remiremont\u00a0: la Promenade Charles David est \u00e0 nouveau accessible aux promeneurs"},"content":{"rendered":"<p style=\"text-align: center;\"><a href=\"\/2020\/11\/Capture-d\u2019\u00e9cran-2020-11-28-074007.png\"><img decoding=\"async\" class=\"alignnone size-full wp-image-302839\" src=\"\/2020\/11\/Capture-d\u2019\u00e9cran-2020-11-28-074007.png\" alt=\"Capture d\u2019\u00e9cran 2020-11-28 074007\" width=\"800\" height=\"538\" \/><\/a><\/p>\n<p style=\"text-align: left;\"><span style=\"font-size: 10pt;\"><em>Capture d&rsquo;\u00e9cran Google Maps<\/em><\/span><\/p>\n<h2><span style=\"font-size: 12pt;\"><strong><span style=\"font-family: 'Times New Roman', serif;\">Apr\u00e8s plusieurs semaines de fermeture pour cause de danger, la Promenade Charles David,\u00a0<\/span><span style=\"font-family: 'Times New Roman', serif;\">autour du Calvaire, est \u00e0 nouveau accessible aux promeneurs. Les premiers travaux de s\u00e9curisation ont \u00e9t\u00e9 r\u00e9alis\u00e9s : ils ont n\u00e9cessit\u00e9 de couper des arbres, qui se sont pour la plupart r\u00e9v\u00e9l\u00e9s pourris de l\u2019int\u00e9rieur, m\u00eame si personne ne le voyait quand ils \u00e9taient sur pied.<\/span><\/strong><\/span><\/h2>\n<p><span style=\"font-family: 'Times New Roman', serif;\">Cependant, le secteur \u00e9tant encore en chantier, il est imp\u00e9ratif de rester sur les sentiers, pour des raisons \u00e9videntes de s\u00e9curit\u00e9. Pour la suite, la place sera principalement laiss\u00e9e \u00e0 une reconstitution naturelle du milieu bois\u00e9, puisque les conditions semblent s\u2019y pr\u00eater : la nature fera elle-m\u00eame son travail et d\u2019ici quelques ann\u00e9es, les jeunes pousses deviendront des arbres. Ainsi, cette promenade pourrait \u00eatre \u00e0 l\u2019avenir un lieu d\u2019observation, un laboratoire \u00e0 ciel ouvert de la r\u00e9g\u00e9n\u00e9ration naturelle. Dans certaines zones, de nouvelles essences d\u2019arbres seront replant\u00e9es, \u00e0 des fins d\u2019\u00e9tude de leur adaptation dans le milieu.<\/span><\/p>\n<p style=\"text-align: center;\"><a href=\"\/2020\/11\/Capture-d\u2019\u00e9cran-2020-11-28-073837.png\"><img decoding=\"async\" class=\"alignnone size-full wp-image-302840\" src=\"\/2020\/11\/Capture-d\u2019\u00e9cran-2020-11-28-073837.png\" alt=\"Capture d\u2019\u00e9cran 2020-11-28 073837\" width=\"417\" height=\"631\" \/><\/a><\/p>\n<p style=\"text-align: center;\"><span style=\"font-size: 10pt;\"><em>Photo commune de Remiremont<\/em><\/span><\/p>\n","protected":false},"excerpt":{"rendered":"<p>Capture d&rsquo;\u00e9cran Google Maps Apr\u00e8s plusieurs semaines de fermeture pour cause de danger, la Promenade Charles David,\u00a0autour du Calvaire, est [&hellip;]<\/p>\n","protected":false},"author":407,"featured_media":34382,"comment_status":"open","ping_status":"open","sticky":false,"template":"","format":"standard","meta":{"footnotes":""},"categories":[26,1556,35],"tags":[],"class_list":["post-34381","post","type-post","status-publish","format-standard","has-post-thumbnail","hentry","category-a-la-une","category-remiremont-remiremont-son-canton-2","category-remiremont-son-canton"],"acf":[],"yoast_head":"<!-- This site is optimized with the Yoast SEO plugin v22.5 - https:\/\/yoast.com\/wordpress\/plugins\/seo\/ -->\n<title>Remiremont\u00a0: la Promenade Charles David est \u00e0 nouveau accessible aux promeneurs - Remiremont Info<\/title>\n<meta name=\"robots\" content=\"index, follow, max-snippet:-1, max-image-preview:large, max-video-preview:-1\" \/>\n<link rel=\"canonical\" href=\"https:\/\/vosgesinfo.fr\/remiremontinfo\/2020\/11\/remiremont-promenade-charles-david-a-nouveau-accessible-aux-promeneurs\/\" \/>\n<meta name=\"twitter:card\" content=\"summary_large_image\" \/>\n<meta name=\"twitter:title\" content=\"Remiremont\u00a0: la Promenade Charles David est \u00e0 nouveau accessible aux promeneurs - Remiremont Info\" \/>\n<meta name=\"twitter:description\" content=\"Capture d&rsquo;\u00e9cran Google Maps Apr\u00e8s plusieurs semaines de fermeture pour cause de danger, la Promenade Charles David,\u00a0autour du Calvaire, est [&hellip;]\" \/>\n<meta name=\"twitter:image\" content=\"https:\/\/vosgesinfo.fr\/app\/uploads\/sites\/5\/2024\/09\/202011capture-decran-2020-11-28-074007.png\" \/>\n<meta name=\"twitter:creator\" content=\"@VosgesInfo88\" \/>\n<meta name=\"twitter:site\" content=\"@VosgesInfo88\" \/>\n<meta name=\"twitter:label1\" content=\"\u00c9crit par\" \/>\n\t<meta name=\"twitter:data1\" content=\"C D\" \/>\n\t<meta name=\"twitter:label2\" content=\"Dur\u00e9e de lecture estim\u00e9e\" \/>\n\t<meta name=\"twitter:data2\" content=\"1 minute\" \/>\n<script type=\"application\/ld+json\" class=\"yoast-schema-graph\">{\"@context\":\"https:\/\/schema.org\",\"@graph\":[{\"@type\":\"Article\",\"@id\":\"https:\/\/vosgesinfo.fr\/remiremontinfo\/2020\/11\/remiremont-promenade-charles-david-a-nouveau-accessible-aux-promeneurs\/#article\",\"isPartOf\":{\"@id\":\"https:\/\/vosgesinfo.fr\/remiremontinfo\/2020\/11\/remiremont-promenade-charles-david-a-nouveau-accessible-aux-promeneurs\/\"},\"author\":{\"name\":\"C D\",\"@id\":\"https:\/\/vosgesinfo.fr\/remiremontinfo\/#\/schema\/person\/3bfd164d5218a185b1db68655a265316\"},\"headline\":\"Remiremont\u00a0: la Promenade Charles David est \u00e0 nouveau accessible aux promeneurs\",\"datePublished\":\"2020-11-28T05:48:08+00:00\",\"dateModified\":\"2020-11-28T05:48:08+00:00\",\"mainEntityOfPage\":{\"@id\":\"https:\/\/vosgesinfo.fr\/remiremontinfo\/2020\/11\/remiremont-promenade-charles-david-a-nouveau-accessible-aux-promeneurs\/\"},\"wordCount\":195,\"commentCount\":0,\"publisher\":{\"@id\":\"https:\/\/vosgesinfo.fr\/remiremontinfo\/#organization\"},\"image\":{\"@id\":\"https:\/\/vosgesinfo.fr\/remiremontinfo\/2020\/11\/remiremont-promenade-charles-david-a-nouveau-accessible-aux-promeneurs\/#primaryimage\"},\"thumbnailUrl\":\"https:\/\/vosgesinfo.fr\/app\/uploads\/sites\/5\/2024\/09\/202011capture-decran-2020-11-28-074007.png\",\"articleSection\":[\"A la Une\",\"Remiremont\",\"Remiremont &amp; son canton\"],\"inLanguage\":\"fr-FR\",\"potentialAction\":[{\"@type\":\"CommentAction\",\"name\":\"Comment\",\"target\":[\"https:\/\/vosgesinfo.fr\/remiremontinfo\/2020\/11\/remiremont-promenade-charles-david-a-nouveau-accessible-aux-promeneurs\/#respond\"]}]},{\"@type\":\"WebPage\",\"@id\":\"https:\/\/vosgesinfo.fr\/remiremontinfo\/2020\/11\/remiremont-promenade-charles-david-a-nouveau-accessible-aux-promeneurs\/\",\"url\":\"https:\/\/vosgesinfo.fr\/remiremontinfo\/2020\/11\/remiremont-promenade-charles-david-a-nouveau-accessible-aux-promeneurs\/\",\"name\":\"Remiremont\u00a0: la Promenade Charles David est \u00e0 nouveau accessible aux promeneurs - Remiremont Info\",\"isPartOf\":{\"@id\":\"https:\/\/vosgesinfo.fr\/remiremontinfo\/#website\"},\"primaryImageOfPage\":{\"@id\":\"https:\/\/vosgesinfo.fr\/remiremontinfo\/2020\/11\/remiremont-promenade-charles-david-a-nouveau-accessible-aux-promeneurs\/#primaryimage\"},\"image\":{\"@id\":\"https:\/\/vosgesinfo.fr\/remiremontinfo\/2020\/11\/remiremont-promenade-charles-david-a-nouveau-accessible-aux-promeneurs\/#primaryimage\"},\"thumbnailUrl\":\"https:\/\/vosgesinfo.fr\/app\/uploads\/sites\/5\/2024\/09\/202011capture-decran-2020-11-28-074007.png\",\"datePublished\":\"2020-11-28T05:48:08+00:00\",\"dateModified\":\"2020-11-28T05:48:08+00:00\",\"breadcrumb\":{\"@id\":\"https:\/\/vosgesinfo.fr\/remiremontinfo\/2020\/11\/remiremont-promenade-charles-david-a-nouveau-accessible-aux-promeneurs\/#breadcrumb\"},\"inLanguage\":\"fr-FR\",\"potentialAction\":[{\"@type\":\"ReadAction\",\"target\":[\"https:\/\/vosgesinfo.fr\/remiremontinfo\/2020\/11\/remiremont-promenade-charles-david-a-nouveau-accessible-aux-promeneurs\/\"]}]},{\"@type\":\"ImageObject\",\"inLanguage\":\"fr-FR\",\"@id\":\"https:\/\/vosgesinfo.fr\/remiremontinfo\/2020\/11\/remiremont-promenade-charles-david-a-nouveau-accessible-aux-promeneurs\/#primaryimage\",\"url\":\"https:\/\/vosgesinfo.fr\/app\/uploads\/sites\/5\/2024\/09\/202011capture-decran-2020-11-28-074007.png\",\"contentUrl\":\"https:\/\/vosgesinfo.fr\/app\/uploads\/sites\/5\/2024\/09\/202011capture-decran-2020-11-28-074007.png\",\"width\":800,\"height\":538},{\"@type\":\"BreadcrumbList\",\"@id\":\"https:\/\/vosgesinfo.fr\/remiremontinfo\/2020\/11\/remiremont-promenade-charles-david-a-nouveau-accessible-aux-promeneurs\/#breadcrumb\",\"itemListElement\":[{\"@type\":\"ListItem\",\"position\":1,\"name\":\"Home\",\"item\":\"https:\/\/vosgesinfo.fr\/remiremontinfo\/\"},{\"@type\":\"ListItem\",\"position\":2,\"name\":\"Remiremont\u00a0: la Promenade Charles David est \u00e0 nouveau accessible aux promeneurs\"}]},{\"@type\":\"WebSite\",\"@id\":\"https:\/\/vosgesinfo.fr\/remiremontinfo\/#website\",\"url\":\"https:\/\/vosgesinfo.fr\/remiremontinfo\/\",\"name\":\"Remiremont Info\",\"description\":\"Toute l&#039;actualit\u00e9 de Remiremont\",\"publisher\":{\"@id\":\"https:\/\/vosgesinfo.fr\/remiremontinfo\/#organization\"},\"alternateName\":\"Toute l'actualit\u00e9 de Remiremont\",\"potentialAction\":[{\"@type\":\"SearchAction\",\"target\":{\"@type\":\"EntryPoint\",\"urlTemplate\":\"https:\/\/vosgesinfo.fr\/remiremontinfo\/?s={search_term_string}\"},\"query-input\":\"required name=search_term_string\"}],\"inLanguage\":\"fr-FR\"},{\"@type\":\"Organization\",\"@id\":\"https:\/\/vosgesinfo.fr\/remiremontinfo\/#organization\",\"name\":\"Remiremont Info\",\"url\":\"https:\/\/vosgesinfo.fr\/remiremontinfo\/\",\"logo\":{\"@type\":\"ImageObject\",\"inLanguage\":\"fr-FR\",\"@id\":\"https:\/\/vosgesinfo.fr\/remiremontinfo\/#\/schema\/logo\/image\/\",\"url\":\"https:\/\/vosgesinfo.fr\/app\/uploads\/sites\/5\/2023\/08\/favicon-remiremontinfo.png\",\"contentUrl\":\"https:\/\/vosgesinfo.fr\/app\/uploads\/sites\/5\/2023\/08\/favicon-remiremontinfo.png\",\"width\":512,\"height\":512,\"caption\":\"Remiremont Info\"},\"image\":{\"@id\":\"https:\/\/vosgesinfo.fr\/remiremontinfo\/#\/schema\/logo\/image\/\"},\"sameAs\":[\"https:\/\/www.facebook.com\/remiremontinfo\",\"https:\/\/x.com\/VosgesInfo88\",\"https:\/\/www.youtube.com\/@vosgesinfo\"]},{\"@type\":\"Person\",\"@id\":\"https:\/\/vosgesinfo.fr\/remiremontinfo\/#\/schema\/person\/3bfd164d5218a185b1db68655a265316\",\"name\":\"C D\",\"image\":{\"@type\":\"ImageObject\",\"inLanguage\":\"fr-FR\",\"@id\":\"https:\/\/vosgesinfo.fr\/remiremontinfo\/#\/schema\/person\/image\/\",\"url\":\"https:\/\/secure.gravatar.com\/avatar\/1f9a70007336511a47468b8f1c66f922b8b7cf617b02a31149ada43893a5d48f?s=96&d=mm&r=g\",\"contentUrl\":\"https:\/\/secure.gravatar.com\/avatar\/1f9a70007336511a47468b8f1c66f922b8b7cf617b02a31149ada43893a5d48f?s=96&d=mm&r=g\",\"caption\":\"C D\"},\"url\":\"https:\/\/vosgesinfo.fr\/remiremontinfo\/author\/cedric-drevet\/\"}]}<\/script>\n<!-- \/ Yoast SEO plugin. -->","yoast_head_json":{"title":"Remiremont\u00a0: la Promenade Charles David est \u00e0 nouveau accessible aux promeneurs - Remiremont Info","robots":{"index":"index","follow":"follow","max-snippet":"max-snippet:-1","max-image-preview":"max-image-preview:large","max-video-preview":"max-video-preview:-1"},"canonical":"https:\/\/vosgesinfo.fr\/remiremontinfo\/2020\/11\/remiremont-promenade-charles-david-a-nouveau-accessible-aux-promeneurs\/","twitter_card":"summary_large_image","twitter_title":"Remiremont\u00a0: la Promenade Charles David est \u00e0 nouveau accessible aux promeneurs - Remiremont Info","twitter_description":"Capture d&rsquo;\u00e9cran Google Maps Apr\u00e8s plusieurs semaines de fermeture pour cause de danger, la Promenade Charles David,\u00a0autour du Calvaire, est [&hellip;]","twitter_image":"https:\/\/vosgesinfo.fr\/app\/uploads\/sites\/5\/2024\/09\/202011capture-decran-2020-11-28-074007.png","twitter_creator":"@VosgesInfo88","twitter_site":"@VosgesInfo88","twitter_misc":{"\u00c9crit par":"C D","Dur\u00e9e de lecture estim\u00e9e":"1 minute"},"schema":{"@context":"https:\/\/schema.org","@graph":[{"@type":"Article","@id":"https:\/\/vosgesinfo.fr\/remiremontinfo\/2020\/11\/remiremont-promenade-charles-david-a-nouveau-accessible-aux-promeneurs\/#article","isPartOf":{"@id":"https:\/\/vosgesinfo.fr\/remiremontinfo\/2020\/11\/remiremont-promenade-charles-david-a-nouveau-accessible-aux-promeneurs\/"},"author":{"name":"C D","@id":"https:\/\/vosgesinfo.fr\/remiremontinfo\/#\/schema\/person\/3bfd164d5218a185b1db68655a265316"},"headline":"Remiremont\u00a0: la Promenade Charles David est \u00e0 nouveau accessible aux promeneurs","datePublished":"2020-11-28T05:48:08+00:00","dateModified":"2020-11-28T05:48:08+00:00","mainEntityOfPage":{"@id":"https:\/\/vosgesinfo.fr\/remiremontinfo\/2020\/11\/remiremont-promenade-charles-david-a-nouveau-accessible-aux-promeneurs\/"},"wordCount":195,"commentCount":0,"publisher":{"@id":"https:\/\/vosgesinfo.fr\/remiremontinfo\/#organization"},"image":{"@id":"https:\/\/vosgesinfo.fr\/remiremontinfo\/2020\/11\/remiremont-promenade-charles-david-a-nouveau-accessible-aux-promeneurs\/#primaryimage"},"thumbnailUrl":"https:\/\/vosgesinfo.fr\/app\/uploads\/sites\/5\/2024\/09\/202011capture-decran-2020-11-28-074007.png","articleSection":["A la Une","Remiremont","Remiremont &amp; son canton"],"inLanguage":"fr-FR","potentialAction":[{"@type":"CommentAction","name":"Comment","target":["https:\/\/vosgesinfo.fr\/remiremontinfo\/2020\/11\/remiremont-promenade-charles-david-a-nouveau-accessible-aux-promeneurs\/#respond"]}]},{"@type":"WebPage","@id":"https:\/\/vosgesinfo.fr\/remiremontinfo\/2020\/11\/remiremont-promenade-charles-david-a-nouveau-accessible-aux-promeneurs\/","url":"https:\/\/vosgesinfo.fr\/remiremontinfo\/2020\/11\/remiremont-promenade-charles-david-a-nouveau-accessible-aux-promeneurs\/","name":"Remiremont\u00a0: la Promenade Charles David est \u00e0 nouveau accessible aux promeneurs - Remiremont Info","isPartOf":{"@id":"https:\/\/vosgesinfo.fr\/remiremontinfo\/#website"},"primaryImageOfPage":{"@id":"https:\/\/vosgesinfo.fr\/remiremontinfo\/2020\/11\/remiremont-promenade-charles-david-a-nouveau-accessible-aux-promeneurs\/#primaryimage"},"image":{"@id":"https:\/\/vosgesinfo.fr\/remiremontinfo\/2020\/11\/remiremont-promenade-charles-david-a-nouveau-accessible-aux-promeneurs\/#primaryimage"},"thumbnailUrl":"https:\/\/vosgesinfo.fr\/app\/uploads\/sites\/5\/2024\/09\/202011capture-decran-2020-11-28-074007.png","datePublished":"2020-11-28T05:48:08+00:00","dateModified":"2020-11-28T05:48:08+00:00","breadcrumb":{"@id":"https:\/\/vosgesinfo.fr\/remiremontinfo\/2020\/11\/remiremont-promenade-charles-david-a-nouveau-accessible-aux-promeneurs\/#breadcrumb"},"inLanguage":"fr-FR","potentialAction":[{"@type":"ReadAction","target":["https:\/\/vosgesinfo.fr\/remiremontinfo\/2020\/11\/remiremont-promenade-charles-david-a-nouveau-accessible-aux-promeneurs\/"]}]},{"@type":"ImageObject","inLanguage":"fr-FR","@id":"https:\/\/vosgesinfo.fr\/remiremontinfo\/2020\/11\/remiremont-promenade-charles-david-a-nouveau-accessible-aux-promeneurs\/#primaryimage","url":"https:\/\/vosgesinfo.fr\/app\/uploads\/sites\/5\/2024\/09\/202011capture-decran-2020-11-28-074007.png","contentUrl":"https:\/\/vosgesinfo.fr\/app\/uploads\/sites\/5\/2024\/09\/202011capture-decran-2020-11-28-074007.png","width":800,"height":538},{"@type":"BreadcrumbList","@id":"https:\/\/vosgesinfo.fr\/remiremontinfo\/2020\/11\/remiremont-promenade-charles-david-a-nouveau-accessible-aux-promeneurs\/#breadcrumb","itemListElement":[{"@type":"ListItem","position":1,"name":"Home","item":"https:\/\/vosgesinfo.fr\/remiremontinfo\/"},{"@type":"ListItem","position":2,"name":"Remiremont\u00a0: la Promenade Charles David est \u00e0 nouveau accessible aux promeneurs"}]},{"@type":"WebSite","@id":"https:\/\/vosgesinfo.fr\/remiremontinfo\/#website","url":"https:\/\/vosgesinfo.fr\/remiremontinfo\/","name":"Remiremont Info","description":"Toute l&#039;actualit\u00e9 de Remiremont","publisher":{"@id":"https:\/\/vosgesinfo.fr\/remiremontinfo\/#organization"},"alternateName":"Toute l'actualit\u00e9 de Remiremont","potentialAction":[{"@type":"SearchAction","target":{"@type":"EntryPoint","urlTemplate":"https:\/\/vosgesinfo.fr\/remiremontinfo\/?s={search_term_string}"},"query-input":"required name=search_term_string"}],"inLanguage":"fr-FR"},{"@type":"Organization","@id":"https:\/\/vosgesinfo.fr\/remiremontinfo\/#organization","name":"Remiremont Info","url":"https:\/\/vosgesinfo.fr\/remiremontinfo\/","logo":{"@type":"ImageObject","inLanguage":"fr-FR","@id":"https:\/\/vosgesinfo.fr\/remiremontinfo\/#\/schema\/logo\/image\/","url":"https:\/\/vosgesinfo.fr\/app\/uploads\/sites\/5\/2023\/08\/favicon-remiremontinfo.png","contentUrl":"https:\/\/vosgesinfo.fr\/app\/uploads\/sites\/5\/2023\/08\/favicon-remiremontinfo.png","width":512,"height":512,"caption":"Remiremont Info"},"image":{"@id":"https:\/\/vosgesinfo.fr\/remiremontinfo\/#\/schema\/logo\/image\/"},"sameAs":["https:\/\/www.facebook.com\/remiremontinfo","https:\/\/x.com\/VosgesInfo88","https:\/\/www.youtube.com\/@vosgesinfo"]},{"@type":"Person","@id":"https:\/\/vosgesinfo.fr\/remiremontinfo\/#\/schema\/person\/3bfd164d5218a185b1db68655a265316","name":"C D","image":{"@type":"ImageObject","inLanguage":"fr-FR","@id":"https:\/\/vosgesinfo.fr\/remiremontinfo\/#\/schema\/person\/image\/","url":"https:\/\/secure.gravatar.com\/avatar\/1f9a70007336511a47468b8f1c66f922b8b7cf617b02a31149ada43893a5d48f?s=96&d=mm&r=g","contentUrl":"https:\/\/secure.gravatar.com\/avatar\/1f9a70007336511a47468b8f1c66f922b8b7cf617b02a31149ada43893a5d48f?s=96&d=mm&r=g","caption":"C D"},"url":"https:\/\/vosgesinfo.fr\/remiremontinfo\/author\/cedric-drevet\/"}]}},"_links":{"self":[{"href":"https:\/\/vosgesinfo.fr\/remiremontinfo\/wp-json\/wp\/v2\/posts\/34381","targetHints":{"allow":["GET"]}}],"collection":[{"href":"https:\/\/vosgesinfo.fr\/remiremontinfo\/wp-json\/wp\/v2\/posts"}],"about":[{"href":"https:\/\/vosgesinfo.fr\/remiremontinfo\/wp-json\/wp\/v2\/types\/post"}],"author":[{"embeddable":true,"href":"https:\/\/vosgesinfo.fr\/remiremontinfo\/wp-json\/wp\/v2\/users\/407"}],"replies":[{"embeddable":true,"href":"https:\/\/vosgesinfo.fr\/remiremontinfo\/wp-json\/wp\/v2\/comments?post=34381"}],"version-history":[{"count":0,"href":"https:\/\/vosgesinfo.fr\/remiremontinfo\/wp-json\/wp\/v2\/posts\/34381\/revisions"}],"wp:featuredmedia":[{"embeddable":true,"href":"https:\/\/vosgesinfo.fr\/remiremontinfo\/wp-json\/wp\/v2\/media\/34382"}],"wp:attachment":[{"href":"https:\/\/vosgesinfo.fr\/remiremontinfo\/wp-json\/wp\/v2\/media?parent=34381"}],"wp:term":[{"taxonomy":"category","embeddable":true,"href":"https:\/\/vosgesinfo.fr\/remiremontinfo\/wp-json\/wp\/v2\/categories?post=34381"},{"taxonomy":"post_tag","embeddable":true,"href":"https:\/\/vosgesinfo.fr\/remiremontinfo\/wp-json\/wp\/v2\/tags?post=34381"}],"curies":[{"name":"wp","href":"https:\/\/api.w.org\/{rel}","templated":true}]}}