{"id":34437,"date":"2020-11-30T07:06:25","date_gmt":"2020-11-30T06:06:25","guid":{"rendered":"https:\/\/vosgesinfo.fr\/remiremontinfo\/2020\/11\/neige-verglas-vosges-vigilance-jaune\/"},"modified":"2020-11-30T07:06:25","modified_gmt":"2020-11-30T06:06:25","slug":"neige-verglas-vosges-vigilance-jaune","status":"publish","type":"post","link":"https:\/\/vosgesinfo.fr\/remiremontinfo\/2020\/11\/neige-verglas-vosges-vigilance-jaune\/","title":{"rendered":"Neige et verglas : les Vosges en vigilance jaune"},"content":{"rendered":"<h2 style=\"text-align: center;\"><a href=\"\/2020\/11\/verglas.jpg\"><img decoding=\"async\" class=\"alignnone size-full wp-image-303035\" src=\"\/2020\/11\/verglas.jpg\" alt=\"verglas\" width=\"709\" height=\"469\" \/><\/a><\/h2>\n<p><span style=\"font-size: 10pt;\"><em>Photo d&rsquo;illustration<\/em><\/span><\/p>\n<h2><span style=\"font-size: 12pt;\"><strong><span style=\"color: #000000;\"><span style=\"font-family: 'Times New Roman', serif;\">M\u00e9t\u00e9o France place les Vosges en vigilance jaune concernant le risque de neige et verglas. Soyons prudents sur les routes, en particulier \u00e0 partir de 18 heures ce lundi soir. Les trois autres d\u00e9partements lorrains sont quant \u00e0 eux plac\u00e9s en vigilance orange.<\/span><\/span><\/strong><\/span><\/h2>\n<p><span style=\"color: #000000;\"><span style=\"font-family: 'Times New Roman', serif;\"><span style=\"font-size: medium;\"><em>\u00ab\u00a0En cette fin de nuit de dimanche \u00e0 lundi, le ciel est d\u00e9gag\u00e9 sur le Grand-Est, favorisant le refroidissement\u00a0\u00bb<\/em>, <\/span><\/span><\/span><span style=\"color: #000000;\"><span style=\"font-family: 'Times New Roman', serif;\"><span style=\"font-size: medium;\">explique l\u2019agence m\u00e9t\u00e9orologique,<\/span><\/span><\/span><span style=\"color: #000000;\"><span style=\"font-family: 'Times New Roman', serif;\"><span style=\"font-size: medium;\"><em> \u00ab\u00a0Les temp\u00e9ratures sous abri sont de l&rsquo;ordre de -5 \u00e0 -7\u00b0C sur ces r\u00e9gions, localement moins. On note ce matin \u00e0 5 heures locales, -9\u00b0C \u00e0 Mourmelon (51), -7\u00b0C \u00e0 Nancy (54)\u00a0\u00bb<\/em>. <\/span><\/span><\/span><span style=\"color: #000000;\"><span style=\"font-family: 'Times New Roman', serif;\"><span style=\"font-size: medium;\">L<\/span><\/span><\/span><span style=\"color: #000000;\"><span style=\"font-family: 'Times New Roman', serif;\"><span style=\"font-size: medium;\">e temps <\/span><\/span><\/span><span style=\"color: #000000;\"><span style=\"font-family: 'Times New Roman', serif;\"><span style=\"font-size: medium;\">devrait <\/span><\/span><\/span><span style=\"color: #000000;\"><span style=\"font-family: 'Times New Roman', serif;\"><span style=\"font-size: medium;\">reste<\/span><\/span><\/span><span style=\"color: #000000;\"><span style=\"font-family: 'Times New Roman', serif;\"><span style=\"font-size: medium;\">r<\/span><\/span><\/span><span style=\"color: #000000;\"><span style=\"font-family: 'Times New Roman', serif;\"><span style=\"font-size: medium;\"> sec <\/span><\/span><\/span><span style=\"color: #000000;\"><span style=\"font-family: 'Times New Roman', serif;\"><span style=\"font-size: medium;\">ce lundi en journ\u00e9e<\/span><\/span><\/span><span style=\"color: #000000;\"><span style=\"font-family: 'Times New Roman', serif;\"><span style=\"font-size: medium;\">. Une perturbation pluvieuse arrive par la Mer du Nord en fin de journ\u00e9e et traverse la r\u00e9gion Grand-Est en cours de nuit prochaine. <em>\u00ab\u00a0En d\u00e9but de nuit de lundi \u00e0 mardi les temp\u00e9ratures deviendront faiblement n\u00e9gatives alors que des pluies viendront concerner d&rsquo;abord les Ardennes puis la Lorraine\u00a0\u00bb<\/em>, <\/span><\/span><\/span><span style=\"color: #000000;\"><span style=\"font-family: 'Times New Roman', serif;\"><span style=\"font-size: medium;\">affirme M\u00e9t\u00e9o France, <em>\u00ab\u00a0<\/em><\/span><\/span><\/span><em><span style=\"color: #000000;\"><span style=\"font-family: 'Times New Roman', serif;\"><span style=\"font-size: medium;\">En liaison avec ces temp\u00e9ratures n\u00e9gatives, les pluies seront susceptibles d&rsquo;\u00eatre vergla\u00e7antes en d\u00e9but et milieu de nuit de lundi \u00e0 mardi. M\u00eame si ce verglas reste local et temporaire, la circulation routi\u00e8re pourrait \u00eatre perturb\u00e9e. En fin de nuit de lundi \u00e0 mardi, de la neige prendra le relais, avec une tenue au sol plut\u00f4t r\u00e9serv\u00e9e \u00e0 la partie est de la Moselle et de la Meurthe-et-Moselle : 1 \u00e0 4 centim\u00e8tres de neige pourraient \u00eatre observ\u00e9s par endroits mardi matin avant que les temp\u00e9ratures ne se radoucissent en journ\u00e9e de mardi. La neige ne tiendra alors plus qu&rsquo;en montagne au-dessus de 500 m\u00e8tres d&rsquo;altitude\u00a0\u00bb.<\/span><\/span><\/span><\/em><\/p>\n<p><span style=\"font-size: 10pt;\"><em>Captures d&rsquo;\u00e9cran vigilance.meteofrance.fr<\/em><\/span><\/p>\n<p style=\"text-align: center;\"><a href=\"\/2020\/11\/Capture-d\u2019\u00e9cran-2020-11-30-075700.png\"><img decoding=\"async\" class=\"alignnone size-full wp-image-303033\" src=\"\/2020\/11\/Capture-d\u2019\u00e9cran-2020-11-30-075700.png\" alt=\"Capture d\u2019\u00e9cran 2020-11-30 075700\" width=\"758\" height=\"626\" \/><\/a> <a href=\"\/2020\/11\/Capture-d\u2019\u00e9cran-2020-11-30-075716.png\"><img decoding=\"async\" class=\"alignnone size-large wp-image-303034\" src=\"\/2020\/11\/Capture-d\u2019\u00e9cran-2020-11-30-075716.png\" alt=\"Capture d\u2019\u00e9cran 2020-11-30 075716\" width=\"776\" height=\"216\" \/><\/a><\/p>\n","protected":false},"excerpt":{"rendered":"<p>Photo d&rsquo;illustration M\u00e9t\u00e9o France place les Vosges en vigilance jaune concernant le risque de neige et verglas. Soyons prudents sur [&hellip;]<\/p>\n","protected":false},"author":407,"featured_media":3629,"comment_status":"open","ping_status":"open","sticky":false,"template":"","format":"standard","meta":{"footnotes":""},"categories":[26,127,18],"tags":[],"class_list":["post-34437","post","type-post","status-publish","format-standard","has-post-thumbnail","hentry","category-a-la-une","category-meteo","category-vosges"],"acf":[],"yoast_head":"<!-- This site is optimized with the Yoast SEO plugin v22.5 - https:\/\/yoast.com\/wordpress\/plugins\/seo\/ -->\n<title>Neige et verglas : les Vosges en vigilance jaune - Remiremont Info<\/title>\n<meta name=\"robots\" content=\"index, follow, max-snippet:-1, max-image-preview:large, max-video-preview:-1\" \/>\n<link rel=\"canonical\" href=\"https:\/\/vosgesinfo.fr\/remiremontinfo\/2020\/11\/neige-verglas-vosges-vigilance-jaune\/\" \/>\n<meta name=\"twitter:card\" content=\"summary_large_image\" \/>\n<meta name=\"twitter:title\" content=\"Neige et verglas : les Vosges en vigilance jaune - Remiremont Info\" \/>\n<meta name=\"twitter:description\" content=\"Photo d&rsquo;illustration M\u00e9t\u00e9o France place les Vosges en vigilance jaune concernant le risque de neige et verglas. Soyons prudents sur [&hellip;]\" \/>\n<meta name=\"twitter:image\" content=\"https:\/\/vosgesinfo.fr\/app\/uploads\/sites\/5\/2024\/01\/verglas.jpg\" \/>\n<meta name=\"twitter:creator\" content=\"@VosgesInfo88\" \/>\n<meta name=\"twitter:site\" content=\"@VosgesInfo88\" \/>\n<meta name=\"twitter:label1\" content=\"\u00c9crit par\" \/>\n\t<meta name=\"twitter:data1\" content=\"C D\" \/>\n\t<meta name=\"twitter:label2\" content=\"Dur\u00e9e de lecture estim\u00e9e\" \/>\n\t<meta name=\"twitter:data2\" content=\"1 minute\" \/>\n<script type=\"application\/ld+json\" class=\"yoast-schema-graph\">{\"@context\":\"https:\/\/schema.org\",\"@graph\":[{\"@type\":\"Article\",\"@id\":\"https:\/\/vosgesinfo.fr\/remiremontinfo\/2020\/11\/neige-verglas-vosges-vigilance-jaune\/#article\",\"isPartOf\":{\"@id\":\"https:\/\/vosgesinfo.fr\/remiremontinfo\/2020\/11\/neige-verglas-vosges-vigilance-jaune\/\"},\"author\":{\"name\":\"C D\",\"@id\":\"https:\/\/vosgesinfo.fr\/remiremontinfo\/#\/schema\/person\/3bfd164d5218a185b1db68655a265316\"},\"headline\":\"Neige et verglas : les Vosges en vigilance jaune\",\"datePublished\":\"2020-11-30T06:06:25+00:00\",\"dateModified\":\"2020-11-30T06:06:25+00:00\",\"mainEntityOfPage\":{\"@id\":\"https:\/\/vosgesinfo.fr\/remiremontinfo\/2020\/11\/neige-verglas-vosges-vigilance-jaune\/\"},\"wordCount\":303,\"commentCount\":0,\"publisher\":{\"@id\":\"https:\/\/vosgesinfo.fr\/remiremontinfo\/#organization\"},\"image\":{\"@id\":\"https:\/\/vosgesinfo.fr\/remiremontinfo\/2020\/11\/neige-verglas-vosges-vigilance-jaune\/#primaryimage\"},\"thumbnailUrl\":\"https:\/\/vosgesinfo.fr\/app\/uploads\/sites\/5\/2024\/01\/verglas.jpg\",\"articleSection\":[\"A la Une\",\"M\u00e9t\u00e9o\",\"Vosges\"],\"inLanguage\":\"fr-FR\",\"potentialAction\":[{\"@type\":\"CommentAction\",\"name\":\"Comment\",\"target\":[\"https:\/\/vosgesinfo.fr\/remiremontinfo\/2020\/11\/neige-verglas-vosges-vigilance-jaune\/#respond\"]}]},{\"@type\":\"WebPage\",\"@id\":\"https:\/\/vosgesinfo.fr\/remiremontinfo\/2020\/11\/neige-verglas-vosges-vigilance-jaune\/\",\"url\":\"https:\/\/vosgesinfo.fr\/remiremontinfo\/2020\/11\/neige-verglas-vosges-vigilance-jaune\/\",\"name\":\"Neige et verglas : les Vosges en vigilance jaune - Remiremont Info\",\"isPartOf\":{\"@id\":\"https:\/\/vosgesinfo.fr\/remiremontinfo\/#website\"},\"primaryImageOfPage\":{\"@id\":\"https:\/\/vosgesinfo.fr\/remiremontinfo\/2020\/11\/neige-verglas-vosges-vigilance-jaune\/#primaryimage\"},\"image\":{\"@id\":\"https:\/\/vosgesinfo.fr\/remiremontinfo\/2020\/11\/neige-verglas-vosges-vigilance-jaune\/#primaryimage\"},\"thumbnailUrl\":\"https:\/\/vosgesinfo.fr\/app\/uploads\/sites\/5\/2024\/01\/verglas.jpg\",\"datePublished\":\"2020-11-30T06:06:25+00:00\",\"dateModified\":\"2020-11-30T06:06:25+00:00\",\"breadcrumb\":{\"@id\":\"https:\/\/vosgesinfo.fr\/remiremontinfo\/2020\/11\/neige-verglas-vosges-vigilance-jaune\/#breadcrumb\"},\"inLanguage\":\"fr-FR\",\"potentialAction\":[{\"@type\":\"ReadAction\",\"target\":[\"https:\/\/vosgesinfo.fr\/remiremontinfo\/2020\/11\/neige-verglas-vosges-vigilance-jaune\/\"]}]},{\"@type\":\"ImageObject\",\"inLanguage\":\"fr-FR\",\"@id\":\"https:\/\/vosgesinfo.fr\/remiremontinfo\/2020\/11\/neige-verglas-vosges-vigilance-jaune\/#primaryimage\",\"url\":\"https:\/\/vosgesinfo.fr\/app\/uploads\/sites\/5\/2024\/01\/verglas.jpg\",\"contentUrl\":\"https:\/\/vosgesinfo.fr\/app\/uploads\/sites\/5\/2024\/01\/verglas.jpg\",\"width\":709,\"height\":469},{\"@type\":\"BreadcrumbList\",\"@id\":\"https:\/\/vosgesinfo.fr\/remiremontinfo\/2020\/11\/neige-verglas-vosges-vigilance-jaune\/#breadcrumb\",\"itemListElement\":[{\"@type\":\"ListItem\",\"position\":1,\"name\":\"Home\",\"item\":\"https:\/\/vosgesinfo.fr\/remiremontinfo\/\"},{\"@type\":\"ListItem\",\"position\":2,\"name\":\"Neige et verglas : les Vosges en vigilance jaune\"}]},{\"@type\":\"WebSite\",\"@id\":\"https:\/\/vosgesinfo.fr\/remiremontinfo\/#website\",\"url\":\"https:\/\/vosgesinfo.fr\/remiremontinfo\/\",\"name\":\"Remiremont Info\",\"description\":\"Toute l&#039;actualit\u00e9 de Remiremont\",\"publisher\":{\"@id\":\"https:\/\/vosgesinfo.fr\/remiremontinfo\/#organization\"},\"alternateName\":\"Toute l'actualit\u00e9 de Remiremont\",\"potentialAction\":[{\"@type\":\"SearchAction\",\"target\":{\"@type\":\"EntryPoint\",\"urlTemplate\":\"https:\/\/vosgesinfo.fr\/remiremontinfo\/?s={search_term_string}\"},\"query-input\":\"required name=search_term_string\"}],\"inLanguage\":\"fr-FR\"},{\"@type\":\"Organization\",\"@id\":\"https:\/\/vosgesinfo.fr\/remiremontinfo\/#organization\",\"name\":\"Remiremont Info\",\"url\":\"https:\/\/vosgesinfo.fr\/remiremontinfo\/\",\"logo\":{\"@type\":\"ImageObject\",\"inLanguage\":\"fr-FR\",\"@id\":\"https:\/\/vosgesinfo.fr\/remiremontinfo\/#\/schema\/logo\/image\/\",\"url\":\"https:\/\/vosgesinfo.fr\/app\/uploads\/sites\/5\/2023\/08\/favicon-remiremontinfo.png\",\"contentUrl\":\"https:\/\/vosgesinfo.fr\/app\/uploads\/sites\/5\/2023\/08\/favicon-remiremontinfo.png\",\"width\":512,\"height\":512,\"caption\":\"Remiremont Info\"},\"image\":{\"@id\":\"https:\/\/vosgesinfo.fr\/remiremontinfo\/#\/schema\/logo\/image\/\"},\"sameAs\":[\"https:\/\/www.facebook.com\/remiremontinfo\",\"https:\/\/x.com\/VosgesInfo88\",\"https:\/\/www.youtube.com\/@vosgesinfo\"]},{\"@type\":\"Person\",\"@id\":\"https:\/\/vosgesinfo.fr\/remiremontinfo\/#\/schema\/person\/3bfd164d5218a185b1db68655a265316\",\"name\":\"C D\",\"image\":{\"@type\":\"ImageObject\",\"inLanguage\":\"fr-FR\",\"@id\":\"https:\/\/vosgesinfo.fr\/remiremontinfo\/#\/schema\/person\/image\/\",\"url\":\"https:\/\/secure.gravatar.com\/avatar\/1f9a70007336511a47468b8f1c66f922b8b7cf617b02a31149ada43893a5d48f?s=96&d=mm&r=g\",\"contentUrl\":\"https:\/\/secure.gravatar.com\/avatar\/1f9a70007336511a47468b8f1c66f922b8b7cf617b02a31149ada43893a5d48f?s=96&d=mm&r=g\",\"caption\":\"C D\"},\"url\":\"https:\/\/vosgesinfo.fr\/remiremontinfo\/author\/cedric-drevet\/\"}]}<\/script>\n<!-- \/ Yoast SEO plugin. -->","yoast_head_json":{"title":"Neige et verglas : les Vosges en vigilance jaune - Remiremont Info","robots":{"index":"index","follow":"follow","max-snippet":"max-snippet:-1","max-image-preview":"max-image-preview:large","max-video-preview":"max-video-preview:-1"},"canonical":"https:\/\/vosgesinfo.fr\/remiremontinfo\/2020\/11\/neige-verglas-vosges-vigilance-jaune\/","twitter_card":"summary_large_image","twitter_title":"Neige et verglas : les Vosges en vigilance jaune - Remiremont Info","twitter_description":"Photo d&rsquo;illustration M\u00e9t\u00e9o France place les Vosges en vigilance jaune concernant le risque de neige et verglas. Soyons prudents sur [&hellip;]","twitter_image":"https:\/\/vosgesinfo.fr\/app\/uploads\/sites\/5\/2024\/01\/verglas.jpg","twitter_creator":"@VosgesInfo88","twitter_site":"@VosgesInfo88","twitter_misc":{"\u00c9crit par":"C D","Dur\u00e9e de lecture estim\u00e9e":"1 minute"},"schema":{"@context":"https:\/\/schema.org","@graph":[{"@type":"Article","@id":"https:\/\/vosgesinfo.fr\/remiremontinfo\/2020\/11\/neige-verglas-vosges-vigilance-jaune\/#article","isPartOf":{"@id":"https:\/\/vosgesinfo.fr\/remiremontinfo\/2020\/11\/neige-verglas-vosges-vigilance-jaune\/"},"author":{"name":"C D","@id":"https:\/\/vosgesinfo.fr\/remiremontinfo\/#\/schema\/person\/3bfd164d5218a185b1db68655a265316"},"headline":"Neige et verglas : les Vosges en vigilance jaune","datePublished":"2020-11-30T06:06:25+00:00","dateModified":"2020-11-30T06:06:25+00:00","mainEntityOfPage":{"@id":"https:\/\/vosgesinfo.fr\/remiremontinfo\/2020\/11\/neige-verglas-vosges-vigilance-jaune\/"},"wordCount":303,"commentCount":0,"publisher":{"@id":"https:\/\/vosgesinfo.fr\/remiremontinfo\/#organization"},"image":{"@id":"https:\/\/vosgesinfo.fr\/remiremontinfo\/2020\/11\/neige-verglas-vosges-vigilance-jaune\/#primaryimage"},"thumbnailUrl":"https:\/\/vosgesinfo.fr\/app\/uploads\/sites\/5\/2024\/01\/verglas.jpg","articleSection":["A la Une","M\u00e9t\u00e9o","Vosges"],"inLanguage":"fr-FR","potentialAction":[{"@type":"CommentAction","name":"Comment","target":["https:\/\/vosgesinfo.fr\/remiremontinfo\/2020\/11\/neige-verglas-vosges-vigilance-jaune\/#respond"]}]},{"@type":"WebPage","@id":"https:\/\/vosgesinfo.fr\/remiremontinfo\/2020\/11\/neige-verglas-vosges-vigilance-jaune\/","url":"https:\/\/vosgesinfo.fr\/remiremontinfo\/2020\/11\/neige-verglas-vosges-vigilance-jaune\/","name":"Neige et verglas : les Vosges en vigilance jaune - Remiremont Info","isPartOf":{"@id":"https:\/\/vosgesinfo.fr\/remiremontinfo\/#website"},"primaryImageOfPage":{"@id":"https:\/\/vosgesinfo.fr\/remiremontinfo\/2020\/11\/neige-verglas-vosges-vigilance-jaune\/#primaryimage"},"image":{"@id":"https:\/\/vosgesinfo.fr\/remiremontinfo\/2020\/11\/neige-verglas-vosges-vigilance-jaune\/#primaryimage"},"thumbnailUrl":"https:\/\/vosgesinfo.fr\/app\/uploads\/sites\/5\/2024\/01\/verglas.jpg","datePublished":"2020-11-30T06:06:25+00:00","dateModified":"2020-11-30T06:06:25+00:00","breadcrumb":{"@id":"https:\/\/vosgesinfo.fr\/remiremontinfo\/2020\/11\/neige-verglas-vosges-vigilance-jaune\/#breadcrumb"},"inLanguage":"fr-FR","potentialAction":[{"@type":"ReadAction","target":["https:\/\/vosgesinfo.fr\/remiremontinfo\/2020\/11\/neige-verglas-vosges-vigilance-jaune\/"]}]},{"@type":"ImageObject","inLanguage":"fr-FR","@id":"https:\/\/vosgesinfo.fr\/remiremontinfo\/2020\/11\/neige-verglas-vosges-vigilance-jaune\/#primaryimage","url":"https:\/\/vosgesinfo.fr\/app\/uploads\/sites\/5\/2024\/01\/verglas.jpg","contentUrl":"https:\/\/vosgesinfo.fr\/app\/uploads\/sites\/5\/2024\/01\/verglas.jpg","width":709,"height":469},{"@type":"BreadcrumbList","@id":"https:\/\/vosgesinfo.fr\/remiremontinfo\/2020\/11\/neige-verglas-vosges-vigilance-jaune\/#breadcrumb","itemListElement":[{"@type":"ListItem","position":1,"name":"Home","item":"https:\/\/vosgesinfo.fr\/remiremontinfo\/"},{"@type":"ListItem","position":2,"name":"Neige et verglas : les Vosges en vigilance jaune"}]},{"@type":"WebSite","@id":"https:\/\/vosgesinfo.fr\/remiremontinfo\/#website","url":"https:\/\/vosgesinfo.fr\/remiremontinfo\/","name":"Remiremont Info","description":"Toute l&#039;actualit\u00e9 de Remiremont","publisher":{"@id":"https:\/\/vosgesinfo.fr\/remiremontinfo\/#organization"},"alternateName":"Toute l'actualit\u00e9 de Remiremont","potentialAction":[{"@type":"SearchAction","target":{"@type":"EntryPoint","urlTemplate":"https:\/\/vosgesinfo.fr\/remiremontinfo\/?s={search_term_string}"},"query-input":"required name=search_term_string"}],"inLanguage":"fr-FR"},{"@type":"Organization","@id":"https:\/\/vosgesinfo.fr\/remiremontinfo\/#organization","name":"Remiremont Info","url":"https:\/\/vosgesinfo.fr\/remiremontinfo\/","logo":{"@type":"ImageObject","inLanguage":"fr-FR","@id":"https:\/\/vosgesinfo.fr\/remiremontinfo\/#\/schema\/logo\/image\/","url":"https:\/\/vosgesinfo.fr\/app\/uploads\/sites\/5\/2023\/08\/favicon-remiremontinfo.png","contentUrl":"https:\/\/vosgesinfo.fr\/app\/uploads\/sites\/5\/2023\/08\/favicon-remiremontinfo.png","width":512,"height":512,"caption":"Remiremont Info"},"image":{"@id":"https:\/\/vosgesinfo.fr\/remiremontinfo\/#\/schema\/logo\/image\/"},"sameAs":["https:\/\/www.facebook.com\/remiremontinfo","https:\/\/x.com\/VosgesInfo88","https:\/\/www.youtube.com\/@vosgesinfo"]},{"@type":"Person","@id":"https:\/\/vosgesinfo.fr\/remiremontinfo\/#\/schema\/person\/3bfd164d5218a185b1db68655a265316","name":"C D","image":{"@type":"ImageObject","inLanguage":"fr-FR","@id":"https:\/\/vosgesinfo.fr\/remiremontinfo\/#\/schema\/person\/image\/","url":"https:\/\/secure.gravatar.com\/avatar\/1f9a70007336511a47468b8f1c66f922b8b7cf617b02a31149ada43893a5d48f?s=96&d=mm&r=g","contentUrl":"https:\/\/secure.gravatar.com\/avatar\/1f9a70007336511a47468b8f1c66f922b8b7cf617b02a31149ada43893a5d48f?s=96&d=mm&r=g","caption":"C D"},"url":"https:\/\/vosgesinfo.fr\/remiremontinfo\/author\/cedric-drevet\/"}]}},"_links":{"self":[{"href":"https:\/\/vosgesinfo.fr\/remiremontinfo\/wp-json\/wp\/v2\/posts\/34437","targetHints":{"allow":["GET"]}}],"collection":[{"href":"https:\/\/vosgesinfo.fr\/remiremontinfo\/wp-json\/wp\/v2\/posts"}],"about":[{"href":"https:\/\/vosgesinfo.fr\/remiremontinfo\/wp-json\/wp\/v2\/types\/post"}],"author":[{"embeddable":true,"href":"https:\/\/vosgesinfo.fr\/remiremontinfo\/wp-json\/wp\/v2\/users\/407"}],"replies":[{"embeddable":true,"href":"https:\/\/vosgesinfo.fr\/remiremontinfo\/wp-json\/wp\/v2\/comments?post=34437"}],"version-history":[{"count":0,"href":"https:\/\/vosgesinfo.fr\/remiremontinfo\/wp-json\/wp\/v2\/posts\/34437\/revisions"}],"wp:featuredmedia":[{"embeddable":true,"href":"https:\/\/vosgesinfo.fr\/remiremontinfo\/wp-json\/wp\/v2\/media\/3629"}],"wp:attachment":[{"href":"https:\/\/vosgesinfo.fr\/remiremontinfo\/wp-json\/wp\/v2\/media?parent=34437"}],"wp:term":[{"taxonomy":"category","embeddable":true,"href":"https:\/\/vosgesinfo.fr\/remiremontinfo\/wp-json\/wp\/v2\/categories?post=34437"},{"taxonomy":"post_tag","embeddable":true,"href":"https:\/\/vosgesinfo.fr\/remiremontinfo\/wp-json\/wp\/v2\/tags?post=34437"}],"curies":[{"name":"wp","href":"https:\/\/api.w.org\/{rel}","templated":true}]}}