{"id":3447,"date":"2023-12-22T10:28:14","date_gmt":"2023-12-22T09:28:14","guid":{"rendered":"https:\/\/vosgesinfo.fr\/remiremontinfo\/2023\/12\/noel-a-remiremont-les-animations-du-week-end-du-23-et-24-decembre\/"},"modified":"2023-12-22T10:28:14","modified_gmt":"2023-12-22T09:28:14","slug":"noel-a-remiremont-les-animations-du-week-end-du-23-et-24-decembre","status":"publish","type":"post","link":"https:\/\/vosgesinfo.fr\/remiremontinfo\/2023\/12\/noel-a-remiremont-les-animations-du-week-end-du-23-et-24-decembre\/","title":{"rendered":"No\u00ebl \u00e0 Remiremont &#8211; Les animations du week-end du 23 et 24 d\u00e9cembre"},"content":{"rendered":"<h2><span style=\"font-size: 14pt;\"><a href=\"https:\/\/remiremontinfo.fr\/wp-content\/uploads\/2023\/12\/Marche-illumination-9.jpeg\"><img decoding=\"async\" class=\"alignnone size-large wp-image-380607 aligncenter\" src=\"https:\/\/vosgesinfo.fr\/app\/uploads\/sites\/5\/2023\/12\/marche-illumination-9.jpeg\" alt=\"Marche illumination (9)\" width=\"960\" height=\"720\" \/><\/a><\/span><\/h2>\n<h2><span style=\"font-size: 14pt;\">D\u00e9couvrez le programme des animations de No\u00ebl organis\u00e9es par la Ville de Remiremont et les associations partenaires, pour le week\u2010end du 23 et 24 d\u00e9cembre :<\/span><\/h2>\n<p>ATELIER CR\u00c9ATIF DE NO\u00cbL<br \/>\nSamedi 23 d\u00e9cembre ; De 14h30 \u00e0 16h30 ; Mus\u00e9e Charles Friry<br \/>\nA partir de 5 ans ; Sur r\u00e9servation : musees@remiremont.fr ; Tarif 4\u20ac<br \/>\nA la gravure ou au pochoir, r\u00e9alisez votre tote\u2010bag personnalis\u00e9. Une id\u00e9e cadeau \u00e9co\u2010responsable et originale !<\/p>\n<p>CONCERT GOSPEL<br \/>\nSamedi 23 d\u00e9cembre ; Par Sing\u2019N Groove ; De 14h30 \u00e0 18h ;\u00a0En itin\u00e9rance au centre\u2010ville<br \/>\nLaissez vous charmer par la musique gospel du groupe Sing&rsquo;N Groove ! Une animation propos\u00e9e par la Volont&rsquo;R.<\/p>\n<p>ANIMATION ENFANTS<br \/>\nDimanche 24 d\u00e9cembre ; De 10h \u00e0 12h et de 14h30 \u00e0 16h30 ; En itin\u00e9rance au centre\u2010ville<br \/>\nLes Mascottes, invit\u00e9es par la Volont&rsquo;R, d\u00e9ambuleront dans les rues, pour le plus grand plaisir des enfants !<\/p>\n<p><a href=\"https:\/\/remiremontinfo.fr\/wp-content\/uploads\/2023\/12\/AFFICHES-PAR-WEEK-END-_-NOEL-2023-RMT_23.24dec.jpg\"><img decoding=\"async\" class=\"size-large wp-image-381064 aligncenter\" src=\"https:\/\/vosgesinfo.fr\/app\/uploads\/sites\/5\/2023\/12\/affiches-par-week-end---noel-2023-rmt-23.24dec-scaled.jpg\" alt=\"AFFICHES PAR WEEK END _ NOEL 2023 RMT_23.24dec\" width=\"724\" height=\"1024\" \/><\/a><\/p>\n","protected":false},"excerpt":{"rendered":"<p>D\u00e9couvrez le programme des animations de No\u00ebl organis\u00e9es par la Ville de Remiremont et les associations partenaires, pour le week\u2010end [&hellip;]<\/p>\n","protected":false},"author":414,"featured_media":3202,"comment_status":"open","ping_status":"open","sticky":false,"template":"","format":"standard","meta":{"footnotes":""},"categories":[26,594,124,43,35],"tags":[78,614,53,366,615,616,345,44],"class_list":["post-3447","post","type-post","status-publish","format-standard","has-post-thumbnail","hentry","category-a-la-une","category-agenda","category-fetes","category-remiremont-remiremont-son-canton","category-remiremont-son-canton","tag-animation","tag-atelier","tag-concert","tag-fetes","tag-gospel","tag-mascotte","tag-noel","tag-remiremont"],"acf":[],"yoast_head":"<!-- This site is optimized with the Yoast SEO plugin v22.5 - https:\/\/yoast.com\/wordpress\/plugins\/seo\/ -->\n<title>No\u00ebl \u00e0 Remiremont - Les animations du week-end du 23 et 24 d\u00e9cembre - Remiremont Info<\/title>\n<meta name=\"robots\" content=\"index, follow, max-snippet:-1, max-image-preview:large, max-video-preview:-1\" \/>\n<link rel=\"canonical\" href=\"https:\/\/vosgesinfo.fr\/remiremontinfo\/2023\/12\/noel-a-remiremont-les-animations-du-week-end-du-23-et-24-decembre\/\" \/>\n<meta name=\"twitter:card\" content=\"summary_large_image\" \/>\n<meta name=\"twitter:title\" content=\"No\u00ebl \u00e0 Remiremont - Les animations du week-end du 23 et 24 d\u00e9cembre - Remiremont Info\" \/>\n<meta name=\"twitter:description\" content=\"D\u00e9couvrez le programme des animations de No\u00ebl organis\u00e9es par la Ville de Remiremont et les associations partenaires, pour le week\u2010end [&hellip;]\" \/>\n<meta name=\"twitter:image\" content=\"https:\/\/vosgesinfo.fr\/app\/uploads\/sites\/5\/2023\/12\/marche-illumination-9.jpeg\" \/>\n<meta name=\"twitter:creator\" content=\"@VosgesInfo88\" \/>\n<meta name=\"twitter:site\" content=\"@VosgesInfo88\" \/>\n<meta name=\"twitter:label1\" content=\"\u00c9crit par\" \/>\n\t<meta name=\"twitter:data1\" content=\"Julien Chassard\" \/>\n\t<meta name=\"twitter:label2\" content=\"Dur\u00e9e de lecture estim\u00e9e\" \/>\n\t<meta name=\"twitter:data2\" content=\"1 minute\" \/>\n<script type=\"application\/ld+json\" class=\"yoast-schema-graph\">{\"@context\":\"https:\/\/schema.org\",\"@graph\":[{\"@type\":\"Article\",\"@id\":\"https:\/\/vosgesinfo.fr\/remiremontinfo\/2023\/12\/noel-a-remiremont-les-animations-du-week-end-du-23-et-24-decembre\/#article\",\"isPartOf\":{\"@id\":\"https:\/\/vosgesinfo.fr\/remiremontinfo\/2023\/12\/noel-a-remiremont-les-animations-du-week-end-du-23-et-24-decembre\/\"},\"author\":{\"name\":\"Julien Chassard\",\"@id\":\"https:\/\/vosgesinfo.fr\/remiremontinfo\/#\/schema\/person\/9f7d5afbed21dfe30e21502db85507c8\"},\"headline\":\"No\u00ebl \u00e0 Remiremont &#8211; Les animations du week-end du 23 et 24 d\u00e9cembre\",\"datePublished\":\"2023-12-22T09:28:14+00:00\",\"dateModified\":\"2023-12-22T09:28:14+00:00\",\"mainEntityOfPage\":{\"@id\":\"https:\/\/vosgesinfo.fr\/remiremontinfo\/2023\/12\/noel-a-remiremont-les-animations-du-week-end-du-23-et-24-decembre\/\"},\"wordCount\":163,\"commentCount\":0,\"publisher\":{\"@id\":\"https:\/\/vosgesinfo.fr\/remiremontinfo\/#organization\"},\"image\":{\"@id\":\"https:\/\/vosgesinfo.fr\/remiremontinfo\/2023\/12\/noel-a-remiremont-les-animations-du-week-end-du-23-et-24-decembre\/#primaryimage\"},\"thumbnailUrl\":\"https:\/\/vosgesinfo.fr\/app\/uploads\/sites\/5\/2023\/12\/marche-illumination-9.jpeg\",\"keywords\":[\"animation\",\"Atelier\",\"concert\",\"fetes\",\"gospel\",\"mascotte\",\"No\u00ebl\",\"remiremont\"],\"articleSection\":[\"A la Une\",\"Agenda\",\"F\u00eates\",\"Remiremont\",\"Remiremont &amp; son canton\"],\"inLanguage\":\"fr-FR\",\"potentialAction\":[{\"@type\":\"CommentAction\",\"name\":\"Comment\",\"target\":[\"https:\/\/vosgesinfo.fr\/remiremontinfo\/2023\/12\/noel-a-remiremont-les-animations-du-week-end-du-23-et-24-decembre\/#respond\"]}]},{\"@type\":\"WebPage\",\"@id\":\"https:\/\/vosgesinfo.fr\/remiremontinfo\/2023\/12\/noel-a-remiremont-les-animations-du-week-end-du-23-et-24-decembre\/\",\"url\":\"https:\/\/vosgesinfo.fr\/remiremontinfo\/2023\/12\/noel-a-remiremont-les-animations-du-week-end-du-23-et-24-decembre\/\",\"name\":\"No\u00ebl \u00e0 Remiremont - Les animations du week-end du 23 et 24 d\u00e9cembre - Remiremont Info\",\"isPartOf\":{\"@id\":\"https:\/\/vosgesinfo.fr\/remiremontinfo\/#website\"},\"primaryImageOfPage\":{\"@id\":\"https:\/\/vosgesinfo.fr\/remiremontinfo\/2023\/12\/noel-a-remiremont-les-animations-du-week-end-du-23-et-24-decembre\/#primaryimage\"},\"image\":{\"@id\":\"https:\/\/vosgesinfo.fr\/remiremontinfo\/2023\/12\/noel-a-remiremont-les-animations-du-week-end-du-23-et-24-decembre\/#primaryimage\"},\"thumbnailUrl\":\"https:\/\/vosgesinfo.fr\/app\/uploads\/sites\/5\/2023\/12\/marche-illumination-9.jpeg\",\"datePublished\":\"2023-12-22T09:28:14+00:00\",\"dateModified\":\"2023-12-22T09:28:14+00:00\",\"breadcrumb\":{\"@id\":\"https:\/\/vosgesinfo.fr\/remiremontinfo\/2023\/12\/noel-a-remiremont-les-animations-du-week-end-du-23-et-24-decembre\/#breadcrumb\"},\"inLanguage\":\"fr-FR\",\"potentialAction\":[{\"@type\":\"ReadAction\",\"target\":[\"https:\/\/vosgesinfo.fr\/remiremontinfo\/2023\/12\/noel-a-remiremont-les-animations-du-week-end-du-23-et-24-decembre\/\"]}]},{\"@type\":\"ImageObject\",\"inLanguage\":\"fr-FR\",\"@id\":\"https:\/\/vosgesinfo.fr\/remiremontinfo\/2023\/12\/noel-a-remiremont-les-animations-du-week-end-du-23-et-24-decembre\/#primaryimage\",\"url\":\"https:\/\/vosgesinfo.fr\/app\/uploads\/sites\/5\/2023\/12\/marche-illumination-9.jpeg\",\"contentUrl\":\"https:\/\/vosgesinfo.fr\/app\/uploads\/sites\/5\/2023\/12\/marche-illumination-9.jpeg\",\"width\":2048,\"height\":1536},{\"@type\":\"BreadcrumbList\",\"@id\":\"https:\/\/vosgesinfo.fr\/remiremontinfo\/2023\/12\/noel-a-remiremont-les-animations-du-week-end-du-23-et-24-decembre\/#breadcrumb\",\"itemListElement\":[{\"@type\":\"ListItem\",\"position\":1,\"name\":\"Home\",\"item\":\"https:\/\/vosgesinfo.fr\/remiremontinfo\/\"},{\"@type\":\"ListItem\",\"position\":2,\"name\":\"No\u00ebl \u00e0 Remiremont &#8211; Les animations du week-end du 23 et 24 d\u00e9cembre\"}]},{\"@type\":\"WebSite\",\"@id\":\"https:\/\/vosgesinfo.fr\/remiremontinfo\/#website\",\"url\":\"https:\/\/vosgesinfo.fr\/remiremontinfo\/\",\"name\":\"Remiremont Info\",\"description\":\"Toute l&#039;actualit\u00e9 de Remiremont\",\"publisher\":{\"@id\":\"https:\/\/vosgesinfo.fr\/remiremontinfo\/#organization\"},\"alternateName\":\"Toute l'actualit\u00e9 de Remiremont\",\"potentialAction\":[{\"@type\":\"SearchAction\",\"target\":{\"@type\":\"EntryPoint\",\"urlTemplate\":\"https:\/\/vosgesinfo.fr\/remiremontinfo\/?s={search_term_string}\"},\"query-input\":\"required name=search_term_string\"}],\"inLanguage\":\"fr-FR\"},{\"@type\":\"Organization\",\"@id\":\"https:\/\/vosgesinfo.fr\/remiremontinfo\/#organization\",\"name\":\"Remiremont Info\",\"url\":\"https:\/\/vosgesinfo.fr\/remiremontinfo\/\",\"logo\":{\"@type\":\"ImageObject\",\"inLanguage\":\"fr-FR\",\"@id\":\"https:\/\/vosgesinfo.fr\/remiremontinfo\/#\/schema\/logo\/image\/\",\"url\":\"https:\/\/vosgesinfo.fr\/app\/uploads\/sites\/5\/2023\/08\/favicon-remiremontinfo.png\",\"contentUrl\":\"https:\/\/vosgesinfo.fr\/app\/uploads\/sites\/5\/2023\/08\/favicon-remiremontinfo.png\",\"width\":512,\"height\":512,\"caption\":\"Remiremont Info\"},\"image\":{\"@id\":\"https:\/\/vosgesinfo.fr\/remiremontinfo\/#\/schema\/logo\/image\/\"},\"sameAs\":[\"https:\/\/www.facebook.com\/remiremontinfo\",\"https:\/\/x.com\/VosgesInfo88\",\"https:\/\/www.youtube.com\/@vosgesinfo\"]},{\"@type\":\"Person\",\"@id\":\"https:\/\/vosgesinfo.fr\/remiremontinfo\/#\/schema\/person\/9f7d5afbed21dfe30e21502db85507c8\",\"name\":\"Julien Chassard\",\"image\":{\"@type\":\"ImageObject\",\"inLanguage\":\"fr-FR\",\"@id\":\"https:\/\/vosgesinfo.fr\/remiremontinfo\/#\/schema\/person\/image\/\",\"url\":\"https:\/\/secure.gravatar.com\/avatar\/b1edc920568095a5269cc92a13830411052ebb396f029db539972c12276b9ba9?s=96&d=mm&r=g\",\"contentUrl\":\"https:\/\/secure.gravatar.com\/avatar\/b1edc920568095a5269cc92a13830411052ebb396f029db539972c12276b9ba9?s=96&d=mm&r=g\",\"caption\":\"Julien Chassard\"},\"url\":\"https:\/\/vosgesinfo.fr\/remiremontinfo\/author\/j-chassard882\/\"}]}<\/script>\n<!-- \/ Yoast SEO plugin. -->","yoast_head_json":{"title":"No\u00ebl \u00e0 Remiremont - Les animations du week-end du 23 et 24 d\u00e9cembre - Remiremont Info","robots":{"index":"index","follow":"follow","max-snippet":"max-snippet:-1","max-image-preview":"max-image-preview:large","max-video-preview":"max-video-preview:-1"},"canonical":"https:\/\/vosgesinfo.fr\/remiremontinfo\/2023\/12\/noel-a-remiremont-les-animations-du-week-end-du-23-et-24-decembre\/","twitter_card":"summary_large_image","twitter_title":"No\u00ebl \u00e0 Remiremont - Les animations du week-end du 23 et 24 d\u00e9cembre - Remiremont Info","twitter_description":"D\u00e9couvrez le programme des animations de No\u00ebl organis\u00e9es par la Ville de Remiremont et les associations partenaires, pour le week\u2010end [&hellip;]","twitter_image":"https:\/\/vosgesinfo.fr\/app\/uploads\/sites\/5\/2023\/12\/marche-illumination-9.jpeg","twitter_creator":"@VosgesInfo88","twitter_site":"@VosgesInfo88","twitter_misc":{"\u00c9crit par":"Julien Chassard","Dur\u00e9e de lecture estim\u00e9e":"1 minute"},"schema":{"@context":"https:\/\/schema.org","@graph":[{"@type":"Article","@id":"https:\/\/vosgesinfo.fr\/remiremontinfo\/2023\/12\/noel-a-remiremont-les-animations-du-week-end-du-23-et-24-decembre\/#article","isPartOf":{"@id":"https:\/\/vosgesinfo.fr\/remiremontinfo\/2023\/12\/noel-a-remiremont-les-animations-du-week-end-du-23-et-24-decembre\/"},"author":{"name":"Julien Chassard","@id":"https:\/\/vosgesinfo.fr\/remiremontinfo\/#\/schema\/person\/9f7d5afbed21dfe30e21502db85507c8"},"headline":"No\u00ebl \u00e0 Remiremont &#8211; Les animations du week-end du 23 et 24 d\u00e9cembre","datePublished":"2023-12-22T09:28:14+00:00","dateModified":"2023-12-22T09:28:14+00:00","mainEntityOfPage":{"@id":"https:\/\/vosgesinfo.fr\/remiremontinfo\/2023\/12\/noel-a-remiremont-les-animations-du-week-end-du-23-et-24-decembre\/"},"wordCount":163,"commentCount":0,"publisher":{"@id":"https:\/\/vosgesinfo.fr\/remiremontinfo\/#organization"},"image":{"@id":"https:\/\/vosgesinfo.fr\/remiremontinfo\/2023\/12\/noel-a-remiremont-les-animations-du-week-end-du-23-et-24-decembre\/#primaryimage"},"thumbnailUrl":"https:\/\/vosgesinfo.fr\/app\/uploads\/sites\/5\/2023\/12\/marche-illumination-9.jpeg","keywords":["animation","Atelier","concert","fetes","gospel","mascotte","No\u00ebl","remiremont"],"articleSection":["A la Une","Agenda","F\u00eates","Remiremont","Remiremont &amp; son canton"],"inLanguage":"fr-FR","potentialAction":[{"@type":"CommentAction","name":"Comment","target":["https:\/\/vosgesinfo.fr\/remiremontinfo\/2023\/12\/noel-a-remiremont-les-animations-du-week-end-du-23-et-24-decembre\/#respond"]}]},{"@type":"WebPage","@id":"https:\/\/vosgesinfo.fr\/remiremontinfo\/2023\/12\/noel-a-remiremont-les-animations-du-week-end-du-23-et-24-decembre\/","url":"https:\/\/vosgesinfo.fr\/remiremontinfo\/2023\/12\/noel-a-remiremont-les-animations-du-week-end-du-23-et-24-decembre\/","name":"No\u00ebl \u00e0 Remiremont - Les animations du week-end du 23 et 24 d\u00e9cembre - Remiremont Info","isPartOf":{"@id":"https:\/\/vosgesinfo.fr\/remiremontinfo\/#website"},"primaryImageOfPage":{"@id":"https:\/\/vosgesinfo.fr\/remiremontinfo\/2023\/12\/noel-a-remiremont-les-animations-du-week-end-du-23-et-24-decembre\/#primaryimage"},"image":{"@id":"https:\/\/vosgesinfo.fr\/remiremontinfo\/2023\/12\/noel-a-remiremont-les-animations-du-week-end-du-23-et-24-decembre\/#primaryimage"},"thumbnailUrl":"https:\/\/vosgesinfo.fr\/app\/uploads\/sites\/5\/2023\/12\/marche-illumination-9.jpeg","datePublished":"2023-12-22T09:28:14+00:00","dateModified":"2023-12-22T09:28:14+00:00","breadcrumb":{"@id":"https:\/\/vosgesinfo.fr\/remiremontinfo\/2023\/12\/noel-a-remiremont-les-animations-du-week-end-du-23-et-24-decembre\/#breadcrumb"},"inLanguage":"fr-FR","potentialAction":[{"@type":"ReadAction","target":["https:\/\/vosgesinfo.fr\/remiremontinfo\/2023\/12\/noel-a-remiremont-les-animations-du-week-end-du-23-et-24-decembre\/"]}]},{"@type":"ImageObject","inLanguage":"fr-FR","@id":"https:\/\/vosgesinfo.fr\/remiremontinfo\/2023\/12\/noel-a-remiremont-les-animations-du-week-end-du-23-et-24-decembre\/#primaryimage","url":"https:\/\/vosgesinfo.fr\/app\/uploads\/sites\/5\/2023\/12\/marche-illumination-9.jpeg","contentUrl":"https:\/\/vosgesinfo.fr\/app\/uploads\/sites\/5\/2023\/12\/marche-illumination-9.jpeg","width":2048,"height":1536},{"@type":"BreadcrumbList","@id":"https:\/\/vosgesinfo.fr\/remiremontinfo\/2023\/12\/noel-a-remiremont-les-animations-du-week-end-du-23-et-24-decembre\/#breadcrumb","itemListElement":[{"@type":"ListItem","position":1,"name":"Home","item":"https:\/\/vosgesinfo.fr\/remiremontinfo\/"},{"@type":"ListItem","position":2,"name":"No\u00ebl \u00e0 Remiremont &#8211; Les animations du week-end du 23 et 24 d\u00e9cembre"}]},{"@type":"WebSite","@id":"https:\/\/vosgesinfo.fr\/remiremontinfo\/#website","url":"https:\/\/vosgesinfo.fr\/remiremontinfo\/","name":"Remiremont Info","description":"Toute l&#039;actualit\u00e9 de Remiremont","publisher":{"@id":"https:\/\/vosgesinfo.fr\/remiremontinfo\/#organization"},"alternateName":"Toute l'actualit\u00e9 de Remiremont","potentialAction":[{"@type":"SearchAction","target":{"@type":"EntryPoint","urlTemplate":"https:\/\/vosgesinfo.fr\/remiremontinfo\/?s={search_term_string}"},"query-input":"required name=search_term_string"}],"inLanguage":"fr-FR"},{"@type":"Organization","@id":"https:\/\/vosgesinfo.fr\/remiremontinfo\/#organization","name":"Remiremont Info","url":"https:\/\/vosgesinfo.fr\/remiremontinfo\/","logo":{"@type":"ImageObject","inLanguage":"fr-FR","@id":"https:\/\/vosgesinfo.fr\/remiremontinfo\/#\/schema\/logo\/image\/","url":"https:\/\/vosgesinfo.fr\/app\/uploads\/sites\/5\/2023\/08\/favicon-remiremontinfo.png","contentUrl":"https:\/\/vosgesinfo.fr\/app\/uploads\/sites\/5\/2023\/08\/favicon-remiremontinfo.png","width":512,"height":512,"caption":"Remiremont Info"},"image":{"@id":"https:\/\/vosgesinfo.fr\/remiremontinfo\/#\/schema\/logo\/image\/"},"sameAs":["https:\/\/www.facebook.com\/remiremontinfo","https:\/\/x.com\/VosgesInfo88","https:\/\/www.youtube.com\/@vosgesinfo"]},{"@type":"Person","@id":"https:\/\/vosgesinfo.fr\/remiremontinfo\/#\/schema\/person\/9f7d5afbed21dfe30e21502db85507c8","name":"Julien Chassard","image":{"@type":"ImageObject","inLanguage":"fr-FR","@id":"https:\/\/vosgesinfo.fr\/remiremontinfo\/#\/schema\/person\/image\/","url":"https:\/\/secure.gravatar.com\/avatar\/b1edc920568095a5269cc92a13830411052ebb396f029db539972c12276b9ba9?s=96&d=mm&r=g","contentUrl":"https:\/\/secure.gravatar.com\/avatar\/b1edc920568095a5269cc92a13830411052ebb396f029db539972c12276b9ba9?s=96&d=mm&r=g","caption":"Julien Chassard"},"url":"https:\/\/vosgesinfo.fr\/remiremontinfo\/author\/j-chassard882\/"}]}},"_links":{"self":[{"href":"https:\/\/vosgesinfo.fr\/remiremontinfo\/wp-json\/wp\/v2\/posts\/3447","targetHints":{"allow":["GET"]}}],"collection":[{"href":"https:\/\/vosgesinfo.fr\/remiremontinfo\/wp-json\/wp\/v2\/posts"}],"about":[{"href":"https:\/\/vosgesinfo.fr\/remiremontinfo\/wp-json\/wp\/v2\/types\/post"}],"author":[{"embeddable":true,"href":"https:\/\/vosgesinfo.fr\/remiremontinfo\/wp-json\/wp\/v2\/users\/414"}],"replies":[{"embeddable":true,"href":"https:\/\/vosgesinfo.fr\/remiremontinfo\/wp-json\/wp\/v2\/comments?post=3447"}],"version-history":[{"count":0,"href":"https:\/\/vosgesinfo.fr\/remiremontinfo\/wp-json\/wp\/v2\/posts\/3447\/revisions"}],"wp:featuredmedia":[{"embeddable":true,"href":"https:\/\/vosgesinfo.fr\/remiremontinfo\/wp-json\/wp\/v2\/media\/3202"}],"wp:attachment":[{"href":"https:\/\/vosgesinfo.fr\/remiremontinfo\/wp-json\/wp\/v2\/media?parent=3447"}],"wp:term":[{"taxonomy":"category","embeddable":true,"href":"https:\/\/vosgesinfo.fr\/remiremontinfo\/wp-json\/wp\/v2\/categories?post=3447"},{"taxonomy":"post_tag","embeddable":true,"href":"https:\/\/vosgesinfo.fr\/remiremontinfo\/wp-json\/wp\/v2\/tags?post=3447"}],"curies":[{"name":"wp","href":"https:\/\/api.w.org\/{rel}","templated":true}]}}