{"id":34471,"date":"2020-11-30T07:03:14","date_gmt":"2020-11-30T06:03:14","guid":{"rendered":"https:\/\/vosgesinfo.fr\/remiremontinfo\/2020\/11\/magasins-de-labri-a-nouveau-ouverts-aux-horaires-habituels\/"},"modified":"2020-11-30T07:03:14","modified_gmt":"2020-11-30T06:03:14","slug":"magasins-de-labri-a-nouveau-ouverts-aux-horaires-habituels","status":"publish","type":"post","link":"https:\/\/vosgesinfo.fr\/remiremontinfo\/2020\/11\/magasins-de-labri-a-nouveau-ouverts-aux-horaires-habituels\/","title":{"rendered":"Les magasins de l&rsquo;Abri sont \u00e0 nouveau ouverts aux horaires habituels"},"content":{"rendered":"<div class=\"o9v6fnle cxmmr5t8 oygrvhab hcukyx3x c1et5uql ii04i59q\">\n<h2 dir=\"auto\" style=\"text-align: center;\"><a href=\"\/2020\/11\/Annotation-2020-05-12-105234.png\"><img decoding=\"async\" class=\"alignnone size-full wp-image-303074\" src=\"\/2020\/11\/Annotation-2020-05-12-105234.png\" alt=\"Annotation-2020-05-12-105234\" width=\"773\" height=\"515\" \/><\/a><\/h2>\n<h2 dir=\"auto\"><span style=\"font-size: 12pt;\"><strong>Depuis ce samedi 28 novembre,\u00a0l&rsquo;ensemble de nos points de vente de l&rsquo;Abri sont \u00e0 nouveau ouverts aux horaires habituels. Il est donc d\u00e9sormais possible de faire des dons et d&rsquo;acheter des objets. Par ailleurs, un protocole sanitaire est \u00e0 respecter.\u00a0La vente en ligne se poursuit sur <a href=\"https:\/\/www.facebook.com\/labelemmaus\">le Label Emma\u00fcs.<\/a><\/strong><\/span><\/h2>\n<\/div>\n<div dir=\"auto\"><em><strong>Les magasins :<\/strong><\/em><\/div>\n<div class=\"o9v6fnle cxmmr5t8 oygrvhab hcukyx3x c1et5uql ii04i59q\">\n<div dir=\"auto\">&#8211; La Braderie \u00e0 Saint-\u00c9tienne-l\u00e8s-Remiremont,\u00a0Grands Moulins<\/div>\n<div dir=\"auto\">&#8211; La recyclerie des Hautes Vosges de G\u00e9rardmer, Le Costet Beillard<\/div>\n<div dir=\"auto\">&#8211; La recyclerie des Hautes Vosges de\u00a0Cornimont, Lansauchamp<\/div>\n<div dir=\"auto\"><\/div>\n<\/div>\n<div class=\"o9v6fnle cxmmr5t8 oygrvhab hcukyx3x c1et5uql ii04i59q\">\n<div dir=\"auto\"><em><strong>Reprise des horaires d&rsquo;ouverture habituels :<\/strong><\/em><\/div>\n<div dir=\"auto\">&#8211; Du mardi au vendredi : 9h\/12h &#8211; 14h\/18h<\/div>\n<div dir=\"auto\">&#8211; Le samedi : 9h\/12h &#8211; 14h\/17h<\/div>\n<\/div>\n<div class=\"o9v6fnle cxmmr5t8 oygrvhab hcukyx3x c1et5uql ii04i59q\">\n<div dir=\"auto\"><\/div>\n<\/div>\n<div class=\"o9v6fnle cxmmr5t8 oygrvhab hcukyx3x c1et5uql ii04i59q\"><\/div>\n<div class=\"o9v6fnle cxmmr5t8 oygrvhab hcukyx3x c1et5uql ii04i59q\"><\/div>\n","protected":false},"excerpt":{"rendered":"<p>Depuis ce samedi 28 novembre,\u00a0l&rsquo;ensemble de nos points de vente de l&rsquo;Abri sont \u00e0 nouveau ouverts aux horaires habituels. Il [&hellip;]<\/p>\n","protected":false},"author":407,"featured_media":34472,"comment_status":"open","ping_status":"open","sticky":false,"template":"","format":"standard","meta":{"footnotes":""},"categories":[26,35,155,17],"tags":[],"class_list":["post-34471","post","type-post","status-publish","format-standard","has-post-thumbnail","hentry","category-a-la-une","category-remiremont-son-canton","category-saint-etienne","category-vie-associative"],"acf":[],"yoast_head":"<!-- This site is optimized with the Yoast SEO plugin v22.5 - https:\/\/yoast.com\/wordpress\/plugins\/seo\/ -->\n<title>Les magasins de l&#039;Abri sont \u00e0 nouveau ouverts aux horaires habituels - Remiremont Info<\/title>\n<meta name=\"robots\" content=\"index, follow, max-snippet:-1, max-image-preview:large, max-video-preview:-1\" \/>\n<link rel=\"canonical\" href=\"https:\/\/vosgesinfo.fr\/remiremontinfo\/2020\/11\/magasins-de-labri-a-nouveau-ouverts-aux-horaires-habituels\/\" \/>\n<meta name=\"twitter:card\" content=\"summary_large_image\" \/>\n<meta name=\"twitter:title\" content=\"Les magasins de l&#039;Abri sont \u00e0 nouveau ouverts aux horaires habituels - Remiremont Info\" \/>\n<meta name=\"twitter:description\" content=\"Depuis ce samedi 28 novembre,\u00a0l&rsquo;ensemble de nos points de vente de l&rsquo;Abri sont \u00e0 nouveau ouverts aux horaires habituels. Il [&hellip;]\" \/>\n<meta name=\"twitter:image\" content=\"https:\/\/vosgesinfo.fr\/app\/uploads\/sites\/5\/2024\/09\/202011annotation-2020-05-12-105234.png\" \/>\n<meta name=\"twitter:creator\" content=\"@VosgesInfo88\" \/>\n<meta name=\"twitter:site\" content=\"@VosgesInfo88\" \/>\n<meta name=\"twitter:label1\" content=\"\u00c9crit par\" \/>\n\t<meta name=\"twitter:data1\" content=\"C D\" \/>\n\t<meta name=\"twitter:label2\" content=\"Dur\u00e9e de lecture estim\u00e9e\" \/>\n\t<meta name=\"twitter:data2\" content=\"1 minute\" \/>\n<script type=\"application\/ld+json\" class=\"yoast-schema-graph\">{\"@context\":\"https:\/\/schema.org\",\"@graph\":[{\"@type\":\"Article\",\"@id\":\"https:\/\/vosgesinfo.fr\/remiremontinfo\/2020\/11\/magasins-de-labri-a-nouveau-ouverts-aux-horaires-habituels\/#article\",\"isPartOf\":{\"@id\":\"https:\/\/vosgesinfo.fr\/remiremontinfo\/2020\/11\/magasins-de-labri-a-nouveau-ouverts-aux-horaires-habituels\/\"},\"author\":{\"name\":\"C D\",\"@id\":\"https:\/\/vosgesinfo.fr\/remiremontinfo\/#\/schema\/person\/3bfd164d5218a185b1db68655a265316\"},\"headline\":\"Les magasins de l&rsquo;Abri sont \u00e0 nouveau ouverts aux horaires habituels\",\"datePublished\":\"2020-11-30T06:03:14+00:00\",\"dateModified\":\"2020-11-30T06:03:14+00:00\",\"mainEntityOfPage\":{\"@id\":\"https:\/\/vosgesinfo.fr\/remiremontinfo\/2020\/11\/magasins-de-labri-a-nouveau-ouverts-aux-horaires-habituels\/\"},\"wordCount\":119,\"commentCount\":0,\"publisher\":{\"@id\":\"https:\/\/vosgesinfo.fr\/remiremontinfo\/#organization\"},\"image\":{\"@id\":\"https:\/\/vosgesinfo.fr\/remiremontinfo\/2020\/11\/magasins-de-labri-a-nouveau-ouverts-aux-horaires-habituels\/#primaryimage\"},\"thumbnailUrl\":\"https:\/\/vosgesinfo.fr\/app\/uploads\/sites\/5\/2024\/09\/202011annotation-2020-05-12-105234.png\",\"articleSection\":[\"A la Une\",\"Remiremont &amp; son canton\",\"Saint-Etienne\",\"Vie associative\"],\"inLanguage\":\"fr-FR\",\"potentialAction\":[{\"@type\":\"CommentAction\",\"name\":\"Comment\",\"target\":[\"https:\/\/vosgesinfo.fr\/remiremontinfo\/2020\/11\/magasins-de-labri-a-nouveau-ouverts-aux-horaires-habituels\/#respond\"]}]},{\"@type\":\"WebPage\",\"@id\":\"https:\/\/vosgesinfo.fr\/remiremontinfo\/2020\/11\/magasins-de-labri-a-nouveau-ouverts-aux-horaires-habituels\/\",\"url\":\"https:\/\/vosgesinfo.fr\/remiremontinfo\/2020\/11\/magasins-de-labri-a-nouveau-ouverts-aux-horaires-habituels\/\",\"name\":\"Les magasins de l'Abri sont \u00e0 nouveau ouverts aux horaires habituels - Remiremont Info\",\"isPartOf\":{\"@id\":\"https:\/\/vosgesinfo.fr\/remiremontinfo\/#website\"},\"primaryImageOfPage\":{\"@id\":\"https:\/\/vosgesinfo.fr\/remiremontinfo\/2020\/11\/magasins-de-labri-a-nouveau-ouverts-aux-horaires-habituels\/#primaryimage\"},\"image\":{\"@id\":\"https:\/\/vosgesinfo.fr\/remiremontinfo\/2020\/11\/magasins-de-labri-a-nouveau-ouverts-aux-horaires-habituels\/#primaryimage\"},\"thumbnailUrl\":\"https:\/\/vosgesinfo.fr\/app\/uploads\/sites\/5\/2024\/09\/202011annotation-2020-05-12-105234.png\",\"datePublished\":\"2020-11-30T06:03:14+00:00\",\"dateModified\":\"2020-11-30T06:03:14+00:00\",\"breadcrumb\":{\"@id\":\"https:\/\/vosgesinfo.fr\/remiremontinfo\/2020\/11\/magasins-de-labri-a-nouveau-ouverts-aux-horaires-habituels\/#breadcrumb\"},\"inLanguage\":\"fr-FR\",\"potentialAction\":[{\"@type\":\"ReadAction\",\"target\":[\"https:\/\/vosgesinfo.fr\/remiremontinfo\/2020\/11\/magasins-de-labri-a-nouveau-ouverts-aux-horaires-habituels\/\"]}]},{\"@type\":\"ImageObject\",\"inLanguage\":\"fr-FR\",\"@id\":\"https:\/\/vosgesinfo.fr\/remiremontinfo\/2020\/11\/magasins-de-labri-a-nouveau-ouverts-aux-horaires-habituels\/#primaryimage\",\"url\":\"https:\/\/vosgesinfo.fr\/app\/uploads\/sites\/5\/2024\/09\/202011annotation-2020-05-12-105234.png\",\"contentUrl\":\"https:\/\/vosgesinfo.fr\/app\/uploads\/sites\/5\/2024\/09\/202011annotation-2020-05-12-105234.png\",\"width\":773,\"height\":515},{\"@type\":\"BreadcrumbList\",\"@id\":\"https:\/\/vosgesinfo.fr\/remiremontinfo\/2020\/11\/magasins-de-labri-a-nouveau-ouverts-aux-horaires-habituels\/#breadcrumb\",\"itemListElement\":[{\"@type\":\"ListItem\",\"position\":1,\"name\":\"Home\",\"item\":\"https:\/\/vosgesinfo.fr\/remiremontinfo\/\"},{\"@type\":\"ListItem\",\"position\":2,\"name\":\"Les magasins de l&rsquo;Abri sont \u00e0 nouveau ouverts aux horaires habituels\"}]},{\"@type\":\"WebSite\",\"@id\":\"https:\/\/vosgesinfo.fr\/remiremontinfo\/#website\",\"url\":\"https:\/\/vosgesinfo.fr\/remiremontinfo\/\",\"name\":\"Remiremont Info\",\"description\":\"Toute l&#039;actualit\u00e9 de Remiremont\",\"publisher\":{\"@id\":\"https:\/\/vosgesinfo.fr\/remiremontinfo\/#organization\"},\"alternateName\":\"Toute l'actualit\u00e9 de Remiremont\",\"potentialAction\":[{\"@type\":\"SearchAction\",\"target\":{\"@type\":\"EntryPoint\",\"urlTemplate\":\"https:\/\/vosgesinfo.fr\/remiremontinfo\/?s={search_term_string}\"},\"query-input\":\"required name=search_term_string\"}],\"inLanguage\":\"fr-FR\"},{\"@type\":\"Organization\",\"@id\":\"https:\/\/vosgesinfo.fr\/remiremontinfo\/#organization\",\"name\":\"Remiremont Info\",\"url\":\"https:\/\/vosgesinfo.fr\/remiremontinfo\/\",\"logo\":{\"@type\":\"ImageObject\",\"inLanguage\":\"fr-FR\",\"@id\":\"https:\/\/vosgesinfo.fr\/remiremontinfo\/#\/schema\/logo\/image\/\",\"url\":\"https:\/\/vosgesinfo.fr\/app\/uploads\/sites\/5\/2023\/08\/favicon-remiremontinfo.png\",\"contentUrl\":\"https:\/\/vosgesinfo.fr\/app\/uploads\/sites\/5\/2023\/08\/favicon-remiremontinfo.png\",\"width\":512,\"height\":512,\"caption\":\"Remiremont Info\"},\"image\":{\"@id\":\"https:\/\/vosgesinfo.fr\/remiremontinfo\/#\/schema\/logo\/image\/\"},\"sameAs\":[\"https:\/\/www.facebook.com\/remiremontinfo\",\"https:\/\/x.com\/VosgesInfo88\",\"https:\/\/www.youtube.com\/@vosgesinfo\"]},{\"@type\":\"Person\",\"@id\":\"https:\/\/vosgesinfo.fr\/remiremontinfo\/#\/schema\/person\/3bfd164d5218a185b1db68655a265316\",\"name\":\"C D\",\"image\":{\"@type\":\"ImageObject\",\"inLanguage\":\"fr-FR\",\"@id\":\"https:\/\/vosgesinfo.fr\/remiremontinfo\/#\/schema\/person\/image\/\",\"url\":\"https:\/\/secure.gravatar.com\/avatar\/1f9a70007336511a47468b8f1c66f922b8b7cf617b02a31149ada43893a5d48f?s=96&d=mm&r=g\",\"contentUrl\":\"https:\/\/secure.gravatar.com\/avatar\/1f9a70007336511a47468b8f1c66f922b8b7cf617b02a31149ada43893a5d48f?s=96&d=mm&r=g\",\"caption\":\"C D\"},\"url\":\"https:\/\/vosgesinfo.fr\/remiremontinfo\/author\/cedric-drevet\/\"}]}<\/script>\n<!-- \/ Yoast SEO plugin. -->","yoast_head_json":{"title":"Les magasins de l'Abri sont \u00e0 nouveau ouverts aux horaires habituels - Remiremont Info","robots":{"index":"index","follow":"follow","max-snippet":"max-snippet:-1","max-image-preview":"max-image-preview:large","max-video-preview":"max-video-preview:-1"},"canonical":"https:\/\/vosgesinfo.fr\/remiremontinfo\/2020\/11\/magasins-de-labri-a-nouveau-ouverts-aux-horaires-habituels\/","twitter_card":"summary_large_image","twitter_title":"Les magasins de l'Abri sont \u00e0 nouveau ouverts aux horaires habituels - Remiremont Info","twitter_description":"Depuis ce samedi 28 novembre,\u00a0l&rsquo;ensemble de nos points de vente de l&rsquo;Abri sont \u00e0 nouveau ouverts aux horaires habituels. Il [&hellip;]","twitter_image":"https:\/\/vosgesinfo.fr\/app\/uploads\/sites\/5\/2024\/09\/202011annotation-2020-05-12-105234.png","twitter_creator":"@VosgesInfo88","twitter_site":"@VosgesInfo88","twitter_misc":{"\u00c9crit par":"C D","Dur\u00e9e de lecture estim\u00e9e":"1 minute"},"schema":{"@context":"https:\/\/schema.org","@graph":[{"@type":"Article","@id":"https:\/\/vosgesinfo.fr\/remiremontinfo\/2020\/11\/magasins-de-labri-a-nouveau-ouverts-aux-horaires-habituels\/#article","isPartOf":{"@id":"https:\/\/vosgesinfo.fr\/remiremontinfo\/2020\/11\/magasins-de-labri-a-nouveau-ouverts-aux-horaires-habituels\/"},"author":{"name":"C D","@id":"https:\/\/vosgesinfo.fr\/remiremontinfo\/#\/schema\/person\/3bfd164d5218a185b1db68655a265316"},"headline":"Les magasins de l&rsquo;Abri sont \u00e0 nouveau ouverts aux horaires habituels","datePublished":"2020-11-30T06:03:14+00:00","dateModified":"2020-11-30T06:03:14+00:00","mainEntityOfPage":{"@id":"https:\/\/vosgesinfo.fr\/remiremontinfo\/2020\/11\/magasins-de-labri-a-nouveau-ouverts-aux-horaires-habituels\/"},"wordCount":119,"commentCount":0,"publisher":{"@id":"https:\/\/vosgesinfo.fr\/remiremontinfo\/#organization"},"image":{"@id":"https:\/\/vosgesinfo.fr\/remiremontinfo\/2020\/11\/magasins-de-labri-a-nouveau-ouverts-aux-horaires-habituels\/#primaryimage"},"thumbnailUrl":"https:\/\/vosgesinfo.fr\/app\/uploads\/sites\/5\/2024\/09\/202011annotation-2020-05-12-105234.png","articleSection":["A la Une","Remiremont &amp; son canton","Saint-Etienne","Vie associative"],"inLanguage":"fr-FR","potentialAction":[{"@type":"CommentAction","name":"Comment","target":["https:\/\/vosgesinfo.fr\/remiremontinfo\/2020\/11\/magasins-de-labri-a-nouveau-ouverts-aux-horaires-habituels\/#respond"]}]},{"@type":"WebPage","@id":"https:\/\/vosgesinfo.fr\/remiremontinfo\/2020\/11\/magasins-de-labri-a-nouveau-ouverts-aux-horaires-habituels\/","url":"https:\/\/vosgesinfo.fr\/remiremontinfo\/2020\/11\/magasins-de-labri-a-nouveau-ouverts-aux-horaires-habituels\/","name":"Les magasins de l'Abri sont \u00e0 nouveau ouverts aux horaires habituels - Remiremont Info","isPartOf":{"@id":"https:\/\/vosgesinfo.fr\/remiremontinfo\/#website"},"primaryImageOfPage":{"@id":"https:\/\/vosgesinfo.fr\/remiremontinfo\/2020\/11\/magasins-de-labri-a-nouveau-ouverts-aux-horaires-habituels\/#primaryimage"},"image":{"@id":"https:\/\/vosgesinfo.fr\/remiremontinfo\/2020\/11\/magasins-de-labri-a-nouveau-ouverts-aux-horaires-habituels\/#primaryimage"},"thumbnailUrl":"https:\/\/vosgesinfo.fr\/app\/uploads\/sites\/5\/2024\/09\/202011annotation-2020-05-12-105234.png","datePublished":"2020-11-30T06:03:14+00:00","dateModified":"2020-11-30T06:03:14+00:00","breadcrumb":{"@id":"https:\/\/vosgesinfo.fr\/remiremontinfo\/2020\/11\/magasins-de-labri-a-nouveau-ouverts-aux-horaires-habituels\/#breadcrumb"},"inLanguage":"fr-FR","potentialAction":[{"@type":"ReadAction","target":["https:\/\/vosgesinfo.fr\/remiremontinfo\/2020\/11\/magasins-de-labri-a-nouveau-ouverts-aux-horaires-habituels\/"]}]},{"@type":"ImageObject","inLanguage":"fr-FR","@id":"https:\/\/vosgesinfo.fr\/remiremontinfo\/2020\/11\/magasins-de-labri-a-nouveau-ouverts-aux-horaires-habituels\/#primaryimage","url":"https:\/\/vosgesinfo.fr\/app\/uploads\/sites\/5\/2024\/09\/202011annotation-2020-05-12-105234.png","contentUrl":"https:\/\/vosgesinfo.fr\/app\/uploads\/sites\/5\/2024\/09\/202011annotation-2020-05-12-105234.png","width":773,"height":515},{"@type":"BreadcrumbList","@id":"https:\/\/vosgesinfo.fr\/remiremontinfo\/2020\/11\/magasins-de-labri-a-nouveau-ouverts-aux-horaires-habituels\/#breadcrumb","itemListElement":[{"@type":"ListItem","position":1,"name":"Home","item":"https:\/\/vosgesinfo.fr\/remiremontinfo\/"},{"@type":"ListItem","position":2,"name":"Les magasins de l&rsquo;Abri sont \u00e0 nouveau ouverts aux horaires habituels"}]},{"@type":"WebSite","@id":"https:\/\/vosgesinfo.fr\/remiremontinfo\/#website","url":"https:\/\/vosgesinfo.fr\/remiremontinfo\/","name":"Remiremont Info","description":"Toute l&#039;actualit\u00e9 de Remiremont","publisher":{"@id":"https:\/\/vosgesinfo.fr\/remiremontinfo\/#organization"},"alternateName":"Toute l'actualit\u00e9 de Remiremont","potentialAction":[{"@type":"SearchAction","target":{"@type":"EntryPoint","urlTemplate":"https:\/\/vosgesinfo.fr\/remiremontinfo\/?s={search_term_string}"},"query-input":"required name=search_term_string"}],"inLanguage":"fr-FR"},{"@type":"Organization","@id":"https:\/\/vosgesinfo.fr\/remiremontinfo\/#organization","name":"Remiremont Info","url":"https:\/\/vosgesinfo.fr\/remiremontinfo\/","logo":{"@type":"ImageObject","inLanguage":"fr-FR","@id":"https:\/\/vosgesinfo.fr\/remiremontinfo\/#\/schema\/logo\/image\/","url":"https:\/\/vosgesinfo.fr\/app\/uploads\/sites\/5\/2023\/08\/favicon-remiremontinfo.png","contentUrl":"https:\/\/vosgesinfo.fr\/app\/uploads\/sites\/5\/2023\/08\/favicon-remiremontinfo.png","width":512,"height":512,"caption":"Remiremont Info"},"image":{"@id":"https:\/\/vosgesinfo.fr\/remiremontinfo\/#\/schema\/logo\/image\/"},"sameAs":["https:\/\/www.facebook.com\/remiremontinfo","https:\/\/x.com\/VosgesInfo88","https:\/\/www.youtube.com\/@vosgesinfo"]},{"@type":"Person","@id":"https:\/\/vosgesinfo.fr\/remiremontinfo\/#\/schema\/person\/3bfd164d5218a185b1db68655a265316","name":"C D","image":{"@type":"ImageObject","inLanguage":"fr-FR","@id":"https:\/\/vosgesinfo.fr\/remiremontinfo\/#\/schema\/person\/image\/","url":"https:\/\/secure.gravatar.com\/avatar\/1f9a70007336511a47468b8f1c66f922b8b7cf617b02a31149ada43893a5d48f?s=96&d=mm&r=g","contentUrl":"https:\/\/secure.gravatar.com\/avatar\/1f9a70007336511a47468b8f1c66f922b8b7cf617b02a31149ada43893a5d48f?s=96&d=mm&r=g","caption":"C D"},"url":"https:\/\/vosgesinfo.fr\/remiremontinfo\/author\/cedric-drevet\/"}]}},"_links":{"self":[{"href":"https:\/\/vosgesinfo.fr\/remiremontinfo\/wp-json\/wp\/v2\/posts\/34471","targetHints":{"allow":["GET"]}}],"collection":[{"href":"https:\/\/vosgesinfo.fr\/remiremontinfo\/wp-json\/wp\/v2\/posts"}],"about":[{"href":"https:\/\/vosgesinfo.fr\/remiremontinfo\/wp-json\/wp\/v2\/types\/post"}],"author":[{"embeddable":true,"href":"https:\/\/vosgesinfo.fr\/remiremontinfo\/wp-json\/wp\/v2\/users\/407"}],"replies":[{"embeddable":true,"href":"https:\/\/vosgesinfo.fr\/remiremontinfo\/wp-json\/wp\/v2\/comments?post=34471"}],"version-history":[{"count":0,"href":"https:\/\/vosgesinfo.fr\/remiremontinfo\/wp-json\/wp\/v2\/posts\/34471\/revisions"}],"wp:featuredmedia":[{"embeddable":true,"href":"https:\/\/vosgesinfo.fr\/remiremontinfo\/wp-json\/wp\/v2\/media\/34472"}],"wp:attachment":[{"href":"https:\/\/vosgesinfo.fr\/remiremontinfo\/wp-json\/wp\/v2\/media?parent=34471"}],"wp:term":[{"taxonomy":"category","embeddable":true,"href":"https:\/\/vosgesinfo.fr\/remiremontinfo\/wp-json\/wp\/v2\/categories?post=34471"},{"taxonomy":"post_tag","embeddable":true,"href":"https:\/\/vosgesinfo.fr\/remiremontinfo\/wp-json\/wp\/v2\/tags?post=34471"}],"curies":[{"name":"wp","href":"https:\/\/api.w.org\/{rel}","templated":true}]}}