{"id":34479,"date":"2020-11-30T07:07:26","date_gmt":"2020-11-30T06:07:26","guid":{"rendered":"https:\/\/vosgesinfo.fr\/remiremontinfo\/2020\/11\/cornimont-services-communaux-ont-elague-vegetation-devenue-envahissante-bord-routes\/"},"modified":"2020-11-30T07:07:26","modified_gmt":"2020-11-30T06:07:26","slug":"cornimont-services-communaux-ont-elague-vegetation-devenue-envahissante-bord-routes","status":"publish","type":"post","link":"https:\/\/vosgesinfo.fr\/remiremontinfo\/2020\/11\/cornimont-services-communaux-ont-elague-vegetation-devenue-envahissante-bord-routes\/","title":{"rendered":"Cornimont\u00a0: les services communaux ont \u00e9lagu\u00e9 la v\u00e9g\u00e9tation devenue envahissante au bord des routes"},"content":{"rendered":"<p style=\"text-align: center;\"><a href=\"\/2020\/11\/Capture-d\u2019\u00e9cran-2020-11-30-100633.png\"><img decoding=\"async\" class=\"alignnone size-full wp-image-303100\" src=\"\/2020\/11\/Capture-d\u2019\u00e9cran-2020-11-30-100633.png\" alt=\"Capture d\u2019\u00e9cran 2020-11-30 100633\" width=\"800\" height=\"615\" \/><\/a><\/p>\n<h2><span style=\"font-size: 12pt;\"><strong><span style=\"color: #000000;\"><span style=\"font-family: 'Times New Roman', serif;\">Cet automne, les services communaux <\/span><\/span><span style=\"color: #000000;\"><span style=\"font-family: 'Times New Roman', serif;\">de Cornimont<\/span><\/span><span style=\"color: #000000;\"><span style=\"font-family: 'Times New Roman', serif;\"> sont intervenus pour \u00e9laguer la v\u00e9g\u00e9tation qui devenait envahissante en bordure de routes. Ces arbustes repr\u00e9sentent un danger pour les usagers car ils masquent la visibilit\u00e9.<\/span><\/span><\/strong><\/span><\/h2>\n<p><span style=\"color: #000000;\"><span style=\"font-family: 'Times New Roman', serif;\"><span style=\"font-size: medium;\">Il est \u00e9galement imp\u00e9ratif de limiter les risques de chutes d\u2019arbres sur la chauss\u00e9e en cas de temp\u00eate. La commune a \u00e9quip\u00e9 son tracteur d\u2019un lamier et loue un broyeur pour proc\u00e9der au d\u00e9chiquetage. Quelques fois, des arbustes appartenant \u00e0 des propri\u00e9taires priv\u00e9s ont \u00e9t\u00e9 ainsi trait\u00e9s, entra\u00eenant un certain m\u00e9contentement. Nous rappelons que chacun doit veiller \u00e0 \u00e9laguer sa propri\u00e9t\u00e9 en bordure du domaine public et ainsi respecter la loi. Ces op\u00e9rations seront renouvel\u00e9es chaque ann\u00e9e. Les secteurs concern\u00e9s seront, dans la mesure du possible, communiqu\u00e9s \u00e0 l\u2019avance sur notre site Internet pour \u00e9viter tout probl\u00e8me.<\/span><\/span><\/span><\/p>\n<p><em><span style=\"color: #000000;\"><span style=\"font-family: 'Times New Roman', serif;\"><span style=\"font-size: medium;\">Cornimont Actu n\u00b0236<\/span><\/span><\/span><\/em><\/p>\n","protected":false},"excerpt":{"rendered":"<p>Cet automne, les services communaux de Cornimont sont intervenus pour \u00e9laguer la v\u00e9g\u00e9tation qui devenait envahissante en bordure de routes. [&hellip;]<\/p>\n","protected":false},"author":407,"featured_media":34480,"comment_status":"open","ping_status":"open","sticky":false,"template":"","format":"standard","meta":{"footnotes":""},"categories":[26,34,7,25],"tags":[],"class_list":["post-34479","post","type-post","status-publish","format-standard","has-post-thumbnail","hentry","category-a-la-une","category-cornimont","category-environnement","category-la-bresse-son-canton"],"acf":[],"yoast_head":"<!-- This site is optimized with the Yoast SEO plugin v22.5 - https:\/\/yoast.com\/wordpress\/plugins\/seo\/ -->\n<title>Cornimont\u00a0: les services communaux ont \u00e9lagu\u00e9 la v\u00e9g\u00e9tation devenue envahissante au bord des routes - Remiremont Info<\/title>\n<meta name=\"robots\" content=\"index, follow, max-snippet:-1, max-image-preview:large, max-video-preview:-1\" \/>\n<link rel=\"canonical\" href=\"https:\/\/vosgesinfo.fr\/remiremontinfo\/2020\/11\/cornimont-services-communaux-ont-elague-vegetation-devenue-envahissante-bord-routes\/\" \/>\n<meta name=\"twitter:card\" content=\"summary_large_image\" \/>\n<meta name=\"twitter:title\" content=\"Cornimont\u00a0: les services communaux ont \u00e9lagu\u00e9 la v\u00e9g\u00e9tation devenue envahissante au bord des routes - Remiremont Info\" \/>\n<meta name=\"twitter:description\" content=\"Cet automne, les services communaux de Cornimont sont intervenus pour \u00e9laguer la v\u00e9g\u00e9tation qui devenait envahissante en bordure de routes. [&hellip;]\" \/>\n<meta name=\"twitter:image\" content=\"https:\/\/vosgesinfo.fr\/app\/uploads\/sites\/5\/2024\/09\/202011capture-decran-2020-11-30-100633.png\" \/>\n<meta name=\"twitter:creator\" content=\"@VosgesInfo88\" \/>\n<meta name=\"twitter:site\" content=\"@VosgesInfo88\" \/>\n<meta name=\"twitter:label1\" content=\"\u00c9crit par\" \/>\n\t<meta name=\"twitter:data1\" content=\"C D\" \/>\n\t<meta name=\"twitter:label2\" content=\"Dur\u00e9e de lecture estim\u00e9e\" \/>\n\t<meta name=\"twitter:data2\" content=\"1 minute\" \/>\n<script type=\"application\/ld+json\" class=\"yoast-schema-graph\">{\"@context\":\"https:\/\/schema.org\",\"@graph\":[{\"@type\":\"Article\",\"@id\":\"https:\/\/vosgesinfo.fr\/remiremontinfo\/2020\/11\/cornimont-services-communaux-ont-elague-vegetation-devenue-envahissante-bord-routes\/#article\",\"isPartOf\":{\"@id\":\"https:\/\/vosgesinfo.fr\/remiremontinfo\/2020\/11\/cornimont-services-communaux-ont-elague-vegetation-devenue-envahissante-bord-routes\/\"},\"author\":{\"name\":\"C D\",\"@id\":\"https:\/\/vosgesinfo.fr\/remiremontinfo\/#\/schema\/person\/3bfd164d5218a185b1db68655a265316\"},\"headline\":\"Cornimont\u00a0: les services communaux ont \u00e9lagu\u00e9 la v\u00e9g\u00e9tation devenue envahissante au bord des routes\",\"datePublished\":\"2020-11-30T06:07:26+00:00\",\"dateModified\":\"2020-11-30T06:07:26+00:00\",\"mainEntityOfPage\":{\"@id\":\"https:\/\/vosgesinfo.fr\/remiremontinfo\/2020\/11\/cornimont-services-communaux-ont-elague-vegetation-devenue-envahissante-bord-routes\/\"},\"wordCount\":169,\"commentCount\":0,\"publisher\":{\"@id\":\"https:\/\/vosgesinfo.fr\/remiremontinfo\/#organization\"},\"image\":{\"@id\":\"https:\/\/vosgesinfo.fr\/remiremontinfo\/2020\/11\/cornimont-services-communaux-ont-elague-vegetation-devenue-envahissante-bord-routes\/#primaryimage\"},\"thumbnailUrl\":\"https:\/\/vosgesinfo.fr\/app\/uploads\/sites\/5\/2024\/09\/202011capture-decran-2020-11-30-100633.png\",\"articleSection\":[\"A la Une\",\"Cornimont\",\"Environnement\",\"La Bresse &amp; son canton\"],\"inLanguage\":\"fr-FR\",\"potentialAction\":[{\"@type\":\"CommentAction\",\"name\":\"Comment\",\"target\":[\"https:\/\/vosgesinfo.fr\/remiremontinfo\/2020\/11\/cornimont-services-communaux-ont-elague-vegetation-devenue-envahissante-bord-routes\/#respond\"]}]},{\"@type\":\"WebPage\",\"@id\":\"https:\/\/vosgesinfo.fr\/remiremontinfo\/2020\/11\/cornimont-services-communaux-ont-elague-vegetation-devenue-envahissante-bord-routes\/\",\"url\":\"https:\/\/vosgesinfo.fr\/remiremontinfo\/2020\/11\/cornimont-services-communaux-ont-elague-vegetation-devenue-envahissante-bord-routes\/\",\"name\":\"Cornimont\u00a0: les services communaux ont \u00e9lagu\u00e9 la v\u00e9g\u00e9tation devenue envahissante au bord des routes - Remiremont Info\",\"isPartOf\":{\"@id\":\"https:\/\/vosgesinfo.fr\/remiremontinfo\/#website\"},\"primaryImageOfPage\":{\"@id\":\"https:\/\/vosgesinfo.fr\/remiremontinfo\/2020\/11\/cornimont-services-communaux-ont-elague-vegetation-devenue-envahissante-bord-routes\/#primaryimage\"},\"image\":{\"@id\":\"https:\/\/vosgesinfo.fr\/remiremontinfo\/2020\/11\/cornimont-services-communaux-ont-elague-vegetation-devenue-envahissante-bord-routes\/#primaryimage\"},\"thumbnailUrl\":\"https:\/\/vosgesinfo.fr\/app\/uploads\/sites\/5\/2024\/09\/202011capture-decran-2020-11-30-100633.png\",\"datePublished\":\"2020-11-30T06:07:26+00:00\",\"dateModified\":\"2020-11-30T06:07:26+00:00\",\"breadcrumb\":{\"@id\":\"https:\/\/vosgesinfo.fr\/remiremontinfo\/2020\/11\/cornimont-services-communaux-ont-elague-vegetation-devenue-envahissante-bord-routes\/#breadcrumb\"},\"inLanguage\":\"fr-FR\",\"potentialAction\":[{\"@type\":\"ReadAction\",\"target\":[\"https:\/\/vosgesinfo.fr\/remiremontinfo\/2020\/11\/cornimont-services-communaux-ont-elague-vegetation-devenue-envahissante-bord-routes\/\"]}]},{\"@type\":\"ImageObject\",\"inLanguage\":\"fr-FR\",\"@id\":\"https:\/\/vosgesinfo.fr\/remiremontinfo\/2020\/11\/cornimont-services-communaux-ont-elague-vegetation-devenue-envahissante-bord-routes\/#primaryimage\",\"url\":\"https:\/\/vosgesinfo.fr\/app\/uploads\/sites\/5\/2024\/09\/202011capture-decran-2020-11-30-100633.png\",\"contentUrl\":\"https:\/\/vosgesinfo.fr\/app\/uploads\/sites\/5\/2024\/09\/202011capture-decran-2020-11-30-100633.png\",\"width\":800,\"height\":615},{\"@type\":\"BreadcrumbList\",\"@id\":\"https:\/\/vosgesinfo.fr\/remiremontinfo\/2020\/11\/cornimont-services-communaux-ont-elague-vegetation-devenue-envahissante-bord-routes\/#breadcrumb\",\"itemListElement\":[{\"@type\":\"ListItem\",\"position\":1,\"name\":\"Home\",\"item\":\"https:\/\/vosgesinfo.fr\/remiremontinfo\/\"},{\"@type\":\"ListItem\",\"position\":2,\"name\":\"Cornimont\u00a0: les services communaux ont \u00e9lagu\u00e9 la v\u00e9g\u00e9tation devenue envahissante au bord des routes\"}]},{\"@type\":\"WebSite\",\"@id\":\"https:\/\/vosgesinfo.fr\/remiremontinfo\/#website\",\"url\":\"https:\/\/vosgesinfo.fr\/remiremontinfo\/\",\"name\":\"Remiremont Info\",\"description\":\"Toute l&#039;actualit\u00e9 de Remiremont\",\"publisher\":{\"@id\":\"https:\/\/vosgesinfo.fr\/remiremontinfo\/#organization\"},\"alternateName\":\"Toute l'actualit\u00e9 de Remiremont\",\"potentialAction\":[{\"@type\":\"SearchAction\",\"target\":{\"@type\":\"EntryPoint\",\"urlTemplate\":\"https:\/\/vosgesinfo.fr\/remiremontinfo\/?s={search_term_string}\"},\"query-input\":\"required name=search_term_string\"}],\"inLanguage\":\"fr-FR\"},{\"@type\":\"Organization\",\"@id\":\"https:\/\/vosgesinfo.fr\/remiremontinfo\/#organization\",\"name\":\"Remiremont Info\",\"url\":\"https:\/\/vosgesinfo.fr\/remiremontinfo\/\",\"logo\":{\"@type\":\"ImageObject\",\"inLanguage\":\"fr-FR\",\"@id\":\"https:\/\/vosgesinfo.fr\/remiremontinfo\/#\/schema\/logo\/image\/\",\"url\":\"https:\/\/vosgesinfo.fr\/app\/uploads\/sites\/5\/2023\/08\/favicon-remiremontinfo.png\",\"contentUrl\":\"https:\/\/vosgesinfo.fr\/app\/uploads\/sites\/5\/2023\/08\/favicon-remiremontinfo.png\",\"width\":512,\"height\":512,\"caption\":\"Remiremont Info\"},\"image\":{\"@id\":\"https:\/\/vosgesinfo.fr\/remiremontinfo\/#\/schema\/logo\/image\/\"},\"sameAs\":[\"https:\/\/www.facebook.com\/remiremontinfo\",\"https:\/\/x.com\/VosgesInfo88\",\"https:\/\/www.youtube.com\/@vosgesinfo\"]},{\"@type\":\"Person\",\"@id\":\"https:\/\/vosgesinfo.fr\/remiremontinfo\/#\/schema\/person\/3bfd164d5218a185b1db68655a265316\",\"name\":\"C D\",\"image\":{\"@type\":\"ImageObject\",\"inLanguage\":\"fr-FR\",\"@id\":\"https:\/\/vosgesinfo.fr\/remiremontinfo\/#\/schema\/person\/image\/\",\"url\":\"https:\/\/secure.gravatar.com\/avatar\/1f9a70007336511a47468b8f1c66f922b8b7cf617b02a31149ada43893a5d48f?s=96&d=mm&r=g\",\"contentUrl\":\"https:\/\/secure.gravatar.com\/avatar\/1f9a70007336511a47468b8f1c66f922b8b7cf617b02a31149ada43893a5d48f?s=96&d=mm&r=g\",\"caption\":\"C D\"},\"url\":\"https:\/\/vosgesinfo.fr\/remiremontinfo\/author\/cedric-drevet\/\"}]}<\/script>\n<!-- \/ Yoast SEO plugin. -->","yoast_head_json":{"title":"Cornimont\u00a0: les services communaux ont \u00e9lagu\u00e9 la v\u00e9g\u00e9tation devenue envahissante au bord des routes - Remiremont Info","robots":{"index":"index","follow":"follow","max-snippet":"max-snippet:-1","max-image-preview":"max-image-preview:large","max-video-preview":"max-video-preview:-1"},"canonical":"https:\/\/vosgesinfo.fr\/remiremontinfo\/2020\/11\/cornimont-services-communaux-ont-elague-vegetation-devenue-envahissante-bord-routes\/","twitter_card":"summary_large_image","twitter_title":"Cornimont\u00a0: les services communaux ont \u00e9lagu\u00e9 la v\u00e9g\u00e9tation devenue envahissante au bord des routes - Remiremont Info","twitter_description":"Cet automne, les services communaux de Cornimont sont intervenus pour \u00e9laguer la v\u00e9g\u00e9tation qui devenait envahissante en bordure de routes. [&hellip;]","twitter_image":"https:\/\/vosgesinfo.fr\/app\/uploads\/sites\/5\/2024\/09\/202011capture-decran-2020-11-30-100633.png","twitter_creator":"@VosgesInfo88","twitter_site":"@VosgesInfo88","twitter_misc":{"\u00c9crit par":"C D","Dur\u00e9e de lecture estim\u00e9e":"1 minute"},"schema":{"@context":"https:\/\/schema.org","@graph":[{"@type":"Article","@id":"https:\/\/vosgesinfo.fr\/remiremontinfo\/2020\/11\/cornimont-services-communaux-ont-elague-vegetation-devenue-envahissante-bord-routes\/#article","isPartOf":{"@id":"https:\/\/vosgesinfo.fr\/remiremontinfo\/2020\/11\/cornimont-services-communaux-ont-elague-vegetation-devenue-envahissante-bord-routes\/"},"author":{"name":"C D","@id":"https:\/\/vosgesinfo.fr\/remiremontinfo\/#\/schema\/person\/3bfd164d5218a185b1db68655a265316"},"headline":"Cornimont\u00a0: les services communaux ont \u00e9lagu\u00e9 la v\u00e9g\u00e9tation devenue envahissante au bord des routes","datePublished":"2020-11-30T06:07:26+00:00","dateModified":"2020-11-30T06:07:26+00:00","mainEntityOfPage":{"@id":"https:\/\/vosgesinfo.fr\/remiremontinfo\/2020\/11\/cornimont-services-communaux-ont-elague-vegetation-devenue-envahissante-bord-routes\/"},"wordCount":169,"commentCount":0,"publisher":{"@id":"https:\/\/vosgesinfo.fr\/remiremontinfo\/#organization"},"image":{"@id":"https:\/\/vosgesinfo.fr\/remiremontinfo\/2020\/11\/cornimont-services-communaux-ont-elague-vegetation-devenue-envahissante-bord-routes\/#primaryimage"},"thumbnailUrl":"https:\/\/vosgesinfo.fr\/app\/uploads\/sites\/5\/2024\/09\/202011capture-decran-2020-11-30-100633.png","articleSection":["A la Une","Cornimont","Environnement","La Bresse &amp; son canton"],"inLanguage":"fr-FR","potentialAction":[{"@type":"CommentAction","name":"Comment","target":["https:\/\/vosgesinfo.fr\/remiremontinfo\/2020\/11\/cornimont-services-communaux-ont-elague-vegetation-devenue-envahissante-bord-routes\/#respond"]}]},{"@type":"WebPage","@id":"https:\/\/vosgesinfo.fr\/remiremontinfo\/2020\/11\/cornimont-services-communaux-ont-elague-vegetation-devenue-envahissante-bord-routes\/","url":"https:\/\/vosgesinfo.fr\/remiremontinfo\/2020\/11\/cornimont-services-communaux-ont-elague-vegetation-devenue-envahissante-bord-routes\/","name":"Cornimont\u00a0: les services communaux ont \u00e9lagu\u00e9 la v\u00e9g\u00e9tation devenue envahissante au bord des routes - Remiremont Info","isPartOf":{"@id":"https:\/\/vosgesinfo.fr\/remiremontinfo\/#website"},"primaryImageOfPage":{"@id":"https:\/\/vosgesinfo.fr\/remiremontinfo\/2020\/11\/cornimont-services-communaux-ont-elague-vegetation-devenue-envahissante-bord-routes\/#primaryimage"},"image":{"@id":"https:\/\/vosgesinfo.fr\/remiremontinfo\/2020\/11\/cornimont-services-communaux-ont-elague-vegetation-devenue-envahissante-bord-routes\/#primaryimage"},"thumbnailUrl":"https:\/\/vosgesinfo.fr\/app\/uploads\/sites\/5\/2024\/09\/202011capture-decran-2020-11-30-100633.png","datePublished":"2020-11-30T06:07:26+00:00","dateModified":"2020-11-30T06:07:26+00:00","breadcrumb":{"@id":"https:\/\/vosgesinfo.fr\/remiremontinfo\/2020\/11\/cornimont-services-communaux-ont-elague-vegetation-devenue-envahissante-bord-routes\/#breadcrumb"},"inLanguage":"fr-FR","potentialAction":[{"@type":"ReadAction","target":["https:\/\/vosgesinfo.fr\/remiremontinfo\/2020\/11\/cornimont-services-communaux-ont-elague-vegetation-devenue-envahissante-bord-routes\/"]}]},{"@type":"ImageObject","inLanguage":"fr-FR","@id":"https:\/\/vosgesinfo.fr\/remiremontinfo\/2020\/11\/cornimont-services-communaux-ont-elague-vegetation-devenue-envahissante-bord-routes\/#primaryimage","url":"https:\/\/vosgesinfo.fr\/app\/uploads\/sites\/5\/2024\/09\/202011capture-decran-2020-11-30-100633.png","contentUrl":"https:\/\/vosgesinfo.fr\/app\/uploads\/sites\/5\/2024\/09\/202011capture-decran-2020-11-30-100633.png","width":800,"height":615},{"@type":"BreadcrumbList","@id":"https:\/\/vosgesinfo.fr\/remiremontinfo\/2020\/11\/cornimont-services-communaux-ont-elague-vegetation-devenue-envahissante-bord-routes\/#breadcrumb","itemListElement":[{"@type":"ListItem","position":1,"name":"Home","item":"https:\/\/vosgesinfo.fr\/remiremontinfo\/"},{"@type":"ListItem","position":2,"name":"Cornimont\u00a0: les services communaux ont \u00e9lagu\u00e9 la v\u00e9g\u00e9tation devenue envahissante au bord des routes"}]},{"@type":"WebSite","@id":"https:\/\/vosgesinfo.fr\/remiremontinfo\/#website","url":"https:\/\/vosgesinfo.fr\/remiremontinfo\/","name":"Remiremont Info","description":"Toute l&#039;actualit\u00e9 de Remiremont","publisher":{"@id":"https:\/\/vosgesinfo.fr\/remiremontinfo\/#organization"},"alternateName":"Toute l'actualit\u00e9 de Remiremont","potentialAction":[{"@type":"SearchAction","target":{"@type":"EntryPoint","urlTemplate":"https:\/\/vosgesinfo.fr\/remiremontinfo\/?s={search_term_string}"},"query-input":"required name=search_term_string"}],"inLanguage":"fr-FR"},{"@type":"Organization","@id":"https:\/\/vosgesinfo.fr\/remiremontinfo\/#organization","name":"Remiremont Info","url":"https:\/\/vosgesinfo.fr\/remiremontinfo\/","logo":{"@type":"ImageObject","inLanguage":"fr-FR","@id":"https:\/\/vosgesinfo.fr\/remiremontinfo\/#\/schema\/logo\/image\/","url":"https:\/\/vosgesinfo.fr\/app\/uploads\/sites\/5\/2023\/08\/favicon-remiremontinfo.png","contentUrl":"https:\/\/vosgesinfo.fr\/app\/uploads\/sites\/5\/2023\/08\/favicon-remiremontinfo.png","width":512,"height":512,"caption":"Remiremont Info"},"image":{"@id":"https:\/\/vosgesinfo.fr\/remiremontinfo\/#\/schema\/logo\/image\/"},"sameAs":["https:\/\/www.facebook.com\/remiremontinfo","https:\/\/x.com\/VosgesInfo88","https:\/\/www.youtube.com\/@vosgesinfo"]},{"@type":"Person","@id":"https:\/\/vosgesinfo.fr\/remiremontinfo\/#\/schema\/person\/3bfd164d5218a185b1db68655a265316","name":"C D","image":{"@type":"ImageObject","inLanguage":"fr-FR","@id":"https:\/\/vosgesinfo.fr\/remiremontinfo\/#\/schema\/person\/image\/","url":"https:\/\/secure.gravatar.com\/avatar\/1f9a70007336511a47468b8f1c66f922b8b7cf617b02a31149ada43893a5d48f?s=96&d=mm&r=g","contentUrl":"https:\/\/secure.gravatar.com\/avatar\/1f9a70007336511a47468b8f1c66f922b8b7cf617b02a31149ada43893a5d48f?s=96&d=mm&r=g","caption":"C D"},"url":"https:\/\/vosgesinfo.fr\/remiremontinfo\/author\/cedric-drevet\/"}]}},"_links":{"self":[{"href":"https:\/\/vosgesinfo.fr\/remiremontinfo\/wp-json\/wp\/v2\/posts\/34479","targetHints":{"allow":["GET"]}}],"collection":[{"href":"https:\/\/vosgesinfo.fr\/remiremontinfo\/wp-json\/wp\/v2\/posts"}],"about":[{"href":"https:\/\/vosgesinfo.fr\/remiremontinfo\/wp-json\/wp\/v2\/types\/post"}],"author":[{"embeddable":true,"href":"https:\/\/vosgesinfo.fr\/remiremontinfo\/wp-json\/wp\/v2\/users\/407"}],"replies":[{"embeddable":true,"href":"https:\/\/vosgesinfo.fr\/remiremontinfo\/wp-json\/wp\/v2\/comments?post=34479"}],"version-history":[{"count":0,"href":"https:\/\/vosgesinfo.fr\/remiremontinfo\/wp-json\/wp\/v2\/posts\/34479\/revisions"}],"wp:featuredmedia":[{"embeddable":true,"href":"https:\/\/vosgesinfo.fr\/remiremontinfo\/wp-json\/wp\/v2\/media\/34480"}],"wp:attachment":[{"href":"https:\/\/vosgesinfo.fr\/remiremontinfo\/wp-json\/wp\/v2\/media?parent=34479"}],"wp:term":[{"taxonomy":"category","embeddable":true,"href":"https:\/\/vosgesinfo.fr\/remiremontinfo\/wp-json\/wp\/v2\/categories?post=34479"},{"taxonomy":"post_tag","embeddable":true,"href":"https:\/\/vosgesinfo.fr\/remiremontinfo\/wp-json\/wp\/v2\/tags?post=34479"}],"curies":[{"name":"wp","href":"https:\/\/api.w.org\/{rel}","templated":true}]}}