{"id":34611,"date":"2020-12-04T08:54:20","date_gmt":"2020-12-04T07:54:20","guid":{"rendered":"https:\/\/vosgesinfo.fr\/remiremontinfo\/2020\/12\/remiremont-premier-jour-douverture-a-patisserie-chocolaterie-papa-gateau\/"},"modified":"2020-12-04T08:54:20","modified_gmt":"2020-12-04T07:54:20","slug":"remiremont-premier-jour-douverture-a-patisserie-chocolaterie-papa-gateau","status":"publish","type":"post","link":"https:\/\/vosgesinfo.fr\/remiremontinfo\/2020\/12\/remiremont-premier-jour-douverture-a-patisserie-chocolaterie-papa-gateau\/","title":{"rendered":"Remiremont\u00a0: premier jour d\u2019ouverture \u00e0 la p\u00e2tisserie et chocolaterie \u00ab\u00a0Papa G\u00e2teau\u00a0\u00bb"},"content":{"rendered":"<p style=\"text-align: center;\"><a href=\"\/2020\/12\/DSC_0679.jpg\"><img decoding=\"async\" class=\"alignnone size-full wp-image-303494\" src=\"\/2020\/12\/DSC_0679.jpg\" alt=\"DSC_0679\" width=\"800\" height=\"575\" \/><\/a><\/p>\n<h2><span style=\"font-size: 12pt;\"><strong><span style=\"font-family: 'Times New Roman', serif;\">Voil\u00e0 un moment que l\u2019ouverture de l\u2019\u00e9tablissement \u00e9tait attendue. Un logo et un message, sur la vitrine, intriguaient des habitants de Remiremont depuis plusieurs mois. La porte de la boutique, situ\u00e9e \u00e0 deux pas de la librairie \u00ab\u00a0Lire et \u00e9crire\u00a0\u00bb et Casino, est d\u00e9sormais ouverte.<\/span><\/strong><\/span><\/h2>\n<p><span style=\"font-family: 'Times New Roman', serif;\">Ce vendredi matin, l\u2019\u00e9quipe de \u00ab\u00a0Papa G\u00e2teau\u00a0\u00bb accueille ses premiers clients. Les derniers pr\u00e9paratifs sont en cours. On installe les p\u00e2tisseries en vitrine, on sort les croissants du four. Avec ce temps pluvieux, le contraste est d\u2019autant plus saisissant en entrant dans la boutique\u00a0: la d\u00e9coration y est \u00e9l\u00e9gante et chaleureuse. En entrant, l\u2019\u0153il est attir\u00e9 par les chaussons aux pommes dor\u00e9s ou les brioches de Saint Nicolas, pr\u00e9sent\u00e9es au centre de la pi\u00e8ce. Une fontaine de chocolat coule sur la gauche. Des desserts, des viennoiseries, des biscuits, des p\u00e2tes \u00e0 tartiner. Beaucoup de douceurs sucr\u00e9es, donc, mais aussi du sal\u00e9. Et notamment, notre sp\u00e9cialit\u00e9 r\u00e9gionale que le monde entier nous envie\u00a0: le p\u00e2t\u00e9 lorrain. Pour d\u00e9couvrir toutes ces cr\u00e9ations, rendez vous du mardi au samedi de 8h30 \u00e0 18h30 et le dimanche de 8h30 \u00e0 12h30 et de 15h30 \u00e0 17h30.<\/span><\/p>\n\n","protected":false},"excerpt":{"rendered":"<p>Voil\u00e0 un moment que l\u2019ouverture de l\u2019\u00e9tablissement \u00e9tait attendue. Un logo et un message, sur la vitrine, intriguaient des habitants [&hellip;]<\/p>\n","protected":false},"author":407,"featured_media":34612,"comment_status":"open","ping_status":"open","sticky":false,"template":"","format":"standard","meta":{"footnotes":""},"categories":[26,120,1556,35],"tags":[],"class_list":["post-34611","post","type-post","status-publish","format-standard","has-post-thumbnail","hentry","category-a-la-une","category-commerce","category-remiremont-remiremont-son-canton-2","category-remiremont-son-canton"],"acf":[],"yoast_head":"<!-- This site is optimized with the Yoast SEO plugin v22.5 - https:\/\/yoast.com\/wordpress\/plugins\/seo\/ -->\n<title>Remiremont\u00a0: premier jour d\u2019ouverture \u00e0 la p\u00e2tisserie et chocolaterie \u00ab\u00a0Papa G\u00e2teau\u00a0\u00bb - Remiremont Info<\/title>\n<meta name=\"robots\" content=\"index, follow, max-snippet:-1, max-image-preview:large, max-video-preview:-1\" \/>\n<link rel=\"canonical\" href=\"https:\/\/vosgesinfo.fr\/remiremontinfo\/2020\/12\/remiremont-premier-jour-douverture-a-patisserie-chocolaterie-papa-gateau\/\" \/>\n<meta name=\"twitter:card\" content=\"summary_large_image\" \/>\n<meta name=\"twitter:title\" content=\"Remiremont\u00a0: premier jour d\u2019ouverture \u00e0 la p\u00e2tisserie et chocolaterie \u00ab\u00a0Papa G\u00e2teau\u00a0\u00bb - Remiremont Info\" \/>\n<meta name=\"twitter:description\" content=\"Voil\u00e0 un moment que l\u2019ouverture de l\u2019\u00e9tablissement \u00e9tait attendue. Un logo et un message, sur la vitrine, intriguaient des habitants [&hellip;]\" \/>\n<meta name=\"twitter:image\" content=\"https:\/\/vosgesinfo.fr\/app\/uploads\/sites\/5\/2024\/09\/202012dsc-0679.jpg\" \/>\n<meta name=\"twitter:creator\" content=\"@VosgesInfo88\" \/>\n<meta name=\"twitter:site\" content=\"@VosgesInfo88\" \/>\n<meta name=\"twitter:label1\" content=\"\u00c9crit par\" \/>\n\t<meta name=\"twitter:data1\" content=\"C D\" \/>\n\t<meta name=\"twitter:label2\" content=\"Dur\u00e9e de lecture estim\u00e9e\" \/>\n\t<meta name=\"twitter:data2\" content=\"1 minute\" \/>\n<script type=\"application\/ld+json\" class=\"yoast-schema-graph\">{\"@context\":\"https:\/\/schema.org\",\"@graph\":[{\"@type\":\"Article\",\"@id\":\"https:\/\/vosgesinfo.fr\/remiremontinfo\/2020\/12\/remiremont-premier-jour-douverture-a-patisserie-chocolaterie-papa-gateau\/#article\",\"isPartOf\":{\"@id\":\"https:\/\/vosgesinfo.fr\/remiremontinfo\/2020\/12\/remiremont-premier-jour-douverture-a-patisserie-chocolaterie-papa-gateau\/\"},\"author\":{\"name\":\"C D\",\"@id\":\"https:\/\/vosgesinfo.fr\/remiremontinfo\/#\/schema\/person\/3bfd164d5218a185b1db68655a265316\"},\"headline\":\"Remiremont\u00a0: premier jour d\u2019ouverture \u00e0 la p\u00e2tisserie et chocolaterie \u00ab\u00a0Papa G\u00e2teau\u00a0\u00bb\",\"datePublished\":\"2020-12-04T07:54:20+00:00\",\"dateModified\":\"2020-12-04T07:54:20+00:00\",\"mainEntityOfPage\":{\"@id\":\"https:\/\/vosgesinfo.fr\/remiremontinfo\/2020\/12\/remiremont-premier-jour-douverture-a-patisserie-chocolaterie-papa-gateau\/\"},\"wordCount\":226,\"commentCount\":0,\"publisher\":{\"@id\":\"https:\/\/vosgesinfo.fr\/remiremontinfo\/#organization\"},\"image\":{\"@id\":\"https:\/\/vosgesinfo.fr\/remiremontinfo\/2020\/12\/remiremont-premier-jour-douverture-a-patisserie-chocolaterie-papa-gateau\/#primaryimage\"},\"thumbnailUrl\":\"https:\/\/vosgesinfo.fr\/app\/uploads\/sites\/5\/2024\/09\/202012dsc-0679.jpg\",\"articleSection\":[\"A la Une\",\"Commerce\",\"Remiremont\",\"Remiremont &amp; son canton\"],\"inLanguage\":\"fr-FR\",\"potentialAction\":[{\"@type\":\"CommentAction\",\"name\":\"Comment\",\"target\":[\"https:\/\/vosgesinfo.fr\/remiremontinfo\/2020\/12\/remiremont-premier-jour-douverture-a-patisserie-chocolaterie-papa-gateau\/#respond\"]}]},{\"@type\":\"WebPage\",\"@id\":\"https:\/\/vosgesinfo.fr\/remiremontinfo\/2020\/12\/remiremont-premier-jour-douverture-a-patisserie-chocolaterie-papa-gateau\/\",\"url\":\"https:\/\/vosgesinfo.fr\/remiremontinfo\/2020\/12\/remiremont-premier-jour-douverture-a-patisserie-chocolaterie-papa-gateau\/\",\"name\":\"Remiremont\u00a0: premier jour d\u2019ouverture \u00e0 la p\u00e2tisserie et chocolaterie \u00ab\u00a0Papa G\u00e2teau\u00a0\u00bb - Remiremont Info\",\"isPartOf\":{\"@id\":\"https:\/\/vosgesinfo.fr\/remiremontinfo\/#website\"},\"primaryImageOfPage\":{\"@id\":\"https:\/\/vosgesinfo.fr\/remiremontinfo\/2020\/12\/remiremont-premier-jour-douverture-a-patisserie-chocolaterie-papa-gateau\/#primaryimage\"},\"image\":{\"@id\":\"https:\/\/vosgesinfo.fr\/remiremontinfo\/2020\/12\/remiremont-premier-jour-douverture-a-patisserie-chocolaterie-papa-gateau\/#primaryimage\"},\"thumbnailUrl\":\"https:\/\/vosgesinfo.fr\/app\/uploads\/sites\/5\/2024\/09\/202012dsc-0679.jpg\",\"datePublished\":\"2020-12-04T07:54:20+00:00\",\"dateModified\":\"2020-12-04T07:54:20+00:00\",\"breadcrumb\":{\"@id\":\"https:\/\/vosgesinfo.fr\/remiremontinfo\/2020\/12\/remiremont-premier-jour-douverture-a-patisserie-chocolaterie-papa-gateau\/#breadcrumb\"},\"inLanguage\":\"fr-FR\",\"potentialAction\":[{\"@type\":\"ReadAction\",\"target\":[\"https:\/\/vosgesinfo.fr\/remiremontinfo\/2020\/12\/remiremont-premier-jour-douverture-a-patisserie-chocolaterie-papa-gateau\/\"]}]},{\"@type\":\"ImageObject\",\"inLanguage\":\"fr-FR\",\"@id\":\"https:\/\/vosgesinfo.fr\/remiremontinfo\/2020\/12\/remiremont-premier-jour-douverture-a-patisserie-chocolaterie-papa-gateau\/#primaryimage\",\"url\":\"https:\/\/vosgesinfo.fr\/app\/uploads\/sites\/5\/2024\/09\/202012dsc-0679.jpg\",\"contentUrl\":\"https:\/\/vosgesinfo.fr\/app\/uploads\/sites\/5\/2024\/09\/202012dsc-0679.jpg\",\"width\":800,\"height\":575},{\"@type\":\"BreadcrumbList\",\"@id\":\"https:\/\/vosgesinfo.fr\/remiremontinfo\/2020\/12\/remiremont-premier-jour-douverture-a-patisserie-chocolaterie-papa-gateau\/#breadcrumb\",\"itemListElement\":[{\"@type\":\"ListItem\",\"position\":1,\"name\":\"Home\",\"item\":\"https:\/\/vosgesinfo.fr\/remiremontinfo\/\"},{\"@type\":\"ListItem\",\"position\":2,\"name\":\"Remiremont\u00a0: premier jour d\u2019ouverture \u00e0 la p\u00e2tisserie et chocolaterie \u00ab\u00a0Papa G\u00e2teau\u00a0\u00bb\"}]},{\"@type\":\"WebSite\",\"@id\":\"https:\/\/vosgesinfo.fr\/remiremontinfo\/#website\",\"url\":\"https:\/\/vosgesinfo.fr\/remiremontinfo\/\",\"name\":\"Remiremont Info\",\"description\":\"Toute l&#039;actualit\u00e9 de Remiremont\",\"publisher\":{\"@id\":\"https:\/\/vosgesinfo.fr\/remiremontinfo\/#organization\"},\"alternateName\":\"Toute l'actualit\u00e9 de Remiremont\",\"potentialAction\":[{\"@type\":\"SearchAction\",\"target\":{\"@type\":\"EntryPoint\",\"urlTemplate\":\"https:\/\/vosgesinfo.fr\/remiremontinfo\/?s={search_term_string}\"},\"query-input\":\"required name=search_term_string\"}],\"inLanguage\":\"fr-FR\"},{\"@type\":\"Organization\",\"@id\":\"https:\/\/vosgesinfo.fr\/remiremontinfo\/#organization\",\"name\":\"Remiremont Info\",\"url\":\"https:\/\/vosgesinfo.fr\/remiremontinfo\/\",\"logo\":{\"@type\":\"ImageObject\",\"inLanguage\":\"fr-FR\",\"@id\":\"https:\/\/vosgesinfo.fr\/remiremontinfo\/#\/schema\/logo\/image\/\",\"url\":\"https:\/\/vosgesinfo.fr\/app\/uploads\/sites\/5\/2023\/08\/favicon-remiremontinfo.png\",\"contentUrl\":\"https:\/\/vosgesinfo.fr\/app\/uploads\/sites\/5\/2023\/08\/favicon-remiremontinfo.png\",\"width\":512,\"height\":512,\"caption\":\"Remiremont Info\"},\"image\":{\"@id\":\"https:\/\/vosgesinfo.fr\/remiremontinfo\/#\/schema\/logo\/image\/\"},\"sameAs\":[\"https:\/\/www.facebook.com\/remiremontinfo\",\"https:\/\/x.com\/VosgesInfo88\",\"https:\/\/www.youtube.com\/@vosgesinfo\"]},{\"@type\":\"Person\",\"@id\":\"https:\/\/vosgesinfo.fr\/remiremontinfo\/#\/schema\/person\/3bfd164d5218a185b1db68655a265316\",\"name\":\"C D\",\"image\":{\"@type\":\"ImageObject\",\"inLanguage\":\"fr-FR\",\"@id\":\"https:\/\/vosgesinfo.fr\/remiremontinfo\/#\/schema\/person\/image\/\",\"url\":\"https:\/\/secure.gravatar.com\/avatar\/1f9a70007336511a47468b8f1c66f922b8b7cf617b02a31149ada43893a5d48f?s=96&d=mm&r=g\",\"contentUrl\":\"https:\/\/secure.gravatar.com\/avatar\/1f9a70007336511a47468b8f1c66f922b8b7cf617b02a31149ada43893a5d48f?s=96&d=mm&r=g\",\"caption\":\"C D\"},\"url\":\"https:\/\/vosgesinfo.fr\/remiremontinfo\/author\/cedric-drevet\/\"}]}<\/script>\n<!-- \/ Yoast SEO plugin. -->","yoast_head_json":{"title":"Remiremont\u00a0: premier jour d\u2019ouverture \u00e0 la p\u00e2tisserie et chocolaterie \u00ab\u00a0Papa G\u00e2teau\u00a0\u00bb - Remiremont Info","robots":{"index":"index","follow":"follow","max-snippet":"max-snippet:-1","max-image-preview":"max-image-preview:large","max-video-preview":"max-video-preview:-1"},"canonical":"https:\/\/vosgesinfo.fr\/remiremontinfo\/2020\/12\/remiremont-premier-jour-douverture-a-patisserie-chocolaterie-papa-gateau\/","twitter_card":"summary_large_image","twitter_title":"Remiremont\u00a0: premier jour d\u2019ouverture \u00e0 la p\u00e2tisserie et chocolaterie \u00ab\u00a0Papa G\u00e2teau\u00a0\u00bb - Remiremont Info","twitter_description":"Voil\u00e0 un moment que l\u2019ouverture de l\u2019\u00e9tablissement \u00e9tait attendue. Un logo et un message, sur la vitrine, intriguaient des habitants [&hellip;]","twitter_image":"https:\/\/vosgesinfo.fr\/app\/uploads\/sites\/5\/2024\/09\/202012dsc-0679.jpg","twitter_creator":"@VosgesInfo88","twitter_site":"@VosgesInfo88","twitter_misc":{"\u00c9crit par":"C D","Dur\u00e9e de lecture estim\u00e9e":"1 minute"},"schema":{"@context":"https:\/\/schema.org","@graph":[{"@type":"Article","@id":"https:\/\/vosgesinfo.fr\/remiremontinfo\/2020\/12\/remiremont-premier-jour-douverture-a-patisserie-chocolaterie-papa-gateau\/#article","isPartOf":{"@id":"https:\/\/vosgesinfo.fr\/remiremontinfo\/2020\/12\/remiremont-premier-jour-douverture-a-patisserie-chocolaterie-papa-gateau\/"},"author":{"name":"C D","@id":"https:\/\/vosgesinfo.fr\/remiremontinfo\/#\/schema\/person\/3bfd164d5218a185b1db68655a265316"},"headline":"Remiremont\u00a0: premier jour d\u2019ouverture \u00e0 la p\u00e2tisserie et chocolaterie \u00ab\u00a0Papa G\u00e2teau\u00a0\u00bb","datePublished":"2020-12-04T07:54:20+00:00","dateModified":"2020-12-04T07:54:20+00:00","mainEntityOfPage":{"@id":"https:\/\/vosgesinfo.fr\/remiremontinfo\/2020\/12\/remiremont-premier-jour-douverture-a-patisserie-chocolaterie-papa-gateau\/"},"wordCount":226,"commentCount":0,"publisher":{"@id":"https:\/\/vosgesinfo.fr\/remiremontinfo\/#organization"},"image":{"@id":"https:\/\/vosgesinfo.fr\/remiremontinfo\/2020\/12\/remiremont-premier-jour-douverture-a-patisserie-chocolaterie-papa-gateau\/#primaryimage"},"thumbnailUrl":"https:\/\/vosgesinfo.fr\/app\/uploads\/sites\/5\/2024\/09\/202012dsc-0679.jpg","articleSection":["A la Une","Commerce","Remiremont","Remiremont &amp; son canton"],"inLanguage":"fr-FR","potentialAction":[{"@type":"CommentAction","name":"Comment","target":["https:\/\/vosgesinfo.fr\/remiremontinfo\/2020\/12\/remiremont-premier-jour-douverture-a-patisserie-chocolaterie-papa-gateau\/#respond"]}]},{"@type":"WebPage","@id":"https:\/\/vosgesinfo.fr\/remiremontinfo\/2020\/12\/remiremont-premier-jour-douverture-a-patisserie-chocolaterie-papa-gateau\/","url":"https:\/\/vosgesinfo.fr\/remiremontinfo\/2020\/12\/remiremont-premier-jour-douverture-a-patisserie-chocolaterie-papa-gateau\/","name":"Remiremont\u00a0: premier jour d\u2019ouverture \u00e0 la p\u00e2tisserie et chocolaterie \u00ab\u00a0Papa G\u00e2teau\u00a0\u00bb - Remiremont Info","isPartOf":{"@id":"https:\/\/vosgesinfo.fr\/remiremontinfo\/#website"},"primaryImageOfPage":{"@id":"https:\/\/vosgesinfo.fr\/remiremontinfo\/2020\/12\/remiremont-premier-jour-douverture-a-patisserie-chocolaterie-papa-gateau\/#primaryimage"},"image":{"@id":"https:\/\/vosgesinfo.fr\/remiremontinfo\/2020\/12\/remiremont-premier-jour-douverture-a-patisserie-chocolaterie-papa-gateau\/#primaryimage"},"thumbnailUrl":"https:\/\/vosgesinfo.fr\/app\/uploads\/sites\/5\/2024\/09\/202012dsc-0679.jpg","datePublished":"2020-12-04T07:54:20+00:00","dateModified":"2020-12-04T07:54:20+00:00","breadcrumb":{"@id":"https:\/\/vosgesinfo.fr\/remiremontinfo\/2020\/12\/remiremont-premier-jour-douverture-a-patisserie-chocolaterie-papa-gateau\/#breadcrumb"},"inLanguage":"fr-FR","potentialAction":[{"@type":"ReadAction","target":["https:\/\/vosgesinfo.fr\/remiremontinfo\/2020\/12\/remiremont-premier-jour-douverture-a-patisserie-chocolaterie-papa-gateau\/"]}]},{"@type":"ImageObject","inLanguage":"fr-FR","@id":"https:\/\/vosgesinfo.fr\/remiremontinfo\/2020\/12\/remiremont-premier-jour-douverture-a-patisserie-chocolaterie-papa-gateau\/#primaryimage","url":"https:\/\/vosgesinfo.fr\/app\/uploads\/sites\/5\/2024\/09\/202012dsc-0679.jpg","contentUrl":"https:\/\/vosgesinfo.fr\/app\/uploads\/sites\/5\/2024\/09\/202012dsc-0679.jpg","width":800,"height":575},{"@type":"BreadcrumbList","@id":"https:\/\/vosgesinfo.fr\/remiremontinfo\/2020\/12\/remiremont-premier-jour-douverture-a-patisserie-chocolaterie-papa-gateau\/#breadcrumb","itemListElement":[{"@type":"ListItem","position":1,"name":"Home","item":"https:\/\/vosgesinfo.fr\/remiremontinfo\/"},{"@type":"ListItem","position":2,"name":"Remiremont\u00a0: premier jour d\u2019ouverture \u00e0 la p\u00e2tisserie et chocolaterie \u00ab\u00a0Papa G\u00e2teau\u00a0\u00bb"}]},{"@type":"WebSite","@id":"https:\/\/vosgesinfo.fr\/remiremontinfo\/#website","url":"https:\/\/vosgesinfo.fr\/remiremontinfo\/","name":"Remiremont Info","description":"Toute l&#039;actualit\u00e9 de Remiremont","publisher":{"@id":"https:\/\/vosgesinfo.fr\/remiremontinfo\/#organization"},"alternateName":"Toute l'actualit\u00e9 de Remiremont","potentialAction":[{"@type":"SearchAction","target":{"@type":"EntryPoint","urlTemplate":"https:\/\/vosgesinfo.fr\/remiremontinfo\/?s={search_term_string}"},"query-input":"required name=search_term_string"}],"inLanguage":"fr-FR"},{"@type":"Organization","@id":"https:\/\/vosgesinfo.fr\/remiremontinfo\/#organization","name":"Remiremont Info","url":"https:\/\/vosgesinfo.fr\/remiremontinfo\/","logo":{"@type":"ImageObject","inLanguage":"fr-FR","@id":"https:\/\/vosgesinfo.fr\/remiremontinfo\/#\/schema\/logo\/image\/","url":"https:\/\/vosgesinfo.fr\/app\/uploads\/sites\/5\/2023\/08\/favicon-remiremontinfo.png","contentUrl":"https:\/\/vosgesinfo.fr\/app\/uploads\/sites\/5\/2023\/08\/favicon-remiremontinfo.png","width":512,"height":512,"caption":"Remiremont Info"},"image":{"@id":"https:\/\/vosgesinfo.fr\/remiremontinfo\/#\/schema\/logo\/image\/"},"sameAs":["https:\/\/www.facebook.com\/remiremontinfo","https:\/\/x.com\/VosgesInfo88","https:\/\/www.youtube.com\/@vosgesinfo"]},{"@type":"Person","@id":"https:\/\/vosgesinfo.fr\/remiremontinfo\/#\/schema\/person\/3bfd164d5218a185b1db68655a265316","name":"C D","image":{"@type":"ImageObject","inLanguage":"fr-FR","@id":"https:\/\/vosgesinfo.fr\/remiremontinfo\/#\/schema\/person\/image\/","url":"https:\/\/secure.gravatar.com\/avatar\/1f9a70007336511a47468b8f1c66f922b8b7cf617b02a31149ada43893a5d48f?s=96&d=mm&r=g","contentUrl":"https:\/\/secure.gravatar.com\/avatar\/1f9a70007336511a47468b8f1c66f922b8b7cf617b02a31149ada43893a5d48f?s=96&d=mm&r=g","caption":"C D"},"url":"https:\/\/vosgesinfo.fr\/remiremontinfo\/author\/cedric-drevet\/"}]}},"_links":{"self":[{"href":"https:\/\/vosgesinfo.fr\/remiremontinfo\/wp-json\/wp\/v2\/posts\/34611","targetHints":{"allow":["GET"]}}],"collection":[{"href":"https:\/\/vosgesinfo.fr\/remiremontinfo\/wp-json\/wp\/v2\/posts"}],"about":[{"href":"https:\/\/vosgesinfo.fr\/remiremontinfo\/wp-json\/wp\/v2\/types\/post"}],"author":[{"embeddable":true,"href":"https:\/\/vosgesinfo.fr\/remiremontinfo\/wp-json\/wp\/v2\/users\/407"}],"replies":[{"embeddable":true,"href":"https:\/\/vosgesinfo.fr\/remiremontinfo\/wp-json\/wp\/v2\/comments?post=34611"}],"version-history":[{"count":0,"href":"https:\/\/vosgesinfo.fr\/remiremontinfo\/wp-json\/wp\/v2\/posts\/34611\/revisions"}],"wp:featuredmedia":[{"embeddable":true,"href":"https:\/\/vosgesinfo.fr\/remiremontinfo\/wp-json\/wp\/v2\/media\/34612"}],"wp:attachment":[{"href":"https:\/\/vosgesinfo.fr\/remiremontinfo\/wp-json\/wp\/v2\/media?parent=34611"}],"wp:term":[{"taxonomy":"category","embeddable":true,"href":"https:\/\/vosgesinfo.fr\/remiremontinfo\/wp-json\/wp\/v2\/categories?post=34611"},{"taxonomy":"post_tag","embeddable":true,"href":"https:\/\/vosgesinfo.fr\/remiremontinfo\/wp-json\/wp\/v2\/tags?post=34611"}],"curies":[{"name":"wp","href":"https:\/\/api.w.org\/{rel}","templated":true}]}}