{"id":34641,"date":"2020-12-04T08:04:46","date_gmt":"2020-12-04T07:04:46","guid":{"rendered":"https:\/\/vosgesinfo.fr\/remiremontinfo\/2020\/12\/daniel-gremillet-voter-senat-deux-mesures-budgetaires-faveur-de-foret-francaise\/"},"modified":"2020-12-04T08:04:46","modified_gmt":"2020-12-04T07:04:46","slug":"daniel-gremillet-voter-senat-deux-mesures-budgetaires-faveur-de-foret-francaise","status":"publish","type":"post","link":"https:\/\/vosgesinfo.fr\/remiremontinfo\/2020\/12\/daniel-gremillet-voter-senat-deux-mesures-budgetaires-faveur-de-foret-francaise\/","title":{"rendered":"Daniel Gremillet fait voter au S\u00e9nat deux mesures budg\u00e9taires en faveur de la for\u00eat fran\u00e7aise"},"content":{"rendered":"<p><a href=\"\/2019\/09\/DG20141119-zoneeuro-10-gremillet.jpg\"><img decoding=\"async\" class=\"alignnone size-full wp-image-269453\" src=\"\/2019\/09\/DG20141119-zoneeuro-10-gremillet.jpg\" alt=\"DG20141119-zoneeuro-10-gremillet\" width=\"640\" height=\"360\" \/><\/a><\/p>\n<p><span style=\"font-size: 10pt;\"><em>Photo d&rsquo;archive<\/em><\/span><\/p>\n<p>Mardi 1er d\u00e9cembre 2020, dans le cadre de l\u2019examen du projet de loi de finances (PLF) pour 2021, le S\u00e9nat a examin\u00e9 les cr\u00e9dits de la mission \u00ab Agriculture, alimentation, for\u00eat et affaires rurales \u00bb. A cette occasion, Daniel GREMILLET, S\u00e9nateur des Vosges, est intervenu dans la discussion g\u00e9n\u00e9rale afin de rappeler la n\u00e9cessit\u00e9 d\u2019investir dans la for\u00eat fran\u00e7aise durement frapp\u00e9e par la s\u00e9cheresse et la crise des scolytes.<\/p>\n<p>Dans ce cadre, il est parvenu \u00e0 faire adopter deux amendements budg\u00e9taires en faveur de la for\u00eat cr\u00e9ant, d\u2019une part, un fonds de 25 millions d\u2019euros, destin\u00e9 \u00e0 l\u2019entretien des peuplements car \u00ab si on n\u2019entretient pas une parcelle rebois\u00e9e, on va \u00e0 l\u2019\u00e9chec \u00bb a rappel\u00e9 le s\u00e9nateur ; et visant, d\u2019autre part, \u00e0 mobiliser 10 millions d\u2019euros afin d\u2019accompagner les initiatives, en r\u00e9gion, de cr\u00e9ation d\u2019aires de stockage du bois sain, afin de ne pas concurrencer le bois scolyt\u00e9, d\u2019assainir le march\u00e9 et de maintenir les prix. Il s\u2019agit de donner des perspectives \u00e0 l\u2019ensemble de la fili\u00e8re for\u00eat-bois de l\u2019amont \u00e0 l\u2019aval, y compris aux communes foresti\u00e8res et aux coop\u00e9ratives foresti\u00e8res dans le cadre de stockages collectifs, et de satisfaire une couverture des approvisionnements industriels des cinq \u00e0 six prochaines ann\u00e9es selon l\u2019expos\u00e9 des motifs de cet amendement.<\/p>\n<p>Lire la suite ici :\u00a0<a href=\"https:\/\/epinalinfos.fr\/2020\/12\/daniel-gremillet-voter-senat-deux-mesures-budgetaires-faveur-de-foret-francaise\/\">Daniel Gremillet fait voter au S\u00e9nat deux mesures budg\u00e9taires en faveur de la for\u00eat fran\u00e7aise &#8211; Epinal infos<\/a><\/p>\n","protected":false},"excerpt":{"rendered":"<p>Photo d&rsquo;archive Mardi 1er d\u00e9cembre 2020, dans le cadre de l\u2019examen du projet de loi de finances (PLF) pour 2021, [&hellip;]<\/p>\n","protected":false},"author":407,"featured_media":2460,"comment_status":"open","ping_status":"open","sticky":false,"template":"","format":"standard","meta":{"footnotes":""},"categories":[26,10,18],"tags":[],"class_list":["post-34641","post","type-post","status-publish","format-standard","has-post-thumbnail","hentry","category-a-la-une","category-politique","category-vosges"],"acf":[],"yoast_head":"<!-- This site is optimized with the Yoast SEO plugin v22.5 - https:\/\/yoast.com\/wordpress\/plugins\/seo\/ -->\n<title>Daniel Gremillet fait voter au S\u00e9nat deux mesures budg\u00e9taires en faveur de la for\u00eat fran\u00e7aise - Remiremont Info<\/title>\n<meta name=\"robots\" content=\"index, follow, max-snippet:-1, max-image-preview:large, max-video-preview:-1\" \/>\n<link rel=\"canonical\" href=\"https:\/\/vosgesinfo.fr\/remiremontinfo\/2020\/12\/daniel-gremillet-voter-senat-deux-mesures-budgetaires-faveur-de-foret-francaise\/\" \/>\n<meta name=\"twitter:card\" content=\"summary_large_image\" \/>\n<meta name=\"twitter:title\" content=\"Daniel Gremillet fait voter au S\u00e9nat deux mesures budg\u00e9taires en faveur de la for\u00eat fran\u00e7aise - Remiremont Info\" \/>\n<meta name=\"twitter:description\" content=\"Photo d&rsquo;archive Mardi 1er d\u00e9cembre 2020, dans le cadre de l\u2019examen du projet de loi de finances (PLF) pour 2021, [&hellip;]\" \/>\n<meta name=\"twitter:image\" content=\"https:\/\/vosgesinfo.fr\/app\/uploads\/sites\/5\/2021\/04\/dg20141119-zoneeuro-10-gremillet.jpg\" \/>\n<meta name=\"twitter:creator\" content=\"@VosgesInfo88\" \/>\n<meta name=\"twitter:site\" content=\"@VosgesInfo88\" \/>\n<meta name=\"twitter:label1\" content=\"\u00c9crit par\" \/>\n\t<meta name=\"twitter:data1\" content=\"C D\" \/>\n\t<meta name=\"twitter:label2\" content=\"Dur\u00e9e de lecture estim\u00e9e\" \/>\n\t<meta name=\"twitter:data2\" content=\"1 minute\" \/>\n<script type=\"application\/ld+json\" class=\"yoast-schema-graph\">{\"@context\":\"https:\/\/schema.org\",\"@graph\":[{\"@type\":\"Article\",\"@id\":\"https:\/\/vosgesinfo.fr\/remiremontinfo\/2020\/12\/daniel-gremillet-voter-senat-deux-mesures-budgetaires-faveur-de-foret-francaise\/#article\",\"isPartOf\":{\"@id\":\"https:\/\/vosgesinfo.fr\/remiremontinfo\/2020\/12\/daniel-gremillet-voter-senat-deux-mesures-budgetaires-faveur-de-foret-francaise\/\"},\"author\":{\"name\":\"C D\",\"@id\":\"https:\/\/vosgesinfo.fr\/remiremontinfo\/#\/schema\/person\/3bfd164d5218a185b1db68655a265316\"},\"headline\":\"Daniel Gremillet fait voter au S\u00e9nat deux mesures budg\u00e9taires en faveur de la for\u00eat fran\u00e7aise\",\"datePublished\":\"2020-12-04T07:04:46+00:00\",\"dateModified\":\"2020-12-04T07:04:46+00:00\",\"mainEntityOfPage\":{\"@id\":\"https:\/\/vosgesinfo.fr\/remiremontinfo\/2020\/12\/daniel-gremillet-voter-senat-deux-mesures-budgetaires-faveur-de-foret-francaise\/\"},\"wordCount\":284,\"commentCount\":0,\"publisher\":{\"@id\":\"https:\/\/vosgesinfo.fr\/remiremontinfo\/#organization\"},\"image\":{\"@id\":\"https:\/\/vosgesinfo.fr\/remiremontinfo\/2020\/12\/daniel-gremillet-voter-senat-deux-mesures-budgetaires-faveur-de-foret-francaise\/#primaryimage\"},\"thumbnailUrl\":\"https:\/\/vosgesinfo.fr\/app\/uploads\/sites\/5\/2021\/04\/dg20141119-zoneeuro-10-gremillet.jpg\",\"articleSection\":[\"A la Une\",\"Politique\",\"Vosges\"],\"inLanguage\":\"fr-FR\",\"potentialAction\":[{\"@type\":\"CommentAction\",\"name\":\"Comment\",\"target\":[\"https:\/\/vosgesinfo.fr\/remiremontinfo\/2020\/12\/daniel-gremillet-voter-senat-deux-mesures-budgetaires-faveur-de-foret-francaise\/#respond\"]}]},{\"@type\":\"WebPage\",\"@id\":\"https:\/\/vosgesinfo.fr\/remiremontinfo\/2020\/12\/daniel-gremillet-voter-senat-deux-mesures-budgetaires-faveur-de-foret-francaise\/\",\"url\":\"https:\/\/vosgesinfo.fr\/remiremontinfo\/2020\/12\/daniel-gremillet-voter-senat-deux-mesures-budgetaires-faveur-de-foret-francaise\/\",\"name\":\"Daniel Gremillet fait voter au S\u00e9nat deux mesures budg\u00e9taires en faveur de la for\u00eat fran\u00e7aise - Remiremont Info\",\"isPartOf\":{\"@id\":\"https:\/\/vosgesinfo.fr\/remiremontinfo\/#website\"},\"primaryImageOfPage\":{\"@id\":\"https:\/\/vosgesinfo.fr\/remiremontinfo\/2020\/12\/daniel-gremillet-voter-senat-deux-mesures-budgetaires-faveur-de-foret-francaise\/#primaryimage\"},\"image\":{\"@id\":\"https:\/\/vosgesinfo.fr\/remiremontinfo\/2020\/12\/daniel-gremillet-voter-senat-deux-mesures-budgetaires-faveur-de-foret-francaise\/#primaryimage\"},\"thumbnailUrl\":\"https:\/\/vosgesinfo.fr\/app\/uploads\/sites\/5\/2021\/04\/dg20141119-zoneeuro-10-gremillet.jpg\",\"datePublished\":\"2020-12-04T07:04:46+00:00\",\"dateModified\":\"2020-12-04T07:04:46+00:00\",\"breadcrumb\":{\"@id\":\"https:\/\/vosgesinfo.fr\/remiremontinfo\/2020\/12\/daniel-gremillet-voter-senat-deux-mesures-budgetaires-faveur-de-foret-francaise\/#breadcrumb\"},\"inLanguage\":\"fr-FR\",\"potentialAction\":[{\"@type\":\"ReadAction\",\"target\":[\"https:\/\/vosgesinfo.fr\/remiremontinfo\/2020\/12\/daniel-gremillet-voter-senat-deux-mesures-budgetaires-faveur-de-foret-francaise\/\"]}]},{\"@type\":\"ImageObject\",\"inLanguage\":\"fr-FR\",\"@id\":\"https:\/\/vosgesinfo.fr\/remiremontinfo\/2020\/12\/daniel-gremillet-voter-senat-deux-mesures-budgetaires-faveur-de-foret-francaise\/#primaryimage\",\"url\":\"https:\/\/vosgesinfo.fr\/app\/uploads\/sites\/5\/2021\/04\/dg20141119-zoneeuro-10-gremillet.jpg\",\"contentUrl\":\"https:\/\/vosgesinfo.fr\/app\/uploads\/sites\/5\/2021\/04\/dg20141119-zoneeuro-10-gremillet.jpg\",\"width\":537,\"height\":359},{\"@type\":\"BreadcrumbList\",\"@id\":\"https:\/\/vosgesinfo.fr\/remiremontinfo\/2020\/12\/daniel-gremillet-voter-senat-deux-mesures-budgetaires-faveur-de-foret-francaise\/#breadcrumb\",\"itemListElement\":[{\"@type\":\"ListItem\",\"position\":1,\"name\":\"Home\",\"item\":\"https:\/\/vosgesinfo.fr\/remiremontinfo\/\"},{\"@type\":\"ListItem\",\"position\":2,\"name\":\"Daniel Gremillet fait voter au S\u00e9nat deux mesures budg\u00e9taires en faveur de la for\u00eat fran\u00e7aise\"}]},{\"@type\":\"WebSite\",\"@id\":\"https:\/\/vosgesinfo.fr\/remiremontinfo\/#website\",\"url\":\"https:\/\/vosgesinfo.fr\/remiremontinfo\/\",\"name\":\"Remiremont Info\",\"description\":\"Toute l&#039;actualit\u00e9 de Remiremont\",\"publisher\":{\"@id\":\"https:\/\/vosgesinfo.fr\/remiremontinfo\/#organization\"},\"alternateName\":\"Toute l'actualit\u00e9 de Remiremont\",\"potentialAction\":[{\"@type\":\"SearchAction\",\"target\":{\"@type\":\"EntryPoint\",\"urlTemplate\":\"https:\/\/vosgesinfo.fr\/remiremontinfo\/?s={search_term_string}\"},\"query-input\":\"required name=search_term_string\"}],\"inLanguage\":\"fr-FR\"},{\"@type\":\"Organization\",\"@id\":\"https:\/\/vosgesinfo.fr\/remiremontinfo\/#organization\",\"name\":\"Remiremont Info\",\"url\":\"https:\/\/vosgesinfo.fr\/remiremontinfo\/\",\"logo\":{\"@type\":\"ImageObject\",\"inLanguage\":\"fr-FR\",\"@id\":\"https:\/\/vosgesinfo.fr\/remiremontinfo\/#\/schema\/logo\/image\/\",\"url\":\"https:\/\/vosgesinfo.fr\/app\/uploads\/sites\/5\/2023\/08\/favicon-remiremontinfo.png\",\"contentUrl\":\"https:\/\/vosgesinfo.fr\/app\/uploads\/sites\/5\/2023\/08\/favicon-remiremontinfo.png\",\"width\":512,\"height\":512,\"caption\":\"Remiremont Info\"},\"image\":{\"@id\":\"https:\/\/vosgesinfo.fr\/remiremontinfo\/#\/schema\/logo\/image\/\"},\"sameAs\":[\"https:\/\/www.facebook.com\/remiremontinfo\",\"https:\/\/x.com\/VosgesInfo88\",\"https:\/\/www.youtube.com\/@vosgesinfo\"]},{\"@type\":\"Person\",\"@id\":\"https:\/\/vosgesinfo.fr\/remiremontinfo\/#\/schema\/person\/3bfd164d5218a185b1db68655a265316\",\"name\":\"C D\",\"image\":{\"@type\":\"ImageObject\",\"inLanguage\":\"fr-FR\",\"@id\":\"https:\/\/vosgesinfo.fr\/remiremontinfo\/#\/schema\/person\/image\/\",\"url\":\"https:\/\/secure.gravatar.com\/avatar\/1f9a70007336511a47468b8f1c66f922b8b7cf617b02a31149ada43893a5d48f?s=96&d=mm&r=g\",\"contentUrl\":\"https:\/\/secure.gravatar.com\/avatar\/1f9a70007336511a47468b8f1c66f922b8b7cf617b02a31149ada43893a5d48f?s=96&d=mm&r=g\",\"caption\":\"C D\"},\"url\":\"https:\/\/vosgesinfo.fr\/remiremontinfo\/author\/cedric-drevet\/\"}]}<\/script>\n<!-- \/ Yoast SEO plugin. -->","yoast_head_json":{"title":"Daniel Gremillet fait voter au S\u00e9nat deux mesures budg\u00e9taires en faveur de la for\u00eat fran\u00e7aise - Remiremont Info","robots":{"index":"index","follow":"follow","max-snippet":"max-snippet:-1","max-image-preview":"max-image-preview:large","max-video-preview":"max-video-preview:-1"},"canonical":"https:\/\/vosgesinfo.fr\/remiremontinfo\/2020\/12\/daniel-gremillet-voter-senat-deux-mesures-budgetaires-faveur-de-foret-francaise\/","twitter_card":"summary_large_image","twitter_title":"Daniel Gremillet fait voter au S\u00e9nat deux mesures budg\u00e9taires en faveur de la for\u00eat fran\u00e7aise - Remiremont Info","twitter_description":"Photo d&rsquo;archive Mardi 1er d\u00e9cembre 2020, dans le cadre de l\u2019examen du projet de loi de finances (PLF) pour 2021, [&hellip;]","twitter_image":"https:\/\/vosgesinfo.fr\/app\/uploads\/sites\/5\/2021\/04\/dg20141119-zoneeuro-10-gremillet.jpg","twitter_creator":"@VosgesInfo88","twitter_site":"@VosgesInfo88","twitter_misc":{"\u00c9crit par":"C D","Dur\u00e9e de lecture estim\u00e9e":"1 minute"},"schema":{"@context":"https:\/\/schema.org","@graph":[{"@type":"Article","@id":"https:\/\/vosgesinfo.fr\/remiremontinfo\/2020\/12\/daniel-gremillet-voter-senat-deux-mesures-budgetaires-faveur-de-foret-francaise\/#article","isPartOf":{"@id":"https:\/\/vosgesinfo.fr\/remiremontinfo\/2020\/12\/daniel-gremillet-voter-senat-deux-mesures-budgetaires-faveur-de-foret-francaise\/"},"author":{"name":"C D","@id":"https:\/\/vosgesinfo.fr\/remiremontinfo\/#\/schema\/person\/3bfd164d5218a185b1db68655a265316"},"headline":"Daniel Gremillet fait voter au S\u00e9nat deux mesures budg\u00e9taires en faveur de la for\u00eat fran\u00e7aise","datePublished":"2020-12-04T07:04:46+00:00","dateModified":"2020-12-04T07:04:46+00:00","mainEntityOfPage":{"@id":"https:\/\/vosgesinfo.fr\/remiremontinfo\/2020\/12\/daniel-gremillet-voter-senat-deux-mesures-budgetaires-faveur-de-foret-francaise\/"},"wordCount":284,"commentCount":0,"publisher":{"@id":"https:\/\/vosgesinfo.fr\/remiremontinfo\/#organization"},"image":{"@id":"https:\/\/vosgesinfo.fr\/remiremontinfo\/2020\/12\/daniel-gremillet-voter-senat-deux-mesures-budgetaires-faveur-de-foret-francaise\/#primaryimage"},"thumbnailUrl":"https:\/\/vosgesinfo.fr\/app\/uploads\/sites\/5\/2021\/04\/dg20141119-zoneeuro-10-gremillet.jpg","articleSection":["A la Une","Politique","Vosges"],"inLanguage":"fr-FR","potentialAction":[{"@type":"CommentAction","name":"Comment","target":["https:\/\/vosgesinfo.fr\/remiremontinfo\/2020\/12\/daniel-gremillet-voter-senat-deux-mesures-budgetaires-faveur-de-foret-francaise\/#respond"]}]},{"@type":"WebPage","@id":"https:\/\/vosgesinfo.fr\/remiremontinfo\/2020\/12\/daniel-gremillet-voter-senat-deux-mesures-budgetaires-faveur-de-foret-francaise\/","url":"https:\/\/vosgesinfo.fr\/remiremontinfo\/2020\/12\/daniel-gremillet-voter-senat-deux-mesures-budgetaires-faveur-de-foret-francaise\/","name":"Daniel Gremillet fait voter au S\u00e9nat deux mesures budg\u00e9taires en faveur de la for\u00eat fran\u00e7aise - Remiremont Info","isPartOf":{"@id":"https:\/\/vosgesinfo.fr\/remiremontinfo\/#website"},"primaryImageOfPage":{"@id":"https:\/\/vosgesinfo.fr\/remiremontinfo\/2020\/12\/daniel-gremillet-voter-senat-deux-mesures-budgetaires-faveur-de-foret-francaise\/#primaryimage"},"image":{"@id":"https:\/\/vosgesinfo.fr\/remiremontinfo\/2020\/12\/daniel-gremillet-voter-senat-deux-mesures-budgetaires-faveur-de-foret-francaise\/#primaryimage"},"thumbnailUrl":"https:\/\/vosgesinfo.fr\/app\/uploads\/sites\/5\/2021\/04\/dg20141119-zoneeuro-10-gremillet.jpg","datePublished":"2020-12-04T07:04:46+00:00","dateModified":"2020-12-04T07:04:46+00:00","breadcrumb":{"@id":"https:\/\/vosgesinfo.fr\/remiremontinfo\/2020\/12\/daniel-gremillet-voter-senat-deux-mesures-budgetaires-faveur-de-foret-francaise\/#breadcrumb"},"inLanguage":"fr-FR","potentialAction":[{"@type":"ReadAction","target":["https:\/\/vosgesinfo.fr\/remiremontinfo\/2020\/12\/daniel-gremillet-voter-senat-deux-mesures-budgetaires-faveur-de-foret-francaise\/"]}]},{"@type":"ImageObject","inLanguage":"fr-FR","@id":"https:\/\/vosgesinfo.fr\/remiremontinfo\/2020\/12\/daniel-gremillet-voter-senat-deux-mesures-budgetaires-faveur-de-foret-francaise\/#primaryimage","url":"https:\/\/vosgesinfo.fr\/app\/uploads\/sites\/5\/2021\/04\/dg20141119-zoneeuro-10-gremillet.jpg","contentUrl":"https:\/\/vosgesinfo.fr\/app\/uploads\/sites\/5\/2021\/04\/dg20141119-zoneeuro-10-gremillet.jpg","width":537,"height":359},{"@type":"BreadcrumbList","@id":"https:\/\/vosgesinfo.fr\/remiremontinfo\/2020\/12\/daniel-gremillet-voter-senat-deux-mesures-budgetaires-faveur-de-foret-francaise\/#breadcrumb","itemListElement":[{"@type":"ListItem","position":1,"name":"Home","item":"https:\/\/vosgesinfo.fr\/remiremontinfo\/"},{"@type":"ListItem","position":2,"name":"Daniel Gremillet fait voter au S\u00e9nat deux mesures budg\u00e9taires en faveur de la for\u00eat fran\u00e7aise"}]},{"@type":"WebSite","@id":"https:\/\/vosgesinfo.fr\/remiremontinfo\/#website","url":"https:\/\/vosgesinfo.fr\/remiremontinfo\/","name":"Remiremont Info","description":"Toute l&#039;actualit\u00e9 de Remiremont","publisher":{"@id":"https:\/\/vosgesinfo.fr\/remiremontinfo\/#organization"},"alternateName":"Toute l'actualit\u00e9 de Remiremont","potentialAction":[{"@type":"SearchAction","target":{"@type":"EntryPoint","urlTemplate":"https:\/\/vosgesinfo.fr\/remiremontinfo\/?s={search_term_string}"},"query-input":"required name=search_term_string"}],"inLanguage":"fr-FR"},{"@type":"Organization","@id":"https:\/\/vosgesinfo.fr\/remiremontinfo\/#organization","name":"Remiremont Info","url":"https:\/\/vosgesinfo.fr\/remiremontinfo\/","logo":{"@type":"ImageObject","inLanguage":"fr-FR","@id":"https:\/\/vosgesinfo.fr\/remiremontinfo\/#\/schema\/logo\/image\/","url":"https:\/\/vosgesinfo.fr\/app\/uploads\/sites\/5\/2023\/08\/favicon-remiremontinfo.png","contentUrl":"https:\/\/vosgesinfo.fr\/app\/uploads\/sites\/5\/2023\/08\/favicon-remiremontinfo.png","width":512,"height":512,"caption":"Remiremont Info"},"image":{"@id":"https:\/\/vosgesinfo.fr\/remiremontinfo\/#\/schema\/logo\/image\/"},"sameAs":["https:\/\/www.facebook.com\/remiremontinfo","https:\/\/x.com\/VosgesInfo88","https:\/\/www.youtube.com\/@vosgesinfo"]},{"@type":"Person","@id":"https:\/\/vosgesinfo.fr\/remiremontinfo\/#\/schema\/person\/3bfd164d5218a185b1db68655a265316","name":"C D","image":{"@type":"ImageObject","inLanguage":"fr-FR","@id":"https:\/\/vosgesinfo.fr\/remiremontinfo\/#\/schema\/person\/image\/","url":"https:\/\/secure.gravatar.com\/avatar\/1f9a70007336511a47468b8f1c66f922b8b7cf617b02a31149ada43893a5d48f?s=96&d=mm&r=g","contentUrl":"https:\/\/secure.gravatar.com\/avatar\/1f9a70007336511a47468b8f1c66f922b8b7cf617b02a31149ada43893a5d48f?s=96&d=mm&r=g","caption":"C D"},"url":"https:\/\/vosgesinfo.fr\/remiremontinfo\/author\/cedric-drevet\/"}]}},"_links":{"self":[{"href":"https:\/\/vosgesinfo.fr\/remiremontinfo\/wp-json\/wp\/v2\/posts\/34641","targetHints":{"allow":["GET"]}}],"collection":[{"href":"https:\/\/vosgesinfo.fr\/remiremontinfo\/wp-json\/wp\/v2\/posts"}],"about":[{"href":"https:\/\/vosgesinfo.fr\/remiremontinfo\/wp-json\/wp\/v2\/types\/post"}],"author":[{"embeddable":true,"href":"https:\/\/vosgesinfo.fr\/remiremontinfo\/wp-json\/wp\/v2\/users\/407"}],"replies":[{"embeddable":true,"href":"https:\/\/vosgesinfo.fr\/remiremontinfo\/wp-json\/wp\/v2\/comments?post=34641"}],"version-history":[{"count":0,"href":"https:\/\/vosgesinfo.fr\/remiremontinfo\/wp-json\/wp\/v2\/posts\/34641\/revisions"}],"wp:featuredmedia":[{"embeddable":true,"href":"https:\/\/vosgesinfo.fr\/remiremontinfo\/wp-json\/wp\/v2\/media\/2460"}],"wp:attachment":[{"href":"https:\/\/vosgesinfo.fr\/remiremontinfo\/wp-json\/wp\/v2\/media?parent=34641"}],"wp:term":[{"taxonomy":"category","embeddable":true,"href":"https:\/\/vosgesinfo.fr\/remiremontinfo\/wp-json\/wp\/v2\/categories?post=34641"},{"taxonomy":"post_tag","embeddable":true,"href":"https:\/\/vosgesinfo.fr\/remiremontinfo\/wp-json\/wp\/v2\/tags?post=34641"}],"curies":[{"name":"wp","href":"https:\/\/api.w.org\/{rel}","templated":true}]}}