{"id":34739,"date":"2020-12-07T08:47:27","date_gmt":"2020-12-07T07:47:27","guid":{"rendered":"https:\/\/vosgesinfo.fr\/remiremontinfo\/2020\/12\/remiremont-charcuterie-italienne-a-lecoquartier\/"},"modified":"2020-12-07T08:47:27","modified_gmt":"2020-12-07T07:47:27","slug":"remiremont-charcuterie-italienne-a-lecoquartier","status":"publish","type":"post","link":"https:\/\/vosgesinfo.fr\/remiremontinfo\/2020\/12\/remiremont-charcuterie-italienne-a-lecoquartier\/","title":{"rendered":"Remiremont\u00a0: une charcuterie italienne \u00e0 l\u2019\u00e9coquartier"},"content":{"rendered":"<p style=\"text-align: center;\"><a href=\"\/2020\/12\/DSC_0741.jpg\"><img decoding=\"async\" class=\"alignnone size-full wp-image-303770\" src=\"\/2020\/12\/DSC_0741.jpg\" alt=\"DSC_0741\" width=\"800\" height=\"532\" \/><\/a><\/p>\n<h2><span style=\"font-size: 12pt;\"><strong><span style=\"font-family: 'Times New Roman', serif;\"><span style=\"color: #222222;\">Vendredi matin, Roberto Castellani a ouvert les portes de sa charcuterie italienne, dans l\u2019\u00e9coquartier de la filature, \u00e0 Remiremont. L\u2019italien, habitant de Saulxure<\/span><span style=\"color: #222222;\">s<\/span><span style=\"color: #222222;\">, y propose <\/span><span style=\"color: #222222;\">de la <\/span><span style=\"color: #222222;\">c<\/span><span style=\"color: #222222;\">harcuterie, <\/span><span style=\"color: #222222;\">bien s\u00fbr, mais <\/span><span style=\"color: #222222;\">aussi <\/span><span style=\"color: #222222;\">quelques produits d\u2019\u00e9picerie, et de la petite restauration.<\/span><\/span><\/strong><\/span><\/h2>\n<p><span style=\"color: #222222;\"><span style=\"font-family: 'Times New Roman', serif;\"><span style=\"font-size: medium;\">Avec une <\/span><\/span><\/span><span style=\"color: #222222;\"><span style=\"font-family: 'Times New Roman', serif;\"><span style=\"font-size: medium;\">exp\u00e9rience <\/span><\/span><\/span><span style=\"color: #222222;\"><span style=\"font-family: 'Times New Roman', serif;\"><span style=\"font-size: medium;\">acquise<\/span><\/span><\/span><span style=\"color: #222222;\"><span style=\"font-family: 'Times New Roman', serif;\"><span style=\"font-size: medium;\"> \u00e0 Strasbourg, <\/span><\/span><\/span><span style=\"color: #222222;\"><span style=\"font-family: 'Times New Roman', serif;\"><span style=\"font-size: medium;\">en <\/span><\/span><\/span><span style=\"color: #222222;\"><span style=\"font-family: 'Times New Roman', serif;\"><span style=\"font-size: medium;\">Belgique, <\/span><\/span><\/span><span style=\"color: #222222;\"><span style=\"font-family: 'Times New Roman', serif;\"><span style=\"font-size: medium;\">en <\/span><\/span><\/span><span style=\"color: #222222;\"><span style=\"font-family: 'Times New Roman', serif;\"><span style=\"font-size: medium;\">Angleterre, <\/span><\/span><\/span><span style=\"color: #222222;\"><span style=\"font-family: 'Times New Roman', serif;\"><span style=\"font-size: medium;\">en<\/span><\/span><\/span><span style=\"color: #222222;\"><span style=\"font-family: 'Times New Roman', serif;\"><span style=\"font-size: medium;\"> Italie, <\/span><\/span><\/span><span style=\"color: #222222;\"><span style=\"font-family: 'Times New Roman', serif;\"><span style=\"font-size: medium;\">et en <\/span><\/span><\/span><span style=\"color: #222222;\"><span style=\"font-family: 'Times New Roman', serif;\"><span style=\"font-size: medium;\">Espagne, <\/span><\/span><\/span><span style=\"color: #222222;\"><span style=\"font-family: 'Times New Roman', serif;\"><span style=\"font-size: medium;\">Roberto souhaite apporter \u00e0 Remiremont <\/span><\/span><\/span><span style=\"color: #222222;\"><span style=\"font-family: 'Times New Roman', serif;\"><span style=\"font-size: medium;\"><em>\u00ab\u00a0quelque chose qui n\u2019existe pas ici\u00a0\u00bb<\/em>, <\/span><\/span><\/span><span style=\"color: #222222;\"><span style=\"font-family: 'Times New Roman', serif;\"><span style=\"font-size: medium;\">ou qui n\u2019existe plus pour l\u2019instant. Il y voit <\/span><\/span><\/span><em><span style=\"color: #222222;\"><span style=\"font-family: 'Times New Roman', serif;\"><span style=\"font-size: medium;\">\u00ab\u00a0une opportunit\u00e9 de pouvoir faire d\u00e9couvrir certains produits <\/span><\/span><\/span><span style=\"color: #222222;\"><span style=\"font-family: 'Times New Roman', serif;\"><span style=\"font-size: medium;\">(\u2026) f<\/span><\/span><\/span><\/em><span style=\"color: #222222;\"><span style=\"font-family: 'Times New Roman', serif;\"><span style=\"font-size: medium;\"><em>abriqu\u00e9s dans des entreprises familiales en Italie\u00a0\u00bb<\/em>. <\/span><\/span><\/span><span style=\"color: #222222;\"><span style=\"font-family: 'Times New Roman', serif;\"><span style=\"font-size: medium;\">En plus des jambons et saucissons, les clients pourront trouver dans la boutique du f<\/span><\/span><\/span><span style=\"color: #222222;\"><span style=\"font-family: 'Times New Roman', serif;\"><span style=\"font-size: medium;\">romage <\/span><\/span><\/span><span style=\"color: #222222;\"><span style=\"font-family: 'Times New Roman', serif;\"><span style=\"font-size: medium;\">et des<\/span><\/span><\/span><span style=\"color: #222222;\"><span style=\"font-family: 'Times New Roman', serif;\"><span style=\"font-size: medium;\"> antipasti. <\/span><\/span><\/span><span style=\"color: #222222;\"><span style=\"font-family: 'Times New Roman', serif;\"><span style=\"font-size: medium;\">Des menus seront aussi propos\u00e9s, <\/span><\/span><\/span><em><span style=\"color: #222222;\"><span style=\"font-family: 'Times New Roman', serif;\"><span style=\"font-size: medium;\">\u00ab\u00a0de l\u2019ap\u00e9ritif jusqu\u2019au caf\u00e9\u00a0\u00bb<\/span><\/span><\/span><\/em><span style=\"color: #222222;\"><span style=\"font-family: 'Times New Roman', serif;\"><span style=\"font-size: medium;\">, principalement <\/span><\/span><\/span><span style=\"color: #222222;\"><span style=\"font-family: 'Times New Roman', serif;\"><span style=\"font-size: medium;\">\u00e0 base de charcuterie. <\/span><\/span><\/span><span style=\"color: #222222;\"><span style=\"font-family: 'Times New Roman', serif;\"><span style=\"font-size: medium;\">Roberto souhaite cr\u00e9er un lieu pour s<\/span><\/span><\/span><span style=\"color: #222222;\"><span style=\"font-family: 'Times New Roman', serif;\"><span style=\"font-size: medium;\">e relaxer, prendre une pause, <\/span><\/span><\/span><span style=\"color: #222222;\"><span style=\"font-family: 'Times New Roman', serif;\"><span style=\"font-size: medium;\">notamment le midi, en s\u2019installant \u00e0 table.<\/span><\/span><\/span><span style=\"color: #222222;\"><span style=\"font-family: 'Times New Roman', serif;\"><span style=\"font-size: medium;\"><em> \u00ab\u00a0C\u2019est une tradition chez nous en Italie, on prend le temps de manger\u00a0\u00bb<\/em>. C\u2019est l\u2019ambiance qu\u2019il souhaite propose<\/span><\/span><\/span><span style=\"color: #222222;\"><span style=\"font-family: 'Times New Roman', serif;\"><span style=\"font-size: medium;\">r.<\/span><\/span><\/span><em><span style=\"color: #222222;\"><span style=\"font-family: 'Times New Roman', serif;\"><span style=\"font-size: medium;\"> \u00ab\u00a0J\u2019aime bien que les gens, quand ils viennent ici, se sentent \u00e0 l\u2019aise\u00a0\u00bb. Un lieu pour \u00ab\u00a0rire, parler avec quelqu\u2019un, go\u00fbter des produits\u00a0\u00bb.<\/span><\/span><\/span><\/em><\/p>\n\n","protected":false},"excerpt":{"rendered":"<p>Vendredi matin, Roberto Castellani a ouvert les portes de sa charcuterie italienne, dans l\u2019\u00e9coquartier de la filature, \u00e0 Remiremont. L\u2019italien, [&hellip;]<\/p>\n","protected":false},"author":407,"featured_media":34740,"comment_status":"open","ping_status":"open","sticky":false,"template":"","format":"standard","meta":{"footnotes":""},"categories":[26,120,1556,35],"tags":[],"class_list":["post-34739","post","type-post","status-publish","format-standard","has-post-thumbnail","hentry","category-a-la-une","category-commerce","category-remiremont-remiremont-son-canton-2","category-remiremont-son-canton"],"acf":[],"yoast_head":"<!-- This site is optimized with the Yoast SEO plugin v22.5 - https:\/\/yoast.com\/wordpress\/plugins\/seo\/ -->\n<title>Remiremont\u00a0: une charcuterie italienne \u00e0 l\u2019\u00e9coquartier - Remiremont Info<\/title>\n<meta name=\"robots\" content=\"index, follow, max-snippet:-1, max-image-preview:large, max-video-preview:-1\" \/>\n<link rel=\"canonical\" href=\"https:\/\/vosgesinfo.fr\/remiremontinfo\/2020\/12\/remiremont-charcuterie-italienne-a-lecoquartier\/\" \/>\n<meta name=\"twitter:card\" content=\"summary_large_image\" \/>\n<meta name=\"twitter:title\" content=\"Remiremont\u00a0: une charcuterie italienne \u00e0 l\u2019\u00e9coquartier - Remiremont Info\" \/>\n<meta name=\"twitter:description\" content=\"Vendredi matin, Roberto Castellani a ouvert les portes de sa charcuterie italienne, dans l\u2019\u00e9coquartier de la filature, \u00e0 Remiremont. L\u2019italien, [&hellip;]\" \/>\n<meta name=\"twitter:image\" content=\"https:\/\/vosgesinfo.fr\/app\/uploads\/sites\/5\/2024\/09\/202012dsc-0737.jpg\" \/>\n<meta name=\"twitter:creator\" content=\"@VosgesInfo88\" \/>\n<meta name=\"twitter:site\" content=\"@VosgesInfo88\" \/>\n<meta name=\"twitter:label1\" content=\"\u00c9crit par\" \/>\n\t<meta name=\"twitter:data1\" content=\"C D\" \/>\n\t<meta name=\"twitter:label2\" content=\"Dur\u00e9e de lecture estim\u00e9e\" \/>\n\t<meta name=\"twitter:data2\" content=\"1 minute\" \/>\n<script type=\"application\/ld+json\" class=\"yoast-schema-graph\">{\"@context\":\"https:\/\/schema.org\",\"@graph\":[{\"@type\":\"Article\",\"@id\":\"https:\/\/vosgesinfo.fr\/remiremontinfo\/2020\/12\/remiremont-charcuterie-italienne-a-lecoquartier\/#article\",\"isPartOf\":{\"@id\":\"https:\/\/vosgesinfo.fr\/remiremontinfo\/2020\/12\/remiremont-charcuterie-italienne-a-lecoquartier\/\"},\"author\":{\"name\":\"C D\",\"@id\":\"https:\/\/vosgesinfo.fr\/remiremontinfo\/#\/schema\/person\/3bfd164d5218a185b1db68655a265316\"},\"headline\":\"Remiremont\u00a0: une charcuterie italienne \u00e0 l\u2019\u00e9coquartier\",\"datePublished\":\"2020-12-07T07:47:27+00:00\",\"dateModified\":\"2020-12-07T07:47:27+00:00\",\"mainEntityOfPage\":{\"@id\":\"https:\/\/vosgesinfo.fr\/remiremontinfo\/2020\/12\/remiremont-charcuterie-italienne-a-lecoquartier\/\"},\"wordCount\":219,\"commentCount\":0,\"publisher\":{\"@id\":\"https:\/\/vosgesinfo.fr\/remiremontinfo\/#organization\"},\"image\":{\"@id\":\"https:\/\/vosgesinfo.fr\/remiremontinfo\/2020\/12\/remiremont-charcuterie-italienne-a-lecoquartier\/#primaryimage\"},\"thumbnailUrl\":\"https:\/\/vosgesinfo.fr\/app\/uploads\/sites\/5\/2024\/09\/202012dsc-0737.jpg\",\"articleSection\":[\"A la Une\",\"Commerce\",\"Remiremont\",\"Remiremont &amp; son canton\"],\"inLanguage\":\"fr-FR\",\"potentialAction\":[{\"@type\":\"CommentAction\",\"name\":\"Comment\",\"target\":[\"https:\/\/vosgesinfo.fr\/remiremontinfo\/2020\/12\/remiremont-charcuterie-italienne-a-lecoquartier\/#respond\"]}]},{\"@type\":\"WebPage\",\"@id\":\"https:\/\/vosgesinfo.fr\/remiremontinfo\/2020\/12\/remiremont-charcuterie-italienne-a-lecoquartier\/\",\"url\":\"https:\/\/vosgesinfo.fr\/remiremontinfo\/2020\/12\/remiremont-charcuterie-italienne-a-lecoquartier\/\",\"name\":\"Remiremont\u00a0: une charcuterie italienne \u00e0 l\u2019\u00e9coquartier - Remiremont Info\",\"isPartOf\":{\"@id\":\"https:\/\/vosgesinfo.fr\/remiremontinfo\/#website\"},\"primaryImageOfPage\":{\"@id\":\"https:\/\/vosgesinfo.fr\/remiremontinfo\/2020\/12\/remiremont-charcuterie-italienne-a-lecoquartier\/#primaryimage\"},\"image\":{\"@id\":\"https:\/\/vosgesinfo.fr\/remiremontinfo\/2020\/12\/remiremont-charcuterie-italienne-a-lecoquartier\/#primaryimage\"},\"thumbnailUrl\":\"https:\/\/vosgesinfo.fr\/app\/uploads\/sites\/5\/2024\/09\/202012dsc-0737.jpg\",\"datePublished\":\"2020-12-07T07:47:27+00:00\",\"dateModified\":\"2020-12-07T07:47:27+00:00\",\"breadcrumb\":{\"@id\":\"https:\/\/vosgesinfo.fr\/remiremontinfo\/2020\/12\/remiremont-charcuterie-italienne-a-lecoquartier\/#breadcrumb\"},\"inLanguage\":\"fr-FR\",\"potentialAction\":[{\"@type\":\"ReadAction\",\"target\":[\"https:\/\/vosgesinfo.fr\/remiremontinfo\/2020\/12\/remiremont-charcuterie-italienne-a-lecoquartier\/\"]}]},{\"@type\":\"ImageObject\",\"inLanguage\":\"fr-FR\",\"@id\":\"https:\/\/vosgesinfo.fr\/remiremontinfo\/2020\/12\/remiremont-charcuterie-italienne-a-lecoquartier\/#primaryimage\",\"url\":\"https:\/\/vosgesinfo.fr\/app\/uploads\/sites\/5\/2024\/09\/202012dsc-0737.jpg\",\"contentUrl\":\"https:\/\/vosgesinfo.fr\/app\/uploads\/sites\/5\/2024\/09\/202012dsc-0737.jpg\",\"width\":800,\"height\":532},{\"@type\":\"BreadcrumbList\",\"@id\":\"https:\/\/vosgesinfo.fr\/remiremontinfo\/2020\/12\/remiremont-charcuterie-italienne-a-lecoquartier\/#breadcrumb\",\"itemListElement\":[{\"@type\":\"ListItem\",\"position\":1,\"name\":\"Home\",\"item\":\"https:\/\/vosgesinfo.fr\/remiremontinfo\/\"},{\"@type\":\"ListItem\",\"position\":2,\"name\":\"Remiremont\u00a0: une charcuterie italienne \u00e0 l\u2019\u00e9coquartier\"}]},{\"@type\":\"WebSite\",\"@id\":\"https:\/\/vosgesinfo.fr\/remiremontinfo\/#website\",\"url\":\"https:\/\/vosgesinfo.fr\/remiremontinfo\/\",\"name\":\"Remiremont Info\",\"description\":\"Toute l&#039;actualit\u00e9 de Remiremont\",\"publisher\":{\"@id\":\"https:\/\/vosgesinfo.fr\/remiremontinfo\/#organization\"},\"alternateName\":\"Toute l'actualit\u00e9 de Remiremont\",\"potentialAction\":[{\"@type\":\"SearchAction\",\"target\":{\"@type\":\"EntryPoint\",\"urlTemplate\":\"https:\/\/vosgesinfo.fr\/remiremontinfo\/?s={search_term_string}\"},\"query-input\":\"required name=search_term_string\"}],\"inLanguage\":\"fr-FR\"},{\"@type\":\"Organization\",\"@id\":\"https:\/\/vosgesinfo.fr\/remiremontinfo\/#organization\",\"name\":\"Remiremont Info\",\"url\":\"https:\/\/vosgesinfo.fr\/remiremontinfo\/\",\"logo\":{\"@type\":\"ImageObject\",\"inLanguage\":\"fr-FR\",\"@id\":\"https:\/\/vosgesinfo.fr\/remiremontinfo\/#\/schema\/logo\/image\/\",\"url\":\"https:\/\/vosgesinfo.fr\/app\/uploads\/sites\/5\/2023\/08\/favicon-remiremontinfo.png\",\"contentUrl\":\"https:\/\/vosgesinfo.fr\/app\/uploads\/sites\/5\/2023\/08\/favicon-remiremontinfo.png\",\"width\":512,\"height\":512,\"caption\":\"Remiremont Info\"},\"image\":{\"@id\":\"https:\/\/vosgesinfo.fr\/remiremontinfo\/#\/schema\/logo\/image\/\"},\"sameAs\":[\"https:\/\/www.facebook.com\/remiremontinfo\",\"https:\/\/x.com\/VosgesInfo88\",\"https:\/\/www.youtube.com\/@vosgesinfo\"]},{\"@type\":\"Person\",\"@id\":\"https:\/\/vosgesinfo.fr\/remiremontinfo\/#\/schema\/person\/3bfd164d5218a185b1db68655a265316\",\"name\":\"C D\",\"image\":{\"@type\":\"ImageObject\",\"inLanguage\":\"fr-FR\",\"@id\":\"https:\/\/vosgesinfo.fr\/remiremontinfo\/#\/schema\/person\/image\/\",\"url\":\"https:\/\/secure.gravatar.com\/avatar\/1f9a70007336511a47468b8f1c66f922b8b7cf617b02a31149ada43893a5d48f?s=96&d=mm&r=g\",\"contentUrl\":\"https:\/\/secure.gravatar.com\/avatar\/1f9a70007336511a47468b8f1c66f922b8b7cf617b02a31149ada43893a5d48f?s=96&d=mm&r=g\",\"caption\":\"C D\"},\"url\":\"https:\/\/vosgesinfo.fr\/remiremontinfo\/author\/cedric-drevet\/\"}]}<\/script>\n<!-- \/ Yoast SEO plugin. -->","yoast_head_json":{"title":"Remiremont\u00a0: une charcuterie italienne \u00e0 l\u2019\u00e9coquartier - Remiremont Info","robots":{"index":"index","follow":"follow","max-snippet":"max-snippet:-1","max-image-preview":"max-image-preview:large","max-video-preview":"max-video-preview:-1"},"canonical":"https:\/\/vosgesinfo.fr\/remiremontinfo\/2020\/12\/remiremont-charcuterie-italienne-a-lecoquartier\/","twitter_card":"summary_large_image","twitter_title":"Remiremont\u00a0: une charcuterie italienne \u00e0 l\u2019\u00e9coquartier - Remiremont Info","twitter_description":"Vendredi matin, Roberto Castellani a ouvert les portes de sa charcuterie italienne, dans l\u2019\u00e9coquartier de la filature, \u00e0 Remiremont. L\u2019italien, [&hellip;]","twitter_image":"https:\/\/vosgesinfo.fr\/app\/uploads\/sites\/5\/2024\/09\/202012dsc-0737.jpg","twitter_creator":"@VosgesInfo88","twitter_site":"@VosgesInfo88","twitter_misc":{"\u00c9crit par":"C D","Dur\u00e9e de lecture estim\u00e9e":"1 minute"},"schema":{"@context":"https:\/\/schema.org","@graph":[{"@type":"Article","@id":"https:\/\/vosgesinfo.fr\/remiremontinfo\/2020\/12\/remiremont-charcuterie-italienne-a-lecoquartier\/#article","isPartOf":{"@id":"https:\/\/vosgesinfo.fr\/remiremontinfo\/2020\/12\/remiremont-charcuterie-italienne-a-lecoquartier\/"},"author":{"name":"C D","@id":"https:\/\/vosgesinfo.fr\/remiremontinfo\/#\/schema\/person\/3bfd164d5218a185b1db68655a265316"},"headline":"Remiremont\u00a0: une charcuterie italienne \u00e0 l\u2019\u00e9coquartier","datePublished":"2020-12-07T07:47:27+00:00","dateModified":"2020-12-07T07:47:27+00:00","mainEntityOfPage":{"@id":"https:\/\/vosgesinfo.fr\/remiremontinfo\/2020\/12\/remiremont-charcuterie-italienne-a-lecoquartier\/"},"wordCount":219,"commentCount":0,"publisher":{"@id":"https:\/\/vosgesinfo.fr\/remiremontinfo\/#organization"},"image":{"@id":"https:\/\/vosgesinfo.fr\/remiremontinfo\/2020\/12\/remiremont-charcuterie-italienne-a-lecoquartier\/#primaryimage"},"thumbnailUrl":"https:\/\/vosgesinfo.fr\/app\/uploads\/sites\/5\/2024\/09\/202012dsc-0737.jpg","articleSection":["A la Une","Commerce","Remiremont","Remiremont &amp; son canton"],"inLanguage":"fr-FR","potentialAction":[{"@type":"CommentAction","name":"Comment","target":["https:\/\/vosgesinfo.fr\/remiremontinfo\/2020\/12\/remiremont-charcuterie-italienne-a-lecoquartier\/#respond"]}]},{"@type":"WebPage","@id":"https:\/\/vosgesinfo.fr\/remiremontinfo\/2020\/12\/remiremont-charcuterie-italienne-a-lecoquartier\/","url":"https:\/\/vosgesinfo.fr\/remiremontinfo\/2020\/12\/remiremont-charcuterie-italienne-a-lecoquartier\/","name":"Remiremont\u00a0: une charcuterie italienne \u00e0 l\u2019\u00e9coquartier - Remiremont Info","isPartOf":{"@id":"https:\/\/vosgesinfo.fr\/remiremontinfo\/#website"},"primaryImageOfPage":{"@id":"https:\/\/vosgesinfo.fr\/remiremontinfo\/2020\/12\/remiremont-charcuterie-italienne-a-lecoquartier\/#primaryimage"},"image":{"@id":"https:\/\/vosgesinfo.fr\/remiremontinfo\/2020\/12\/remiremont-charcuterie-italienne-a-lecoquartier\/#primaryimage"},"thumbnailUrl":"https:\/\/vosgesinfo.fr\/app\/uploads\/sites\/5\/2024\/09\/202012dsc-0737.jpg","datePublished":"2020-12-07T07:47:27+00:00","dateModified":"2020-12-07T07:47:27+00:00","breadcrumb":{"@id":"https:\/\/vosgesinfo.fr\/remiremontinfo\/2020\/12\/remiremont-charcuterie-italienne-a-lecoquartier\/#breadcrumb"},"inLanguage":"fr-FR","potentialAction":[{"@type":"ReadAction","target":["https:\/\/vosgesinfo.fr\/remiremontinfo\/2020\/12\/remiremont-charcuterie-italienne-a-lecoquartier\/"]}]},{"@type":"ImageObject","inLanguage":"fr-FR","@id":"https:\/\/vosgesinfo.fr\/remiremontinfo\/2020\/12\/remiremont-charcuterie-italienne-a-lecoquartier\/#primaryimage","url":"https:\/\/vosgesinfo.fr\/app\/uploads\/sites\/5\/2024\/09\/202012dsc-0737.jpg","contentUrl":"https:\/\/vosgesinfo.fr\/app\/uploads\/sites\/5\/2024\/09\/202012dsc-0737.jpg","width":800,"height":532},{"@type":"BreadcrumbList","@id":"https:\/\/vosgesinfo.fr\/remiremontinfo\/2020\/12\/remiremont-charcuterie-italienne-a-lecoquartier\/#breadcrumb","itemListElement":[{"@type":"ListItem","position":1,"name":"Home","item":"https:\/\/vosgesinfo.fr\/remiremontinfo\/"},{"@type":"ListItem","position":2,"name":"Remiremont\u00a0: une charcuterie italienne \u00e0 l\u2019\u00e9coquartier"}]},{"@type":"WebSite","@id":"https:\/\/vosgesinfo.fr\/remiremontinfo\/#website","url":"https:\/\/vosgesinfo.fr\/remiremontinfo\/","name":"Remiremont Info","description":"Toute l&#039;actualit\u00e9 de Remiremont","publisher":{"@id":"https:\/\/vosgesinfo.fr\/remiremontinfo\/#organization"},"alternateName":"Toute l'actualit\u00e9 de Remiremont","potentialAction":[{"@type":"SearchAction","target":{"@type":"EntryPoint","urlTemplate":"https:\/\/vosgesinfo.fr\/remiremontinfo\/?s={search_term_string}"},"query-input":"required name=search_term_string"}],"inLanguage":"fr-FR"},{"@type":"Organization","@id":"https:\/\/vosgesinfo.fr\/remiremontinfo\/#organization","name":"Remiremont Info","url":"https:\/\/vosgesinfo.fr\/remiremontinfo\/","logo":{"@type":"ImageObject","inLanguage":"fr-FR","@id":"https:\/\/vosgesinfo.fr\/remiremontinfo\/#\/schema\/logo\/image\/","url":"https:\/\/vosgesinfo.fr\/app\/uploads\/sites\/5\/2023\/08\/favicon-remiremontinfo.png","contentUrl":"https:\/\/vosgesinfo.fr\/app\/uploads\/sites\/5\/2023\/08\/favicon-remiremontinfo.png","width":512,"height":512,"caption":"Remiremont Info"},"image":{"@id":"https:\/\/vosgesinfo.fr\/remiremontinfo\/#\/schema\/logo\/image\/"},"sameAs":["https:\/\/www.facebook.com\/remiremontinfo","https:\/\/x.com\/VosgesInfo88","https:\/\/www.youtube.com\/@vosgesinfo"]},{"@type":"Person","@id":"https:\/\/vosgesinfo.fr\/remiremontinfo\/#\/schema\/person\/3bfd164d5218a185b1db68655a265316","name":"C D","image":{"@type":"ImageObject","inLanguage":"fr-FR","@id":"https:\/\/vosgesinfo.fr\/remiremontinfo\/#\/schema\/person\/image\/","url":"https:\/\/secure.gravatar.com\/avatar\/1f9a70007336511a47468b8f1c66f922b8b7cf617b02a31149ada43893a5d48f?s=96&d=mm&r=g","contentUrl":"https:\/\/secure.gravatar.com\/avatar\/1f9a70007336511a47468b8f1c66f922b8b7cf617b02a31149ada43893a5d48f?s=96&d=mm&r=g","caption":"C D"},"url":"https:\/\/vosgesinfo.fr\/remiremontinfo\/author\/cedric-drevet\/"}]}},"_links":{"self":[{"href":"https:\/\/vosgesinfo.fr\/remiremontinfo\/wp-json\/wp\/v2\/posts\/34739","targetHints":{"allow":["GET"]}}],"collection":[{"href":"https:\/\/vosgesinfo.fr\/remiremontinfo\/wp-json\/wp\/v2\/posts"}],"about":[{"href":"https:\/\/vosgesinfo.fr\/remiremontinfo\/wp-json\/wp\/v2\/types\/post"}],"author":[{"embeddable":true,"href":"https:\/\/vosgesinfo.fr\/remiremontinfo\/wp-json\/wp\/v2\/users\/407"}],"replies":[{"embeddable":true,"href":"https:\/\/vosgesinfo.fr\/remiremontinfo\/wp-json\/wp\/v2\/comments?post=34739"}],"version-history":[{"count":0,"href":"https:\/\/vosgesinfo.fr\/remiremontinfo\/wp-json\/wp\/v2\/posts\/34739\/revisions"}],"wp:featuredmedia":[{"embeddable":true,"href":"https:\/\/vosgesinfo.fr\/remiremontinfo\/wp-json\/wp\/v2\/media\/34740"}],"wp:attachment":[{"href":"https:\/\/vosgesinfo.fr\/remiremontinfo\/wp-json\/wp\/v2\/media?parent=34739"}],"wp:term":[{"taxonomy":"category","embeddable":true,"href":"https:\/\/vosgesinfo.fr\/remiremontinfo\/wp-json\/wp\/v2\/categories?post=34739"},{"taxonomy":"post_tag","embeddable":true,"href":"https:\/\/vosgesinfo.fr\/remiremontinfo\/wp-json\/wp\/v2\/tags?post=34739"}],"curies":[{"name":"wp","href":"https:\/\/api.w.org\/{rel}","templated":true}]}}