{"id":34757,"date":"2020-12-07T11:38:52","date_gmt":"2020-12-07T10:38:52","guid":{"rendered":"https:\/\/vosgesinfo.fr\/remiremontinfo\/2020\/12\/demarchage-telephonique-premieres-sanctions-application-de-loi-depute-christophe-naegelen\/"},"modified":"2020-12-07T11:38:52","modified_gmt":"2020-12-07T10:38:52","slug":"demarchage-telephonique-premieres-sanctions-application-de-loi-depute-christophe-naegelen","status":"publish","type":"post","link":"https:\/\/vosgesinfo.fr\/remiremontinfo\/2020\/12\/demarchage-telephonique-premieres-sanctions-application-de-loi-depute-christophe-naegelen\/","title":{"rendered":"D\u00e9marchage t\u00e9l\u00e9phonique : premi\u00e8res sanctions en application de la loi du d\u00e9put\u00e9 Christophe Naegelen"},"content":{"rendered":"<p style=\"text-align: center;\"><a href=\"\/2020\/12\/Capture-d\u2019\u00e9cran-2020-12-07-123615.png\"><img decoding=\"async\" class=\"alignnone size-full wp-image-303793\" src=\"\/2020\/12\/Capture-d\u2019\u00e9cran-2020-12-07-123615.png\" alt=\"Capture d\u2019\u00e9cran 2020-12-07 123615\" width=\"800\" height=\"531\" \/><\/a><\/p>\n<p><span style=\"font-size: 10pt;\"><em>Photo d&rsquo;illustration<\/em><\/span><\/p>\n<h2><span style=\"font-size: 14pt;\"><strong><span style=\"color: #222222;\"><span style=\"font-family: 'Times New Roman', serif;\">La loi Naegelen, du <\/span><\/span><span style=\"color: #222222;\"><span style=\"font-family: 'Times New Roman', serif;\">d\u00e9put\u00e9 <\/span><\/span><span style=\"color: #222222;\"><span style=\"font-family: 'Times New Roman', serif;\">de la 3\u00e8me circonscription des Vosges visant \u00e0 encadrer le d\u00e9marchage t\u00e9l\u00e9phonique et \u00e0 lutter contre les appels frauduleux, a \u00e9t\u00e9 publi\u00e9e au Journal Officiel du samedi 25 juillet dernier. Les <\/span><\/span><span style=\"color: #222222;\"><span style=\"font-family: 'Times New Roman', serif;\">premi\u00e8res mises en application<\/span><\/span><span style=\"color: #222222;\"><span style=\"font-family: 'Times New Roman', serif;\"> viennent d\u2019avoir lieu.<\/span><\/span><\/strong><\/span><\/h2>\n<p><span style=\"color: #222222;\"><span style=\"font-family: 'Times New Roman', serif;\"><span style=\"font-size: medium;\">Ainsi, la soci\u00e9t\u00e9 SAS RENOV France a \u00e9t\u00e9 sanctionn\u00e9e, notamment, sur le fondement du code de la consommation pour d\u00e9marchage t\u00e9l\u00e9phonique abusif de consommateurs inscrits sur la liste d&rsquo;opposition Bloctel et ne souhaitant pas faire l\u2019objet d\u2019une prospection commerciale.<\/span><\/span><\/span><\/p>\n<p><i><span style=\"color: #222222;\"><span style=\"font-family: 'Times New Roman', serif;\"><span style=\"font-size: medium;\">Sanction administrative d&rsquo;un montant de 33 600 euros \u00e0 l\u2019encontre de la SAS RENOV FRANCE &#8211; 03\/12\/2020<\/span><\/span><\/span><\/i><\/p>\n<p><i><span style=\"color: #222222;\"><span style=\"font-family: 'Times New Roman', serif;\"><span style=\"font-size: medium;\">La Direction d\u00e9partementale de la protection des populations du Val-de-Marne a prononc\u00e9 une amende administrative d\u2019un montant de 33 600 euros \u00e0 l\u2019encontre de la SAS RENOV FRANCE pour manquements aux articles L. 221-5 (d\u00e9faut d\u2019information pr\u00e9contractuelle dans le cadre d\u2019un contrat conclu hors \u00e9tablissement commercial), L. 221-8 (d\u00e9faut d\u2019information contractuelle dans le cadre d\u2019un contrat conclu hors \u00e9tablissement commercial), L. 221-25 (ex\u00e9cution d&rsquo;une prestation de services ou d&rsquo;un contrat avant la fin du d\u00e9lai de r\u00e9tractation), L. 223-1 (d\u00e9marchage t\u00e9l\u00e9phonique de consommateurs inscrits sur la liste d&rsquo;opposition au d\u00e9marchage t\u00e9l\u00e9phonique et ne souhaitant pas faire l\u2019objet d\u2019une prospection commerciale) et L. 616-1 du code de la consommation (absence de communication au consommateur des coordonn\u00e9es du ou des m\u00e9diateurs comp\u00e9tents dont rel\u00e8ve le professionnel).<\/span><\/span><\/span><\/i><\/p>\n<p><span style=\"color: #222222;\"><span style=\"font-family: 'Times New Roman', serif;\"><span style=\"font-size: medium;\">Retrouvez plus d\u2019infos ici\u00a0: <\/span><\/span><\/span><span style=\"color: #222222;\"><span style=\"font-family: 'Times New Roman', serif;\"><span style=\"font-size: medium;\"><a href=\"https:\/\/www.economie.gouv.fr\/dgccrf\/sanctions-protection-economique-des-consommateurs\">Sanctions \u2013 Protection \u00e9conomique des consommateurs | economie.gouv.fr<\/a> <\/span><\/span><\/span><\/p>\n","protected":false},"excerpt":{"rendered":"<p>Photo d&rsquo;illustration La loi Naegelen, du d\u00e9put\u00e9 de la 3\u00e8me circonscription des Vosges visant \u00e0 encadrer le d\u00e9marchage t\u00e9l\u00e9phonique et [&hellip;]<\/p>\n","protected":false},"author":407,"featured_media":34758,"comment_status":"open","ping_status":"open","sticky":false,"template":"","format":"standard","meta":{"footnotes":""},"categories":[26,13,18],"tags":[],"class_list":["post-34757","post","type-post","status-publish","format-standard","has-post-thumbnail","hentry","category-a-la-une","category-societe","category-vosges"],"acf":[],"yoast_head":"<!-- This site is optimized with the Yoast SEO plugin v22.5 - https:\/\/yoast.com\/wordpress\/plugins\/seo\/ -->\n<title>D\u00e9marchage t\u00e9l\u00e9phonique : premi\u00e8res sanctions en application de la loi du d\u00e9put\u00e9 Christophe Naegelen - Remiremont Info<\/title>\n<meta name=\"robots\" content=\"index, follow, max-snippet:-1, max-image-preview:large, max-video-preview:-1\" \/>\n<link rel=\"canonical\" href=\"https:\/\/vosgesinfo.fr\/remiremontinfo\/2020\/12\/demarchage-telephonique-premieres-sanctions-application-de-loi-depute-christophe-naegelen\/\" \/>\n<meta name=\"twitter:card\" content=\"summary_large_image\" \/>\n<meta name=\"twitter:title\" content=\"D\u00e9marchage t\u00e9l\u00e9phonique : premi\u00e8res sanctions en application de la loi du d\u00e9put\u00e9 Christophe Naegelen - Remiremont Info\" \/>\n<meta name=\"twitter:description\" content=\"Photo d&rsquo;illustration La loi Naegelen, du d\u00e9put\u00e9 de la 3\u00e8me circonscription des Vosges visant \u00e0 encadrer le d\u00e9marchage t\u00e9l\u00e9phonique et [&hellip;]\" \/>\n<meta name=\"twitter:image\" content=\"https:\/\/vosgesinfo.fr\/app\/uploads\/sites\/5\/2024\/09\/202012capture-decran-2020-12-07-123615.png\" \/>\n<meta name=\"twitter:creator\" content=\"@VosgesInfo88\" \/>\n<meta name=\"twitter:site\" content=\"@VosgesInfo88\" \/>\n<meta name=\"twitter:label1\" content=\"\u00c9crit par\" \/>\n\t<meta name=\"twitter:data1\" content=\"C D\" \/>\n\t<meta name=\"twitter:label2\" content=\"Dur\u00e9e de lecture estim\u00e9e\" \/>\n\t<meta name=\"twitter:data2\" content=\"1 minute\" \/>\n<script type=\"application\/ld+json\" class=\"yoast-schema-graph\">{\"@context\":\"https:\/\/schema.org\",\"@graph\":[{\"@type\":\"Article\",\"@id\":\"https:\/\/vosgesinfo.fr\/remiremontinfo\/2020\/12\/demarchage-telephonique-premieres-sanctions-application-de-loi-depute-christophe-naegelen\/#article\",\"isPartOf\":{\"@id\":\"https:\/\/vosgesinfo.fr\/remiremontinfo\/2020\/12\/demarchage-telephonique-premieres-sanctions-application-de-loi-depute-christophe-naegelen\/\"},\"author\":{\"name\":\"C D\",\"@id\":\"https:\/\/vosgesinfo.fr\/remiremontinfo\/#\/schema\/person\/3bfd164d5218a185b1db68655a265316\"},\"headline\":\"D\u00e9marchage t\u00e9l\u00e9phonique : premi\u00e8res sanctions en application de la loi du d\u00e9put\u00e9 Christophe Naegelen\",\"datePublished\":\"2020-12-07T10:38:52+00:00\",\"dateModified\":\"2020-12-07T10:38:52+00:00\",\"mainEntityOfPage\":{\"@id\":\"https:\/\/vosgesinfo.fr\/remiremontinfo\/2020\/12\/demarchage-telephonique-premieres-sanctions-application-de-loi-depute-christophe-naegelen\/\"},\"wordCount\":292,\"commentCount\":0,\"publisher\":{\"@id\":\"https:\/\/vosgesinfo.fr\/remiremontinfo\/#organization\"},\"image\":{\"@id\":\"https:\/\/vosgesinfo.fr\/remiremontinfo\/2020\/12\/demarchage-telephonique-premieres-sanctions-application-de-loi-depute-christophe-naegelen\/#primaryimage\"},\"thumbnailUrl\":\"https:\/\/vosgesinfo.fr\/app\/uploads\/sites\/5\/2024\/09\/202012capture-decran-2020-12-07-123615.png\",\"articleSection\":[\"A la Une\",\"Soci\u00e9t\u00e9\",\"Vosges\"],\"inLanguage\":\"fr-FR\",\"potentialAction\":[{\"@type\":\"CommentAction\",\"name\":\"Comment\",\"target\":[\"https:\/\/vosgesinfo.fr\/remiremontinfo\/2020\/12\/demarchage-telephonique-premieres-sanctions-application-de-loi-depute-christophe-naegelen\/#respond\"]}]},{\"@type\":\"WebPage\",\"@id\":\"https:\/\/vosgesinfo.fr\/remiremontinfo\/2020\/12\/demarchage-telephonique-premieres-sanctions-application-de-loi-depute-christophe-naegelen\/\",\"url\":\"https:\/\/vosgesinfo.fr\/remiremontinfo\/2020\/12\/demarchage-telephonique-premieres-sanctions-application-de-loi-depute-christophe-naegelen\/\",\"name\":\"D\u00e9marchage t\u00e9l\u00e9phonique : premi\u00e8res sanctions en application de la loi du d\u00e9put\u00e9 Christophe Naegelen - Remiremont Info\",\"isPartOf\":{\"@id\":\"https:\/\/vosgesinfo.fr\/remiremontinfo\/#website\"},\"primaryImageOfPage\":{\"@id\":\"https:\/\/vosgesinfo.fr\/remiremontinfo\/2020\/12\/demarchage-telephonique-premieres-sanctions-application-de-loi-depute-christophe-naegelen\/#primaryimage\"},\"image\":{\"@id\":\"https:\/\/vosgesinfo.fr\/remiremontinfo\/2020\/12\/demarchage-telephonique-premieres-sanctions-application-de-loi-depute-christophe-naegelen\/#primaryimage\"},\"thumbnailUrl\":\"https:\/\/vosgesinfo.fr\/app\/uploads\/sites\/5\/2024\/09\/202012capture-decran-2020-12-07-123615.png\",\"datePublished\":\"2020-12-07T10:38:52+00:00\",\"dateModified\":\"2020-12-07T10:38:52+00:00\",\"breadcrumb\":{\"@id\":\"https:\/\/vosgesinfo.fr\/remiremontinfo\/2020\/12\/demarchage-telephonique-premieres-sanctions-application-de-loi-depute-christophe-naegelen\/#breadcrumb\"},\"inLanguage\":\"fr-FR\",\"potentialAction\":[{\"@type\":\"ReadAction\",\"target\":[\"https:\/\/vosgesinfo.fr\/remiremontinfo\/2020\/12\/demarchage-telephonique-premieres-sanctions-application-de-loi-depute-christophe-naegelen\/\"]}]},{\"@type\":\"ImageObject\",\"inLanguage\":\"fr-FR\",\"@id\":\"https:\/\/vosgesinfo.fr\/remiremontinfo\/2020\/12\/demarchage-telephonique-premieres-sanctions-application-de-loi-depute-christophe-naegelen\/#primaryimage\",\"url\":\"https:\/\/vosgesinfo.fr\/app\/uploads\/sites\/5\/2024\/09\/202012capture-decran-2020-12-07-123615.png\",\"contentUrl\":\"https:\/\/vosgesinfo.fr\/app\/uploads\/sites\/5\/2024\/09\/202012capture-decran-2020-12-07-123615.png\",\"width\":800,\"height\":531},{\"@type\":\"BreadcrumbList\",\"@id\":\"https:\/\/vosgesinfo.fr\/remiremontinfo\/2020\/12\/demarchage-telephonique-premieres-sanctions-application-de-loi-depute-christophe-naegelen\/#breadcrumb\",\"itemListElement\":[{\"@type\":\"ListItem\",\"position\":1,\"name\":\"Home\",\"item\":\"https:\/\/vosgesinfo.fr\/remiremontinfo\/\"},{\"@type\":\"ListItem\",\"position\":2,\"name\":\"D\u00e9marchage t\u00e9l\u00e9phonique : premi\u00e8res sanctions en application de la loi du d\u00e9put\u00e9 Christophe Naegelen\"}]},{\"@type\":\"WebSite\",\"@id\":\"https:\/\/vosgesinfo.fr\/remiremontinfo\/#website\",\"url\":\"https:\/\/vosgesinfo.fr\/remiremontinfo\/\",\"name\":\"Remiremont Info\",\"description\":\"Toute l&#039;actualit\u00e9 de Remiremont\",\"publisher\":{\"@id\":\"https:\/\/vosgesinfo.fr\/remiremontinfo\/#organization\"},\"alternateName\":\"Toute l'actualit\u00e9 de Remiremont\",\"potentialAction\":[{\"@type\":\"SearchAction\",\"target\":{\"@type\":\"EntryPoint\",\"urlTemplate\":\"https:\/\/vosgesinfo.fr\/remiremontinfo\/?s={search_term_string}\"},\"query-input\":\"required name=search_term_string\"}],\"inLanguage\":\"fr-FR\"},{\"@type\":\"Organization\",\"@id\":\"https:\/\/vosgesinfo.fr\/remiremontinfo\/#organization\",\"name\":\"Remiremont Info\",\"url\":\"https:\/\/vosgesinfo.fr\/remiremontinfo\/\",\"logo\":{\"@type\":\"ImageObject\",\"inLanguage\":\"fr-FR\",\"@id\":\"https:\/\/vosgesinfo.fr\/remiremontinfo\/#\/schema\/logo\/image\/\",\"url\":\"https:\/\/vosgesinfo.fr\/app\/uploads\/sites\/5\/2023\/08\/favicon-remiremontinfo.png\",\"contentUrl\":\"https:\/\/vosgesinfo.fr\/app\/uploads\/sites\/5\/2023\/08\/favicon-remiremontinfo.png\",\"width\":512,\"height\":512,\"caption\":\"Remiremont Info\"},\"image\":{\"@id\":\"https:\/\/vosgesinfo.fr\/remiremontinfo\/#\/schema\/logo\/image\/\"},\"sameAs\":[\"https:\/\/www.facebook.com\/remiremontinfo\",\"https:\/\/x.com\/VosgesInfo88\",\"https:\/\/www.youtube.com\/@vosgesinfo\"]},{\"@type\":\"Person\",\"@id\":\"https:\/\/vosgesinfo.fr\/remiremontinfo\/#\/schema\/person\/3bfd164d5218a185b1db68655a265316\",\"name\":\"C D\",\"image\":{\"@type\":\"ImageObject\",\"inLanguage\":\"fr-FR\",\"@id\":\"https:\/\/vosgesinfo.fr\/remiremontinfo\/#\/schema\/person\/image\/\",\"url\":\"https:\/\/secure.gravatar.com\/avatar\/1f9a70007336511a47468b8f1c66f922b8b7cf617b02a31149ada43893a5d48f?s=96&d=mm&r=g\",\"contentUrl\":\"https:\/\/secure.gravatar.com\/avatar\/1f9a70007336511a47468b8f1c66f922b8b7cf617b02a31149ada43893a5d48f?s=96&d=mm&r=g\",\"caption\":\"C D\"},\"url\":\"https:\/\/vosgesinfo.fr\/remiremontinfo\/author\/cedric-drevet\/\"}]}<\/script>\n<!-- \/ Yoast SEO plugin. -->","yoast_head_json":{"title":"D\u00e9marchage t\u00e9l\u00e9phonique : premi\u00e8res sanctions en application de la loi du d\u00e9put\u00e9 Christophe Naegelen - Remiremont Info","robots":{"index":"index","follow":"follow","max-snippet":"max-snippet:-1","max-image-preview":"max-image-preview:large","max-video-preview":"max-video-preview:-1"},"canonical":"https:\/\/vosgesinfo.fr\/remiremontinfo\/2020\/12\/demarchage-telephonique-premieres-sanctions-application-de-loi-depute-christophe-naegelen\/","twitter_card":"summary_large_image","twitter_title":"D\u00e9marchage t\u00e9l\u00e9phonique : premi\u00e8res sanctions en application de la loi du d\u00e9put\u00e9 Christophe Naegelen - Remiremont Info","twitter_description":"Photo d&rsquo;illustration La loi Naegelen, du d\u00e9put\u00e9 de la 3\u00e8me circonscription des Vosges visant \u00e0 encadrer le d\u00e9marchage t\u00e9l\u00e9phonique et [&hellip;]","twitter_image":"https:\/\/vosgesinfo.fr\/app\/uploads\/sites\/5\/2024\/09\/202012capture-decran-2020-12-07-123615.png","twitter_creator":"@VosgesInfo88","twitter_site":"@VosgesInfo88","twitter_misc":{"\u00c9crit par":"C D","Dur\u00e9e de lecture estim\u00e9e":"1 minute"},"schema":{"@context":"https:\/\/schema.org","@graph":[{"@type":"Article","@id":"https:\/\/vosgesinfo.fr\/remiremontinfo\/2020\/12\/demarchage-telephonique-premieres-sanctions-application-de-loi-depute-christophe-naegelen\/#article","isPartOf":{"@id":"https:\/\/vosgesinfo.fr\/remiremontinfo\/2020\/12\/demarchage-telephonique-premieres-sanctions-application-de-loi-depute-christophe-naegelen\/"},"author":{"name":"C D","@id":"https:\/\/vosgesinfo.fr\/remiremontinfo\/#\/schema\/person\/3bfd164d5218a185b1db68655a265316"},"headline":"D\u00e9marchage t\u00e9l\u00e9phonique : premi\u00e8res sanctions en application de la loi du d\u00e9put\u00e9 Christophe Naegelen","datePublished":"2020-12-07T10:38:52+00:00","dateModified":"2020-12-07T10:38:52+00:00","mainEntityOfPage":{"@id":"https:\/\/vosgesinfo.fr\/remiremontinfo\/2020\/12\/demarchage-telephonique-premieres-sanctions-application-de-loi-depute-christophe-naegelen\/"},"wordCount":292,"commentCount":0,"publisher":{"@id":"https:\/\/vosgesinfo.fr\/remiremontinfo\/#organization"},"image":{"@id":"https:\/\/vosgesinfo.fr\/remiremontinfo\/2020\/12\/demarchage-telephonique-premieres-sanctions-application-de-loi-depute-christophe-naegelen\/#primaryimage"},"thumbnailUrl":"https:\/\/vosgesinfo.fr\/app\/uploads\/sites\/5\/2024\/09\/202012capture-decran-2020-12-07-123615.png","articleSection":["A la Une","Soci\u00e9t\u00e9","Vosges"],"inLanguage":"fr-FR","potentialAction":[{"@type":"CommentAction","name":"Comment","target":["https:\/\/vosgesinfo.fr\/remiremontinfo\/2020\/12\/demarchage-telephonique-premieres-sanctions-application-de-loi-depute-christophe-naegelen\/#respond"]}]},{"@type":"WebPage","@id":"https:\/\/vosgesinfo.fr\/remiremontinfo\/2020\/12\/demarchage-telephonique-premieres-sanctions-application-de-loi-depute-christophe-naegelen\/","url":"https:\/\/vosgesinfo.fr\/remiremontinfo\/2020\/12\/demarchage-telephonique-premieres-sanctions-application-de-loi-depute-christophe-naegelen\/","name":"D\u00e9marchage t\u00e9l\u00e9phonique : premi\u00e8res sanctions en application de la loi du d\u00e9put\u00e9 Christophe Naegelen - Remiremont Info","isPartOf":{"@id":"https:\/\/vosgesinfo.fr\/remiremontinfo\/#website"},"primaryImageOfPage":{"@id":"https:\/\/vosgesinfo.fr\/remiremontinfo\/2020\/12\/demarchage-telephonique-premieres-sanctions-application-de-loi-depute-christophe-naegelen\/#primaryimage"},"image":{"@id":"https:\/\/vosgesinfo.fr\/remiremontinfo\/2020\/12\/demarchage-telephonique-premieres-sanctions-application-de-loi-depute-christophe-naegelen\/#primaryimage"},"thumbnailUrl":"https:\/\/vosgesinfo.fr\/app\/uploads\/sites\/5\/2024\/09\/202012capture-decran-2020-12-07-123615.png","datePublished":"2020-12-07T10:38:52+00:00","dateModified":"2020-12-07T10:38:52+00:00","breadcrumb":{"@id":"https:\/\/vosgesinfo.fr\/remiremontinfo\/2020\/12\/demarchage-telephonique-premieres-sanctions-application-de-loi-depute-christophe-naegelen\/#breadcrumb"},"inLanguage":"fr-FR","potentialAction":[{"@type":"ReadAction","target":["https:\/\/vosgesinfo.fr\/remiremontinfo\/2020\/12\/demarchage-telephonique-premieres-sanctions-application-de-loi-depute-christophe-naegelen\/"]}]},{"@type":"ImageObject","inLanguage":"fr-FR","@id":"https:\/\/vosgesinfo.fr\/remiremontinfo\/2020\/12\/demarchage-telephonique-premieres-sanctions-application-de-loi-depute-christophe-naegelen\/#primaryimage","url":"https:\/\/vosgesinfo.fr\/app\/uploads\/sites\/5\/2024\/09\/202012capture-decran-2020-12-07-123615.png","contentUrl":"https:\/\/vosgesinfo.fr\/app\/uploads\/sites\/5\/2024\/09\/202012capture-decran-2020-12-07-123615.png","width":800,"height":531},{"@type":"BreadcrumbList","@id":"https:\/\/vosgesinfo.fr\/remiremontinfo\/2020\/12\/demarchage-telephonique-premieres-sanctions-application-de-loi-depute-christophe-naegelen\/#breadcrumb","itemListElement":[{"@type":"ListItem","position":1,"name":"Home","item":"https:\/\/vosgesinfo.fr\/remiremontinfo\/"},{"@type":"ListItem","position":2,"name":"D\u00e9marchage t\u00e9l\u00e9phonique : premi\u00e8res sanctions en application de la loi du d\u00e9put\u00e9 Christophe Naegelen"}]},{"@type":"WebSite","@id":"https:\/\/vosgesinfo.fr\/remiremontinfo\/#website","url":"https:\/\/vosgesinfo.fr\/remiremontinfo\/","name":"Remiremont Info","description":"Toute l&#039;actualit\u00e9 de Remiremont","publisher":{"@id":"https:\/\/vosgesinfo.fr\/remiremontinfo\/#organization"},"alternateName":"Toute l'actualit\u00e9 de Remiremont","potentialAction":[{"@type":"SearchAction","target":{"@type":"EntryPoint","urlTemplate":"https:\/\/vosgesinfo.fr\/remiremontinfo\/?s={search_term_string}"},"query-input":"required name=search_term_string"}],"inLanguage":"fr-FR"},{"@type":"Organization","@id":"https:\/\/vosgesinfo.fr\/remiremontinfo\/#organization","name":"Remiremont Info","url":"https:\/\/vosgesinfo.fr\/remiremontinfo\/","logo":{"@type":"ImageObject","inLanguage":"fr-FR","@id":"https:\/\/vosgesinfo.fr\/remiremontinfo\/#\/schema\/logo\/image\/","url":"https:\/\/vosgesinfo.fr\/app\/uploads\/sites\/5\/2023\/08\/favicon-remiremontinfo.png","contentUrl":"https:\/\/vosgesinfo.fr\/app\/uploads\/sites\/5\/2023\/08\/favicon-remiremontinfo.png","width":512,"height":512,"caption":"Remiremont Info"},"image":{"@id":"https:\/\/vosgesinfo.fr\/remiremontinfo\/#\/schema\/logo\/image\/"},"sameAs":["https:\/\/www.facebook.com\/remiremontinfo","https:\/\/x.com\/VosgesInfo88","https:\/\/www.youtube.com\/@vosgesinfo"]},{"@type":"Person","@id":"https:\/\/vosgesinfo.fr\/remiremontinfo\/#\/schema\/person\/3bfd164d5218a185b1db68655a265316","name":"C D","image":{"@type":"ImageObject","inLanguage":"fr-FR","@id":"https:\/\/vosgesinfo.fr\/remiremontinfo\/#\/schema\/person\/image\/","url":"https:\/\/secure.gravatar.com\/avatar\/1f9a70007336511a47468b8f1c66f922b8b7cf617b02a31149ada43893a5d48f?s=96&d=mm&r=g","contentUrl":"https:\/\/secure.gravatar.com\/avatar\/1f9a70007336511a47468b8f1c66f922b8b7cf617b02a31149ada43893a5d48f?s=96&d=mm&r=g","caption":"C D"},"url":"https:\/\/vosgesinfo.fr\/remiremontinfo\/author\/cedric-drevet\/"}]}},"_links":{"self":[{"href":"https:\/\/vosgesinfo.fr\/remiremontinfo\/wp-json\/wp\/v2\/posts\/34757","targetHints":{"allow":["GET"]}}],"collection":[{"href":"https:\/\/vosgesinfo.fr\/remiremontinfo\/wp-json\/wp\/v2\/posts"}],"about":[{"href":"https:\/\/vosgesinfo.fr\/remiremontinfo\/wp-json\/wp\/v2\/types\/post"}],"author":[{"embeddable":true,"href":"https:\/\/vosgesinfo.fr\/remiremontinfo\/wp-json\/wp\/v2\/users\/407"}],"replies":[{"embeddable":true,"href":"https:\/\/vosgesinfo.fr\/remiremontinfo\/wp-json\/wp\/v2\/comments?post=34757"}],"version-history":[{"count":0,"href":"https:\/\/vosgesinfo.fr\/remiremontinfo\/wp-json\/wp\/v2\/posts\/34757\/revisions"}],"wp:featuredmedia":[{"embeddable":true,"href":"https:\/\/vosgesinfo.fr\/remiremontinfo\/wp-json\/wp\/v2\/media\/34758"}],"wp:attachment":[{"href":"https:\/\/vosgesinfo.fr\/remiremontinfo\/wp-json\/wp\/v2\/media?parent=34757"}],"wp:term":[{"taxonomy":"category","embeddable":true,"href":"https:\/\/vosgesinfo.fr\/remiremontinfo\/wp-json\/wp\/v2\/categories?post=34757"},{"taxonomy":"post_tag","embeddable":true,"href":"https:\/\/vosgesinfo.fr\/remiremontinfo\/wp-json\/wp\/v2\/tags?post=34757"}],"curies":[{"name":"wp","href":"https:\/\/api.w.org\/{rel}","templated":true}]}}