{"id":34777,"date":"2020-12-08T05:05:19","date_gmt":"2020-12-08T04:05:19","guid":{"rendered":"https:\/\/vosgesinfo.fr\/remiremontinfo\/2020\/12\/rupt-moselle-lordre-jour-de-prochaine-reunion-conseil-municipal\/"},"modified":"2020-12-08T05:05:19","modified_gmt":"2020-12-08T04:05:19","slug":"rupt-moselle-lordre-jour-de-prochaine-reunion-conseil-municipal","status":"publish","type":"post","link":"https:\/\/vosgesinfo.fr\/remiremontinfo\/2020\/12\/rupt-moselle-lordre-jour-de-prochaine-reunion-conseil-municipal\/","title":{"rendered":"Rupt-sur-Moselle : l&rsquo;ordre du jour de la prochaine r\u00e9union du conseil municipal"},"content":{"rendered":"<h2><span style=\"font-size: 12pt;\"><strong>La prochaine s\u00e9ance du Conseil Municipal de Rupt sur Moselle aura lieu le lundi 14 d\u00e9cembre 2020 \u00e0 20h00 en Mairie. L\u2019acc\u00e8s au public sera limit\u00e9 \u00e0 3 personnes. Voici les points \u00e0 l&rsquo;ordre du jour :\u00a0<\/strong><\/span><\/h2>\n<p style=\"font-weight: 400;\">N\u00b0 2020\/101\u00a0<u>Institutions et Vie Politique \u2013 Fonctionnement des Assembl\u00e9es \u2013 05-02<\/u><\/p>\n<p style=\"font-weight: 400;\">Approbation du Conseil Municipal du 23 novembre 2020<\/p>\n<p style=\"font-weight: 400;\">\n<p style=\"font-weight: 400;\">N\u00b0 2020\/102\u00a0<u>Autres domaines de comp\u00e9tences \u2013 Autres domaines de comp\u00e9tences des Communes \u2013 09-01<\/u><\/p>\n<p style=\"font-weight: 400;\">Adh\u00e9sion et signature d\u2019une convention avec l\u2019Association \u00ab\u00a0les Croqueurs de Pommes\u00a0\u00bb<\/p>\n<p style=\"font-weight: 400;\">\n<p style=\"font-weight: 400;\">N\u00b0 2020\/103\u00a0<u>Autres domaines de comp\u00e9tences \u2013 Autres domaines de Comp\u00e9tences des Communes \u2013 09 -01<\/u><\/p>\n<p style=\"font-weight: 400;\">Signature d\u2019un avenant avec la Soci\u00e9t\u00e9 SPL XDEMAT pour Prestation suppl\u00e9mentaire<\/p>\n<p style=\"font-weight: 400;\">\n<p style=\"font-weight: 400;\">N\u00b0 2020\/104\u00a0<u>Institutions et Vie Politique \u2013 Intercommunalit\u00e9 \u2013 Autres \u2013 05-07-07<\/u><\/p>\n<p style=\"font-weight: 400;\">Restitution de la comp\u00e9tence facultative aux communes \u2013 Am\u00e9lioration de la desserte et r\u00e9ception des cha\u00eenes t\u00e9l\u00e9visions et radios hertziennes terrestres<\/p>\n<p style=\"font-weight: 400;\">\n<p style=\"font-weight: 400;\">N\u00b0 2020\/105\u00a0<u>Commande Publique \u2013 March\u00e9s Publics \u2013 01-01<\/u><\/p>\n<p style=\"font-weight: 400;\">March\u00e9 \u00e0 proc\u00e9dure adapt\u00e9e de reconstruction des vestiaires du stade de football<\/p>\n<p style=\"font-weight: 400;\">Rejet des offres inappropri\u00e9es, irr\u00e9guli\u00e8res ou inacceptables<\/p>\n<p style=\"font-weight: 400;\">D\u00e9claration d\u2019infructuosit\u00e9<\/p>\n<p style=\"font-weight: 400;\">Choix des Entreprises et autorisation de signature des march\u00e9s<\/p>\n<p style=\"font-weight: 400;\">\n<p style=\"font-weight: 400;\">N\u00b0 2020\/106\u00a0<u>Commande Publique \u2013 March\u00e9s Publics \u2013 01-01<\/u><\/p>\n<p style=\"font-weight: 400;\">Programme de renforcement de voirie 2020<\/p>\n<p style=\"font-weight: 400;\">Autorisation de signature d\u2019un avenant<\/p>\n<p style=\"font-weight: 400;\">\n<p style=\"font-weight: 400;\">N\u00b0 2020\/107\u00a0<u>Domaine et Patrimoine \u2013 Actes de gestion du domaine public \u201303-05<\/u><\/p>\n<p style=\"font-weight: 400;\">Report de l\u2019\u00e9tat d\u2019assiette des coupes \u00e0 marteler en 2021<\/p>\n<p style=\"font-weight: 400;\">\n<p style=\"font-weight: 400;\">N\u00b0 2020\/108\u00a0<u>Institutions et Vie Politique \u2013 Intercommunalit\u00e9 \u2013 05 -02<\/u><\/p>\n<p style=\"font-weight: 400;\">Syndicat Mixte pour l\u2019Informatisation Communale dans le D\u00e9partement des Vosges<\/p>\n<p style=\"font-weight: 400;\">Avis du Conseil Municipal sur des demandes d\u2019adh\u00e9sions de Collectivit\u00e9s<\/p>\n<p style=\"font-weight: 400;\">\n<p style=\"font-weight: 400;\">N\u00b0 2020\/109\u00a0<u>Domaine et Patrimoine \u2013 Acquisitions \u2013 03-01<\/u><\/p>\n<p style=\"font-weight: 400;\">Acquisition d\u2019un ensemble immobilier lieu-dit Rupt Village<\/p>\n<p style=\"font-weight: 400;\"><strong>\u00a0<\/strong><\/p>\n<p style=\"font-weight: 400;\">N\u00b0 2020\/110\u00a0<u>Domaine et Patrimoine \u2013 Acquisitions \u2013 Ali\u00e9nations \u2013 03-01 \u2013 03-02<\/u><\/p>\n<p style=\"font-weight: 400;\">\u00c9change de terrains lieu-dit Rupt Ville<\/p>\n<p style=\"font-weight: 400;\"><strong>\u00a0<\/strong><\/p>\n<p style=\"font-weight: 400;\">N\u00b0 2020\/111\u00a0<u>Domaine et Patrimoine \u2013 Ali\u00e9nations \u2013 03-02<\/u><\/p>\n<p style=\"font-weight: 400;\">Vente de la parcelle AO 309 lieu-dit Le B\u00e9nis<\/p>\n<p style=\"font-weight: 400;\">\n<p style=\"font-weight: 400;\">N\u00b0 2020\/112\u00a0<u>Institutions et vie politique \u2013 d\u00e9l\u00e9gations de fonctions \u2013 05-04<\/u><\/p>\n<p style=\"font-weight: 400;\">Compte rendu de l\u2019ex\u00e9cutif de l\u2019usage de ses d\u00e9l\u00e9gations<\/p>\n","protected":false},"excerpt":{"rendered":"<p>La prochaine s\u00e9ance du Conseil Municipal de Rupt sur Moselle aura lieu le lundi 14 d\u00e9cembre 2020 \u00e0 20h00 en [&hellip;]<\/p>\n","protected":false},"author":407,"featured_media":34778,"comment_status":"open","ping_status":"open","sticky":false,"template":"","format":"standard","meta":{"footnotes":""},"categories":[26,37,10,250],"tags":[],"class_list":["post-34777","post","type-post","status-publish","format-standard","has-post-thumbnail","hentry","category-a-la-une","category-le-thillot-son-canton","category-politique","category-rupt-sur-moselle"],"acf":[],"yoast_head":"<!-- This site is optimized with the Yoast SEO plugin v22.5 - https:\/\/yoast.com\/wordpress\/plugins\/seo\/ -->\n<title>Rupt-sur-Moselle : l&#039;ordre du jour de la prochaine r\u00e9union du conseil municipal - Remiremont Info<\/title>\n<meta name=\"robots\" content=\"index, follow, max-snippet:-1, max-image-preview:large, max-video-preview:-1\" \/>\n<link rel=\"canonical\" href=\"https:\/\/vosgesinfo.fr\/remiremontinfo\/2020\/12\/rupt-moselle-lordre-jour-de-prochaine-reunion-conseil-municipal\/\" \/>\n<meta name=\"twitter:card\" content=\"summary_large_image\" \/>\n<meta name=\"twitter:title\" content=\"Rupt-sur-Moselle : l&#039;ordre du jour de la prochaine r\u00e9union du conseil municipal - Remiremont Info\" \/>\n<meta name=\"twitter:description\" content=\"La prochaine s\u00e9ance du Conseil Municipal de Rupt sur Moselle aura lieu le lundi 14 d\u00e9cembre 2020 \u00e0 20h00 en [&hellip;]\" \/>\n<meta name=\"twitter:image\" content=\"https:\/\/vosgesinfo.fr\/app\/uploads\/sites\/5\/2024\/09\/2019111280px-rupt-sur-moselle-mairie-1.jpg\" \/>\n<meta name=\"twitter:creator\" content=\"@VosgesInfo88\" \/>\n<meta name=\"twitter:site\" content=\"@VosgesInfo88\" \/>\n<meta name=\"twitter:label1\" content=\"\u00c9crit par\" \/>\n\t<meta name=\"twitter:data1\" content=\"C D\" \/>\n\t<meta name=\"twitter:label2\" content=\"Dur\u00e9e de lecture estim\u00e9e\" \/>\n\t<meta name=\"twitter:data2\" content=\"2 minutes\" \/>\n<script type=\"application\/ld+json\" class=\"yoast-schema-graph\">{\"@context\":\"https:\/\/schema.org\",\"@graph\":[{\"@type\":\"Article\",\"@id\":\"https:\/\/vosgesinfo.fr\/remiremontinfo\/2020\/12\/rupt-moselle-lordre-jour-de-prochaine-reunion-conseil-municipal\/#article\",\"isPartOf\":{\"@id\":\"https:\/\/vosgesinfo.fr\/remiremontinfo\/2020\/12\/rupt-moselle-lordre-jour-de-prochaine-reunion-conseil-municipal\/\"},\"author\":{\"name\":\"C D\",\"@id\":\"https:\/\/vosgesinfo.fr\/remiremontinfo\/#\/schema\/person\/3bfd164d5218a185b1db68655a265316\"},\"headline\":\"Rupt-sur-Moselle : l&rsquo;ordre du jour de la prochaine r\u00e9union du conseil municipal\",\"datePublished\":\"2020-12-08T04:05:19+00:00\",\"dateModified\":\"2020-12-08T04:05:19+00:00\",\"mainEntityOfPage\":{\"@id\":\"https:\/\/vosgesinfo.fr\/remiremontinfo\/2020\/12\/rupt-moselle-lordre-jour-de-prochaine-reunion-conseil-municipal\/\"},\"wordCount\":340,\"commentCount\":0,\"publisher\":{\"@id\":\"https:\/\/vosgesinfo.fr\/remiremontinfo\/#organization\"},\"image\":{\"@id\":\"https:\/\/vosgesinfo.fr\/remiremontinfo\/2020\/12\/rupt-moselle-lordre-jour-de-prochaine-reunion-conseil-municipal\/#primaryimage\"},\"thumbnailUrl\":\"https:\/\/vosgesinfo.fr\/app\/uploads\/sites\/5\/2024\/09\/2019111280px-rupt-sur-moselle-mairie-1.jpg\",\"articleSection\":[\"A la Une\",\"Le Thillot &amp; son canton\",\"Politique\",\"Rupt-Sur-Moselle\"],\"inLanguage\":\"fr-FR\",\"potentialAction\":[{\"@type\":\"CommentAction\",\"name\":\"Comment\",\"target\":[\"https:\/\/vosgesinfo.fr\/remiremontinfo\/2020\/12\/rupt-moselle-lordre-jour-de-prochaine-reunion-conseil-municipal\/#respond\"]}]},{\"@type\":\"WebPage\",\"@id\":\"https:\/\/vosgesinfo.fr\/remiremontinfo\/2020\/12\/rupt-moselle-lordre-jour-de-prochaine-reunion-conseil-municipal\/\",\"url\":\"https:\/\/vosgesinfo.fr\/remiremontinfo\/2020\/12\/rupt-moselle-lordre-jour-de-prochaine-reunion-conseil-municipal\/\",\"name\":\"Rupt-sur-Moselle : l'ordre du jour de la prochaine r\u00e9union du conseil municipal - Remiremont Info\",\"isPartOf\":{\"@id\":\"https:\/\/vosgesinfo.fr\/remiremontinfo\/#website\"},\"primaryImageOfPage\":{\"@id\":\"https:\/\/vosgesinfo.fr\/remiremontinfo\/2020\/12\/rupt-moselle-lordre-jour-de-prochaine-reunion-conseil-municipal\/#primaryimage\"},\"image\":{\"@id\":\"https:\/\/vosgesinfo.fr\/remiremontinfo\/2020\/12\/rupt-moselle-lordre-jour-de-prochaine-reunion-conseil-municipal\/#primaryimage\"},\"thumbnailUrl\":\"https:\/\/vosgesinfo.fr\/app\/uploads\/sites\/5\/2024\/09\/2019111280px-rupt-sur-moselle-mairie-1.jpg\",\"datePublished\":\"2020-12-08T04:05:19+00:00\",\"dateModified\":\"2020-12-08T04:05:19+00:00\",\"breadcrumb\":{\"@id\":\"https:\/\/vosgesinfo.fr\/remiremontinfo\/2020\/12\/rupt-moselle-lordre-jour-de-prochaine-reunion-conseil-municipal\/#breadcrumb\"},\"inLanguage\":\"fr-FR\",\"potentialAction\":[{\"@type\":\"ReadAction\",\"target\":[\"https:\/\/vosgesinfo.fr\/remiremontinfo\/2020\/12\/rupt-moselle-lordre-jour-de-prochaine-reunion-conseil-municipal\/\"]}]},{\"@type\":\"ImageObject\",\"inLanguage\":\"fr-FR\",\"@id\":\"https:\/\/vosgesinfo.fr\/remiremontinfo\/2020\/12\/rupt-moselle-lordre-jour-de-prochaine-reunion-conseil-municipal\/#primaryimage\",\"url\":\"https:\/\/vosgesinfo.fr\/app\/uploads\/sites\/5\/2024\/09\/2019111280px-rupt-sur-moselle-mairie-1.jpg\",\"contentUrl\":\"https:\/\/vosgesinfo.fr\/app\/uploads\/sites\/5\/2024\/09\/2019111280px-rupt-sur-moselle-mairie-1.jpg\",\"width\":800,\"height\":626},{\"@type\":\"BreadcrumbList\",\"@id\":\"https:\/\/vosgesinfo.fr\/remiremontinfo\/2020\/12\/rupt-moselle-lordre-jour-de-prochaine-reunion-conseil-municipal\/#breadcrumb\",\"itemListElement\":[{\"@type\":\"ListItem\",\"position\":1,\"name\":\"Home\",\"item\":\"https:\/\/vosgesinfo.fr\/remiremontinfo\/\"},{\"@type\":\"ListItem\",\"position\":2,\"name\":\"Rupt-sur-Moselle : l&rsquo;ordre du jour de la prochaine r\u00e9union du conseil municipal\"}]},{\"@type\":\"WebSite\",\"@id\":\"https:\/\/vosgesinfo.fr\/remiremontinfo\/#website\",\"url\":\"https:\/\/vosgesinfo.fr\/remiremontinfo\/\",\"name\":\"Remiremont Info\",\"description\":\"Toute l&#039;actualit\u00e9 de Remiremont\",\"publisher\":{\"@id\":\"https:\/\/vosgesinfo.fr\/remiremontinfo\/#organization\"},\"alternateName\":\"Toute l'actualit\u00e9 de Remiremont\",\"potentialAction\":[{\"@type\":\"SearchAction\",\"target\":{\"@type\":\"EntryPoint\",\"urlTemplate\":\"https:\/\/vosgesinfo.fr\/remiremontinfo\/?s={search_term_string}\"},\"query-input\":\"required name=search_term_string\"}],\"inLanguage\":\"fr-FR\"},{\"@type\":\"Organization\",\"@id\":\"https:\/\/vosgesinfo.fr\/remiremontinfo\/#organization\",\"name\":\"Remiremont Info\",\"url\":\"https:\/\/vosgesinfo.fr\/remiremontinfo\/\",\"logo\":{\"@type\":\"ImageObject\",\"inLanguage\":\"fr-FR\",\"@id\":\"https:\/\/vosgesinfo.fr\/remiremontinfo\/#\/schema\/logo\/image\/\",\"url\":\"https:\/\/vosgesinfo.fr\/app\/uploads\/sites\/5\/2023\/08\/favicon-remiremontinfo.png\",\"contentUrl\":\"https:\/\/vosgesinfo.fr\/app\/uploads\/sites\/5\/2023\/08\/favicon-remiremontinfo.png\",\"width\":512,\"height\":512,\"caption\":\"Remiremont Info\"},\"image\":{\"@id\":\"https:\/\/vosgesinfo.fr\/remiremontinfo\/#\/schema\/logo\/image\/\"},\"sameAs\":[\"https:\/\/www.facebook.com\/remiremontinfo\",\"https:\/\/x.com\/VosgesInfo88\",\"https:\/\/www.youtube.com\/@vosgesinfo\"]},{\"@type\":\"Person\",\"@id\":\"https:\/\/vosgesinfo.fr\/remiremontinfo\/#\/schema\/person\/3bfd164d5218a185b1db68655a265316\",\"name\":\"C D\",\"image\":{\"@type\":\"ImageObject\",\"inLanguage\":\"fr-FR\",\"@id\":\"https:\/\/vosgesinfo.fr\/remiremontinfo\/#\/schema\/person\/image\/\",\"url\":\"https:\/\/secure.gravatar.com\/avatar\/1f9a70007336511a47468b8f1c66f922b8b7cf617b02a31149ada43893a5d48f?s=96&d=mm&r=g\",\"contentUrl\":\"https:\/\/secure.gravatar.com\/avatar\/1f9a70007336511a47468b8f1c66f922b8b7cf617b02a31149ada43893a5d48f?s=96&d=mm&r=g\",\"caption\":\"C D\"},\"url\":\"https:\/\/vosgesinfo.fr\/remiremontinfo\/author\/cedric-drevet\/\"}]}<\/script>\n<!-- \/ Yoast SEO plugin. -->","yoast_head_json":{"title":"Rupt-sur-Moselle : l'ordre du jour de la prochaine r\u00e9union du conseil municipal - Remiremont Info","robots":{"index":"index","follow":"follow","max-snippet":"max-snippet:-1","max-image-preview":"max-image-preview:large","max-video-preview":"max-video-preview:-1"},"canonical":"https:\/\/vosgesinfo.fr\/remiremontinfo\/2020\/12\/rupt-moselle-lordre-jour-de-prochaine-reunion-conseil-municipal\/","twitter_card":"summary_large_image","twitter_title":"Rupt-sur-Moselle : l'ordre du jour de la prochaine r\u00e9union du conseil municipal - Remiremont Info","twitter_description":"La prochaine s\u00e9ance du Conseil Municipal de Rupt sur Moselle aura lieu le lundi 14 d\u00e9cembre 2020 \u00e0 20h00 en [&hellip;]","twitter_image":"https:\/\/vosgesinfo.fr\/app\/uploads\/sites\/5\/2024\/09\/2019111280px-rupt-sur-moselle-mairie-1.jpg","twitter_creator":"@VosgesInfo88","twitter_site":"@VosgesInfo88","twitter_misc":{"\u00c9crit par":"C D","Dur\u00e9e de lecture estim\u00e9e":"2 minutes"},"schema":{"@context":"https:\/\/schema.org","@graph":[{"@type":"Article","@id":"https:\/\/vosgesinfo.fr\/remiremontinfo\/2020\/12\/rupt-moselle-lordre-jour-de-prochaine-reunion-conseil-municipal\/#article","isPartOf":{"@id":"https:\/\/vosgesinfo.fr\/remiremontinfo\/2020\/12\/rupt-moselle-lordre-jour-de-prochaine-reunion-conseil-municipal\/"},"author":{"name":"C D","@id":"https:\/\/vosgesinfo.fr\/remiremontinfo\/#\/schema\/person\/3bfd164d5218a185b1db68655a265316"},"headline":"Rupt-sur-Moselle : l&rsquo;ordre du jour de la prochaine r\u00e9union du conseil municipal","datePublished":"2020-12-08T04:05:19+00:00","dateModified":"2020-12-08T04:05:19+00:00","mainEntityOfPage":{"@id":"https:\/\/vosgesinfo.fr\/remiremontinfo\/2020\/12\/rupt-moselle-lordre-jour-de-prochaine-reunion-conseil-municipal\/"},"wordCount":340,"commentCount":0,"publisher":{"@id":"https:\/\/vosgesinfo.fr\/remiremontinfo\/#organization"},"image":{"@id":"https:\/\/vosgesinfo.fr\/remiremontinfo\/2020\/12\/rupt-moselle-lordre-jour-de-prochaine-reunion-conseil-municipal\/#primaryimage"},"thumbnailUrl":"https:\/\/vosgesinfo.fr\/app\/uploads\/sites\/5\/2024\/09\/2019111280px-rupt-sur-moselle-mairie-1.jpg","articleSection":["A la Une","Le Thillot &amp; son canton","Politique","Rupt-Sur-Moselle"],"inLanguage":"fr-FR","potentialAction":[{"@type":"CommentAction","name":"Comment","target":["https:\/\/vosgesinfo.fr\/remiremontinfo\/2020\/12\/rupt-moselle-lordre-jour-de-prochaine-reunion-conseil-municipal\/#respond"]}]},{"@type":"WebPage","@id":"https:\/\/vosgesinfo.fr\/remiremontinfo\/2020\/12\/rupt-moselle-lordre-jour-de-prochaine-reunion-conseil-municipal\/","url":"https:\/\/vosgesinfo.fr\/remiremontinfo\/2020\/12\/rupt-moselle-lordre-jour-de-prochaine-reunion-conseil-municipal\/","name":"Rupt-sur-Moselle : l'ordre du jour de la prochaine r\u00e9union du conseil municipal - Remiremont Info","isPartOf":{"@id":"https:\/\/vosgesinfo.fr\/remiremontinfo\/#website"},"primaryImageOfPage":{"@id":"https:\/\/vosgesinfo.fr\/remiremontinfo\/2020\/12\/rupt-moselle-lordre-jour-de-prochaine-reunion-conseil-municipal\/#primaryimage"},"image":{"@id":"https:\/\/vosgesinfo.fr\/remiremontinfo\/2020\/12\/rupt-moselle-lordre-jour-de-prochaine-reunion-conseil-municipal\/#primaryimage"},"thumbnailUrl":"https:\/\/vosgesinfo.fr\/app\/uploads\/sites\/5\/2024\/09\/2019111280px-rupt-sur-moselle-mairie-1.jpg","datePublished":"2020-12-08T04:05:19+00:00","dateModified":"2020-12-08T04:05:19+00:00","breadcrumb":{"@id":"https:\/\/vosgesinfo.fr\/remiremontinfo\/2020\/12\/rupt-moselle-lordre-jour-de-prochaine-reunion-conseil-municipal\/#breadcrumb"},"inLanguage":"fr-FR","potentialAction":[{"@type":"ReadAction","target":["https:\/\/vosgesinfo.fr\/remiremontinfo\/2020\/12\/rupt-moselle-lordre-jour-de-prochaine-reunion-conseil-municipal\/"]}]},{"@type":"ImageObject","inLanguage":"fr-FR","@id":"https:\/\/vosgesinfo.fr\/remiremontinfo\/2020\/12\/rupt-moselle-lordre-jour-de-prochaine-reunion-conseil-municipal\/#primaryimage","url":"https:\/\/vosgesinfo.fr\/app\/uploads\/sites\/5\/2024\/09\/2019111280px-rupt-sur-moselle-mairie-1.jpg","contentUrl":"https:\/\/vosgesinfo.fr\/app\/uploads\/sites\/5\/2024\/09\/2019111280px-rupt-sur-moselle-mairie-1.jpg","width":800,"height":626},{"@type":"BreadcrumbList","@id":"https:\/\/vosgesinfo.fr\/remiremontinfo\/2020\/12\/rupt-moselle-lordre-jour-de-prochaine-reunion-conseil-municipal\/#breadcrumb","itemListElement":[{"@type":"ListItem","position":1,"name":"Home","item":"https:\/\/vosgesinfo.fr\/remiremontinfo\/"},{"@type":"ListItem","position":2,"name":"Rupt-sur-Moselle : l&rsquo;ordre du jour de la prochaine r\u00e9union du conseil municipal"}]},{"@type":"WebSite","@id":"https:\/\/vosgesinfo.fr\/remiremontinfo\/#website","url":"https:\/\/vosgesinfo.fr\/remiremontinfo\/","name":"Remiremont Info","description":"Toute l&#039;actualit\u00e9 de Remiremont","publisher":{"@id":"https:\/\/vosgesinfo.fr\/remiremontinfo\/#organization"},"alternateName":"Toute l'actualit\u00e9 de Remiremont","potentialAction":[{"@type":"SearchAction","target":{"@type":"EntryPoint","urlTemplate":"https:\/\/vosgesinfo.fr\/remiremontinfo\/?s={search_term_string}"},"query-input":"required name=search_term_string"}],"inLanguage":"fr-FR"},{"@type":"Organization","@id":"https:\/\/vosgesinfo.fr\/remiremontinfo\/#organization","name":"Remiremont Info","url":"https:\/\/vosgesinfo.fr\/remiremontinfo\/","logo":{"@type":"ImageObject","inLanguage":"fr-FR","@id":"https:\/\/vosgesinfo.fr\/remiremontinfo\/#\/schema\/logo\/image\/","url":"https:\/\/vosgesinfo.fr\/app\/uploads\/sites\/5\/2023\/08\/favicon-remiremontinfo.png","contentUrl":"https:\/\/vosgesinfo.fr\/app\/uploads\/sites\/5\/2023\/08\/favicon-remiremontinfo.png","width":512,"height":512,"caption":"Remiremont Info"},"image":{"@id":"https:\/\/vosgesinfo.fr\/remiremontinfo\/#\/schema\/logo\/image\/"},"sameAs":["https:\/\/www.facebook.com\/remiremontinfo","https:\/\/x.com\/VosgesInfo88","https:\/\/www.youtube.com\/@vosgesinfo"]},{"@type":"Person","@id":"https:\/\/vosgesinfo.fr\/remiremontinfo\/#\/schema\/person\/3bfd164d5218a185b1db68655a265316","name":"C D","image":{"@type":"ImageObject","inLanguage":"fr-FR","@id":"https:\/\/vosgesinfo.fr\/remiremontinfo\/#\/schema\/person\/image\/","url":"https:\/\/secure.gravatar.com\/avatar\/1f9a70007336511a47468b8f1c66f922b8b7cf617b02a31149ada43893a5d48f?s=96&d=mm&r=g","contentUrl":"https:\/\/secure.gravatar.com\/avatar\/1f9a70007336511a47468b8f1c66f922b8b7cf617b02a31149ada43893a5d48f?s=96&d=mm&r=g","caption":"C D"},"url":"https:\/\/vosgesinfo.fr\/remiremontinfo\/author\/cedric-drevet\/"}]}},"_links":{"self":[{"href":"https:\/\/vosgesinfo.fr\/remiremontinfo\/wp-json\/wp\/v2\/posts\/34777","targetHints":{"allow":["GET"]}}],"collection":[{"href":"https:\/\/vosgesinfo.fr\/remiremontinfo\/wp-json\/wp\/v2\/posts"}],"about":[{"href":"https:\/\/vosgesinfo.fr\/remiremontinfo\/wp-json\/wp\/v2\/types\/post"}],"author":[{"embeddable":true,"href":"https:\/\/vosgesinfo.fr\/remiremontinfo\/wp-json\/wp\/v2\/users\/407"}],"replies":[{"embeddable":true,"href":"https:\/\/vosgesinfo.fr\/remiremontinfo\/wp-json\/wp\/v2\/comments?post=34777"}],"version-history":[{"count":0,"href":"https:\/\/vosgesinfo.fr\/remiremontinfo\/wp-json\/wp\/v2\/posts\/34777\/revisions"}],"wp:featuredmedia":[{"embeddable":true,"href":"https:\/\/vosgesinfo.fr\/remiremontinfo\/wp-json\/wp\/v2\/media\/34778"}],"wp:attachment":[{"href":"https:\/\/vosgesinfo.fr\/remiremontinfo\/wp-json\/wp\/v2\/media?parent=34777"}],"wp:term":[{"taxonomy":"category","embeddable":true,"href":"https:\/\/vosgesinfo.fr\/remiremontinfo\/wp-json\/wp\/v2\/categories?post=34777"},{"taxonomy":"post_tag","embeddable":true,"href":"https:\/\/vosgesinfo.fr\/remiremontinfo\/wp-json\/wp\/v2\/tags?post=34777"}],"curies":[{"name":"wp","href":"https:\/\/api.w.org\/{rel}","templated":true}]}}