{"id":34797,"date":"2020-12-09T05:49:18","date_gmt":"2020-12-09T04:49:18","guid":{"rendered":"https:\/\/vosgesinfo.fr\/remiremontinfo\/2020\/12\/richard-rognet-remporte-91eme-prix-erckmann-chatrian-lensemble-de-oeuvre\/"},"modified":"2020-12-09T05:49:18","modified_gmt":"2020-12-09T04:49:18","slug":"richard-rognet-remporte-91eme-prix-erckmann-chatrian-lensemble-de-oeuvre","status":"publish","type":"post","link":"https:\/\/vosgesinfo.fr\/remiremontinfo\/2020\/12\/richard-rognet-remporte-91eme-prix-erckmann-chatrian-lensemble-de-oeuvre\/","title":{"rendered":"Richard Rognet remporte le 91\u00e8me Prix Erckmann-Chatrian \u00ab\u00a0pour l\u2019ensemble de son \u0153uvre\u00a0\u00bb"},"content":{"rendered":"<p style=\"text-align: center;\"><a href=\"\/2020\/12\/ROGNET-Richard-photo-C.-H\u00e9lie-Gallimard-COUL-2-04.05.jpg\"><img decoding=\"async\" class=\"alignnone size-full wp-image-303895\" src=\"\/2020\/12\/ROGNET-Richard-photo-C.-H\u00e9lie-Gallimard-COUL-2-04.05.jpg\" alt=\"ROGNET-Richard-photo-C.-H\u00e9lie-Gallimard-COUL-2-04.05\" width=\"800\" height=\"596\" \/><\/a><\/p>\n<p><span style=\"font-size: 10pt;\"><em><span style=\"color: #222222;\"><span style=\"font-family: 'Times New Roman', serif;\">Photo de <\/span><\/span><span style=\"color: #222222;\"><span style=\"font-family: 'Times New Roman', serif;\">prix-erckmann-chatrian.fr<\/span><\/span><\/em><\/span><\/p>\n<h2><span style=\"font-size: 14pt;\"><strong><span style=\"color: #222222;\"><span style=\"font-family: 'Times New Roman', serif;\">Le Prix Erckmann-Chatrian r\u00e9compense chaque ann\u00e9e, depuis 1925, un auteur vivant en Lorraine ou qui place son \u0153uvre dans un cadre lorrain. Le 91e laur\u00e9at vient d\u2019\u00eatre d\u00e9sign\u00e9 \u00e0 l\u2019unanimit\u00e9 des membres du Jury. <\/span><\/span><span style=\"color: #222222;\"><span style=\"font-family: 'Times New Roman', serif;\">Le <\/span><\/span><span style=\"color: #222222;\"><span style=\"font-family: 'Times New Roman', serif;\">Pri<\/span><\/span><span style=\"color: #222222;\"><span style=\"font-family: 'Times New Roman', serif;\">x<\/span><\/span><span style=\"color: #222222;\"><span style=\"font-family: 'Times New Roman', serif;\"> 2020 <\/span><\/span><span style=\"color: #222222;\"><span style=\"font-family: 'Times New Roman', serif;\">a \u00e9t\u00e9 attribu\u00e9 \u00e0 <\/span><\/span><span style=\"color: #222222;\"><span style=\"font-family: 'Times New Roman', serif;\">Richard Rognet \u00ab\u00a0 pour l\u2019ensemble de son \u0153uvre\u00a0\u00bb<\/span><\/span><\/strong><\/span><\/h2>\n<p><span style=\"color: #222222;\"><span style=\"font-family: 'Times New Roman', serif;\"><span style=\"font-size: medium;\">Les Prix auraient d\u00fb \u00eatre annonc\u00e9s, ainsi que le veut une tradition \u00e9tablie depuis neuf d\u00e9cennies, en l\u2019h\u00f4tel de ville de Metz le lundi 2 novembre dernier vers midi, \u00e0 la suite de la r\u00e9union solennelle du Jury. Les consignes de confinement en raison de la Covid n\u2019ont pas permis cette r\u00e9union, cela n\u2019ayant pas emp\u00each\u00e9 les jur\u00e9s de d\u00e9terminer des choix forts et unanimes. En signe de solidarit\u00e9 avec les libraires et les autres intervenants de la \u00ab cha\u00eene du livre \u00bb, de m\u00eame que plusieurs autres grands Prix nationaux, le Jury a choisi de n\u2019annoncer les noms des laur\u00e9ats du 91e Prix qu\u2019au moment de la r\u00e9ouverture des librairies.<\/span><\/span><\/span><\/p>\n<p><span style=\"color: #222222;\"><span style=\"font-family: 'Times New Roman', serif;\"><span style=\"font-size: medium;\">Le Prix Erckmann-Chatrian 2020 est attribu\u00e9 \u00e0 l\u2019unanimit\u00e9 \u00e0 Richard Rognet \u00ab pour l\u2019ensemble de son \u0153uvre \u00bb. Plus d\u2019une trentaine d\u2019ouvrages publi\u00e9s depuis les ann\u00e9es 1970 ont plac\u00e9 ce po\u00e8te n\u00e9 dans les Vosges en 1942 au premier rang des po\u00e8tes fran\u00e7ais et au-del\u00e0. De cette \u0153uvre principalement publi\u00e9e par Gallimard, mais aussi par d\u2019autres (Belfond, Aspect, Cherche-Midi\u2026), les lecteurs gardent en m\u00e9moire L\u2019\u00c9pouse \u00e9miett\u00e9e, Les Ombres du doute, Petits po\u00e8mes en fraude, Seigneur vocabulaire, et plus pr\u00e8s de nous : Un peu d\u2019ombre sera la r\u00e9ponse, Dans les m\u00e9andres des saisons, \u00c9l\u00e9gies pour le temps de vivre, ces deux derniers ayant \u00e9t\u00e9 r\u00e9\u00e9dit\u00e9s dans la collection NRF Po\u00e9sie-Gallimard. <\/span><\/span><\/span><\/p>\n<p><span style=\"color: #222222;\"><span style=\"font-family: 'Times New Roman', serif;\"><span style=\"font-size: medium;\">La Bourse Lorraine 2020 est attribu\u00e9e \u00e0 la revue P\u00e9ristyles, Cahier des Amis du mus\u00e9e des Beaux-Arts de Nancy(association Emmanuel-H\u00e9r\u00e9). Les jur\u00e9s ont appr\u00e9ci\u00e9 son excellente qualit\u00e9, due \u00e0 une association particuli\u00e8rement active, ses objectifs clairs et bien tenus depuis 1992, sa capacit\u00e9 \u00e0 attirer des signatures nationales et internationales.<\/span><\/span><\/span><\/p>\n<p><span style=\"color: #222222;\"><span style=\"font-family: 'Times New Roman', serif;\"><span style=\"font-size: medium;\">La Bourse Histoire est attribu\u00e9e aux Chroniques Joviciennes, revue d\u2019histoire locale de J\u0153uf et environs. Cette distinction a suscit\u00e9 un d\u00e9bat au sein du Comit\u00e9 en raison de la tr\u00e8s haute qualit\u00e9 des revues propos\u00e9es. Celle-ci a \u00e9t\u00e9 choisie pour l\u2019intensit\u00e9 et la r\u00e9gularit\u00e9 du travail de l\u2019association, pour sa qualit\u00e9 tant dans la mise en page que dans la riche iconographie, la comp\u00e9tence des auteurs, etc. Mais toutes pouvaient pr\u00e9tendre au titre.<\/span><\/span><\/span><\/p>\n<p><em><strong><span style=\"color: #222222;\"><span style=\"font-family: 'Times New Roman', serif;\"><span style=\"font-size: medium;\">Une tradition de promotion de la culture fran\u00e7aise issue de Lorraine<\/span><\/span><\/span><\/strong><\/em><\/p>\n<p><span style=\"color: #222222;\"><span style=\"font-family: 'Times New Roman', serif;\"><span style=\"font-size: medium;\">Le 17 juillet 1913, \u00c9mile Hinzelin, \u00e9crivain, membre de l\u2019Acad\u00e9mie Fran\u00e7aise, et Georges Sadler, musicien et homme de Lettres, r\u00e9unissent \u00e0 Nancy une vingtaine de personnalit\u00e9s lorraines. Ils leur proposent la cr\u00e9ation d\u2019une Soci\u00e9t\u00e9 Erckmann-Chatrian. Le d\u00e9but d\u2019une longue histoire.\u00a0<\/span><\/span><\/span><span style=\"color: #222222;\"><span style=\"font-family: 'Times New Roman', serif;\"><span style=\"font-size: medium;\">Durant la premi\u00e8re Guerre mondiale, la Soci\u00e9t\u00e9 consacre toute son \u00e9nergie et ses moyens au soutien des r\u00e9fugi\u00e9s lorrains et alsaciens, \u00e0 l\u2019organisation de conf\u00e9rences, repr\u00e9sentations th\u00e9\u00e2trales et autres manifestations culturelles destin\u00e9es \u00e0 rassembler les fonds n\u00e9cessaires \u00e0 ses activit\u00e9s.\u00a0<\/span><\/span><\/span><span style=\"color: #222222;\"><span style=\"font-family: 'Times New Roman', serif;\"><span style=\"font-size: medium;\">Depuis sa cr\u00e9ation, soutenu par les collectivit\u00e9s locales et territoriales de Lorraine, le Prix Erckmann-Chatrian est attribu\u00e9 tous les ans, sauf de 1940 \u00e0 1944. On devine pourquoi. Il acquiert tr\u00e8s vite une belle notori\u00e9t\u00e9 : d\u00e8s 1945, la presse nationale le baptise le \u00ab Goncourt Lorrain \u00bb.<\/span><\/span><\/span><\/p>\n","protected":false},"excerpt":{"rendered":"<p>Photo de prix-erckmann-chatrian.fr Le Prix Erckmann-Chatrian r\u00e9compense chaque ann\u00e9e, depuis 1925, un auteur vivant en Lorraine ou qui place son [&hellip;]<\/p>\n","protected":false},"author":407,"featured_media":34798,"comment_status":"open","ping_status":"open","sticky":false,"template":"","format":"standard","meta":{"footnotes":""},"categories":[26,4,18],"tags":[],"class_list":["post-34797","post","type-post","status-publish","format-standard","has-post-thumbnail","hentry","category-a-la-une","category-culture","category-vosges"],"acf":[],"yoast_head":"<!-- This site is optimized with the Yoast SEO plugin v22.5 - https:\/\/yoast.com\/wordpress\/plugins\/seo\/ -->\n<title>Richard Rognet remporte le 91\u00e8me Prix Erckmann-Chatrian \u00ab\u00a0pour l\u2019ensemble de son \u0153uvre\u00a0\u00bb - Remiremont Info<\/title>\n<meta name=\"robots\" content=\"index, follow, max-snippet:-1, max-image-preview:large, max-video-preview:-1\" \/>\n<link rel=\"canonical\" href=\"https:\/\/vosgesinfo.fr\/remiremontinfo\/2020\/12\/richard-rognet-remporte-91eme-prix-erckmann-chatrian-lensemble-de-oeuvre\/\" \/>\n<meta name=\"twitter:card\" content=\"summary_large_image\" \/>\n<meta name=\"twitter:title\" content=\"Richard Rognet remporte le 91\u00e8me Prix Erckmann-Chatrian \u00ab\u00a0pour l\u2019ensemble de son \u0153uvre\u00a0\u00bb - Remiremont Info\" \/>\n<meta name=\"twitter:description\" content=\"Photo de prix-erckmann-chatrian.fr Le Prix Erckmann-Chatrian r\u00e9compense chaque ann\u00e9e, depuis 1925, un auteur vivant en Lorraine ou qui place son [&hellip;]\" \/>\n<meta name=\"twitter:image\" content=\"https:\/\/vosgesinfo.fr\/app\/uploads\/sites\/5\/2024\/09\/202012rognet-richard-photo-c.-helie-gallimard-coul-2-04.05.jpg\" \/>\n<meta name=\"twitter:creator\" content=\"@VosgesInfo88\" \/>\n<meta name=\"twitter:site\" content=\"@VosgesInfo88\" \/>\n<meta name=\"twitter:label1\" content=\"\u00c9crit par\" \/>\n\t<meta name=\"twitter:data1\" content=\"C D\" \/>\n\t<meta name=\"twitter:label2\" content=\"Dur\u00e9e de lecture estim\u00e9e\" \/>\n\t<meta name=\"twitter:data2\" content=\"3 minutes\" \/>\n<script type=\"application\/ld+json\" class=\"yoast-schema-graph\">{\"@context\":\"https:\/\/schema.org\",\"@graph\":[{\"@type\":\"Article\",\"@id\":\"https:\/\/vosgesinfo.fr\/remiremontinfo\/2020\/12\/richard-rognet-remporte-91eme-prix-erckmann-chatrian-lensemble-de-oeuvre\/#article\",\"isPartOf\":{\"@id\":\"https:\/\/vosgesinfo.fr\/remiremontinfo\/2020\/12\/richard-rognet-remporte-91eme-prix-erckmann-chatrian-lensemble-de-oeuvre\/\"},\"author\":{\"name\":\"C D\",\"@id\":\"https:\/\/vosgesinfo.fr\/remiremontinfo\/#\/schema\/person\/3bfd164d5218a185b1db68655a265316\"},\"headline\":\"Richard Rognet remporte le 91\u00e8me Prix Erckmann-Chatrian \u00ab\u00a0pour l\u2019ensemble de son \u0153uvre\u00a0\u00bb\",\"datePublished\":\"2020-12-09T04:49:18+00:00\",\"dateModified\":\"2020-12-09T04:49:18+00:00\",\"mainEntityOfPage\":{\"@id\":\"https:\/\/vosgesinfo.fr\/remiremontinfo\/2020\/12\/richard-rognet-remporte-91eme-prix-erckmann-chatrian-lensemble-de-oeuvre\/\"},\"wordCount\":608,\"commentCount\":0,\"publisher\":{\"@id\":\"https:\/\/vosgesinfo.fr\/remiremontinfo\/#organization\"},\"image\":{\"@id\":\"https:\/\/vosgesinfo.fr\/remiremontinfo\/2020\/12\/richard-rognet-remporte-91eme-prix-erckmann-chatrian-lensemble-de-oeuvre\/#primaryimage\"},\"thumbnailUrl\":\"https:\/\/vosgesinfo.fr\/app\/uploads\/sites\/5\/2024\/09\/202012rognet-richard-photo-c.-helie-gallimard-coul-2-04.05.jpg\",\"articleSection\":[\"A la Une\",\"Culture\",\"Vosges\"],\"inLanguage\":\"fr-FR\",\"potentialAction\":[{\"@type\":\"CommentAction\",\"name\":\"Comment\",\"target\":[\"https:\/\/vosgesinfo.fr\/remiremontinfo\/2020\/12\/richard-rognet-remporte-91eme-prix-erckmann-chatrian-lensemble-de-oeuvre\/#respond\"]}]},{\"@type\":\"WebPage\",\"@id\":\"https:\/\/vosgesinfo.fr\/remiremontinfo\/2020\/12\/richard-rognet-remporte-91eme-prix-erckmann-chatrian-lensemble-de-oeuvre\/\",\"url\":\"https:\/\/vosgesinfo.fr\/remiremontinfo\/2020\/12\/richard-rognet-remporte-91eme-prix-erckmann-chatrian-lensemble-de-oeuvre\/\",\"name\":\"Richard Rognet remporte le 91\u00e8me Prix Erckmann-Chatrian \u00ab\u00a0pour l\u2019ensemble de son \u0153uvre\u00a0\u00bb - Remiremont Info\",\"isPartOf\":{\"@id\":\"https:\/\/vosgesinfo.fr\/remiremontinfo\/#website\"},\"primaryImageOfPage\":{\"@id\":\"https:\/\/vosgesinfo.fr\/remiremontinfo\/2020\/12\/richard-rognet-remporte-91eme-prix-erckmann-chatrian-lensemble-de-oeuvre\/#primaryimage\"},\"image\":{\"@id\":\"https:\/\/vosgesinfo.fr\/remiremontinfo\/2020\/12\/richard-rognet-remporte-91eme-prix-erckmann-chatrian-lensemble-de-oeuvre\/#primaryimage\"},\"thumbnailUrl\":\"https:\/\/vosgesinfo.fr\/app\/uploads\/sites\/5\/2024\/09\/202012rognet-richard-photo-c.-helie-gallimard-coul-2-04.05.jpg\",\"datePublished\":\"2020-12-09T04:49:18+00:00\",\"dateModified\":\"2020-12-09T04:49:18+00:00\",\"breadcrumb\":{\"@id\":\"https:\/\/vosgesinfo.fr\/remiremontinfo\/2020\/12\/richard-rognet-remporte-91eme-prix-erckmann-chatrian-lensemble-de-oeuvre\/#breadcrumb\"},\"inLanguage\":\"fr-FR\",\"potentialAction\":[{\"@type\":\"ReadAction\",\"target\":[\"https:\/\/vosgesinfo.fr\/remiremontinfo\/2020\/12\/richard-rognet-remporte-91eme-prix-erckmann-chatrian-lensemble-de-oeuvre\/\"]}]},{\"@type\":\"ImageObject\",\"inLanguage\":\"fr-FR\",\"@id\":\"https:\/\/vosgesinfo.fr\/remiremontinfo\/2020\/12\/richard-rognet-remporte-91eme-prix-erckmann-chatrian-lensemble-de-oeuvre\/#primaryimage\",\"url\":\"https:\/\/vosgesinfo.fr\/app\/uploads\/sites\/5\/2024\/09\/202012rognet-richard-photo-c.-helie-gallimard-coul-2-04.05.jpg\",\"contentUrl\":\"https:\/\/vosgesinfo.fr\/app\/uploads\/sites\/5\/2024\/09\/202012rognet-richard-photo-c.-helie-gallimard-coul-2-04.05.jpg\",\"width\":800,\"height\":596},{\"@type\":\"BreadcrumbList\",\"@id\":\"https:\/\/vosgesinfo.fr\/remiremontinfo\/2020\/12\/richard-rognet-remporte-91eme-prix-erckmann-chatrian-lensemble-de-oeuvre\/#breadcrumb\",\"itemListElement\":[{\"@type\":\"ListItem\",\"position\":1,\"name\":\"Home\",\"item\":\"https:\/\/vosgesinfo.fr\/remiremontinfo\/\"},{\"@type\":\"ListItem\",\"position\":2,\"name\":\"Richard Rognet remporte le 91\u00e8me Prix Erckmann-Chatrian \u00ab\u00a0pour l\u2019ensemble de son \u0153uvre\u00a0\u00bb\"}]},{\"@type\":\"WebSite\",\"@id\":\"https:\/\/vosgesinfo.fr\/remiremontinfo\/#website\",\"url\":\"https:\/\/vosgesinfo.fr\/remiremontinfo\/\",\"name\":\"Remiremont Info\",\"description\":\"Toute l&#039;actualit\u00e9 de Remiremont\",\"publisher\":{\"@id\":\"https:\/\/vosgesinfo.fr\/remiremontinfo\/#organization\"},\"alternateName\":\"Toute l'actualit\u00e9 de Remiremont\",\"potentialAction\":[{\"@type\":\"SearchAction\",\"target\":{\"@type\":\"EntryPoint\",\"urlTemplate\":\"https:\/\/vosgesinfo.fr\/remiremontinfo\/?s={search_term_string}\"},\"query-input\":\"required name=search_term_string\"}],\"inLanguage\":\"fr-FR\"},{\"@type\":\"Organization\",\"@id\":\"https:\/\/vosgesinfo.fr\/remiremontinfo\/#organization\",\"name\":\"Remiremont Info\",\"url\":\"https:\/\/vosgesinfo.fr\/remiremontinfo\/\",\"logo\":{\"@type\":\"ImageObject\",\"inLanguage\":\"fr-FR\",\"@id\":\"https:\/\/vosgesinfo.fr\/remiremontinfo\/#\/schema\/logo\/image\/\",\"url\":\"https:\/\/vosgesinfo.fr\/app\/uploads\/sites\/5\/2023\/08\/favicon-remiremontinfo.png\",\"contentUrl\":\"https:\/\/vosgesinfo.fr\/app\/uploads\/sites\/5\/2023\/08\/favicon-remiremontinfo.png\",\"width\":512,\"height\":512,\"caption\":\"Remiremont Info\"},\"image\":{\"@id\":\"https:\/\/vosgesinfo.fr\/remiremontinfo\/#\/schema\/logo\/image\/\"},\"sameAs\":[\"https:\/\/www.facebook.com\/remiremontinfo\",\"https:\/\/x.com\/VosgesInfo88\",\"https:\/\/www.youtube.com\/@vosgesinfo\"]},{\"@type\":\"Person\",\"@id\":\"https:\/\/vosgesinfo.fr\/remiremontinfo\/#\/schema\/person\/3bfd164d5218a185b1db68655a265316\",\"name\":\"C D\",\"image\":{\"@type\":\"ImageObject\",\"inLanguage\":\"fr-FR\",\"@id\":\"https:\/\/vosgesinfo.fr\/remiremontinfo\/#\/schema\/person\/image\/\",\"url\":\"https:\/\/secure.gravatar.com\/avatar\/1f9a70007336511a47468b8f1c66f922b8b7cf617b02a31149ada43893a5d48f?s=96&d=mm&r=g\",\"contentUrl\":\"https:\/\/secure.gravatar.com\/avatar\/1f9a70007336511a47468b8f1c66f922b8b7cf617b02a31149ada43893a5d48f?s=96&d=mm&r=g\",\"caption\":\"C D\"},\"url\":\"https:\/\/vosgesinfo.fr\/remiremontinfo\/author\/cedric-drevet\/\"}]}<\/script>\n<!-- \/ Yoast SEO plugin. -->","yoast_head_json":{"title":"Richard Rognet remporte le 91\u00e8me Prix Erckmann-Chatrian \u00ab\u00a0pour l\u2019ensemble de son \u0153uvre\u00a0\u00bb - Remiremont Info","robots":{"index":"index","follow":"follow","max-snippet":"max-snippet:-1","max-image-preview":"max-image-preview:large","max-video-preview":"max-video-preview:-1"},"canonical":"https:\/\/vosgesinfo.fr\/remiremontinfo\/2020\/12\/richard-rognet-remporte-91eme-prix-erckmann-chatrian-lensemble-de-oeuvre\/","twitter_card":"summary_large_image","twitter_title":"Richard Rognet remporte le 91\u00e8me Prix Erckmann-Chatrian \u00ab\u00a0pour l\u2019ensemble de son \u0153uvre\u00a0\u00bb - Remiremont Info","twitter_description":"Photo de prix-erckmann-chatrian.fr Le Prix Erckmann-Chatrian r\u00e9compense chaque ann\u00e9e, depuis 1925, un auteur vivant en Lorraine ou qui place son [&hellip;]","twitter_image":"https:\/\/vosgesinfo.fr\/app\/uploads\/sites\/5\/2024\/09\/202012rognet-richard-photo-c.-helie-gallimard-coul-2-04.05.jpg","twitter_creator":"@VosgesInfo88","twitter_site":"@VosgesInfo88","twitter_misc":{"\u00c9crit par":"C D","Dur\u00e9e de lecture estim\u00e9e":"3 minutes"},"schema":{"@context":"https:\/\/schema.org","@graph":[{"@type":"Article","@id":"https:\/\/vosgesinfo.fr\/remiremontinfo\/2020\/12\/richard-rognet-remporte-91eme-prix-erckmann-chatrian-lensemble-de-oeuvre\/#article","isPartOf":{"@id":"https:\/\/vosgesinfo.fr\/remiremontinfo\/2020\/12\/richard-rognet-remporte-91eme-prix-erckmann-chatrian-lensemble-de-oeuvre\/"},"author":{"name":"C D","@id":"https:\/\/vosgesinfo.fr\/remiremontinfo\/#\/schema\/person\/3bfd164d5218a185b1db68655a265316"},"headline":"Richard Rognet remporte le 91\u00e8me Prix Erckmann-Chatrian \u00ab\u00a0pour l\u2019ensemble de son \u0153uvre\u00a0\u00bb","datePublished":"2020-12-09T04:49:18+00:00","dateModified":"2020-12-09T04:49:18+00:00","mainEntityOfPage":{"@id":"https:\/\/vosgesinfo.fr\/remiremontinfo\/2020\/12\/richard-rognet-remporte-91eme-prix-erckmann-chatrian-lensemble-de-oeuvre\/"},"wordCount":608,"commentCount":0,"publisher":{"@id":"https:\/\/vosgesinfo.fr\/remiremontinfo\/#organization"},"image":{"@id":"https:\/\/vosgesinfo.fr\/remiremontinfo\/2020\/12\/richard-rognet-remporte-91eme-prix-erckmann-chatrian-lensemble-de-oeuvre\/#primaryimage"},"thumbnailUrl":"https:\/\/vosgesinfo.fr\/app\/uploads\/sites\/5\/2024\/09\/202012rognet-richard-photo-c.-helie-gallimard-coul-2-04.05.jpg","articleSection":["A la Une","Culture","Vosges"],"inLanguage":"fr-FR","potentialAction":[{"@type":"CommentAction","name":"Comment","target":["https:\/\/vosgesinfo.fr\/remiremontinfo\/2020\/12\/richard-rognet-remporte-91eme-prix-erckmann-chatrian-lensemble-de-oeuvre\/#respond"]}]},{"@type":"WebPage","@id":"https:\/\/vosgesinfo.fr\/remiremontinfo\/2020\/12\/richard-rognet-remporte-91eme-prix-erckmann-chatrian-lensemble-de-oeuvre\/","url":"https:\/\/vosgesinfo.fr\/remiremontinfo\/2020\/12\/richard-rognet-remporte-91eme-prix-erckmann-chatrian-lensemble-de-oeuvre\/","name":"Richard Rognet remporte le 91\u00e8me Prix Erckmann-Chatrian \u00ab\u00a0pour l\u2019ensemble de son \u0153uvre\u00a0\u00bb - Remiremont Info","isPartOf":{"@id":"https:\/\/vosgesinfo.fr\/remiremontinfo\/#website"},"primaryImageOfPage":{"@id":"https:\/\/vosgesinfo.fr\/remiremontinfo\/2020\/12\/richard-rognet-remporte-91eme-prix-erckmann-chatrian-lensemble-de-oeuvre\/#primaryimage"},"image":{"@id":"https:\/\/vosgesinfo.fr\/remiremontinfo\/2020\/12\/richard-rognet-remporte-91eme-prix-erckmann-chatrian-lensemble-de-oeuvre\/#primaryimage"},"thumbnailUrl":"https:\/\/vosgesinfo.fr\/app\/uploads\/sites\/5\/2024\/09\/202012rognet-richard-photo-c.-helie-gallimard-coul-2-04.05.jpg","datePublished":"2020-12-09T04:49:18+00:00","dateModified":"2020-12-09T04:49:18+00:00","breadcrumb":{"@id":"https:\/\/vosgesinfo.fr\/remiremontinfo\/2020\/12\/richard-rognet-remporte-91eme-prix-erckmann-chatrian-lensemble-de-oeuvre\/#breadcrumb"},"inLanguage":"fr-FR","potentialAction":[{"@type":"ReadAction","target":["https:\/\/vosgesinfo.fr\/remiremontinfo\/2020\/12\/richard-rognet-remporte-91eme-prix-erckmann-chatrian-lensemble-de-oeuvre\/"]}]},{"@type":"ImageObject","inLanguage":"fr-FR","@id":"https:\/\/vosgesinfo.fr\/remiremontinfo\/2020\/12\/richard-rognet-remporte-91eme-prix-erckmann-chatrian-lensemble-de-oeuvre\/#primaryimage","url":"https:\/\/vosgesinfo.fr\/app\/uploads\/sites\/5\/2024\/09\/202012rognet-richard-photo-c.-helie-gallimard-coul-2-04.05.jpg","contentUrl":"https:\/\/vosgesinfo.fr\/app\/uploads\/sites\/5\/2024\/09\/202012rognet-richard-photo-c.-helie-gallimard-coul-2-04.05.jpg","width":800,"height":596},{"@type":"BreadcrumbList","@id":"https:\/\/vosgesinfo.fr\/remiremontinfo\/2020\/12\/richard-rognet-remporte-91eme-prix-erckmann-chatrian-lensemble-de-oeuvre\/#breadcrumb","itemListElement":[{"@type":"ListItem","position":1,"name":"Home","item":"https:\/\/vosgesinfo.fr\/remiremontinfo\/"},{"@type":"ListItem","position":2,"name":"Richard Rognet remporte le 91\u00e8me Prix Erckmann-Chatrian \u00ab\u00a0pour l\u2019ensemble de son \u0153uvre\u00a0\u00bb"}]},{"@type":"WebSite","@id":"https:\/\/vosgesinfo.fr\/remiremontinfo\/#website","url":"https:\/\/vosgesinfo.fr\/remiremontinfo\/","name":"Remiremont Info","description":"Toute l&#039;actualit\u00e9 de Remiremont","publisher":{"@id":"https:\/\/vosgesinfo.fr\/remiremontinfo\/#organization"},"alternateName":"Toute l'actualit\u00e9 de Remiremont","potentialAction":[{"@type":"SearchAction","target":{"@type":"EntryPoint","urlTemplate":"https:\/\/vosgesinfo.fr\/remiremontinfo\/?s={search_term_string}"},"query-input":"required name=search_term_string"}],"inLanguage":"fr-FR"},{"@type":"Organization","@id":"https:\/\/vosgesinfo.fr\/remiremontinfo\/#organization","name":"Remiremont Info","url":"https:\/\/vosgesinfo.fr\/remiremontinfo\/","logo":{"@type":"ImageObject","inLanguage":"fr-FR","@id":"https:\/\/vosgesinfo.fr\/remiremontinfo\/#\/schema\/logo\/image\/","url":"https:\/\/vosgesinfo.fr\/app\/uploads\/sites\/5\/2023\/08\/favicon-remiremontinfo.png","contentUrl":"https:\/\/vosgesinfo.fr\/app\/uploads\/sites\/5\/2023\/08\/favicon-remiremontinfo.png","width":512,"height":512,"caption":"Remiremont Info"},"image":{"@id":"https:\/\/vosgesinfo.fr\/remiremontinfo\/#\/schema\/logo\/image\/"},"sameAs":["https:\/\/www.facebook.com\/remiremontinfo","https:\/\/x.com\/VosgesInfo88","https:\/\/www.youtube.com\/@vosgesinfo"]},{"@type":"Person","@id":"https:\/\/vosgesinfo.fr\/remiremontinfo\/#\/schema\/person\/3bfd164d5218a185b1db68655a265316","name":"C D","image":{"@type":"ImageObject","inLanguage":"fr-FR","@id":"https:\/\/vosgesinfo.fr\/remiremontinfo\/#\/schema\/person\/image\/","url":"https:\/\/secure.gravatar.com\/avatar\/1f9a70007336511a47468b8f1c66f922b8b7cf617b02a31149ada43893a5d48f?s=96&d=mm&r=g","contentUrl":"https:\/\/secure.gravatar.com\/avatar\/1f9a70007336511a47468b8f1c66f922b8b7cf617b02a31149ada43893a5d48f?s=96&d=mm&r=g","caption":"C D"},"url":"https:\/\/vosgesinfo.fr\/remiremontinfo\/author\/cedric-drevet\/"}]}},"_links":{"self":[{"href":"https:\/\/vosgesinfo.fr\/remiremontinfo\/wp-json\/wp\/v2\/posts\/34797","targetHints":{"allow":["GET"]}}],"collection":[{"href":"https:\/\/vosgesinfo.fr\/remiremontinfo\/wp-json\/wp\/v2\/posts"}],"about":[{"href":"https:\/\/vosgesinfo.fr\/remiremontinfo\/wp-json\/wp\/v2\/types\/post"}],"author":[{"embeddable":true,"href":"https:\/\/vosgesinfo.fr\/remiremontinfo\/wp-json\/wp\/v2\/users\/407"}],"replies":[{"embeddable":true,"href":"https:\/\/vosgesinfo.fr\/remiremontinfo\/wp-json\/wp\/v2\/comments?post=34797"}],"version-history":[{"count":0,"href":"https:\/\/vosgesinfo.fr\/remiremontinfo\/wp-json\/wp\/v2\/posts\/34797\/revisions"}],"wp:featuredmedia":[{"embeddable":true,"href":"https:\/\/vosgesinfo.fr\/remiremontinfo\/wp-json\/wp\/v2\/media\/34798"}],"wp:attachment":[{"href":"https:\/\/vosgesinfo.fr\/remiremontinfo\/wp-json\/wp\/v2\/media?parent=34797"}],"wp:term":[{"taxonomy":"category","embeddable":true,"href":"https:\/\/vosgesinfo.fr\/remiremontinfo\/wp-json\/wp\/v2\/categories?post=34797"},{"taxonomy":"post_tag","embeddable":true,"href":"https:\/\/vosgesinfo.fr\/remiremontinfo\/wp-json\/wp\/v2\/tags?post=34797"}],"curies":[{"name":"wp","href":"https:\/\/api.w.org\/{rel}","templated":true}]}}