{"id":34809,"date":"2020-12-09T06:58:51","date_gmt":"2020-12-09T05:58:51","guid":{"rendered":"https:\/\/vosgesinfo.fr\/remiremontinfo\/2020\/12\/ferme-lejol-recoit-2-medailles-dor-tommes-aux-fleurs-a-lail-ours\/"},"modified":"2020-12-09T06:58:51","modified_gmt":"2020-12-09T05:58:51","slug":"ferme-lejol-recoit-2-medailles-dor-tommes-aux-fleurs-a-lail-ours","status":"publish","type":"post","link":"https:\/\/vosgesinfo.fr\/remiremontinfo\/2020\/12\/ferme-lejol-recoit-2-medailles-dor-tommes-aux-fleurs-a-lail-ours\/","title":{"rendered":"La ferme du Lejol re\u00e7oit 2 m\u00e9dailles d\u2019or pour ses tommes aux fleurs et \u00e0 l\u2019ail des ours"},"content":{"rendered":"<p style=\"text-align: center;\"><a href=\"\/2020\/12\/129896954_3821278411224865_2069522577483674028_o.jpg\"><img decoding=\"async\" class=\"alignnone size-full wp-image-303915\" src=\"\/2020\/12\/129896954_3821278411224865_2069522577483674028_o.jpg\" alt=\"129896954_3821278411224865_2069522577483674028_o\" width=\"800\" height=\"600\" \/><\/a><\/p>\n<p><span style=\"font-size: 10pt;\"><em><span style=\"color: #222222;\"><span style=\"font-family: 'Times New Roman', serif;\">P<\/span><\/span><span style=\"color: #222222;\"><span style=\"font-family: 'Times New Roman', serif;\">hoto @ceciledulejol <\/span><\/span><\/em><\/span><\/p>\n<h2><span style=\"font-size: 14pt;\"><strong><span style=\"color: #222222;\"><span style=\"font-family: 'Times New Roman', serif;\">Lyon accueille chaque ann\u00e9e le Concours International des vins, bi\u00e8res et spiritueux. <\/span><\/span><span style=\"color: #222222;\"><span style=\"font-family: 'Times New Roman', serif;\">Celui ci int\u00e8gre pour la premi\u00e8re fois cette ann\u00e9e les fromages et les produits laitiers \u00e0 sa s\u00e9lection. La ferme du Lejol, situ\u00e9e sur la route de la chapelle \u00e0 Gerbamont, a \u00e9t\u00e9 r\u00e9compens\u00e9e \u00e0 cette occasion.<\/span><\/span><\/strong><\/span><\/h2>\n<p><span style=\"color: #222222;\"><span style=\"font-family: 'Times New Roman', serif;\"><span style=\"font-size: medium;\">Veaux, vaches et cochons, voici la compagnie de la famille Poirot. <em>\u00ab\u00a0A la ferme du Lejol, le confinement se fait aussi : chacun son \u00e9curie ou son poulailler !\u00a0\u00bb <\/em><\/span><\/span><\/span><span style=\"color: #222222;\"><span style=\"font-family: 'Times New Roman', serif;\"><span style=\"font-size: medium;\">Par exemple, <\/span><\/span><\/span><span style=\"color: #222222;\"><span style=\"font-family: 'Times New Roman', serif;\"><span style=\"font-size: medium;\">Catherine <\/span><\/span><\/span><span style=\"color: #222222;\"><span style=\"font-family: 'Times New Roman', serif;\"><span style=\"font-size: medium;\">b<\/span><\/span><\/span><span style=\"color: #222222;\"><span style=\"font-family: 'Times New Roman', serif;\"><span style=\"font-size: medium;\">ichonne ses dindes et pintades. J\u00e9r\u00e9my distribue ma\u00efs et petit lait \u00e0 ses chapons et poulardes tout en surveillant la baignade des oies et des canards. Quant aux cailles et chapons de pintade, ils restent bien au chaud avec C\u00e9cile. <em>\u00ab\u00a0Bref, il y en a de toutes les tailles et pour tout les go\u00fbts !\u00a0\u00bb<\/em>. <\/span><\/span><\/span><span style=\"color: #222222;\"><span style=\"font-family: 'Times New Roman', serif;\"><span style=\"font-size: medium;\">Lors du <\/span><\/span><\/span><span style=\"color: #222222;\"><span style=\"font-family: 'Times New Roman', serif;\"><span style=\"font-size: medium;\">C<\/span><\/span><\/span><span style=\"color: #222222;\"><span style=\"font-family: 'Times New Roman', serif;\"><span style=\"font-size: medium;\">oncours <\/span><\/span><\/span><span style=\"color: #222222;\"><span style=\"font-family: 'Times New Roman', serif;\"><span style=\"font-size: medium;\">international de Lyon, le Gaec du Lejol a obtenu la M\u00e9daille d\u2019or pour sa tomme fermi\u00e8re aux fleurs ainsi que pour sa tomme fermi\u00e8re \u00e0 l\u2019ail des Ours. F\u00e9licitation \u00e0 toute l\u2019\u00e9quipe.<\/span><\/span><\/span><\/p>\n<p><span style=\"color: #222222;\"><span style=\"font-family: 'Times New Roman', serif;\"><span style=\"font-size: medium;\">Pour vous faire une id\u00e9e de la qualit\u00e9 des produits, le mieux, c\u2019est de les go\u00fbter. <\/span><\/span><\/span><span style=\"color: #222222;\"><span style=\"font-family: 'Times New Roman', serif;\"><span style=\"font-size: medium;\">La boutique est ouverte du lundi au samedi de 8h30 \u00e0 12h et de 14h30 \u00e0 18h30. Retrouvez \u00e9galement les produits de la ferme sur les march\u00e9s de Remiremont, G\u00e9rardmer, Saulxures, \u00e0 la poissonerie Laporte de Saint-Etienne les vendredis matin et au march\u00e9s couvert d&rsquo;Epinal (mercredi et samedi matin).<\/span><\/span><\/span><\/p>\n","protected":false},"excerpt":{"rendered":"<p>Photo @ceciledulejol Lyon accueille chaque ann\u00e9e le Concours International des vins, bi\u00e8res et spiritueux. Celui ci int\u00e8gre pour la premi\u00e8re [&hellip;]<\/p>\n","protected":false},"author":407,"featured_media":34810,"comment_status":"open","ping_status":"open","sticky":false,"template":"","format":"standard","meta":{"footnotes":""},"categories":[26,4,25],"tags":[],"class_list":["post-34809","post","type-post","status-publish","format-standard","has-post-thumbnail","hentry","category-a-la-une","category-culture","category-la-bresse-son-canton"],"acf":[],"yoast_head":"<!-- This site is optimized with the Yoast SEO plugin v22.5 - https:\/\/yoast.com\/wordpress\/plugins\/seo\/ -->\n<title>La ferme du Lejol re\u00e7oit 2 m\u00e9dailles d\u2019or pour ses tommes aux fleurs et \u00e0 l\u2019ail des ours - Remiremont Info<\/title>\n<meta name=\"robots\" content=\"index, follow, max-snippet:-1, max-image-preview:large, max-video-preview:-1\" \/>\n<link rel=\"canonical\" href=\"https:\/\/vosgesinfo.fr\/remiremontinfo\/2020\/12\/ferme-lejol-recoit-2-medailles-dor-tommes-aux-fleurs-a-lail-ours\/\" \/>\n<meta name=\"twitter:card\" content=\"summary_large_image\" \/>\n<meta name=\"twitter:title\" content=\"La ferme du Lejol re\u00e7oit 2 m\u00e9dailles d\u2019or pour ses tommes aux fleurs et \u00e0 l\u2019ail des ours - Remiremont Info\" \/>\n<meta name=\"twitter:description\" content=\"Photo @ceciledulejol Lyon accueille chaque ann\u00e9e le Concours International des vins, bi\u00e8res et spiritueux. Celui ci int\u00e8gre pour la premi\u00e8re [&hellip;]\" \/>\n<meta name=\"twitter:image\" content=\"https:\/\/vosgesinfo.fr\/app\/uploads\/sites\/5\/2024\/09\/202012129896954-3821278411224865-2069522577483674028-o.jpg\" \/>\n<meta name=\"twitter:creator\" content=\"@VosgesInfo88\" \/>\n<meta name=\"twitter:site\" content=\"@VosgesInfo88\" \/>\n<meta name=\"twitter:label1\" content=\"\u00c9crit par\" \/>\n\t<meta name=\"twitter:data1\" content=\"C D\" \/>\n\t<meta name=\"twitter:label2\" content=\"Dur\u00e9e de lecture estim\u00e9e\" \/>\n\t<meta name=\"twitter:data2\" content=\"1 minute\" \/>\n<script type=\"application\/ld+json\" class=\"yoast-schema-graph\">{\"@context\":\"https:\/\/schema.org\",\"@graph\":[{\"@type\":\"Article\",\"@id\":\"https:\/\/vosgesinfo.fr\/remiremontinfo\/2020\/12\/ferme-lejol-recoit-2-medailles-dor-tommes-aux-fleurs-a-lail-ours\/#article\",\"isPartOf\":{\"@id\":\"https:\/\/vosgesinfo.fr\/remiremontinfo\/2020\/12\/ferme-lejol-recoit-2-medailles-dor-tommes-aux-fleurs-a-lail-ours\/\"},\"author\":{\"name\":\"C D\",\"@id\":\"https:\/\/vosgesinfo.fr\/remiremontinfo\/#\/schema\/person\/3bfd164d5218a185b1db68655a265316\"},\"headline\":\"La ferme du Lejol re\u00e7oit 2 m\u00e9dailles d\u2019or pour ses tommes aux fleurs et \u00e0 l\u2019ail des ours\",\"datePublished\":\"2020-12-09T05:58:51+00:00\",\"dateModified\":\"2020-12-09T05:58:51+00:00\",\"mainEntityOfPage\":{\"@id\":\"https:\/\/vosgesinfo.fr\/remiremontinfo\/2020\/12\/ferme-lejol-recoit-2-medailles-dor-tommes-aux-fleurs-a-lail-ours\/\"},\"wordCount\":277,\"commentCount\":0,\"publisher\":{\"@id\":\"https:\/\/vosgesinfo.fr\/remiremontinfo\/#organization\"},\"image\":{\"@id\":\"https:\/\/vosgesinfo.fr\/remiremontinfo\/2020\/12\/ferme-lejol-recoit-2-medailles-dor-tommes-aux-fleurs-a-lail-ours\/#primaryimage\"},\"thumbnailUrl\":\"https:\/\/vosgesinfo.fr\/app\/uploads\/sites\/5\/2024\/09\/202012129896954-3821278411224865-2069522577483674028-o.jpg\",\"articleSection\":[\"A la Une\",\"Culture\",\"La Bresse &amp; son canton\"],\"inLanguage\":\"fr-FR\",\"potentialAction\":[{\"@type\":\"CommentAction\",\"name\":\"Comment\",\"target\":[\"https:\/\/vosgesinfo.fr\/remiremontinfo\/2020\/12\/ferme-lejol-recoit-2-medailles-dor-tommes-aux-fleurs-a-lail-ours\/#respond\"]}]},{\"@type\":\"WebPage\",\"@id\":\"https:\/\/vosgesinfo.fr\/remiremontinfo\/2020\/12\/ferme-lejol-recoit-2-medailles-dor-tommes-aux-fleurs-a-lail-ours\/\",\"url\":\"https:\/\/vosgesinfo.fr\/remiremontinfo\/2020\/12\/ferme-lejol-recoit-2-medailles-dor-tommes-aux-fleurs-a-lail-ours\/\",\"name\":\"La ferme du Lejol re\u00e7oit 2 m\u00e9dailles d\u2019or pour ses tommes aux fleurs et \u00e0 l\u2019ail des ours - Remiremont Info\",\"isPartOf\":{\"@id\":\"https:\/\/vosgesinfo.fr\/remiremontinfo\/#website\"},\"primaryImageOfPage\":{\"@id\":\"https:\/\/vosgesinfo.fr\/remiremontinfo\/2020\/12\/ferme-lejol-recoit-2-medailles-dor-tommes-aux-fleurs-a-lail-ours\/#primaryimage\"},\"image\":{\"@id\":\"https:\/\/vosgesinfo.fr\/remiremontinfo\/2020\/12\/ferme-lejol-recoit-2-medailles-dor-tommes-aux-fleurs-a-lail-ours\/#primaryimage\"},\"thumbnailUrl\":\"https:\/\/vosgesinfo.fr\/app\/uploads\/sites\/5\/2024\/09\/202012129896954-3821278411224865-2069522577483674028-o.jpg\",\"datePublished\":\"2020-12-09T05:58:51+00:00\",\"dateModified\":\"2020-12-09T05:58:51+00:00\",\"breadcrumb\":{\"@id\":\"https:\/\/vosgesinfo.fr\/remiremontinfo\/2020\/12\/ferme-lejol-recoit-2-medailles-dor-tommes-aux-fleurs-a-lail-ours\/#breadcrumb\"},\"inLanguage\":\"fr-FR\",\"potentialAction\":[{\"@type\":\"ReadAction\",\"target\":[\"https:\/\/vosgesinfo.fr\/remiremontinfo\/2020\/12\/ferme-lejol-recoit-2-medailles-dor-tommes-aux-fleurs-a-lail-ours\/\"]}]},{\"@type\":\"ImageObject\",\"inLanguage\":\"fr-FR\",\"@id\":\"https:\/\/vosgesinfo.fr\/remiremontinfo\/2020\/12\/ferme-lejol-recoit-2-medailles-dor-tommes-aux-fleurs-a-lail-ours\/#primaryimage\",\"url\":\"https:\/\/vosgesinfo.fr\/app\/uploads\/sites\/5\/2024\/09\/202012129896954-3821278411224865-2069522577483674028-o.jpg\",\"contentUrl\":\"https:\/\/vosgesinfo.fr\/app\/uploads\/sites\/5\/2024\/09\/202012129896954-3821278411224865-2069522577483674028-o.jpg\",\"width\":800,\"height\":600},{\"@type\":\"BreadcrumbList\",\"@id\":\"https:\/\/vosgesinfo.fr\/remiremontinfo\/2020\/12\/ferme-lejol-recoit-2-medailles-dor-tommes-aux-fleurs-a-lail-ours\/#breadcrumb\",\"itemListElement\":[{\"@type\":\"ListItem\",\"position\":1,\"name\":\"Home\",\"item\":\"https:\/\/vosgesinfo.fr\/remiremontinfo\/\"},{\"@type\":\"ListItem\",\"position\":2,\"name\":\"La ferme du Lejol re\u00e7oit 2 m\u00e9dailles d\u2019or pour ses tommes aux fleurs et \u00e0 l\u2019ail des ours\"}]},{\"@type\":\"WebSite\",\"@id\":\"https:\/\/vosgesinfo.fr\/remiremontinfo\/#website\",\"url\":\"https:\/\/vosgesinfo.fr\/remiremontinfo\/\",\"name\":\"Remiremont Info\",\"description\":\"Toute l&#039;actualit\u00e9 de Remiremont\",\"publisher\":{\"@id\":\"https:\/\/vosgesinfo.fr\/remiremontinfo\/#organization\"},\"alternateName\":\"Toute l'actualit\u00e9 de Remiremont\",\"potentialAction\":[{\"@type\":\"SearchAction\",\"target\":{\"@type\":\"EntryPoint\",\"urlTemplate\":\"https:\/\/vosgesinfo.fr\/remiremontinfo\/?s={search_term_string}\"},\"query-input\":\"required name=search_term_string\"}],\"inLanguage\":\"fr-FR\"},{\"@type\":\"Organization\",\"@id\":\"https:\/\/vosgesinfo.fr\/remiremontinfo\/#organization\",\"name\":\"Remiremont Info\",\"url\":\"https:\/\/vosgesinfo.fr\/remiremontinfo\/\",\"logo\":{\"@type\":\"ImageObject\",\"inLanguage\":\"fr-FR\",\"@id\":\"https:\/\/vosgesinfo.fr\/remiremontinfo\/#\/schema\/logo\/image\/\",\"url\":\"https:\/\/vosgesinfo.fr\/app\/uploads\/sites\/5\/2023\/08\/favicon-remiremontinfo.png\",\"contentUrl\":\"https:\/\/vosgesinfo.fr\/app\/uploads\/sites\/5\/2023\/08\/favicon-remiremontinfo.png\",\"width\":512,\"height\":512,\"caption\":\"Remiremont Info\"},\"image\":{\"@id\":\"https:\/\/vosgesinfo.fr\/remiremontinfo\/#\/schema\/logo\/image\/\"},\"sameAs\":[\"https:\/\/www.facebook.com\/remiremontinfo\",\"https:\/\/x.com\/VosgesInfo88\",\"https:\/\/www.youtube.com\/@vosgesinfo\"]},{\"@type\":\"Person\",\"@id\":\"https:\/\/vosgesinfo.fr\/remiremontinfo\/#\/schema\/person\/3bfd164d5218a185b1db68655a265316\",\"name\":\"C D\",\"image\":{\"@type\":\"ImageObject\",\"inLanguage\":\"fr-FR\",\"@id\":\"https:\/\/vosgesinfo.fr\/remiremontinfo\/#\/schema\/person\/image\/\",\"url\":\"https:\/\/secure.gravatar.com\/avatar\/1f9a70007336511a47468b8f1c66f922b8b7cf617b02a31149ada43893a5d48f?s=96&d=mm&r=g\",\"contentUrl\":\"https:\/\/secure.gravatar.com\/avatar\/1f9a70007336511a47468b8f1c66f922b8b7cf617b02a31149ada43893a5d48f?s=96&d=mm&r=g\",\"caption\":\"C D\"},\"url\":\"https:\/\/vosgesinfo.fr\/remiremontinfo\/author\/cedric-drevet\/\"}]}<\/script>\n<!-- \/ Yoast SEO plugin. -->","yoast_head_json":{"title":"La ferme du Lejol re\u00e7oit 2 m\u00e9dailles d\u2019or pour ses tommes aux fleurs et \u00e0 l\u2019ail des ours - Remiremont Info","robots":{"index":"index","follow":"follow","max-snippet":"max-snippet:-1","max-image-preview":"max-image-preview:large","max-video-preview":"max-video-preview:-1"},"canonical":"https:\/\/vosgesinfo.fr\/remiremontinfo\/2020\/12\/ferme-lejol-recoit-2-medailles-dor-tommes-aux-fleurs-a-lail-ours\/","twitter_card":"summary_large_image","twitter_title":"La ferme du Lejol re\u00e7oit 2 m\u00e9dailles d\u2019or pour ses tommes aux fleurs et \u00e0 l\u2019ail des ours - Remiremont Info","twitter_description":"Photo @ceciledulejol Lyon accueille chaque ann\u00e9e le Concours International des vins, bi\u00e8res et spiritueux. Celui ci int\u00e8gre pour la premi\u00e8re [&hellip;]","twitter_image":"https:\/\/vosgesinfo.fr\/app\/uploads\/sites\/5\/2024\/09\/202012129896954-3821278411224865-2069522577483674028-o.jpg","twitter_creator":"@VosgesInfo88","twitter_site":"@VosgesInfo88","twitter_misc":{"\u00c9crit par":"C D","Dur\u00e9e de lecture estim\u00e9e":"1 minute"},"schema":{"@context":"https:\/\/schema.org","@graph":[{"@type":"Article","@id":"https:\/\/vosgesinfo.fr\/remiremontinfo\/2020\/12\/ferme-lejol-recoit-2-medailles-dor-tommes-aux-fleurs-a-lail-ours\/#article","isPartOf":{"@id":"https:\/\/vosgesinfo.fr\/remiremontinfo\/2020\/12\/ferme-lejol-recoit-2-medailles-dor-tommes-aux-fleurs-a-lail-ours\/"},"author":{"name":"C D","@id":"https:\/\/vosgesinfo.fr\/remiremontinfo\/#\/schema\/person\/3bfd164d5218a185b1db68655a265316"},"headline":"La ferme du Lejol re\u00e7oit 2 m\u00e9dailles d\u2019or pour ses tommes aux fleurs et \u00e0 l\u2019ail des ours","datePublished":"2020-12-09T05:58:51+00:00","dateModified":"2020-12-09T05:58:51+00:00","mainEntityOfPage":{"@id":"https:\/\/vosgesinfo.fr\/remiremontinfo\/2020\/12\/ferme-lejol-recoit-2-medailles-dor-tommes-aux-fleurs-a-lail-ours\/"},"wordCount":277,"commentCount":0,"publisher":{"@id":"https:\/\/vosgesinfo.fr\/remiremontinfo\/#organization"},"image":{"@id":"https:\/\/vosgesinfo.fr\/remiremontinfo\/2020\/12\/ferme-lejol-recoit-2-medailles-dor-tommes-aux-fleurs-a-lail-ours\/#primaryimage"},"thumbnailUrl":"https:\/\/vosgesinfo.fr\/app\/uploads\/sites\/5\/2024\/09\/202012129896954-3821278411224865-2069522577483674028-o.jpg","articleSection":["A la Une","Culture","La Bresse &amp; son canton"],"inLanguage":"fr-FR","potentialAction":[{"@type":"CommentAction","name":"Comment","target":["https:\/\/vosgesinfo.fr\/remiremontinfo\/2020\/12\/ferme-lejol-recoit-2-medailles-dor-tommes-aux-fleurs-a-lail-ours\/#respond"]}]},{"@type":"WebPage","@id":"https:\/\/vosgesinfo.fr\/remiremontinfo\/2020\/12\/ferme-lejol-recoit-2-medailles-dor-tommes-aux-fleurs-a-lail-ours\/","url":"https:\/\/vosgesinfo.fr\/remiremontinfo\/2020\/12\/ferme-lejol-recoit-2-medailles-dor-tommes-aux-fleurs-a-lail-ours\/","name":"La ferme du Lejol re\u00e7oit 2 m\u00e9dailles d\u2019or pour ses tommes aux fleurs et \u00e0 l\u2019ail des ours - Remiremont Info","isPartOf":{"@id":"https:\/\/vosgesinfo.fr\/remiremontinfo\/#website"},"primaryImageOfPage":{"@id":"https:\/\/vosgesinfo.fr\/remiremontinfo\/2020\/12\/ferme-lejol-recoit-2-medailles-dor-tommes-aux-fleurs-a-lail-ours\/#primaryimage"},"image":{"@id":"https:\/\/vosgesinfo.fr\/remiremontinfo\/2020\/12\/ferme-lejol-recoit-2-medailles-dor-tommes-aux-fleurs-a-lail-ours\/#primaryimage"},"thumbnailUrl":"https:\/\/vosgesinfo.fr\/app\/uploads\/sites\/5\/2024\/09\/202012129896954-3821278411224865-2069522577483674028-o.jpg","datePublished":"2020-12-09T05:58:51+00:00","dateModified":"2020-12-09T05:58:51+00:00","breadcrumb":{"@id":"https:\/\/vosgesinfo.fr\/remiremontinfo\/2020\/12\/ferme-lejol-recoit-2-medailles-dor-tommes-aux-fleurs-a-lail-ours\/#breadcrumb"},"inLanguage":"fr-FR","potentialAction":[{"@type":"ReadAction","target":["https:\/\/vosgesinfo.fr\/remiremontinfo\/2020\/12\/ferme-lejol-recoit-2-medailles-dor-tommes-aux-fleurs-a-lail-ours\/"]}]},{"@type":"ImageObject","inLanguage":"fr-FR","@id":"https:\/\/vosgesinfo.fr\/remiremontinfo\/2020\/12\/ferme-lejol-recoit-2-medailles-dor-tommes-aux-fleurs-a-lail-ours\/#primaryimage","url":"https:\/\/vosgesinfo.fr\/app\/uploads\/sites\/5\/2024\/09\/202012129896954-3821278411224865-2069522577483674028-o.jpg","contentUrl":"https:\/\/vosgesinfo.fr\/app\/uploads\/sites\/5\/2024\/09\/202012129896954-3821278411224865-2069522577483674028-o.jpg","width":800,"height":600},{"@type":"BreadcrumbList","@id":"https:\/\/vosgesinfo.fr\/remiremontinfo\/2020\/12\/ferme-lejol-recoit-2-medailles-dor-tommes-aux-fleurs-a-lail-ours\/#breadcrumb","itemListElement":[{"@type":"ListItem","position":1,"name":"Home","item":"https:\/\/vosgesinfo.fr\/remiremontinfo\/"},{"@type":"ListItem","position":2,"name":"La ferme du Lejol re\u00e7oit 2 m\u00e9dailles d\u2019or pour ses tommes aux fleurs et \u00e0 l\u2019ail des ours"}]},{"@type":"WebSite","@id":"https:\/\/vosgesinfo.fr\/remiremontinfo\/#website","url":"https:\/\/vosgesinfo.fr\/remiremontinfo\/","name":"Remiremont Info","description":"Toute l&#039;actualit\u00e9 de Remiremont","publisher":{"@id":"https:\/\/vosgesinfo.fr\/remiremontinfo\/#organization"},"alternateName":"Toute l'actualit\u00e9 de Remiremont","potentialAction":[{"@type":"SearchAction","target":{"@type":"EntryPoint","urlTemplate":"https:\/\/vosgesinfo.fr\/remiremontinfo\/?s={search_term_string}"},"query-input":"required name=search_term_string"}],"inLanguage":"fr-FR"},{"@type":"Organization","@id":"https:\/\/vosgesinfo.fr\/remiremontinfo\/#organization","name":"Remiremont Info","url":"https:\/\/vosgesinfo.fr\/remiremontinfo\/","logo":{"@type":"ImageObject","inLanguage":"fr-FR","@id":"https:\/\/vosgesinfo.fr\/remiremontinfo\/#\/schema\/logo\/image\/","url":"https:\/\/vosgesinfo.fr\/app\/uploads\/sites\/5\/2023\/08\/favicon-remiremontinfo.png","contentUrl":"https:\/\/vosgesinfo.fr\/app\/uploads\/sites\/5\/2023\/08\/favicon-remiremontinfo.png","width":512,"height":512,"caption":"Remiremont Info"},"image":{"@id":"https:\/\/vosgesinfo.fr\/remiremontinfo\/#\/schema\/logo\/image\/"},"sameAs":["https:\/\/www.facebook.com\/remiremontinfo","https:\/\/x.com\/VosgesInfo88","https:\/\/www.youtube.com\/@vosgesinfo"]},{"@type":"Person","@id":"https:\/\/vosgesinfo.fr\/remiremontinfo\/#\/schema\/person\/3bfd164d5218a185b1db68655a265316","name":"C D","image":{"@type":"ImageObject","inLanguage":"fr-FR","@id":"https:\/\/vosgesinfo.fr\/remiremontinfo\/#\/schema\/person\/image\/","url":"https:\/\/secure.gravatar.com\/avatar\/1f9a70007336511a47468b8f1c66f922b8b7cf617b02a31149ada43893a5d48f?s=96&d=mm&r=g","contentUrl":"https:\/\/secure.gravatar.com\/avatar\/1f9a70007336511a47468b8f1c66f922b8b7cf617b02a31149ada43893a5d48f?s=96&d=mm&r=g","caption":"C D"},"url":"https:\/\/vosgesinfo.fr\/remiremontinfo\/author\/cedric-drevet\/"}]}},"_links":{"self":[{"href":"https:\/\/vosgesinfo.fr\/remiremontinfo\/wp-json\/wp\/v2\/posts\/34809","targetHints":{"allow":["GET"]}}],"collection":[{"href":"https:\/\/vosgesinfo.fr\/remiremontinfo\/wp-json\/wp\/v2\/posts"}],"about":[{"href":"https:\/\/vosgesinfo.fr\/remiremontinfo\/wp-json\/wp\/v2\/types\/post"}],"author":[{"embeddable":true,"href":"https:\/\/vosgesinfo.fr\/remiremontinfo\/wp-json\/wp\/v2\/users\/407"}],"replies":[{"embeddable":true,"href":"https:\/\/vosgesinfo.fr\/remiremontinfo\/wp-json\/wp\/v2\/comments?post=34809"}],"version-history":[{"count":0,"href":"https:\/\/vosgesinfo.fr\/remiremontinfo\/wp-json\/wp\/v2\/posts\/34809\/revisions"}],"wp:featuredmedia":[{"embeddable":true,"href":"https:\/\/vosgesinfo.fr\/remiremontinfo\/wp-json\/wp\/v2\/media\/34810"}],"wp:attachment":[{"href":"https:\/\/vosgesinfo.fr\/remiremontinfo\/wp-json\/wp\/v2\/media?parent=34809"}],"wp:term":[{"taxonomy":"category","embeddable":true,"href":"https:\/\/vosgesinfo.fr\/remiremontinfo\/wp-json\/wp\/v2\/categories?post=34809"},{"taxonomy":"post_tag","embeddable":true,"href":"https:\/\/vosgesinfo.fr\/remiremontinfo\/wp-json\/wp\/v2\/tags?post=34809"}],"curies":[{"name":"wp","href":"https:\/\/api.w.org\/{rel}","templated":true}]}}