{"id":34811,"date":"2020-12-09T06:28:50","date_gmt":"2020-12-09T05:28:50","guid":{"rendered":"https:\/\/vosgesinfo.fr\/remiremontinfo\/2020\/12\/randonett-plus-de-559-kilos-de-dechets-ramasses-novembre\/"},"modified":"2020-12-09T06:28:50","modified_gmt":"2020-12-09T05:28:50","slug":"randonett-plus-de-559-kilos-de-dechets-ramasses-novembre","status":"publish","type":"post","link":"https:\/\/vosgesinfo.fr\/remiremontinfo\/2020\/12\/randonett-plus-de-559-kilos-de-dechets-ramasses-novembre\/","title":{"rendered":"Rando\u2019Nett\u00a0: plus de 559 kilos de d\u00e9chets ramass\u00e9s en novembre"},"content":{"rendered":"<h1 class=\"western\" style=\"text-align: center;\"><a href=\"\/2020\/12\/130103429_166280895180207_3734497195595030540_o.jpg\"><img decoding=\"async\" class=\"alignnone size-full wp-image-303920\" src=\"\/2020\/12\/130103429_166280895180207_3734497195595030540_o.jpg\" alt=\"130103429_166280895180207_3734497195595030540_o\" width=\"800\" height=\"600\" \/><\/a><\/h1>\n<p><span style=\"font-size: 10pt;\"><em><span style=\"color: #222222;\"><span style=\"font-family: 'Times New Roman', serif;\">P<\/span><\/span><span style=\"color: #222222;\"><span style=\"font-family: 'Times New Roman', serif;\">hotos @Randonetthautesvosges <\/span><\/span><\/em><\/span><\/p>\n<h2><span style=\"font-size: 14pt;\"><strong><span style=\"color: #222222;\"><span style=\"font-family: 'Times New Roman', serif;\">L\u2019association <\/span><\/span><span style=\"color: #222222;\"><span style=\"font-family: 'Times New Roman', serif;\">\u00ab\u00a0Rando\u2019Nett <\/span><\/span><span style=\"color: #222222;\"><span style=\"font-family: 'Times New Roman', serif;\">Hautes Vosges\u00a0\u00bb est <\/span><\/span><span style=\"color: #222222;\"><span style=\"font-family: 'Times New Roman', serif;\">arriv<\/span><\/span><span style=\"color: #222222;\"><span style=\"font-family: 'Times New Roman', serif;\">\u00e9e<\/span><\/span><span style=\"color: #222222;\"><span style=\"font-family: 'Times New Roman', serif;\"> sur la toile, plus exactement <\/span><\/span><span style=\"color: #222222;\"><span style=\"font-family: 'Times New Roman', serif;\">sur <\/span><\/span><span style=\"color: #222222;\"><span style=\"font-family: 'Times New Roman', serif;\">Facebook, par le biais de son fondateur le Bressaud install\u00e9 \u00e0 Cornimont Yoann Crouvezier. <\/span><\/span><span style=\"color: #222222;\"><span style=\"font-family: 'Times New Roman', serif;\">Depuis sa cr\u00e9ation, de nombreuses actions ont \u00e9t\u00e9 men\u00e9es et tout un tas d\u2019endroits ont \u00e9t\u00e9 nettoy\u00e9s. Bravo \u00e0 tous les b\u00e9n\u00e9voles participants.<\/span><\/span><\/strong><\/span><\/h2>\n<p><span style=\"color: #222222;\"><span style=\"font-family: 'Times New Roman', serif;\"><span style=\"font-size: medium;\">Un bilan a \u00e9t\u00e9 fait pour le mois de novembre. <\/span><\/span><\/span><span style=\"color: #222222;\"><span style=\"font-family: 'Times New Roman', serif;\"><span style=\"font-size: medium;\"><em>\u00ab\u00a0Ce bilan est un peu sp\u00e9cial car nous n&rsquo;avons que des initiatives individuelles\u00a0\u00bb<\/em>. <\/span><\/span><\/span><span style=\"color: #222222;\"><span style=\"font-family: 'Times New Roman', serif;\"><span style=\"font-size: medium;\">L\u2019initiateur du d\u00e9fi avait deux choses en t\u00eate en le cr\u00e9ant\u00a0: <em>\u00ab\u00a0<\/em><\/span><\/span><\/span><em><span style=\"color: #222222;\"><span style=\"font-family: 'Times New Roman', serif;\"><span style=\"font-size: medium;\">La premi\u00e8re \u00e9tait de continuer le mouvement malgr\u00e9 le confinement et ce qu&rsquo;il implique, la seconde \u00e9tait de vous montrer que tous ensemble dans de petites actions individuelles nous pouvons nous surpasser.<\/span><\/span><\/span> <\/em><span style=\"color: #222222;\"><span style=\"font-family: 'Times New Roman', serif;\"><span style=\"font-size: medium;\"><em>Le d\u00e9fi du confin\u00e9 est une r\u00e9ussite, m\u00eame plus qu&rsquo;esp\u00e9r\u00e9\u00a0\u00bb.<\/em> <\/span><\/span><\/span><span style=\"color: #222222;\"><span style=\"font-family: 'Times New Roman', serif;\"><span style=\"font-size: medium;\">En effet, de tr\u00e8s nombreuse op\u00e9rations de ramassage ont eu lieu, et se sont m\u00eame multipli\u00e9 en novembre.<\/span><\/span><\/span><span style=\"color: #222222;\"><span style=\"font-family: 'Times New Roman', serif;\"><span style=\"font-size: medium;\"><em> \u00ab\u00a0Nous avons effectu\u00e9 pas moins de 55 actions contre 17 sur octobre, ce chiffre est juste incroyable. Tous ensemble nous avons ramass\u00e9 un total de 559.5kgs de d\u00e9chets en tout genre\u00a0\u00bb<\/em>. <\/span><\/span><\/span><span style=\"color: #222222;\"><span style=\"font-family: 'Times New Roman', serif;\"><span style=\"font-size: medium;\">Contre<\/span><\/span><\/span><span style=\"color: #222222;\"><span style=\"font-family: 'Times New Roman', serif;\"><span style=\"font-size: medium;\"> 253 kilos en octobre. <em>\u00ab\u00a0<\/em><\/span><\/span><\/span><em><span style=\"color: #222222;\"><span style=\"font-family: 'Times New Roman', serif;\"><span style=\"font-size: medium;\">P<\/span><\/span><\/span><span style=\"color: #222222;\"><span style=\"font-family: 'Times New Roman', serif;\"><span style=\"font-size: medium;\">our un grand total de 1225.5 kilos depuis la cr\u00e9ation de l&rsquo;association\u00a0\u00bb. <\/span><\/span><\/span><\/em><\/p>\n<p><span style=\"color: #222222;\"><span style=\"font-family: 'Times New Roman', serif;\"><span style=\"font-size: medium;\">E<\/span><\/span><\/span><span style=\"color: #222222;\"><span style=\"font-family: 'Times New Roman', serif;\"><span style=\"font-size: medium;\">t <\/span><\/span><\/span><span style=\"color: #222222;\"><span style=\"font-family: 'Times New Roman', serif;\"><span style=\"font-size: medium;\">\u00e7a continue en ce mois de d\u00e9cembre<\/span><\/span><\/span><span style=\"color: #222222;\"><span style=\"font-family: 'Times New Roman', serif;\"><span style=\"font-size: medium;\">. Hier, <\/span><\/span><\/span><span style=\"color: #222222;\"><span style=\"font-family: 'Times New Roman', serif;\"><span style=\"font-size: medium;\">sur le parking de Thi<\/span><\/span><\/span><span style=\"color: #222222;\"><span style=\"font-family: 'Times New Roman', serif;\"><span style=\"font-size: medium;\">e<\/span><\/span><\/span><span style=\"color: #222222;\"><span style=\"font-family: 'Times New Roman', serif;\"><span style=\"font-size: medium;\">fosse, 4 pneus ont \u00e9t\u00e9 ramass\u00e9, <\/span><\/span><\/span><span style=\"color: #222222;\"><span style=\"font-family: 'Times New Roman', serif;\"><span style=\"font-size: medium;\">ainsi que <\/span><\/span><\/span><em><span style=\"color: #222222;\"><span style=\"font-family: 'Times New Roman', serif;\"><span style=\"font-size: medium;\">\u00ab\u00a0<\/span><\/span><\/span><span style=\"color: #222222;\"><span style=\"font-family: 'Times New Roman', serif;\"><span style=\"font-size: medium;\">b<\/span><\/span><\/span><\/em><span style=\"color: #222222;\"><span style=\"font-family: 'Times New Roman', serif;\"><span style=\"font-size: medium;\"><em>eaucoup de bouteilles plastique, m\u00e9tal et verre mais surtout des bouteilles d&rsquo;urine \u00e0 faire vomir par leurs odeurs\u00a0\u00bb<\/em>. <\/span><\/span><\/span><span style=\"color: #222222;\"><span style=\"font-family: 'Times New Roman', serif;\"><span style=\"font-size: medium;\">Divers d\u00e9chets<\/span><\/span><\/span> <span style=\"color: #222222;\"><span style=\"font-family: 'Times New Roman', serif;\"><span style=\"font-size: medium;\">aussi, <\/span><\/span><\/span><span style=\"color: #222222;\"><span style=\"font-family: 'Times New Roman', serif;\"><span style=\"font-size: medium;\">et un sac \u00e0 dos avec \u00e0 l&rsquo;int\u00e9rieur v\u00eatements et serviette. <\/span><\/span><\/span><span style=\"color: #222222;\"><span style=\"font-family: 'Times New Roman', serif;\"><span style=\"font-size: medium;\">U<\/span><\/span><\/span><span style=\"color: #222222;\"><span style=\"font-family: 'Times New Roman', serif;\"><span style=\"font-size: medium;\">n total du jour a 58kgs. <\/span><\/span><\/span><span style=\"color: #222222;\"><span style=\"font-family: 'Times New Roman', serif;\"><span style=\"font-size: medium;\">Dans l\u2019<\/span><\/span><\/span><span style=\"color: #222222;\"><span style=\"font-family: 'Times New Roman', serif;\"><span style=\"font-size: medium;\">apr\u00e8s-midi, <\/span><\/span><\/span><span style=\"color: #222222;\"><span style=\"font-family: 'Times New Roman', serif;\"><span style=\"font-size: medium;\">direction<\/span><\/span><\/span> <span style=\"color: #222222;\"><span style=\"font-family: 'Times New Roman', serif;\"><span style=\"font-size: medium;\">l\u2019\u00e9tang<\/span><\/span><\/span><span style=\"color: #222222;\"><span style=\"font-family: 'Times New Roman', serif;\"><span style=\"font-size: medium;\"> des f\u00e9es sur <\/span><\/span><\/span><span style=\"color: #222222;\"><span style=\"font-family: 'Times New Roman', serif;\"><span style=\"font-size: medium;\">S<\/span><\/span><\/span><span style=\"color: #222222;\"><span style=\"font-family: 'Times New Roman', serif;\"><span style=\"font-size: medium;\">aulxures. <em>\u00ab\u00a0Je voulais savoir si le chalet \u00e9tait toujours propre. Souvenez vous je l&rsquo;avais nettoy\u00e9 avec Abigaelle le 30 juillet. Je suis au regret de dire que ce n&rsquo;\u00e9tait pas terrible\u00a0\u00bb. <\/em><\/span><\/span><\/span><span style=\"color: #222222;\"><span style=\"font-family: 'Times New Roman', serif;\"><span style=\"font-size: medium;\">En effet\u00a0: <\/span><\/span><\/span><span style=\"color: #222222;\"><span style=\"font-family: 'Times New Roman', serif;\"><span style=\"font-size: medium;\">51 bouteilles en verre,18 canettes m\u00e9talliques, 3 bouteilles plastique. Pour un total de 15 k<\/span><\/span><\/span><span style=\"color: #222222;\"><span style=\"font-family: 'Times New Roman', serif;\"><span style=\"font-size: medium;\">ilos<\/span><\/span><\/span><span style=\"color: #222222;\"><span style=\"font-family: 'Times New Roman', serif;\"><span style=\"font-size: medium;\"> et 1k<\/span><\/span><\/span><span style=\"color: #222222;\"><span style=\"font-family: 'Times New Roman', serif;\"><span style=\"font-size: medium;\">ilo<\/span><\/span><\/span><span style=\"color: #222222;\"><span style=\"font-family: 'Times New Roman', serif;\"><span style=\"font-size: medium;\"> de poubelle sur la balance. <\/span><\/span><\/span><span style=\"color: #222222;\"><span style=\"font-family: 'Times New Roman', serif;\"><span style=\"font-size: medium;\">Bravo \u00e0 tous pour ces belles actions, qui rappellent l\u2019importance de ne pas jeter ou abandonner des d\u00e9chets. <\/span><\/span><\/span><\/p>\n<p><span style=\"color: #222222;\"><span style=\"font-family: 'Times New Roman', serif;\"><span style=\"font-size: medium;\">P<\/span><\/span><\/span><span style=\"color: #222222;\"><span style=\"font-family: 'Times New Roman', serif;\"><span style=\"font-size: medium;\">our suivre l\u2019actualit\u00e9 de \u00ab\u00a0Rando\u2019Nett Hautes Vosges\u00a0\u00bb ou apporter votre contribution, rendez-vous sur <\/span><\/span><\/span><span style=\"color: #222222;\"><span style=\"font-family: 'Times New Roman', serif;\"><span style=\"font-size: medium;\"><a href=\"https:\/\/www.facebook.com\/Randonetthautesvosges\/\">Rando&rsquo;nett Hautes Vosges | Facebook<\/a> <\/span><\/span><\/span><\/p>\n\n","protected":false},"excerpt":{"rendered":"<p>Photos @Randonetthautesvosges L\u2019association \u00ab\u00a0Rando\u2019Nett Hautes Vosges\u00a0\u00bb est arriv\u00e9e sur la toile, plus exactement sur Facebook, par le biais de son [&hellip;]<\/p>\n","protected":false},"author":407,"featured_media":34812,"comment_status":"open","ping_status":"open","sticky":false,"template":"","format":"standard","meta":{"footnotes":""},"categories":[26,7,18],"tags":[],"class_list":["post-34811","post","type-post","status-publish","format-standard","has-post-thumbnail","hentry","category-a-la-une","category-environnement","category-vosges"],"acf":[],"yoast_head":"<!-- This site is optimized with the Yoast SEO plugin v22.5 - https:\/\/yoast.com\/wordpress\/plugins\/seo\/ -->\n<title>Rando\u2019Nett\u00a0: plus de 559 kilos de d\u00e9chets ramass\u00e9s en novembre - Remiremont Info<\/title>\n<meta name=\"robots\" content=\"index, follow, max-snippet:-1, max-image-preview:large, max-video-preview:-1\" \/>\n<link rel=\"canonical\" href=\"https:\/\/vosgesinfo.fr\/remiremontinfo\/2020\/12\/randonett-plus-de-559-kilos-de-dechets-ramasses-novembre\/\" \/>\n<meta name=\"twitter:card\" content=\"summary_large_image\" \/>\n<meta name=\"twitter:title\" content=\"Rando\u2019Nett\u00a0: plus de 559 kilos de d\u00e9chets ramass\u00e9s en novembre - Remiremont Info\" \/>\n<meta name=\"twitter:description\" content=\"Photos @Randonetthautesvosges L\u2019association \u00ab\u00a0Rando\u2019Nett Hautes Vosges\u00a0\u00bb est arriv\u00e9e sur la toile, plus exactement sur Facebook, par le biais de son [&hellip;]\" \/>\n<meta name=\"twitter:image\" content=\"https:\/\/vosgesinfo.fr\/app\/uploads\/sites\/5\/2024\/09\/202012130420175-166280955180201-8714321425860566066-o2.jpg\" \/>\n<meta name=\"twitter:creator\" content=\"@VosgesInfo88\" \/>\n<meta name=\"twitter:site\" content=\"@VosgesInfo88\" \/>\n<meta name=\"twitter:label1\" content=\"\u00c9crit par\" \/>\n\t<meta name=\"twitter:data1\" content=\"C D\" \/>\n\t<meta name=\"twitter:label2\" content=\"Dur\u00e9e de lecture estim\u00e9e\" \/>\n\t<meta name=\"twitter:data2\" content=\"2 minutes\" \/>\n<script type=\"application\/ld+json\" class=\"yoast-schema-graph\">{\"@context\":\"https:\/\/schema.org\",\"@graph\":[{\"@type\":\"Article\",\"@id\":\"https:\/\/vosgesinfo.fr\/remiremontinfo\/2020\/12\/randonett-plus-de-559-kilos-de-dechets-ramasses-novembre\/#article\",\"isPartOf\":{\"@id\":\"https:\/\/vosgesinfo.fr\/remiremontinfo\/2020\/12\/randonett-plus-de-559-kilos-de-dechets-ramasses-novembre\/\"},\"author\":{\"name\":\"C D\",\"@id\":\"https:\/\/vosgesinfo.fr\/remiremontinfo\/#\/schema\/person\/3bfd164d5218a185b1db68655a265316\"},\"headline\":\"Rando\u2019Nett\u00a0: plus de 559 kilos de d\u00e9chets ramass\u00e9s en novembre\",\"datePublished\":\"2020-12-09T05:28:50+00:00\",\"dateModified\":\"2020-12-09T05:28:50+00:00\",\"mainEntityOfPage\":{\"@id\":\"https:\/\/vosgesinfo.fr\/remiremontinfo\/2020\/12\/randonett-plus-de-559-kilos-de-dechets-ramasses-novembre\/\"},\"wordCount\":412,\"commentCount\":0,\"publisher\":{\"@id\":\"https:\/\/vosgesinfo.fr\/remiremontinfo\/#organization\"},\"image\":{\"@id\":\"https:\/\/vosgesinfo.fr\/remiremontinfo\/2020\/12\/randonett-plus-de-559-kilos-de-dechets-ramasses-novembre\/#primaryimage\"},\"thumbnailUrl\":\"https:\/\/vosgesinfo.fr\/app\/uploads\/sites\/5\/2024\/09\/202012130420175-166280955180201-8714321425860566066-o2.jpg\",\"articleSection\":[\"A la Une\",\"Environnement\",\"Vosges\"],\"inLanguage\":\"fr-FR\",\"potentialAction\":[{\"@type\":\"CommentAction\",\"name\":\"Comment\",\"target\":[\"https:\/\/vosgesinfo.fr\/remiremontinfo\/2020\/12\/randonett-plus-de-559-kilos-de-dechets-ramasses-novembre\/#respond\"]}]},{\"@type\":\"WebPage\",\"@id\":\"https:\/\/vosgesinfo.fr\/remiremontinfo\/2020\/12\/randonett-plus-de-559-kilos-de-dechets-ramasses-novembre\/\",\"url\":\"https:\/\/vosgesinfo.fr\/remiremontinfo\/2020\/12\/randonett-plus-de-559-kilos-de-dechets-ramasses-novembre\/\",\"name\":\"Rando\u2019Nett\u00a0: plus de 559 kilos de d\u00e9chets ramass\u00e9s en novembre - Remiremont Info\",\"isPartOf\":{\"@id\":\"https:\/\/vosgesinfo.fr\/remiremontinfo\/#website\"},\"primaryImageOfPage\":{\"@id\":\"https:\/\/vosgesinfo.fr\/remiremontinfo\/2020\/12\/randonett-plus-de-559-kilos-de-dechets-ramasses-novembre\/#primaryimage\"},\"image\":{\"@id\":\"https:\/\/vosgesinfo.fr\/remiremontinfo\/2020\/12\/randonett-plus-de-559-kilos-de-dechets-ramasses-novembre\/#primaryimage\"},\"thumbnailUrl\":\"https:\/\/vosgesinfo.fr\/app\/uploads\/sites\/5\/2024\/09\/202012130420175-166280955180201-8714321425860566066-o2.jpg\",\"datePublished\":\"2020-12-09T05:28:50+00:00\",\"dateModified\":\"2020-12-09T05:28:50+00:00\",\"breadcrumb\":{\"@id\":\"https:\/\/vosgesinfo.fr\/remiremontinfo\/2020\/12\/randonett-plus-de-559-kilos-de-dechets-ramasses-novembre\/#breadcrumb\"},\"inLanguage\":\"fr-FR\",\"potentialAction\":[{\"@type\":\"ReadAction\",\"target\":[\"https:\/\/vosgesinfo.fr\/remiremontinfo\/2020\/12\/randonett-plus-de-559-kilos-de-dechets-ramasses-novembre\/\"]}]},{\"@type\":\"ImageObject\",\"inLanguage\":\"fr-FR\",\"@id\":\"https:\/\/vosgesinfo.fr\/remiremontinfo\/2020\/12\/randonett-plus-de-559-kilos-de-dechets-ramasses-novembre\/#primaryimage\",\"url\":\"https:\/\/vosgesinfo.fr\/app\/uploads\/sites\/5\/2024\/09\/202012130420175-166280955180201-8714321425860566066-o2.jpg\",\"contentUrl\":\"https:\/\/vosgesinfo.fr\/app\/uploads\/sites\/5\/2024\/09\/202012130420175-166280955180201-8714321425860566066-o2.jpg\",\"width\":800,\"height\":600},{\"@type\":\"BreadcrumbList\",\"@id\":\"https:\/\/vosgesinfo.fr\/remiremontinfo\/2020\/12\/randonett-plus-de-559-kilos-de-dechets-ramasses-novembre\/#breadcrumb\",\"itemListElement\":[{\"@type\":\"ListItem\",\"position\":1,\"name\":\"Home\",\"item\":\"https:\/\/vosgesinfo.fr\/remiremontinfo\/\"},{\"@type\":\"ListItem\",\"position\":2,\"name\":\"Rando\u2019Nett\u00a0: plus de 559 kilos de d\u00e9chets ramass\u00e9s en novembre\"}]},{\"@type\":\"WebSite\",\"@id\":\"https:\/\/vosgesinfo.fr\/remiremontinfo\/#website\",\"url\":\"https:\/\/vosgesinfo.fr\/remiremontinfo\/\",\"name\":\"Remiremont Info\",\"description\":\"Toute l&#039;actualit\u00e9 de Remiremont\",\"publisher\":{\"@id\":\"https:\/\/vosgesinfo.fr\/remiremontinfo\/#organization\"},\"alternateName\":\"Toute l'actualit\u00e9 de Remiremont\",\"potentialAction\":[{\"@type\":\"SearchAction\",\"target\":{\"@type\":\"EntryPoint\",\"urlTemplate\":\"https:\/\/vosgesinfo.fr\/remiremontinfo\/?s={search_term_string}\"},\"query-input\":\"required name=search_term_string\"}],\"inLanguage\":\"fr-FR\"},{\"@type\":\"Organization\",\"@id\":\"https:\/\/vosgesinfo.fr\/remiremontinfo\/#organization\",\"name\":\"Remiremont Info\",\"url\":\"https:\/\/vosgesinfo.fr\/remiremontinfo\/\",\"logo\":{\"@type\":\"ImageObject\",\"inLanguage\":\"fr-FR\",\"@id\":\"https:\/\/vosgesinfo.fr\/remiremontinfo\/#\/schema\/logo\/image\/\",\"url\":\"https:\/\/vosgesinfo.fr\/app\/uploads\/sites\/5\/2023\/08\/favicon-remiremontinfo.png\",\"contentUrl\":\"https:\/\/vosgesinfo.fr\/app\/uploads\/sites\/5\/2023\/08\/favicon-remiremontinfo.png\",\"width\":512,\"height\":512,\"caption\":\"Remiremont Info\"},\"image\":{\"@id\":\"https:\/\/vosgesinfo.fr\/remiremontinfo\/#\/schema\/logo\/image\/\"},\"sameAs\":[\"https:\/\/www.facebook.com\/remiremontinfo\",\"https:\/\/x.com\/VosgesInfo88\",\"https:\/\/www.youtube.com\/@vosgesinfo\"]},{\"@type\":\"Person\",\"@id\":\"https:\/\/vosgesinfo.fr\/remiremontinfo\/#\/schema\/person\/3bfd164d5218a185b1db68655a265316\",\"name\":\"C D\",\"image\":{\"@type\":\"ImageObject\",\"inLanguage\":\"fr-FR\",\"@id\":\"https:\/\/vosgesinfo.fr\/remiremontinfo\/#\/schema\/person\/image\/\",\"url\":\"https:\/\/secure.gravatar.com\/avatar\/1f9a70007336511a47468b8f1c66f922b8b7cf617b02a31149ada43893a5d48f?s=96&d=mm&r=g\",\"contentUrl\":\"https:\/\/secure.gravatar.com\/avatar\/1f9a70007336511a47468b8f1c66f922b8b7cf617b02a31149ada43893a5d48f?s=96&d=mm&r=g\",\"caption\":\"C D\"},\"url\":\"https:\/\/vosgesinfo.fr\/remiremontinfo\/author\/cedric-drevet\/\"}]}<\/script>\n<!-- \/ Yoast SEO plugin. -->","yoast_head_json":{"title":"Rando\u2019Nett\u00a0: plus de 559 kilos de d\u00e9chets ramass\u00e9s en novembre - Remiremont Info","robots":{"index":"index","follow":"follow","max-snippet":"max-snippet:-1","max-image-preview":"max-image-preview:large","max-video-preview":"max-video-preview:-1"},"canonical":"https:\/\/vosgesinfo.fr\/remiremontinfo\/2020\/12\/randonett-plus-de-559-kilos-de-dechets-ramasses-novembre\/","twitter_card":"summary_large_image","twitter_title":"Rando\u2019Nett\u00a0: plus de 559 kilos de d\u00e9chets ramass\u00e9s en novembre - Remiremont Info","twitter_description":"Photos @Randonetthautesvosges L\u2019association \u00ab\u00a0Rando\u2019Nett Hautes Vosges\u00a0\u00bb est arriv\u00e9e sur la toile, plus exactement sur Facebook, par le biais de son [&hellip;]","twitter_image":"https:\/\/vosgesinfo.fr\/app\/uploads\/sites\/5\/2024\/09\/202012130420175-166280955180201-8714321425860566066-o2.jpg","twitter_creator":"@VosgesInfo88","twitter_site":"@VosgesInfo88","twitter_misc":{"\u00c9crit par":"C D","Dur\u00e9e de lecture estim\u00e9e":"2 minutes"},"schema":{"@context":"https:\/\/schema.org","@graph":[{"@type":"Article","@id":"https:\/\/vosgesinfo.fr\/remiremontinfo\/2020\/12\/randonett-plus-de-559-kilos-de-dechets-ramasses-novembre\/#article","isPartOf":{"@id":"https:\/\/vosgesinfo.fr\/remiremontinfo\/2020\/12\/randonett-plus-de-559-kilos-de-dechets-ramasses-novembre\/"},"author":{"name":"C D","@id":"https:\/\/vosgesinfo.fr\/remiremontinfo\/#\/schema\/person\/3bfd164d5218a185b1db68655a265316"},"headline":"Rando\u2019Nett\u00a0: plus de 559 kilos de d\u00e9chets ramass\u00e9s en novembre","datePublished":"2020-12-09T05:28:50+00:00","dateModified":"2020-12-09T05:28:50+00:00","mainEntityOfPage":{"@id":"https:\/\/vosgesinfo.fr\/remiremontinfo\/2020\/12\/randonett-plus-de-559-kilos-de-dechets-ramasses-novembre\/"},"wordCount":412,"commentCount":0,"publisher":{"@id":"https:\/\/vosgesinfo.fr\/remiremontinfo\/#organization"},"image":{"@id":"https:\/\/vosgesinfo.fr\/remiremontinfo\/2020\/12\/randonett-plus-de-559-kilos-de-dechets-ramasses-novembre\/#primaryimage"},"thumbnailUrl":"https:\/\/vosgesinfo.fr\/app\/uploads\/sites\/5\/2024\/09\/202012130420175-166280955180201-8714321425860566066-o2.jpg","articleSection":["A la Une","Environnement","Vosges"],"inLanguage":"fr-FR","potentialAction":[{"@type":"CommentAction","name":"Comment","target":["https:\/\/vosgesinfo.fr\/remiremontinfo\/2020\/12\/randonett-plus-de-559-kilos-de-dechets-ramasses-novembre\/#respond"]}]},{"@type":"WebPage","@id":"https:\/\/vosgesinfo.fr\/remiremontinfo\/2020\/12\/randonett-plus-de-559-kilos-de-dechets-ramasses-novembre\/","url":"https:\/\/vosgesinfo.fr\/remiremontinfo\/2020\/12\/randonett-plus-de-559-kilos-de-dechets-ramasses-novembre\/","name":"Rando\u2019Nett\u00a0: plus de 559 kilos de d\u00e9chets ramass\u00e9s en novembre - Remiremont Info","isPartOf":{"@id":"https:\/\/vosgesinfo.fr\/remiremontinfo\/#website"},"primaryImageOfPage":{"@id":"https:\/\/vosgesinfo.fr\/remiremontinfo\/2020\/12\/randonett-plus-de-559-kilos-de-dechets-ramasses-novembre\/#primaryimage"},"image":{"@id":"https:\/\/vosgesinfo.fr\/remiremontinfo\/2020\/12\/randonett-plus-de-559-kilos-de-dechets-ramasses-novembre\/#primaryimage"},"thumbnailUrl":"https:\/\/vosgesinfo.fr\/app\/uploads\/sites\/5\/2024\/09\/202012130420175-166280955180201-8714321425860566066-o2.jpg","datePublished":"2020-12-09T05:28:50+00:00","dateModified":"2020-12-09T05:28:50+00:00","breadcrumb":{"@id":"https:\/\/vosgesinfo.fr\/remiremontinfo\/2020\/12\/randonett-plus-de-559-kilos-de-dechets-ramasses-novembre\/#breadcrumb"},"inLanguage":"fr-FR","potentialAction":[{"@type":"ReadAction","target":["https:\/\/vosgesinfo.fr\/remiremontinfo\/2020\/12\/randonett-plus-de-559-kilos-de-dechets-ramasses-novembre\/"]}]},{"@type":"ImageObject","inLanguage":"fr-FR","@id":"https:\/\/vosgesinfo.fr\/remiremontinfo\/2020\/12\/randonett-plus-de-559-kilos-de-dechets-ramasses-novembre\/#primaryimage","url":"https:\/\/vosgesinfo.fr\/app\/uploads\/sites\/5\/2024\/09\/202012130420175-166280955180201-8714321425860566066-o2.jpg","contentUrl":"https:\/\/vosgesinfo.fr\/app\/uploads\/sites\/5\/2024\/09\/202012130420175-166280955180201-8714321425860566066-o2.jpg","width":800,"height":600},{"@type":"BreadcrumbList","@id":"https:\/\/vosgesinfo.fr\/remiremontinfo\/2020\/12\/randonett-plus-de-559-kilos-de-dechets-ramasses-novembre\/#breadcrumb","itemListElement":[{"@type":"ListItem","position":1,"name":"Home","item":"https:\/\/vosgesinfo.fr\/remiremontinfo\/"},{"@type":"ListItem","position":2,"name":"Rando\u2019Nett\u00a0: plus de 559 kilos de d\u00e9chets ramass\u00e9s en novembre"}]},{"@type":"WebSite","@id":"https:\/\/vosgesinfo.fr\/remiremontinfo\/#website","url":"https:\/\/vosgesinfo.fr\/remiremontinfo\/","name":"Remiremont Info","description":"Toute l&#039;actualit\u00e9 de Remiremont","publisher":{"@id":"https:\/\/vosgesinfo.fr\/remiremontinfo\/#organization"},"alternateName":"Toute l'actualit\u00e9 de Remiremont","potentialAction":[{"@type":"SearchAction","target":{"@type":"EntryPoint","urlTemplate":"https:\/\/vosgesinfo.fr\/remiremontinfo\/?s={search_term_string}"},"query-input":"required name=search_term_string"}],"inLanguage":"fr-FR"},{"@type":"Organization","@id":"https:\/\/vosgesinfo.fr\/remiremontinfo\/#organization","name":"Remiremont Info","url":"https:\/\/vosgesinfo.fr\/remiremontinfo\/","logo":{"@type":"ImageObject","inLanguage":"fr-FR","@id":"https:\/\/vosgesinfo.fr\/remiremontinfo\/#\/schema\/logo\/image\/","url":"https:\/\/vosgesinfo.fr\/app\/uploads\/sites\/5\/2023\/08\/favicon-remiremontinfo.png","contentUrl":"https:\/\/vosgesinfo.fr\/app\/uploads\/sites\/5\/2023\/08\/favicon-remiremontinfo.png","width":512,"height":512,"caption":"Remiremont Info"},"image":{"@id":"https:\/\/vosgesinfo.fr\/remiremontinfo\/#\/schema\/logo\/image\/"},"sameAs":["https:\/\/www.facebook.com\/remiremontinfo","https:\/\/x.com\/VosgesInfo88","https:\/\/www.youtube.com\/@vosgesinfo"]},{"@type":"Person","@id":"https:\/\/vosgesinfo.fr\/remiremontinfo\/#\/schema\/person\/3bfd164d5218a185b1db68655a265316","name":"C D","image":{"@type":"ImageObject","inLanguage":"fr-FR","@id":"https:\/\/vosgesinfo.fr\/remiremontinfo\/#\/schema\/person\/image\/","url":"https:\/\/secure.gravatar.com\/avatar\/1f9a70007336511a47468b8f1c66f922b8b7cf617b02a31149ada43893a5d48f?s=96&d=mm&r=g","contentUrl":"https:\/\/secure.gravatar.com\/avatar\/1f9a70007336511a47468b8f1c66f922b8b7cf617b02a31149ada43893a5d48f?s=96&d=mm&r=g","caption":"C D"},"url":"https:\/\/vosgesinfo.fr\/remiremontinfo\/author\/cedric-drevet\/"}]}},"_links":{"self":[{"href":"https:\/\/vosgesinfo.fr\/remiremontinfo\/wp-json\/wp\/v2\/posts\/34811","targetHints":{"allow":["GET"]}}],"collection":[{"href":"https:\/\/vosgesinfo.fr\/remiremontinfo\/wp-json\/wp\/v2\/posts"}],"about":[{"href":"https:\/\/vosgesinfo.fr\/remiremontinfo\/wp-json\/wp\/v2\/types\/post"}],"author":[{"embeddable":true,"href":"https:\/\/vosgesinfo.fr\/remiremontinfo\/wp-json\/wp\/v2\/users\/407"}],"replies":[{"embeddable":true,"href":"https:\/\/vosgesinfo.fr\/remiremontinfo\/wp-json\/wp\/v2\/comments?post=34811"}],"version-history":[{"count":0,"href":"https:\/\/vosgesinfo.fr\/remiremontinfo\/wp-json\/wp\/v2\/posts\/34811\/revisions"}],"wp:featuredmedia":[{"embeddable":true,"href":"https:\/\/vosgesinfo.fr\/remiremontinfo\/wp-json\/wp\/v2\/media\/34812"}],"wp:attachment":[{"href":"https:\/\/vosgesinfo.fr\/remiremontinfo\/wp-json\/wp\/v2\/media?parent=34811"}],"wp:term":[{"taxonomy":"category","embeddable":true,"href":"https:\/\/vosgesinfo.fr\/remiremontinfo\/wp-json\/wp\/v2\/categories?post=34811"},{"taxonomy":"post_tag","embeddable":true,"href":"https:\/\/vosgesinfo.fr\/remiremontinfo\/wp-json\/wp\/v2\/tags?post=34811"}],"curies":[{"name":"wp","href":"https:\/\/api.w.org\/{rel}","templated":true}]}}