{"id":34833,"date":"2020-12-09T06:41:24","date_gmt":"2020-12-09T05:41:24","guid":{"rendered":"https:\/\/vosgesinfo.fr\/remiremontinfo\/2020\/12\/vosges-lhopital-depinal-tension\/"},"modified":"2020-12-09T06:41:24","modified_gmt":"2020-12-09T05:41:24","slug":"vosges-lhopital-depinal-tension","status":"publish","type":"post","link":"https:\/\/vosgesinfo.fr\/remiremontinfo\/2020\/12\/vosges-lhopital-depinal-tension\/","title":{"rendered":"Vosges : l&rsquo;h\u00f4pital d\u2019\u00c9pinal en tension"},"content":{"rendered":"<p><a href=\"\/2020\/12\/soignants-coronavirus-hopital-epinal-remiremont-vosges-3.jpg\"><img decoding=\"async\" class=\"alignnone size-full wp-image-303957\" src=\"\/2020\/12\/soignants-coronavirus-hopital-epinal-remiremont-vosges-3.jpg\" alt=\"soignants-coronavirus-hopital-epinal-remiremont-vosges-3\" width=\"800\" height=\"600\" \/><\/a><\/p>\n<p><strong>La crise hivernale, qui met chaque ann\u00e9e l\u2019h\u00f4pital en tension, s\u2019ajoutant \u00e0 la crise sanitaire actuelle, contraint l\u2019h\u00f4pital \u00e0 l\u2019annulation des hospitalisations programm\u00e9es (exception faite de l\u2019oncologie). En revanche, et c\u2019est important, toutes les consultations sont maintenues.<\/strong><\/p>\n<p>Tr\u00e8s longtemps rest\u00e9 sous le seuil des 20 cas pour 100.000 habitants (jusque fin septembre 2020), le taux du d\u00e9partement des Vosges a \u00e9t\u00e9 multipli\u00e9 par 18,2 en 5 semaines atteignant le chiffre record de 455 cas pour 100.000 habitants au 8 novembre 2020. Depuis la baisse de ce taux s\u2019est op\u00e9r\u00e9e jusque fin novembre 2020 atteignant 109 cas pour 100.000 habitants.<\/p>\n<p>Une nouvelle progression du nombre de cas positifs, d\u00e9tect\u00e9e notamment par des d\u00e9pistages est constat\u00e9e sur les premiers jours de d\u00e9cembre, atteignant\u00a0<strong>plus de 180 cas pour 100.000 habitants au 6 d\u00e9cembre 2020, alors que le niveau national est de 88 cas.<\/strong><\/p>\n<ul>\n<li>Le nombre de personnes suivies en soins critiques (int\u00e9grant la r\u00e9animation) ne cesse de diminuer : 10 patients au 7 d\u00e9cembre dont 5 en r\u00e9animation.<\/li>\n<li>En revanche, le nombre moyen de personnes hospitalis\u00e9es en service de m\u00e9decine d\u00e9di\u00e9 COVID et en SSR (soins de suite et de r\u00e9adaptation) d\u00e9di\u00e9 aussi aux cas COVID reste bloqu\u00e9 depuis une dizaine de jour autour de 200 personnes.<\/li>\n<\/ul>\n<p>Ce niveau d\u2019hospitalisation en m\u00e9decine s\u2019ajoute \u00e0 la crise hivernale habituelle, qui place tous les ans l\u2019h\u00f4pital en tension \u00e0 cette p\u00e9riode.<\/p>\n<p>L\u2019h\u00f4pital doit se pr\u00e9parer \u00e0 accueillir davantage de patients COVID dans les prochains jours.<\/p>\n<p>La situation oblige donc l\u2019\u00e9tablissement \u00e0 l\u2019annulation des hospitalisations programm\u00e9es (\u00e0 l\u2019exception de l\u2019oncologie)<\/p>\n<p><strong>Les patients ayant un rdv pour une consultation, doivent imp\u00e9rativement continuer \u00e0 se faire soigner.<\/strong><\/p>\n<p>Toutes les pr\u00e9cautions sont prises, pour que ces consultations se d\u00e9roulent sans risque de contamination.<\/p>\n<p>Nombre de patients COVID19 confirm\u00e9s pris en charge en soins critiques GHT8 : 8 (4 au CHED, 2 CHOV, 2 CH Remiremont, 0 CH Saint Di\u00e9).<\/p>\n<p>Nombre de patients COVID19 confirm\u00e9s pris en charge dans les lits de M\u00e9decine (d\u00e9di\u00e9 COVID) GHT8 : 107 dont 38 au CH Epinal, 23 au CHOV, 35 au CH Remiremont, 5 au CH de Saint di\u00e9 et 6 \u00e0 la clinique Ligne Bleue<\/p>\n<div class=\"really_simple_share really_simple_share_button robots-nocontent snap_nopreview\"><\/div>\n","protected":false},"excerpt":{"rendered":"<p>La crise hivernale, qui met chaque ann\u00e9e l\u2019h\u00f4pital en tension, s\u2019ajoutant \u00e0 la crise sanitaire actuelle, contraint l\u2019h\u00f4pital \u00e0 l\u2019annulation [&hellip;]<\/p>\n","protected":false},"author":407,"featured_media":34834,"comment_status":"open","ping_status":"open","sticky":false,"template":"","format":"standard","meta":{"footnotes":""},"categories":[26,12,18],"tags":[],"class_list":["post-34833","post","type-post","status-publish","format-standard","has-post-thumbnail","hentry","category-a-la-une","category-sante","category-vosges"],"acf":[],"yoast_head":"<!-- This site is optimized with the Yoast SEO plugin v22.5 - https:\/\/yoast.com\/wordpress\/plugins\/seo\/ -->\n<title>Vosges : l&#039;h\u00f4pital d\u2019\u00c9pinal en tension - Remiremont Info<\/title>\n<meta name=\"robots\" content=\"index, follow, max-snippet:-1, max-image-preview:large, max-video-preview:-1\" \/>\n<link rel=\"canonical\" href=\"https:\/\/vosgesinfo.fr\/remiremontinfo\/2020\/12\/vosges-lhopital-depinal-tension\/\" \/>\n<meta name=\"twitter:card\" content=\"summary_large_image\" \/>\n<meta name=\"twitter:title\" content=\"Vosges : l&#039;h\u00f4pital d\u2019\u00c9pinal en tension - Remiremont Info\" \/>\n<meta name=\"twitter:description\" content=\"La crise hivernale, qui met chaque ann\u00e9e l\u2019h\u00f4pital en tension, s\u2019ajoutant \u00e0 la crise sanitaire actuelle, contraint l\u2019h\u00f4pital \u00e0 l\u2019annulation [&hellip;]\" \/>\n<meta name=\"twitter:image\" content=\"https:\/\/vosgesinfo.fr\/app\/uploads\/sites\/5\/2024\/09\/202012soignants-coronavirus-hopital-epinal-remiremont-vosges-3.jpg\" \/>\n<meta name=\"twitter:creator\" content=\"@VosgesInfo88\" \/>\n<meta name=\"twitter:site\" content=\"@VosgesInfo88\" \/>\n<meta name=\"twitter:label1\" content=\"\u00c9crit par\" \/>\n\t<meta name=\"twitter:data1\" content=\"C D\" \/>\n\t<meta name=\"twitter:label2\" content=\"Dur\u00e9e de lecture estim\u00e9e\" \/>\n\t<meta name=\"twitter:data2\" content=\"2 minutes\" \/>\n<script type=\"application\/ld+json\" class=\"yoast-schema-graph\">{\"@context\":\"https:\/\/schema.org\",\"@graph\":[{\"@type\":\"Article\",\"@id\":\"https:\/\/vosgesinfo.fr\/remiremontinfo\/2020\/12\/vosges-lhopital-depinal-tension\/#article\",\"isPartOf\":{\"@id\":\"https:\/\/vosgesinfo.fr\/remiremontinfo\/2020\/12\/vosges-lhopital-depinal-tension\/\"},\"author\":{\"name\":\"C D\",\"@id\":\"https:\/\/vosgesinfo.fr\/remiremontinfo\/#\/schema\/person\/3bfd164d5218a185b1db68655a265316\"},\"headline\":\"Vosges : l&rsquo;h\u00f4pital d\u2019\u00c9pinal en tension\",\"datePublished\":\"2020-12-09T05:41:24+00:00\",\"dateModified\":\"2020-12-09T05:41:24+00:00\",\"mainEntityOfPage\":{\"@id\":\"https:\/\/vosgesinfo.fr\/remiremontinfo\/2020\/12\/vosges-lhopital-depinal-tension\/\"},\"wordCount\":369,\"commentCount\":0,\"publisher\":{\"@id\":\"https:\/\/vosgesinfo.fr\/remiremontinfo\/#organization\"},\"image\":{\"@id\":\"https:\/\/vosgesinfo.fr\/remiremontinfo\/2020\/12\/vosges-lhopital-depinal-tension\/#primaryimage\"},\"thumbnailUrl\":\"https:\/\/vosgesinfo.fr\/app\/uploads\/sites\/5\/2024\/09\/202012soignants-coronavirus-hopital-epinal-remiremont-vosges-3.jpg\",\"articleSection\":[\"A la Une\",\"Sant\u00e9\",\"Vosges\"],\"inLanguage\":\"fr-FR\",\"potentialAction\":[{\"@type\":\"CommentAction\",\"name\":\"Comment\",\"target\":[\"https:\/\/vosgesinfo.fr\/remiremontinfo\/2020\/12\/vosges-lhopital-depinal-tension\/#respond\"]}]},{\"@type\":\"WebPage\",\"@id\":\"https:\/\/vosgesinfo.fr\/remiremontinfo\/2020\/12\/vosges-lhopital-depinal-tension\/\",\"url\":\"https:\/\/vosgesinfo.fr\/remiremontinfo\/2020\/12\/vosges-lhopital-depinal-tension\/\",\"name\":\"Vosges : l'h\u00f4pital d\u2019\u00c9pinal en tension - Remiremont Info\",\"isPartOf\":{\"@id\":\"https:\/\/vosgesinfo.fr\/remiremontinfo\/#website\"},\"primaryImageOfPage\":{\"@id\":\"https:\/\/vosgesinfo.fr\/remiremontinfo\/2020\/12\/vosges-lhopital-depinal-tension\/#primaryimage\"},\"image\":{\"@id\":\"https:\/\/vosgesinfo.fr\/remiremontinfo\/2020\/12\/vosges-lhopital-depinal-tension\/#primaryimage\"},\"thumbnailUrl\":\"https:\/\/vosgesinfo.fr\/app\/uploads\/sites\/5\/2024\/09\/202012soignants-coronavirus-hopital-epinal-remiremont-vosges-3.jpg\",\"datePublished\":\"2020-12-09T05:41:24+00:00\",\"dateModified\":\"2020-12-09T05:41:24+00:00\",\"breadcrumb\":{\"@id\":\"https:\/\/vosgesinfo.fr\/remiremontinfo\/2020\/12\/vosges-lhopital-depinal-tension\/#breadcrumb\"},\"inLanguage\":\"fr-FR\",\"potentialAction\":[{\"@type\":\"ReadAction\",\"target\":[\"https:\/\/vosgesinfo.fr\/remiremontinfo\/2020\/12\/vosges-lhopital-depinal-tension\/\"]}]},{\"@type\":\"ImageObject\",\"inLanguage\":\"fr-FR\",\"@id\":\"https:\/\/vosgesinfo.fr\/remiremontinfo\/2020\/12\/vosges-lhopital-depinal-tension\/#primaryimage\",\"url\":\"https:\/\/vosgesinfo.fr\/app\/uploads\/sites\/5\/2024\/09\/202012soignants-coronavirus-hopital-epinal-remiremont-vosges-3.jpg\",\"contentUrl\":\"https:\/\/vosgesinfo.fr\/app\/uploads\/sites\/5\/2024\/09\/202012soignants-coronavirus-hopital-epinal-remiremont-vosges-3.jpg\",\"width\":800,\"height\":600},{\"@type\":\"BreadcrumbList\",\"@id\":\"https:\/\/vosgesinfo.fr\/remiremontinfo\/2020\/12\/vosges-lhopital-depinal-tension\/#breadcrumb\",\"itemListElement\":[{\"@type\":\"ListItem\",\"position\":1,\"name\":\"Home\",\"item\":\"https:\/\/vosgesinfo.fr\/remiremontinfo\/\"},{\"@type\":\"ListItem\",\"position\":2,\"name\":\"Vosges : l&rsquo;h\u00f4pital d\u2019\u00c9pinal en tension\"}]},{\"@type\":\"WebSite\",\"@id\":\"https:\/\/vosgesinfo.fr\/remiremontinfo\/#website\",\"url\":\"https:\/\/vosgesinfo.fr\/remiremontinfo\/\",\"name\":\"Remiremont Info\",\"description\":\"Toute l&#039;actualit\u00e9 de Remiremont\",\"publisher\":{\"@id\":\"https:\/\/vosgesinfo.fr\/remiremontinfo\/#organization\"},\"alternateName\":\"Toute l'actualit\u00e9 de Remiremont\",\"potentialAction\":[{\"@type\":\"SearchAction\",\"target\":{\"@type\":\"EntryPoint\",\"urlTemplate\":\"https:\/\/vosgesinfo.fr\/remiremontinfo\/?s={search_term_string}\"},\"query-input\":\"required name=search_term_string\"}],\"inLanguage\":\"fr-FR\"},{\"@type\":\"Organization\",\"@id\":\"https:\/\/vosgesinfo.fr\/remiremontinfo\/#organization\",\"name\":\"Remiremont Info\",\"url\":\"https:\/\/vosgesinfo.fr\/remiremontinfo\/\",\"logo\":{\"@type\":\"ImageObject\",\"inLanguage\":\"fr-FR\",\"@id\":\"https:\/\/vosgesinfo.fr\/remiremontinfo\/#\/schema\/logo\/image\/\",\"url\":\"https:\/\/vosgesinfo.fr\/app\/uploads\/sites\/5\/2023\/08\/favicon-remiremontinfo.png\",\"contentUrl\":\"https:\/\/vosgesinfo.fr\/app\/uploads\/sites\/5\/2023\/08\/favicon-remiremontinfo.png\",\"width\":512,\"height\":512,\"caption\":\"Remiremont Info\"},\"image\":{\"@id\":\"https:\/\/vosgesinfo.fr\/remiremontinfo\/#\/schema\/logo\/image\/\"},\"sameAs\":[\"https:\/\/www.facebook.com\/remiremontinfo\",\"https:\/\/x.com\/VosgesInfo88\",\"https:\/\/www.youtube.com\/@vosgesinfo\"]},{\"@type\":\"Person\",\"@id\":\"https:\/\/vosgesinfo.fr\/remiremontinfo\/#\/schema\/person\/3bfd164d5218a185b1db68655a265316\",\"name\":\"C D\",\"image\":{\"@type\":\"ImageObject\",\"inLanguage\":\"fr-FR\",\"@id\":\"https:\/\/vosgesinfo.fr\/remiremontinfo\/#\/schema\/person\/image\/\",\"url\":\"https:\/\/secure.gravatar.com\/avatar\/1f9a70007336511a47468b8f1c66f922b8b7cf617b02a31149ada43893a5d48f?s=96&d=mm&r=g\",\"contentUrl\":\"https:\/\/secure.gravatar.com\/avatar\/1f9a70007336511a47468b8f1c66f922b8b7cf617b02a31149ada43893a5d48f?s=96&d=mm&r=g\",\"caption\":\"C D\"},\"url\":\"https:\/\/vosgesinfo.fr\/remiremontinfo\/author\/cedric-drevet\/\"}]}<\/script>\n<!-- \/ Yoast SEO plugin. -->","yoast_head_json":{"title":"Vosges : l'h\u00f4pital d\u2019\u00c9pinal en tension - Remiremont Info","robots":{"index":"index","follow":"follow","max-snippet":"max-snippet:-1","max-image-preview":"max-image-preview:large","max-video-preview":"max-video-preview:-1"},"canonical":"https:\/\/vosgesinfo.fr\/remiremontinfo\/2020\/12\/vosges-lhopital-depinal-tension\/","twitter_card":"summary_large_image","twitter_title":"Vosges : l'h\u00f4pital d\u2019\u00c9pinal en tension - Remiremont Info","twitter_description":"La crise hivernale, qui met chaque ann\u00e9e l\u2019h\u00f4pital en tension, s\u2019ajoutant \u00e0 la crise sanitaire actuelle, contraint l\u2019h\u00f4pital \u00e0 l\u2019annulation [&hellip;]","twitter_image":"https:\/\/vosgesinfo.fr\/app\/uploads\/sites\/5\/2024\/09\/202012soignants-coronavirus-hopital-epinal-remiremont-vosges-3.jpg","twitter_creator":"@VosgesInfo88","twitter_site":"@VosgesInfo88","twitter_misc":{"\u00c9crit par":"C D","Dur\u00e9e de lecture estim\u00e9e":"2 minutes"},"schema":{"@context":"https:\/\/schema.org","@graph":[{"@type":"Article","@id":"https:\/\/vosgesinfo.fr\/remiremontinfo\/2020\/12\/vosges-lhopital-depinal-tension\/#article","isPartOf":{"@id":"https:\/\/vosgesinfo.fr\/remiremontinfo\/2020\/12\/vosges-lhopital-depinal-tension\/"},"author":{"name":"C D","@id":"https:\/\/vosgesinfo.fr\/remiremontinfo\/#\/schema\/person\/3bfd164d5218a185b1db68655a265316"},"headline":"Vosges : l&rsquo;h\u00f4pital d\u2019\u00c9pinal en tension","datePublished":"2020-12-09T05:41:24+00:00","dateModified":"2020-12-09T05:41:24+00:00","mainEntityOfPage":{"@id":"https:\/\/vosgesinfo.fr\/remiremontinfo\/2020\/12\/vosges-lhopital-depinal-tension\/"},"wordCount":369,"commentCount":0,"publisher":{"@id":"https:\/\/vosgesinfo.fr\/remiremontinfo\/#organization"},"image":{"@id":"https:\/\/vosgesinfo.fr\/remiremontinfo\/2020\/12\/vosges-lhopital-depinal-tension\/#primaryimage"},"thumbnailUrl":"https:\/\/vosgesinfo.fr\/app\/uploads\/sites\/5\/2024\/09\/202012soignants-coronavirus-hopital-epinal-remiremont-vosges-3.jpg","articleSection":["A la Une","Sant\u00e9","Vosges"],"inLanguage":"fr-FR","potentialAction":[{"@type":"CommentAction","name":"Comment","target":["https:\/\/vosgesinfo.fr\/remiremontinfo\/2020\/12\/vosges-lhopital-depinal-tension\/#respond"]}]},{"@type":"WebPage","@id":"https:\/\/vosgesinfo.fr\/remiremontinfo\/2020\/12\/vosges-lhopital-depinal-tension\/","url":"https:\/\/vosgesinfo.fr\/remiremontinfo\/2020\/12\/vosges-lhopital-depinal-tension\/","name":"Vosges : l'h\u00f4pital d\u2019\u00c9pinal en tension - Remiremont Info","isPartOf":{"@id":"https:\/\/vosgesinfo.fr\/remiremontinfo\/#website"},"primaryImageOfPage":{"@id":"https:\/\/vosgesinfo.fr\/remiremontinfo\/2020\/12\/vosges-lhopital-depinal-tension\/#primaryimage"},"image":{"@id":"https:\/\/vosgesinfo.fr\/remiremontinfo\/2020\/12\/vosges-lhopital-depinal-tension\/#primaryimage"},"thumbnailUrl":"https:\/\/vosgesinfo.fr\/app\/uploads\/sites\/5\/2024\/09\/202012soignants-coronavirus-hopital-epinal-remiremont-vosges-3.jpg","datePublished":"2020-12-09T05:41:24+00:00","dateModified":"2020-12-09T05:41:24+00:00","breadcrumb":{"@id":"https:\/\/vosgesinfo.fr\/remiremontinfo\/2020\/12\/vosges-lhopital-depinal-tension\/#breadcrumb"},"inLanguage":"fr-FR","potentialAction":[{"@type":"ReadAction","target":["https:\/\/vosgesinfo.fr\/remiremontinfo\/2020\/12\/vosges-lhopital-depinal-tension\/"]}]},{"@type":"ImageObject","inLanguage":"fr-FR","@id":"https:\/\/vosgesinfo.fr\/remiremontinfo\/2020\/12\/vosges-lhopital-depinal-tension\/#primaryimage","url":"https:\/\/vosgesinfo.fr\/app\/uploads\/sites\/5\/2024\/09\/202012soignants-coronavirus-hopital-epinal-remiremont-vosges-3.jpg","contentUrl":"https:\/\/vosgesinfo.fr\/app\/uploads\/sites\/5\/2024\/09\/202012soignants-coronavirus-hopital-epinal-remiremont-vosges-3.jpg","width":800,"height":600},{"@type":"BreadcrumbList","@id":"https:\/\/vosgesinfo.fr\/remiremontinfo\/2020\/12\/vosges-lhopital-depinal-tension\/#breadcrumb","itemListElement":[{"@type":"ListItem","position":1,"name":"Home","item":"https:\/\/vosgesinfo.fr\/remiremontinfo\/"},{"@type":"ListItem","position":2,"name":"Vosges : l&rsquo;h\u00f4pital d\u2019\u00c9pinal en tension"}]},{"@type":"WebSite","@id":"https:\/\/vosgesinfo.fr\/remiremontinfo\/#website","url":"https:\/\/vosgesinfo.fr\/remiremontinfo\/","name":"Remiremont Info","description":"Toute l&#039;actualit\u00e9 de Remiremont","publisher":{"@id":"https:\/\/vosgesinfo.fr\/remiremontinfo\/#organization"},"alternateName":"Toute l'actualit\u00e9 de Remiremont","potentialAction":[{"@type":"SearchAction","target":{"@type":"EntryPoint","urlTemplate":"https:\/\/vosgesinfo.fr\/remiremontinfo\/?s={search_term_string}"},"query-input":"required name=search_term_string"}],"inLanguage":"fr-FR"},{"@type":"Organization","@id":"https:\/\/vosgesinfo.fr\/remiremontinfo\/#organization","name":"Remiremont Info","url":"https:\/\/vosgesinfo.fr\/remiremontinfo\/","logo":{"@type":"ImageObject","inLanguage":"fr-FR","@id":"https:\/\/vosgesinfo.fr\/remiremontinfo\/#\/schema\/logo\/image\/","url":"https:\/\/vosgesinfo.fr\/app\/uploads\/sites\/5\/2023\/08\/favicon-remiremontinfo.png","contentUrl":"https:\/\/vosgesinfo.fr\/app\/uploads\/sites\/5\/2023\/08\/favicon-remiremontinfo.png","width":512,"height":512,"caption":"Remiremont Info"},"image":{"@id":"https:\/\/vosgesinfo.fr\/remiremontinfo\/#\/schema\/logo\/image\/"},"sameAs":["https:\/\/www.facebook.com\/remiremontinfo","https:\/\/x.com\/VosgesInfo88","https:\/\/www.youtube.com\/@vosgesinfo"]},{"@type":"Person","@id":"https:\/\/vosgesinfo.fr\/remiremontinfo\/#\/schema\/person\/3bfd164d5218a185b1db68655a265316","name":"C D","image":{"@type":"ImageObject","inLanguage":"fr-FR","@id":"https:\/\/vosgesinfo.fr\/remiremontinfo\/#\/schema\/person\/image\/","url":"https:\/\/secure.gravatar.com\/avatar\/1f9a70007336511a47468b8f1c66f922b8b7cf617b02a31149ada43893a5d48f?s=96&d=mm&r=g","contentUrl":"https:\/\/secure.gravatar.com\/avatar\/1f9a70007336511a47468b8f1c66f922b8b7cf617b02a31149ada43893a5d48f?s=96&d=mm&r=g","caption":"C D"},"url":"https:\/\/vosgesinfo.fr\/remiremontinfo\/author\/cedric-drevet\/"}]}},"_links":{"self":[{"href":"https:\/\/vosgesinfo.fr\/remiremontinfo\/wp-json\/wp\/v2\/posts\/34833","targetHints":{"allow":["GET"]}}],"collection":[{"href":"https:\/\/vosgesinfo.fr\/remiremontinfo\/wp-json\/wp\/v2\/posts"}],"about":[{"href":"https:\/\/vosgesinfo.fr\/remiremontinfo\/wp-json\/wp\/v2\/types\/post"}],"author":[{"embeddable":true,"href":"https:\/\/vosgesinfo.fr\/remiremontinfo\/wp-json\/wp\/v2\/users\/407"}],"replies":[{"embeddable":true,"href":"https:\/\/vosgesinfo.fr\/remiremontinfo\/wp-json\/wp\/v2\/comments?post=34833"}],"version-history":[{"count":0,"href":"https:\/\/vosgesinfo.fr\/remiremontinfo\/wp-json\/wp\/v2\/posts\/34833\/revisions"}],"wp:featuredmedia":[{"embeddable":true,"href":"https:\/\/vosgesinfo.fr\/remiremontinfo\/wp-json\/wp\/v2\/media\/34834"}],"wp:attachment":[{"href":"https:\/\/vosgesinfo.fr\/remiremontinfo\/wp-json\/wp\/v2\/media?parent=34833"}],"wp:term":[{"taxonomy":"category","embeddable":true,"href":"https:\/\/vosgesinfo.fr\/remiremontinfo\/wp-json\/wp\/v2\/categories?post=34833"},{"taxonomy":"post_tag","embeddable":true,"href":"https:\/\/vosgesinfo.fr\/remiremontinfo\/wp-json\/wp\/v2\/tags?post=34833"}],"curies":[{"name":"wp","href":"https:\/\/api.w.org\/{rel}","templated":true}]}}