{"id":3494,"date":"2023-12-28T14:00:09","date_gmt":"2023-12-28T13:00:09","guid":{"rendered":"https:\/\/vosgesinfo.fr\/remiremontinfo\/2023\/12\/inondation-a-leco-quartier-de-remiremont-letat-de-catastrophe-naturelle-reconnu-par-letat\/"},"modified":"2023-12-28T14:00:09","modified_gmt":"2023-12-28T13:00:09","slug":"inondation-a-leco-quartier-de-remiremont-letat-de-catastrophe-naturelle-reconnu-par-letat","status":"publish","type":"post","link":"https:\/\/vosgesinfo.fr\/remiremontinfo\/2023\/12\/inondation-a-leco-quartier-de-remiremont-letat-de-catastrophe-naturelle-reconnu-par-letat\/","title":{"rendered":"Inondation \u00e0 l&rsquo;\u00e9co-quartier de Remiremont : L&rsquo;\u00e9tat de catastrophe naturelle reconnu par l&rsquo;Etat"},"content":{"rendered":"<div id=\"attachment_379509\" style=\"width: 610px\" class=\"wp-caption aligncenter\"><a href=\"https:\/\/vosgesinfo.fr\/app\/uploads\/sites\/5\/2023\/11\/inondation-1.jpg\"><img decoding=\"async\" aria-describedby=\"caption-attachment-379509\" class=\"wp-image-379509 size-full\" src=\"https:\/\/vosgesinfo.fr\/app\/uploads\/sites\/5\/2023\/11\/inondation-1.jpg\" alt=\"Inondation 1\" width=\"600\" height=\"450\" \/><\/a><p id=\"caption-attachment-379509\" class=\"wp-caption-text\"><strong><span style=\"font-size: 8pt;\">Photo Police Municipale de Remiremont <\/span><\/strong><\/p><\/div>\n<h2><span style=\"font-size: 14pt;\"><a href=\"https:\/\/remiremontinfo.fr\/2023\/11\/remiremont-leco-quartier-eaux\/\">En novembre dernier, l&rsquo;\u00e9co-quartier\u00a0 de la filature s&rsquo;\u00e9tait r\u00e9veill\u00e9 sous les eaux<\/a>. Si les inondations ont rapidement \u00e9t\u00e9 ma\u00eetris\u00e9es par les agents de la commune, elles ont n\u00e9anmoins caus\u00e9 de nombreux d\u00e9g\u00e2ts dans les b\u00e2timents touch\u00e9s. Dans un communiqu\u00e9, la municipalit\u00e9 de Remiremont annonce ce jeudi que l&rsquo;\u00e9tat de catastrophe naturelle a \u00e9t\u00e9 reconnu par l&rsquo;Etat.\u00a0<\/span><\/h2>\n<p><em>\u00ab\u00a0La Commune de Remiremont a subi des pr\u00e9cipitations hors norme au cours des 13 et 14 novembre derniers. Elles ont occasionn\u00e9 des inondations dans le quartier de la Filature et des dommages \u00e0 plusieurs endroits de la Ville. Avec sa municipalit\u00e9 et ses services, le Maire Jean-Beno\u00eet Tisserand avait alors mont\u00e9 un dossier d\u00e9taill\u00e9 pour demander \u00e0 l&rsquo;Etat la reconnaissance de l&rsquo;\u00e9tat de catastrophe naturelle. Il a obtenu gain de cause par un arr\u00eat\u00e9 sign\u00e9 en cette fin d\u00e9cembre. Une d\u00e9cision \u00e0 la fois rapide et importante pour les sinistr\u00e9s.\u00a0\u00bb<\/em><\/p>\n<div id=\"attachment_379508\" style=\"width: 610px\" class=\"wp-caption aligncenter\"><a href=\"https:\/\/vosgesinfo.fr\/app\/uploads\/sites\/5\/2023\/11\/inondation-2.jpg\"><img decoding=\"async\" aria-describedby=\"caption-attachment-379508\" class=\"wp-image-379508 size-full\" src=\"https:\/\/vosgesinfo.fr\/app\/uploads\/sites\/5\/2023\/11\/inondation-2.jpg\" alt=\"Inondation 2\" width=\"600\" height=\"450\" \/><\/a><p id=\"caption-attachment-379508\" class=\"wp-caption-text\"><strong><span style=\"font-size: 8pt;\">Photo Police Municipale de Remiremont <\/span><\/strong><\/p><\/div>\n<p>&nbsp;<\/p>\n","protected":false},"excerpt":{"rendered":"<p>En novembre dernier, l&rsquo;\u00e9co-quartier\u00a0 de la filature s&rsquo;\u00e9tait r\u00e9veill\u00e9 sous les eaux. Si les inondations ont rapidement \u00e9t\u00e9 ma\u00eetris\u00e9es par [&hellip;]<\/p>\n","protected":false},"author":414,"featured_media":2670,"comment_status":"open","ping_status":"open","sticky":false,"template":"","format":"standard","meta":{"footnotes":""},"categories":[26,5,43,35],"tags":[637,638,639,640,44],"class_list":["post-3494","post","type-post","status-publish","format-standard","has-post-thumbnail","hentry","category-a-la-une","category-economie","category-remiremont-remiremont-son-canton","category-remiremont-son-canton","tag-catastrophe-naturelle","tag-ecoquartier","tag-inondations","tag-la-filature","tag-remiremont"],"acf":[],"yoast_head":"<!-- This site is optimized with the Yoast SEO plugin v22.5 - https:\/\/yoast.com\/wordpress\/plugins\/seo\/ -->\n<title>Inondation \u00e0 l&#039;\u00e9co-quartier de Remiremont : L&#039;\u00e9tat de catastrophe naturelle reconnu par l&#039;Etat - Remiremont Info<\/title>\n<meta name=\"robots\" content=\"index, follow, max-snippet:-1, max-image-preview:large, max-video-preview:-1\" \/>\n<link rel=\"canonical\" href=\"https:\/\/vosgesinfo.fr\/remiremontinfo\/2023\/12\/inondation-a-leco-quartier-de-remiremont-letat-de-catastrophe-naturelle-reconnu-par-letat\/\" \/>\n<meta name=\"twitter:card\" content=\"summary_large_image\" \/>\n<meta name=\"twitter:title\" content=\"Inondation \u00e0 l&#039;\u00e9co-quartier de Remiremont : L&#039;\u00e9tat de catastrophe naturelle reconnu par l&#039;Etat - Remiremont Info\" \/>\n<meta name=\"twitter:description\" content=\"En novembre dernier, l&rsquo;\u00e9co-quartier\u00a0 de la filature s&rsquo;\u00e9tait r\u00e9veill\u00e9 sous les eaux. Si les inondations ont rapidement \u00e9t\u00e9 ma\u00eetris\u00e9es par [&hellip;]\" \/>\n<meta name=\"twitter:image\" content=\"https:\/\/vosgesinfo.fr\/app\/uploads\/sites\/5\/2023\/11\/inondation-1.jpg\" \/>\n<meta name=\"twitter:creator\" content=\"@VosgesInfo88\" \/>\n<meta name=\"twitter:site\" content=\"@VosgesInfo88\" \/>\n<meta name=\"twitter:label1\" content=\"\u00c9crit par\" \/>\n\t<meta name=\"twitter:data1\" content=\"Julien Chassard\" \/>\n\t<meta name=\"twitter:label2\" content=\"Dur\u00e9e de lecture estim\u00e9e\" \/>\n\t<meta name=\"twitter:data2\" content=\"1 minute\" \/>\n<script type=\"application\/ld+json\" class=\"yoast-schema-graph\">{\"@context\":\"https:\/\/schema.org\",\"@graph\":[{\"@type\":\"Article\",\"@id\":\"https:\/\/vosgesinfo.fr\/remiremontinfo\/2023\/12\/inondation-a-leco-quartier-de-remiremont-letat-de-catastrophe-naturelle-reconnu-par-letat\/#article\",\"isPartOf\":{\"@id\":\"https:\/\/vosgesinfo.fr\/remiremontinfo\/2023\/12\/inondation-a-leco-quartier-de-remiremont-letat-de-catastrophe-naturelle-reconnu-par-letat\/\"},\"author\":{\"name\":\"Julien Chassard\",\"@id\":\"https:\/\/vosgesinfo.fr\/remiremontinfo\/#\/schema\/person\/9f7d5afbed21dfe30e21502db85507c8\"},\"headline\":\"Inondation \u00e0 l&rsquo;\u00e9co-quartier de Remiremont : L&rsquo;\u00e9tat de catastrophe naturelle reconnu par l&rsquo;Etat\",\"datePublished\":\"2023-12-28T13:00:09+00:00\",\"dateModified\":\"2023-12-28T13:00:09+00:00\",\"mainEntityOfPage\":{\"@id\":\"https:\/\/vosgesinfo.fr\/remiremontinfo\/2023\/12\/inondation-a-leco-quartier-de-remiremont-letat-de-catastrophe-naturelle-reconnu-par-letat\/\"},\"wordCount\":201,\"commentCount\":0,\"publisher\":{\"@id\":\"https:\/\/vosgesinfo.fr\/remiremontinfo\/#organization\"},\"image\":{\"@id\":\"https:\/\/vosgesinfo.fr\/remiremontinfo\/2023\/12\/inondation-a-leco-quartier-de-remiremont-letat-de-catastrophe-naturelle-reconnu-par-letat\/#primaryimage\"},\"thumbnailUrl\":\"https:\/\/vosgesinfo.fr\/app\/uploads\/sites\/5\/2023\/11\/inondation-1.jpg\",\"keywords\":[\"catastrophe naturelle\",\"\u00e9coquartier\",\"Inondations\",\"La filature\",\"remiremont\"],\"articleSection\":[\"A la Une\",\"\u00c9conomie\",\"Remiremont\",\"Remiremont &amp; son canton\"],\"inLanguage\":\"fr-FR\",\"potentialAction\":[{\"@type\":\"CommentAction\",\"name\":\"Comment\",\"target\":[\"https:\/\/vosgesinfo.fr\/remiremontinfo\/2023\/12\/inondation-a-leco-quartier-de-remiremont-letat-de-catastrophe-naturelle-reconnu-par-letat\/#respond\"]}]},{\"@type\":\"WebPage\",\"@id\":\"https:\/\/vosgesinfo.fr\/remiremontinfo\/2023\/12\/inondation-a-leco-quartier-de-remiremont-letat-de-catastrophe-naturelle-reconnu-par-letat\/\",\"url\":\"https:\/\/vosgesinfo.fr\/remiremontinfo\/2023\/12\/inondation-a-leco-quartier-de-remiremont-letat-de-catastrophe-naturelle-reconnu-par-letat\/\",\"name\":\"Inondation \u00e0 l'\u00e9co-quartier de Remiremont : L'\u00e9tat de catastrophe naturelle reconnu par l'Etat - Remiremont Info\",\"isPartOf\":{\"@id\":\"https:\/\/vosgesinfo.fr\/remiremontinfo\/#website\"},\"primaryImageOfPage\":{\"@id\":\"https:\/\/vosgesinfo.fr\/remiremontinfo\/2023\/12\/inondation-a-leco-quartier-de-remiremont-letat-de-catastrophe-naturelle-reconnu-par-letat\/#primaryimage\"},\"image\":{\"@id\":\"https:\/\/vosgesinfo.fr\/remiremontinfo\/2023\/12\/inondation-a-leco-quartier-de-remiremont-letat-de-catastrophe-naturelle-reconnu-par-letat\/#primaryimage\"},\"thumbnailUrl\":\"https:\/\/vosgesinfo.fr\/app\/uploads\/sites\/5\/2023\/11\/inondation-1.jpg\",\"datePublished\":\"2023-12-28T13:00:09+00:00\",\"dateModified\":\"2023-12-28T13:00:09+00:00\",\"breadcrumb\":{\"@id\":\"https:\/\/vosgesinfo.fr\/remiremontinfo\/2023\/12\/inondation-a-leco-quartier-de-remiremont-letat-de-catastrophe-naturelle-reconnu-par-letat\/#breadcrumb\"},\"inLanguage\":\"fr-FR\",\"potentialAction\":[{\"@type\":\"ReadAction\",\"target\":[\"https:\/\/vosgesinfo.fr\/remiremontinfo\/2023\/12\/inondation-a-leco-quartier-de-remiremont-letat-de-catastrophe-naturelle-reconnu-par-letat\/\"]}]},{\"@type\":\"ImageObject\",\"inLanguage\":\"fr-FR\",\"@id\":\"https:\/\/vosgesinfo.fr\/remiremontinfo\/2023\/12\/inondation-a-leco-quartier-de-remiremont-letat-de-catastrophe-naturelle-reconnu-par-letat\/#primaryimage\",\"url\":\"https:\/\/vosgesinfo.fr\/app\/uploads\/sites\/5\/2023\/11\/inondation-1.jpg\",\"contentUrl\":\"https:\/\/vosgesinfo.fr\/app\/uploads\/sites\/5\/2023\/11\/inondation-1.jpg\",\"width\":600,\"height\":450},{\"@type\":\"BreadcrumbList\",\"@id\":\"https:\/\/vosgesinfo.fr\/remiremontinfo\/2023\/12\/inondation-a-leco-quartier-de-remiremont-letat-de-catastrophe-naturelle-reconnu-par-letat\/#breadcrumb\",\"itemListElement\":[{\"@type\":\"ListItem\",\"position\":1,\"name\":\"Home\",\"item\":\"https:\/\/vosgesinfo.fr\/remiremontinfo\/\"},{\"@type\":\"ListItem\",\"position\":2,\"name\":\"Inondation \u00e0 l&rsquo;\u00e9co-quartier de Remiremont : L&rsquo;\u00e9tat de catastrophe naturelle reconnu par l&rsquo;Etat\"}]},{\"@type\":\"WebSite\",\"@id\":\"https:\/\/vosgesinfo.fr\/remiremontinfo\/#website\",\"url\":\"https:\/\/vosgesinfo.fr\/remiremontinfo\/\",\"name\":\"Remiremont Info\",\"description\":\"Toute l&#039;actualit\u00e9 de Remiremont\",\"publisher\":{\"@id\":\"https:\/\/vosgesinfo.fr\/remiremontinfo\/#organization\"},\"alternateName\":\"Toute l'actualit\u00e9 de Remiremont\",\"potentialAction\":[{\"@type\":\"SearchAction\",\"target\":{\"@type\":\"EntryPoint\",\"urlTemplate\":\"https:\/\/vosgesinfo.fr\/remiremontinfo\/?s={search_term_string}\"},\"query-input\":\"required name=search_term_string\"}],\"inLanguage\":\"fr-FR\"},{\"@type\":\"Organization\",\"@id\":\"https:\/\/vosgesinfo.fr\/remiremontinfo\/#organization\",\"name\":\"Remiremont Info\",\"url\":\"https:\/\/vosgesinfo.fr\/remiremontinfo\/\",\"logo\":{\"@type\":\"ImageObject\",\"inLanguage\":\"fr-FR\",\"@id\":\"https:\/\/vosgesinfo.fr\/remiremontinfo\/#\/schema\/logo\/image\/\",\"url\":\"https:\/\/vosgesinfo.fr\/app\/uploads\/sites\/5\/2023\/08\/favicon-remiremontinfo.png\",\"contentUrl\":\"https:\/\/vosgesinfo.fr\/app\/uploads\/sites\/5\/2023\/08\/favicon-remiremontinfo.png\",\"width\":512,\"height\":512,\"caption\":\"Remiremont Info\"},\"image\":{\"@id\":\"https:\/\/vosgesinfo.fr\/remiremontinfo\/#\/schema\/logo\/image\/\"},\"sameAs\":[\"https:\/\/www.facebook.com\/remiremontinfo\",\"https:\/\/x.com\/VosgesInfo88\",\"https:\/\/www.youtube.com\/@vosgesinfo\"]},{\"@type\":\"Person\",\"@id\":\"https:\/\/vosgesinfo.fr\/remiremontinfo\/#\/schema\/person\/9f7d5afbed21dfe30e21502db85507c8\",\"name\":\"Julien Chassard\",\"image\":{\"@type\":\"ImageObject\",\"inLanguage\":\"fr-FR\",\"@id\":\"https:\/\/vosgesinfo.fr\/remiremontinfo\/#\/schema\/person\/image\/\",\"url\":\"https:\/\/secure.gravatar.com\/avatar\/b1edc920568095a5269cc92a13830411052ebb396f029db539972c12276b9ba9?s=96&d=mm&r=g\",\"contentUrl\":\"https:\/\/secure.gravatar.com\/avatar\/b1edc920568095a5269cc92a13830411052ebb396f029db539972c12276b9ba9?s=96&d=mm&r=g\",\"caption\":\"Julien Chassard\"},\"url\":\"https:\/\/vosgesinfo.fr\/remiremontinfo\/author\/j-chassard882\/\"}]}<\/script>\n<!-- \/ Yoast SEO plugin. -->","yoast_head_json":{"title":"Inondation \u00e0 l'\u00e9co-quartier de Remiremont : L'\u00e9tat de catastrophe naturelle reconnu par l'Etat - Remiremont Info","robots":{"index":"index","follow":"follow","max-snippet":"max-snippet:-1","max-image-preview":"max-image-preview:large","max-video-preview":"max-video-preview:-1"},"canonical":"https:\/\/vosgesinfo.fr\/remiremontinfo\/2023\/12\/inondation-a-leco-quartier-de-remiremont-letat-de-catastrophe-naturelle-reconnu-par-letat\/","twitter_card":"summary_large_image","twitter_title":"Inondation \u00e0 l'\u00e9co-quartier de Remiremont : L'\u00e9tat de catastrophe naturelle reconnu par l'Etat - Remiremont Info","twitter_description":"En novembre dernier, l&rsquo;\u00e9co-quartier\u00a0 de la filature s&rsquo;\u00e9tait r\u00e9veill\u00e9 sous les eaux. Si les inondations ont rapidement \u00e9t\u00e9 ma\u00eetris\u00e9es par [&hellip;]","twitter_image":"https:\/\/vosgesinfo.fr\/app\/uploads\/sites\/5\/2023\/11\/inondation-1.jpg","twitter_creator":"@VosgesInfo88","twitter_site":"@VosgesInfo88","twitter_misc":{"\u00c9crit par":"Julien Chassard","Dur\u00e9e de lecture estim\u00e9e":"1 minute"},"schema":{"@context":"https:\/\/schema.org","@graph":[{"@type":"Article","@id":"https:\/\/vosgesinfo.fr\/remiremontinfo\/2023\/12\/inondation-a-leco-quartier-de-remiremont-letat-de-catastrophe-naturelle-reconnu-par-letat\/#article","isPartOf":{"@id":"https:\/\/vosgesinfo.fr\/remiremontinfo\/2023\/12\/inondation-a-leco-quartier-de-remiremont-letat-de-catastrophe-naturelle-reconnu-par-letat\/"},"author":{"name":"Julien Chassard","@id":"https:\/\/vosgesinfo.fr\/remiremontinfo\/#\/schema\/person\/9f7d5afbed21dfe30e21502db85507c8"},"headline":"Inondation \u00e0 l&rsquo;\u00e9co-quartier de Remiremont : L&rsquo;\u00e9tat de catastrophe naturelle reconnu par l&rsquo;Etat","datePublished":"2023-12-28T13:00:09+00:00","dateModified":"2023-12-28T13:00:09+00:00","mainEntityOfPage":{"@id":"https:\/\/vosgesinfo.fr\/remiremontinfo\/2023\/12\/inondation-a-leco-quartier-de-remiremont-letat-de-catastrophe-naturelle-reconnu-par-letat\/"},"wordCount":201,"commentCount":0,"publisher":{"@id":"https:\/\/vosgesinfo.fr\/remiremontinfo\/#organization"},"image":{"@id":"https:\/\/vosgesinfo.fr\/remiremontinfo\/2023\/12\/inondation-a-leco-quartier-de-remiremont-letat-de-catastrophe-naturelle-reconnu-par-letat\/#primaryimage"},"thumbnailUrl":"https:\/\/vosgesinfo.fr\/app\/uploads\/sites\/5\/2023\/11\/inondation-1.jpg","keywords":["catastrophe naturelle","\u00e9coquartier","Inondations","La filature","remiremont"],"articleSection":["A la Une","\u00c9conomie","Remiremont","Remiremont &amp; son canton"],"inLanguage":"fr-FR","potentialAction":[{"@type":"CommentAction","name":"Comment","target":["https:\/\/vosgesinfo.fr\/remiremontinfo\/2023\/12\/inondation-a-leco-quartier-de-remiremont-letat-de-catastrophe-naturelle-reconnu-par-letat\/#respond"]}]},{"@type":"WebPage","@id":"https:\/\/vosgesinfo.fr\/remiremontinfo\/2023\/12\/inondation-a-leco-quartier-de-remiremont-letat-de-catastrophe-naturelle-reconnu-par-letat\/","url":"https:\/\/vosgesinfo.fr\/remiremontinfo\/2023\/12\/inondation-a-leco-quartier-de-remiremont-letat-de-catastrophe-naturelle-reconnu-par-letat\/","name":"Inondation \u00e0 l'\u00e9co-quartier de Remiremont : L'\u00e9tat de catastrophe naturelle reconnu par l'Etat - Remiremont Info","isPartOf":{"@id":"https:\/\/vosgesinfo.fr\/remiremontinfo\/#website"},"primaryImageOfPage":{"@id":"https:\/\/vosgesinfo.fr\/remiremontinfo\/2023\/12\/inondation-a-leco-quartier-de-remiremont-letat-de-catastrophe-naturelle-reconnu-par-letat\/#primaryimage"},"image":{"@id":"https:\/\/vosgesinfo.fr\/remiremontinfo\/2023\/12\/inondation-a-leco-quartier-de-remiremont-letat-de-catastrophe-naturelle-reconnu-par-letat\/#primaryimage"},"thumbnailUrl":"https:\/\/vosgesinfo.fr\/app\/uploads\/sites\/5\/2023\/11\/inondation-1.jpg","datePublished":"2023-12-28T13:00:09+00:00","dateModified":"2023-12-28T13:00:09+00:00","breadcrumb":{"@id":"https:\/\/vosgesinfo.fr\/remiremontinfo\/2023\/12\/inondation-a-leco-quartier-de-remiremont-letat-de-catastrophe-naturelle-reconnu-par-letat\/#breadcrumb"},"inLanguage":"fr-FR","potentialAction":[{"@type":"ReadAction","target":["https:\/\/vosgesinfo.fr\/remiremontinfo\/2023\/12\/inondation-a-leco-quartier-de-remiremont-letat-de-catastrophe-naturelle-reconnu-par-letat\/"]}]},{"@type":"ImageObject","inLanguage":"fr-FR","@id":"https:\/\/vosgesinfo.fr\/remiremontinfo\/2023\/12\/inondation-a-leco-quartier-de-remiremont-letat-de-catastrophe-naturelle-reconnu-par-letat\/#primaryimage","url":"https:\/\/vosgesinfo.fr\/app\/uploads\/sites\/5\/2023\/11\/inondation-1.jpg","contentUrl":"https:\/\/vosgesinfo.fr\/app\/uploads\/sites\/5\/2023\/11\/inondation-1.jpg","width":600,"height":450},{"@type":"BreadcrumbList","@id":"https:\/\/vosgesinfo.fr\/remiremontinfo\/2023\/12\/inondation-a-leco-quartier-de-remiremont-letat-de-catastrophe-naturelle-reconnu-par-letat\/#breadcrumb","itemListElement":[{"@type":"ListItem","position":1,"name":"Home","item":"https:\/\/vosgesinfo.fr\/remiremontinfo\/"},{"@type":"ListItem","position":2,"name":"Inondation \u00e0 l&rsquo;\u00e9co-quartier de Remiremont : L&rsquo;\u00e9tat de catastrophe naturelle reconnu par l&rsquo;Etat"}]},{"@type":"WebSite","@id":"https:\/\/vosgesinfo.fr\/remiremontinfo\/#website","url":"https:\/\/vosgesinfo.fr\/remiremontinfo\/","name":"Remiremont Info","description":"Toute l&#039;actualit\u00e9 de Remiremont","publisher":{"@id":"https:\/\/vosgesinfo.fr\/remiremontinfo\/#organization"},"alternateName":"Toute l'actualit\u00e9 de Remiremont","potentialAction":[{"@type":"SearchAction","target":{"@type":"EntryPoint","urlTemplate":"https:\/\/vosgesinfo.fr\/remiremontinfo\/?s={search_term_string}"},"query-input":"required name=search_term_string"}],"inLanguage":"fr-FR"},{"@type":"Organization","@id":"https:\/\/vosgesinfo.fr\/remiremontinfo\/#organization","name":"Remiremont Info","url":"https:\/\/vosgesinfo.fr\/remiremontinfo\/","logo":{"@type":"ImageObject","inLanguage":"fr-FR","@id":"https:\/\/vosgesinfo.fr\/remiremontinfo\/#\/schema\/logo\/image\/","url":"https:\/\/vosgesinfo.fr\/app\/uploads\/sites\/5\/2023\/08\/favicon-remiremontinfo.png","contentUrl":"https:\/\/vosgesinfo.fr\/app\/uploads\/sites\/5\/2023\/08\/favicon-remiremontinfo.png","width":512,"height":512,"caption":"Remiremont Info"},"image":{"@id":"https:\/\/vosgesinfo.fr\/remiremontinfo\/#\/schema\/logo\/image\/"},"sameAs":["https:\/\/www.facebook.com\/remiremontinfo","https:\/\/x.com\/VosgesInfo88","https:\/\/www.youtube.com\/@vosgesinfo"]},{"@type":"Person","@id":"https:\/\/vosgesinfo.fr\/remiremontinfo\/#\/schema\/person\/9f7d5afbed21dfe30e21502db85507c8","name":"Julien Chassard","image":{"@type":"ImageObject","inLanguage":"fr-FR","@id":"https:\/\/vosgesinfo.fr\/remiremontinfo\/#\/schema\/person\/image\/","url":"https:\/\/secure.gravatar.com\/avatar\/b1edc920568095a5269cc92a13830411052ebb396f029db539972c12276b9ba9?s=96&d=mm&r=g","contentUrl":"https:\/\/secure.gravatar.com\/avatar\/b1edc920568095a5269cc92a13830411052ebb396f029db539972c12276b9ba9?s=96&d=mm&r=g","caption":"Julien Chassard"},"url":"https:\/\/vosgesinfo.fr\/remiremontinfo\/author\/j-chassard882\/"}]}},"_links":{"self":[{"href":"https:\/\/vosgesinfo.fr\/remiremontinfo\/wp-json\/wp\/v2\/posts\/3494","targetHints":{"allow":["GET"]}}],"collection":[{"href":"https:\/\/vosgesinfo.fr\/remiremontinfo\/wp-json\/wp\/v2\/posts"}],"about":[{"href":"https:\/\/vosgesinfo.fr\/remiremontinfo\/wp-json\/wp\/v2\/types\/post"}],"author":[{"embeddable":true,"href":"https:\/\/vosgesinfo.fr\/remiremontinfo\/wp-json\/wp\/v2\/users\/414"}],"replies":[{"embeddable":true,"href":"https:\/\/vosgesinfo.fr\/remiremontinfo\/wp-json\/wp\/v2\/comments?post=3494"}],"version-history":[{"count":0,"href":"https:\/\/vosgesinfo.fr\/remiremontinfo\/wp-json\/wp\/v2\/posts\/3494\/revisions"}],"wp:featuredmedia":[{"embeddable":true,"href":"https:\/\/vosgesinfo.fr\/remiremontinfo\/wp-json\/wp\/v2\/media\/2670"}],"wp:attachment":[{"href":"https:\/\/vosgesinfo.fr\/remiremontinfo\/wp-json\/wp\/v2\/media?parent=3494"}],"wp:term":[{"taxonomy":"category","embeddable":true,"href":"https:\/\/vosgesinfo.fr\/remiremontinfo\/wp-json\/wp\/v2\/categories?post=3494"},{"taxonomy":"post_tag","embeddable":true,"href":"https:\/\/vosgesinfo.fr\/remiremontinfo\/wp-json\/wp\/v2\/tags?post=3494"}],"curies":[{"name":"wp","href":"https:\/\/api.w.org\/{rel}","templated":true}]}}