{"id":35152,"date":"2020-12-18T07:07:53","date_gmt":"2020-12-18T06:07:53","guid":{"rendered":"https:\/\/vosgesinfo.fr\/remiremontinfo\/2020\/12\/vosges-premieres-boites-de-noel-ont-ete-distribuees-aux-plus-demunis\/"},"modified":"2020-12-18T07:07:53","modified_gmt":"2020-12-18T06:07:53","slug":"vosges-premieres-boites-de-noel-ont-ete-distribuees-aux-plus-demunis","status":"publish","type":"post","link":"https:\/\/vosgesinfo.fr\/remiremontinfo\/2020\/12\/vosges-premieres-boites-de-noel-ont-ete-distribuees-aux-plus-demunis\/","title":{"rendered":"Vosges\u00a0: les premi\u00e8res \u00ab\u00a0bo\u00eetes de No\u00ebl\u00a0\u00bb ont \u00e9t\u00e9 distribu\u00e9es aux plus d\u00e9munis"},"content":{"rendered":"\n<p><span style=\"font-size: 10pt;\"><em>Photos de \u00ab\u00a0Bo\u00eetes de No\u00ebl &#8211; Vosges\u00a0\u00bb<\/em><\/span><\/p>\n<h2><span style=\"font-size: 12pt;\"><strong>Des bo\u00eetes de No\u00ebl pour les d\u00e9munis. C\u2019est un projet qui s\u2019est d\u00e9velopp\u00e9 en quelques temps \u00e0 Remiremont, dans les Vosges, dans toute la France, et m\u00eame au-del\u00e0. Une action solidaire \u00e0 l\u2019approche des f\u00eates de fin d\u2019ann\u00e9e. La premi\u00e8re distribution vosgienne a eu lieu mercredi soir \u00e0 Epinal.<\/strong><\/span><\/h2>\n<p>Le concept de la \u00ab bo\u00eete de No\u00ebl \u00bb est le suivant : une collecte et distribution de bo\u00eetes cadeaux. Dans un carton au format bo\u00eete \u00e0 chaussures, il \u00e9tait demand\u00e9 de disposer \u00ab un truc chaud \u00bb, comme par exemple un bonnet, une \u00e9charpe. Puis \u00ab un truc bon \u00bb, biscuits, bonbons, chocolat. Un loisir, aussi, livre, petit carnet de jeux, mots crois\u00e9s. Un produit de beaut\u00e9 ou d\u2019hygi\u00e8ne : cr\u00e8me, savon, d\u00e9odorant. Enfin, un petit \u00ab mot doux \u00bb, une carte, un simple mot, un dessin d\u2019enfants.<\/p>\n<p>La premi\u00e8re distribution de cadeaux a donc eu lieu ce mercredi soir \u00e0 Epinal lors des maraudes du Samu social. <em>\u00ab\u00a0Un grand merci \u00e0 toutes les personnes qui ont \u0153uvr\u00e9 \u00e0 cette belle action\u00a0\u00bb<\/em>, d\u00e9clarent les organisateurs. <em>\u00ab\u00a0Cette incroyable g\u00e9n\u00e9rosit\u00e9 \u00e0 permis la collecte de plusieurs milliers de bo\u00eetes cadeaux qui vont inonder le d\u00e9partement dans les prochains jours, pour le plus grand bonheur des b\u00e9n\u00e9ficiaires. Merci \u00e0 tous, petits et grands, \u00e9coliers, actifs et retrait\u00e9s ! Au plaisir de vous retrouver l&rsquo;an prochain !\u00a0\u00bb<\/em><\/p>\n","protected":false},"excerpt":{"rendered":"<p>Photos de \u00ab\u00a0Bo\u00eetes de No\u00ebl &#8211; Vosges\u00a0\u00bb Des bo\u00eetes de No\u00ebl pour les d\u00e9munis. C\u2019est un projet qui s\u2019est d\u00e9velopp\u00e9 [&hellip;]<\/p>\n","protected":false},"author":407,"featured_media":35153,"comment_status":"open","ping_status":"open","sticky":false,"template":"","format":"standard","meta":{"footnotes":""},"categories":[26,13,18],"tags":[],"class_list":["post-35152","post","type-post","status-publish","format-standard","has-post-thumbnail","hentry","category-a-la-une","category-societe","category-vosges"],"acf":[],"yoast_head":"<!-- This site is optimized with the Yoast SEO plugin v22.5 - https:\/\/yoast.com\/wordpress\/plugins\/seo\/ -->\n<title>Vosges\u00a0: les premi\u00e8res \u00ab\u00a0bo\u00eetes de No\u00ebl\u00a0\u00bb ont \u00e9t\u00e9 distribu\u00e9es aux plus d\u00e9munis - Remiremont Info<\/title>\n<meta name=\"robots\" content=\"index, follow, max-snippet:-1, max-image-preview:large, max-video-preview:-1\" \/>\n<link rel=\"canonical\" href=\"https:\/\/vosgesinfo.fr\/remiremontinfo\/2020\/12\/vosges-premieres-boites-de-noel-ont-ete-distribuees-aux-plus-demunis\/\" \/>\n<meta name=\"twitter:card\" content=\"summary_large_image\" \/>\n<meta name=\"twitter:title\" content=\"Vosges\u00a0: les premi\u00e8res \u00ab\u00a0bo\u00eetes de No\u00ebl\u00a0\u00bb ont \u00e9t\u00e9 distribu\u00e9es aux plus d\u00e9munis - Remiremont Info\" \/>\n<meta name=\"twitter:description\" content=\"Photos de \u00ab\u00a0Bo\u00eetes de No\u00ebl &#8211; Vosges\u00a0\u00bb Des bo\u00eetes de No\u00ebl pour les d\u00e9munis. C\u2019est un projet qui s\u2019est d\u00e9velopp\u00e9 [&hellip;]\" \/>\n<meta name=\"twitter:image\" content=\"https:\/\/vosgesinfo.fr\/app\/uploads\/sites\/5\/2024\/09\/202012131892436-112376930708310-5228980910675945689-n.jpg\" \/>\n<meta name=\"twitter:creator\" content=\"@VosgesInfo88\" \/>\n<meta name=\"twitter:site\" content=\"@VosgesInfo88\" \/>\n<meta name=\"twitter:label1\" content=\"\u00c9crit par\" \/>\n\t<meta name=\"twitter:data1\" content=\"C D\" \/>\n\t<meta name=\"twitter:label2\" content=\"Dur\u00e9e de lecture estim\u00e9e\" \/>\n\t<meta name=\"twitter:data2\" content=\"1 minute\" \/>\n<script type=\"application\/ld+json\" class=\"yoast-schema-graph\">{\"@context\":\"https:\/\/schema.org\",\"@graph\":[{\"@type\":\"Article\",\"@id\":\"https:\/\/vosgesinfo.fr\/remiremontinfo\/2020\/12\/vosges-premieres-boites-de-noel-ont-ete-distribuees-aux-plus-demunis\/#article\",\"isPartOf\":{\"@id\":\"https:\/\/vosgesinfo.fr\/remiremontinfo\/2020\/12\/vosges-premieres-boites-de-noel-ont-ete-distribuees-aux-plus-demunis\/\"},\"author\":{\"name\":\"C D\",\"@id\":\"https:\/\/vosgesinfo.fr\/remiremontinfo\/#\/schema\/person\/3bfd164d5218a185b1db68655a265316\"},\"headline\":\"Vosges\u00a0: les premi\u00e8res \u00ab\u00a0bo\u00eetes de No\u00ebl\u00a0\u00bb ont \u00e9t\u00e9 distribu\u00e9es aux plus d\u00e9munis\",\"datePublished\":\"2020-12-18T06:07:53+00:00\",\"dateModified\":\"2020-12-18T06:07:53+00:00\",\"mainEntityOfPage\":{\"@id\":\"https:\/\/vosgesinfo.fr\/remiremontinfo\/2020\/12\/vosges-premieres-boites-de-noel-ont-ete-distribuees-aux-plus-demunis\/\"},\"wordCount\":268,\"commentCount\":0,\"publisher\":{\"@id\":\"https:\/\/vosgesinfo.fr\/remiremontinfo\/#organization\"},\"image\":{\"@id\":\"https:\/\/vosgesinfo.fr\/remiremontinfo\/2020\/12\/vosges-premieres-boites-de-noel-ont-ete-distribuees-aux-plus-demunis\/#primaryimage\"},\"thumbnailUrl\":\"https:\/\/vosgesinfo.fr\/app\/uploads\/sites\/5\/2024\/09\/202012131892436-112376930708310-5228980910675945689-n.jpg\",\"articleSection\":[\"A la Une\",\"Soci\u00e9t\u00e9\",\"Vosges\"],\"inLanguage\":\"fr-FR\",\"potentialAction\":[{\"@type\":\"CommentAction\",\"name\":\"Comment\",\"target\":[\"https:\/\/vosgesinfo.fr\/remiremontinfo\/2020\/12\/vosges-premieres-boites-de-noel-ont-ete-distribuees-aux-plus-demunis\/#respond\"]}]},{\"@type\":\"WebPage\",\"@id\":\"https:\/\/vosgesinfo.fr\/remiremontinfo\/2020\/12\/vosges-premieres-boites-de-noel-ont-ete-distribuees-aux-plus-demunis\/\",\"url\":\"https:\/\/vosgesinfo.fr\/remiremontinfo\/2020\/12\/vosges-premieres-boites-de-noel-ont-ete-distribuees-aux-plus-demunis\/\",\"name\":\"Vosges\u00a0: les premi\u00e8res \u00ab\u00a0bo\u00eetes de No\u00ebl\u00a0\u00bb ont \u00e9t\u00e9 distribu\u00e9es aux plus d\u00e9munis - Remiremont Info\",\"isPartOf\":{\"@id\":\"https:\/\/vosgesinfo.fr\/remiremontinfo\/#website\"},\"primaryImageOfPage\":{\"@id\":\"https:\/\/vosgesinfo.fr\/remiremontinfo\/2020\/12\/vosges-premieres-boites-de-noel-ont-ete-distribuees-aux-plus-demunis\/#primaryimage\"},\"image\":{\"@id\":\"https:\/\/vosgesinfo.fr\/remiremontinfo\/2020\/12\/vosges-premieres-boites-de-noel-ont-ete-distribuees-aux-plus-demunis\/#primaryimage\"},\"thumbnailUrl\":\"https:\/\/vosgesinfo.fr\/app\/uploads\/sites\/5\/2024\/09\/202012131892436-112376930708310-5228980910675945689-n.jpg\",\"datePublished\":\"2020-12-18T06:07:53+00:00\",\"dateModified\":\"2020-12-18T06:07:53+00:00\",\"breadcrumb\":{\"@id\":\"https:\/\/vosgesinfo.fr\/remiremontinfo\/2020\/12\/vosges-premieres-boites-de-noel-ont-ete-distribuees-aux-plus-demunis\/#breadcrumb\"},\"inLanguage\":\"fr-FR\",\"potentialAction\":[{\"@type\":\"ReadAction\",\"target\":[\"https:\/\/vosgesinfo.fr\/remiremontinfo\/2020\/12\/vosges-premieres-boites-de-noel-ont-ete-distribuees-aux-plus-demunis\/\"]}]},{\"@type\":\"ImageObject\",\"inLanguage\":\"fr-FR\",\"@id\":\"https:\/\/vosgesinfo.fr\/remiremontinfo\/2020\/12\/vosges-premieres-boites-de-noel-ont-ete-distribuees-aux-plus-demunis\/#primaryimage\",\"url\":\"https:\/\/vosgesinfo.fr\/app\/uploads\/sites\/5\/2024\/09\/202012131892436-112376930708310-5228980910675945689-n.jpg\",\"contentUrl\":\"https:\/\/vosgesinfo.fr\/app\/uploads\/sites\/5\/2024\/09\/202012131892436-112376930708310-5228980910675945689-n.jpg\",\"width\":717,\"height\":638},{\"@type\":\"BreadcrumbList\",\"@id\":\"https:\/\/vosgesinfo.fr\/remiremontinfo\/2020\/12\/vosges-premieres-boites-de-noel-ont-ete-distribuees-aux-plus-demunis\/#breadcrumb\",\"itemListElement\":[{\"@type\":\"ListItem\",\"position\":1,\"name\":\"Home\",\"item\":\"https:\/\/vosgesinfo.fr\/remiremontinfo\/\"},{\"@type\":\"ListItem\",\"position\":2,\"name\":\"Vosges\u00a0: les premi\u00e8res \u00ab\u00a0bo\u00eetes de No\u00ebl\u00a0\u00bb ont \u00e9t\u00e9 distribu\u00e9es aux plus d\u00e9munis\"}]},{\"@type\":\"WebSite\",\"@id\":\"https:\/\/vosgesinfo.fr\/remiremontinfo\/#website\",\"url\":\"https:\/\/vosgesinfo.fr\/remiremontinfo\/\",\"name\":\"Remiremont Info\",\"description\":\"Toute l&#039;actualit\u00e9 de Remiremont\",\"publisher\":{\"@id\":\"https:\/\/vosgesinfo.fr\/remiremontinfo\/#organization\"},\"alternateName\":\"Toute l'actualit\u00e9 de Remiremont\",\"potentialAction\":[{\"@type\":\"SearchAction\",\"target\":{\"@type\":\"EntryPoint\",\"urlTemplate\":\"https:\/\/vosgesinfo.fr\/remiremontinfo\/?s={search_term_string}\"},\"query-input\":\"required name=search_term_string\"}],\"inLanguage\":\"fr-FR\"},{\"@type\":\"Organization\",\"@id\":\"https:\/\/vosgesinfo.fr\/remiremontinfo\/#organization\",\"name\":\"Remiremont Info\",\"url\":\"https:\/\/vosgesinfo.fr\/remiremontinfo\/\",\"logo\":{\"@type\":\"ImageObject\",\"inLanguage\":\"fr-FR\",\"@id\":\"https:\/\/vosgesinfo.fr\/remiremontinfo\/#\/schema\/logo\/image\/\",\"url\":\"https:\/\/vosgesinfo.fr\/app\/uploads\/sites\/5\/2023\/08\/favicon-remiremontinfo.png\",\"contentUrl\":\"https:\/\/vosgesinfo.fr\/app\/uploads\/sites\/5\/2023\/08\/favicon-remiremontinfo.png\",\"width\":512,\"height\":512,\"caption\":\"Remiremont Info\"},\"image\":{\"@id\":\"https:\/\/vosgesinfo.fr\/remiremontinfo\/#\/schema\/logo\/image\/\"},\"sameAs\":[\"https:\/\/www.facebook.com\/remiremontinfo\",\"https:\/\/x.com\/VosgesInfo88\",\"https:\/\/www.youtube.com\/@vosgesinfo\"]},{\"@type\":\"Person\",\"@id\":\"https:\/\/vosgesinfo.fr\/remiremontinfo\/#\/schema\/person\/3bfd164d5218a185b1db68655a265316\",\"name\":\"C D\",\"image\":{\"@type\":\"ImageObject\",\"inLanguage\":\"fr-FR\",\"@id\":\"https:\/\/vosgesinfo.fr\/remiremontinfo\/#\/schema\/person\/image\/\",\"url\":\"https:\/\/secure.gravatar.com\/avatar\/1f9a70007336511a47468b8f1c66f922b8b7cf617b02a31149ada43893a5d48f?s=96&d=mm&r=g\",\"contentUrl\":\"https:\/\/secure.gravatar.com\/avatar\/1f9a70007336511a47468b8f1c66f922b8b7cf617b02a31149ada43893a5d48f?s=96&d=mm&r=g\",\"caption\":\"C D\"},\"url\":\"https:\/\/vosgesinfo.fr\/remiremontinfo\/author\/cedric-drevet\/\"}]}<\/script>\n<!-- \/ Yoast SEO plugin. -->","yoast_head_json":{"title":"Vosges\u00a0: les premi\u00e8res \u00ab\u00a0bo\u00eetes de No\u00ebl\u00a0\u00bb ont \u00e9t\u00e9 distribu\u00e9es aux plus d\u00e9munis - Remiremont Info","robots":{"index":"index","follow":"follow","max-snippet":"max-snippet:-1","max-image-preview":"max-image-preview:large","max-video-preview":"max-video-preview:-1"},"canonical":"https:\/\/vosgesinfo.fr\/remiremontinfo\/2020\/12\/vosges-premieres-boites-de-noel-ont-ete-distribuees-aux-plus-demunis\/","twitter_card":"summary_large_image","twitter_title":"Vosges\u00a0: les premi\u00e8res \u00ab\u00a0bo\u00eetes de No\u00ebl\u00a0\u00bb ont \u00e9t\u00e9 distribu\u00e9es aux plus d\u00e9munis - Remiremont Info","twitter_description":"Photos de \u00ab\u00a0Bo\u00eetes de No\u00ebl &#8211; Vosges\u00a0\u00bb Des bo\u00eetes de No\u00ebl pour les d\u00e9munis. C\u2019est un projet qui s\u2019est d\u00e9velopp\u00e9 [&hellip;]","twitter_image":"https:\/\/vosgesinfo.fr\/app\/uploads\/sites\/5\/2024\/09\/202012131892436-112376930708310-5228980910675945689-n.jpg","twitter_creator":"@VosgesInfo88","twitter_site":"@VosgesInfo88","twitter_misc":{"\u00c9crit par":"C D","Dur\u00e9e de lecture estim\u00e9e":"1 minute"},"schema":{"@context":"https:\/\/schema.org","@graph":[{"@type":"Article","@id":"https:\/\/vosgesinfo.fr\/remiremontinfo\/2020\/12\/vosges-premieres-boites-de-noel-ont-ete-distribuees-aux-plus-demunis\/#article","isPartOf":{"@id":"https:\/\/vosgesinfo.fr\/remiremontinfo\/2020\/12\/vosges-premieres-boites-de-noel-ont-ete-distribuees-aux-plus-demunis\/"},"author":{"name":"C D","@id":"https:\/\/vosgesinfo.fr\/remiremontinfo\/#\/schema\/person\/3bfd164d5218a185b1db68655a265316"},"headline":"Vosges\u00a0: les premi\u00e8res \u00ab\u00a0bo\u00eetes de No\u00ebl\u00a0\u00bb ont \u00e9t\u00e9 distribu\u00e9es aux plus d\u00e9munis","datePublished":"2020-12-18T06:07:53+00:00","dateModified":"2020-12-18T06:07:53+00:00","mainEntityOfPage":{"@id":"https:\/\/vosgesinfo.fr\/remiremontinfo\/2020\/12\/vosges-premieres-boites-de-noel-ont-ete-distribuees-aux-plus-demunis\/"},"wordCount":268,"commentCount":0,"publisher":{"@id":"https:\/\/vosgesinfo.fr\/remiremontinfo\/#organization"},"image":{"@id":"https:\/\/vosgesinfo.fr\/remiremontinfo\/2020\/12\/vosges-premieres-boites-de-noel-ont-ete-distribuees-aux-plus-demunis\/#primaryimage"},"thumbnailUrl":"https:\/\/vosgesinfo.fr\/app\/uploads\/sites\/5\/2024\/09\/202012131892436-112376930708310-5228980910675945689-n.jpg","articleSection":["A la Une","Soci\u00e9t\u00e9","Vosges"],"inLanguage":"fr-FR","potentialAction":[{"@type":"CommentAction","name":"Comment","target":["https:\/\/vosgesinfo.fr\/remiremontinfo\/2020\/12\/vosges-premieres-boites-de-noel-ont-ete-distribuees-aux-plus-demunis\/#respond"]}]},{"@type":"WebPage","@id":"https:\/\/vosgesinfo.fr\/remiremontinfo\/2020\/12\/vosges-premieres-boites-de-noel-ont-ete-distribuees-aux-plus-demunis\/","url":"https:\/\/vosgesinfo.fr\/remiremontinfo\/2020\/12\/vosges-premieres-boites-de-noel-ont-ete-distribuees-aux-plus-demunis\/","name":"Vosges\u00a0: les premi\u00e8res \u00ab\u00a0bo\u00eetes de No\u00ebl\u00a0\u00bb ont \u00e9t\u00e9 distribu\u00e9es aux plus d\u00e9munis - Remiremont Info","isPartOf":{"@id":"https:\/\/vosgesinfo.fr\/remiremontinfo\/#website"},"primaryImageOfPage":{"@id":"https:\/\/vosgesinfo.fr\/remiremontinfo\/2020\/12\/vosges-premieres-boites-de-noel-ont-ete-distribuees-aux-plus-demunis\/#primaryimage"},"image":{"@id":"https:\/\/vosgesinfo.fr\/remiremontinfo\/2020\/12\/vosges-premieres-boites-de-noel-ont-ete-distribuees-aux-plus-demunis\/#primaryimage"},"thumbnailUrl":"https:\/\/vosgesinfo.fr\/app\/uploads\/sites\/5\/2024\/09\/202012131892436-112376930708310-5228980910675945689-n.jpg","datePublished":"2020-12-18T06:07:53+00:00","dateModified":"2020-12-18T06:07:53+00:00","breadcrumb":{"@id":"https:\/\/vosgesinfo.fr\/remiremontinfo\/2020\/12\/vosges-premieres-boites-de-noel-ont-ete-distribuees-aux-plus-demunis\/#breadcrumb"},"inLanguage":"fr-FR","potentialAction":[{"@type":"ReadAction","target":["https:\/\/vosgesinfo.fr\/remiremontinfo\/2020\/12\/vosges-premieres-boites-de-noel-ont-ete-distribuees-aux-plus-demunis\/"]}]},{"@type":"ImageObject","inLanguage":"fr-FR","@id":"https:\/\/vosgesinfo.fr\/remiremontinfo\/2020\/12\/vosges-premieres-boites-de-noel-ont-ete-distribuees-aux-plus-demunis\/#primaryimage","url":"https:\/\/vosgesinfo.fr\/app\/uploads\/sites\/5\/2024\/09\/202012131892436-112376930708310-5228980910675945689-n.jpg","contentUrl":"https:\/\/vosgesinfo.fr\/app\/uploads\/sites\/5\/2024\/09\/202012131892436-112376930708310-5228980910675945689-n.jpg","width":717,"height":638},{"@type":"BreadcrumbList","@id":"https:\/\/vosgesinfo.fr\/remiremontinfo\/2020\/12\/vosges-premieres-boites-de-noel-ont-ete-distribuees-aux-plus-demunis\/#breadcrumb","itemListElement":[{"@type":"ListItem","position":1,"name":"Home","item":"https:\/\/vosgesinfo.fr\/remiremontinfo\/"},{"@type":"ListItem","position":2,"name":"Vosges\u00a0: les premi\u00e8res \u00ab\u00a0bo\u00eetes de No\u00ebl\u00a0\u00bb ont \u00e9t\u00e9 distribu\u00e9es aux plus d\u00e9munis"}]},{"@type":"WebSite","@id":"https:\/\/vosgesinfo.fr\/remiremontinfo\/#website","url":"https:\/\/vosgesinfo.fr\/remiremontinfo\/","name":"Remiremont Info","description":"Toute l&#039;actualit\u00e9 de Remiremont","publisher":{"@id":"https:\/\/vosgesinfo.fr\/remiremontinfo\/#organization"},"alternateName":"Toute l'actualit\u00e9 de Remiremont","potentialAction":[{"@type":"SearchAction","target":{"@type":"EntryPoint","urlTemplate":"https:\/\/vosgesinfo.fr\/remiremontinfo\/?s={search_term_string}"},"query-input":"required name=search_term_string"}],"inLanguage":"fr-FR"},{"@type":"Organization","@id":"https:\/\/vosgesinfo.fr\/remiremontinfo\/#organization","name":"Remiremont Info","url":"https:\/\/vosgesinfo.fr\/remiremontinfo\/","logo":{"@type":"ImageObject","inLanguage":"fr-FR","@id":"https:\/\/vosgesinfo.fr\/remiremontinfo\/#\/schema\/logo\/image\/","url":"https:\/\/vosgesinfo.fr\/app\/uploads\/sites\/5\/2023\/08\/favicon-remiremontinfo.png","contentUrl":"https:\/\/vosgesinfo.fr\/app\/uploads\/sites\/5\/2023\/08\/favicon-remiremontinfo.png","width":512,"height":512,"caption":"Remiremont Info"},"image":{"@id":"https:\/\/vosgesinfo.fr\/remiremontinfo\/#\/schema\/logo\/image\/"},"sameAs":["https:\/\/www.facebook.com\/remiremontinfo","https:\/\/x.com\/VosgesInfo88","https:\/\/www.youtube.com\/@vosgesinfo"]},{"@type":"Person","@id":"https:\/\/vosgesinfo.fr\/remiremontinfo\/#\/schema\/person\/3bfd164d5218a185b1db68655a265316","name":"C D","image":{"@type":"ImageObject","inLanguage":"fr-FR","@id":"https:\/\/vosgesinfo.fr\/remiremontinfo\/#\/schema\/person\/image\/","url":"https:\/\/secure.gravatar.com\/avatar\/1f9a70007336511a47468b8f1c66f922b8b7cf617b02a31149ada43893a5d48f?s=96&d=mm&r=g","contentUrl":"https:\/\/secure.gravatar.com\/avatar\/1f9a70007336511a47468b8f1c66f922b8b7cf617b02a31149ada43893a5d48f?s=96&d=mm&r=g","caption":"C D"},"url":"https:\/\/vosgesinfo.fr\/remiremontinfo\/author\/cedric-drevet\/"}]}},"_links":{"self":[{"href":"https:\/\/vosgesinfo.fr\/remiremontinfo\/wp-json\/wp\/v2\/posts\/35152","targetHints":{"allow":["GET"]}}],"collection":[{"href":"https:\/\/vosgesinfo.fr\/remiremontinfo\/wp-json\/wp\/v2\/posts"}],"about":[{"href":"https:\/\/vosgesinfo.fr\/remiremontinfo\/wp-json\/wp\/v2\/types\/post"}],"author":[{"embeddable":true,"href":"https:\/\/vosgesinfo.fr\/remiremontinfo\/wp-json\/wp\/v2\/users\/407"}],"replies":[{"embeddable":true,"href":"https:\/\/vosgesinfo.fr\/remiremontinfo\/wp-json\/wp\/v2\/comments?post=35152"}],"version-history":[{"count":0,"href":"https:\/\/vosgesinfo.fr\/remiremontinfo\/wp-json\/wp\/v2\/posts\/35152\/revisions"}],"wp:featuredmedia":[{"embeddable":true,"href":"https:\/\/vosgesinfo.fr\/remiremontinfo\/wp-json\/wp\/v2\/media\/35153"}],"wp:attachment":[{"href":"https:\/\/vosgesinfo.fr\/remiremontinfo\/wp-json\/wp\/v2\/media?parent=35152"}],"wp:term":[{"taxonomy":"category","embeddable":true,"href":"https:\/\/vosgesinfo.fr\/remiremontinfo\/wp-json\/wp\/v2\/categories?post=35152"},{"taxonomy":"post_tag","embeddable":true,"href":"https:\/\/vosgesinfo.fr\/remiremontinfo\/wp-json\/wp\/v2\/tags?post=35152"}],"curies":[{"name":"wp","href":"https:\/\/api.w.org\/{rel}","templated":true}]}}