{"id":35259,"date":"2020-12-20T15:14:42","date_gmt":"2020-12-20T14:14:42","guid":{"rendered":"https:\/\/vosgesinfo.fr\/remiremontinfo\/2020\/12\/kehotribotte-invites-concerts-confines-de-luxeuil-video\/"},"modified":"2020-12-20T15:14:42","modified_gmt":"2020-12-20T14:14:42","slug":"kehotribotte-invites-concerts-confines-de-luxeuil-video","status":"publish","type":"post","link":"https:\/\/vosgesinfo.fr\/remiremontinfo\/2020\/12\/kehotribotte-invites-concerts-confines-de-luxeuil-video\/","title":{"rendered":"Les K\u00e9hot\u2019Ribotte invit\u00e9s des \u00ab Concerts Confin\u00e9s \u00bb de Luxeuil (vid\u00e9o)"},"content":{"rendered":"<p style=\"text-align: center;\"><a href=\"\/2020\/12\/Concerts-Confin\u00e9s-Episode-1-Kehot-Ribotte1.jpg\"><img decoding=\"async\" class=\"alignnone size-full wp-image-304884\" src=\"\/2020\/12\/Concerts-Confin\u00e9s-Episode-1-Kehot-Ribotte1.jpg\" alt=\"Concerts-Confin\u00e9s-Episode-1-Kehot-Ribotte1\" width=\"800\" height=\"450\" \/><\/a><\/p>\n<h2 dir=\"auto\"><span style=\"font-size: 12pt;\">Pour son premier \u00e9pisode des \u00ab\u00a0Concerts Confin\u00e9s\u00a0\u00bb en 2020, l\u2019office de tourisme de Luxueil-les-Bains, Vosges du Sud a fait appel \u00e0 un groupe bien de chez nous : les G\u00e9r\u00f4mois \u00ab\u00a0K\u00e9hot\u2019Ribotte\u00a0\u00bb !<\/span><\/h2>\n<div dir=\"auto\">\u00ab\u00a0Un moyen pour nous de soutenir les artistes locaux et de vous offrir leur musique en lieu et place des concerts normalement pr\u00e9vus pour F\u00eate No\u00ebl\u00a0\u00bb pr\u00e9cise l\u2019Office de Tourisme dont l\u2019initiative a \u00e9t\u00e9 appr\u00e9ci\u00e9e \u00e0 sa juste valeur par le groupe de G\u00e9rardmer en manque de sc\u00e8ne(s) comme beaucoup de ses confr\u00e8res. Avec seulement 4 concerts au compteur cette ann\u00e9e, nos K\u00e9hot\u2019 ss sont donc faits un plaisir de r\u00e9pondre \u00e0 cette invitation. Un beau cadeau pour eux et aussi pour vous puisque vous pouvez retrouver ce mini-concert tourn\u00e9 le 12 d\u00e9cembre dernier sur YouTube !<\/div>\n<div dir=\"auto\">Pour ce premier tournage au c\u0153ur des clo\u00eetres de Luxeuil-les-Bains, c\u2019est instruments traditionnels et acoustique luxovienne\u2026<\/div>\n<div dir=\"auto\"><\/div>\n<div dir=\"auto\"><iframe loading=\"lazy\" src=\"\/\/www.youtube.com\/embed\/Ddy2tWuJhkE\" width=\"425\" height=\"350\" allowfullscreen=\"allowfullscreen\"><\/iframe><\/div>\n","protected":false},"excerpt":{"rendered":"<p>Pour son premier \u00e9pisode des \u00ab\u00a0Concerts Confin\u00e9s\u00a0\u00bb en 2020, l\u2019office de tourisme de Luxueil-les-Bains, Vosges du Sud a fait appel [&hellip;]<\/p>\n","protected":false},"author":407,"featured_media":35260,"comment_status":"open","ping_status":"open","sticky":false,"template":"","format":"standard","meta":{"footnotes":""},"categories":[26,18],"tags":[],"class_list":["post-35259","post","type-post","status-publish","format-standard","has-post-thumbnail","hentry","category-a-la-une","category-vosges"],"acf":[],"yoast_head":"<!-- This site is optimized with the Yoast SEO plugin v22.5 - https:\/\/yoast.com\/wordpress\/plugins\/seo\/ -->\n<title>Les K\u00e9hot\u2019Ribotte invit\u00e9s des \u00ab Concerts Confin\u00e9s \u00bb de Luxeuil (vid\u00e9o) - Remiremont Info<\/title>\n<meta name=\"robots\" content=\"index, follow, max-snippet:-1, max-image-preview:large, max-video-preview:-1\" \/>\n<link rel=\"canonical\" href=\"https:\/\/vosgesinfo.fr\/remiremontinfo\/2020\/12\/kehotribotte-invites-concerts-confines-de-luxeuil-video\/\" \/>\n<meta name=\"twitter:card\" content=\"summary_large_image\" \/>\n<meta name=\"twitter:title\" content=\"Les K\u00e9hot\u2019Ribotte invit\u00e9s des \u00ab Concerts Confin\u00e9s \u00bb de Luxeuil (vid\u00e9o) - Remiremont Info\" \/>\n<meta name=\"twitter:description\" content=\"Pour son premier \u00e9pisode des \u00ab\u00a0Concerts Confin\u00e9s\u00a0\u00bb en 2020, l\u2019office de tourisme de Luxueil-les-Bains, Vosges du Sud a fait appel [&hellip;]\" \/>\n<meta name=\"twitter:image\" content=\"https:\/\/vosgesinfo.fr\/app\/uploads\/sites\/5\/2024\/09\/202012concerts-confines-episode-1-kehot-ribotte1.jpg\" \/>\n<meta name=\"twitter:creator\" content=\"@VosgesInfo88\" \/>\n<meta name=\"twitter:site\" content=\"@VosgesInfo88\" \/>\n<meta name=\"twitter:label1\" content=\"\u00c9crit par\" \/>\n\t<meta name=\"twitter:data1\" content=\"C D\" \/>\n\t<meta name=\"twitter:label2\" content=\"Dur\u00e9e de lecture estim\u00e9e\" \/>\n\t<meta name=\"twitter:data2\" content=\"1 minute\" \/>\n<script type=\"application\/ld+json\" class=\"yoast-schema-graph\">{\"@context\":\"https:\/\/schema.org\",\"@graph\":[{\"@type\":\"Article\",\"@id\":\"https:\/\/vosgesinfo.fr\/remiremontinfo\/2020\/12\/kehotribotte-invites-concerts-confines-de-luxeuil-video\/#article\",\"isPartOf\":{\"@id\":\"https:\/\/vosgesinfo.fr\/remiremontinfo\/2020\/12\/kehotribotte-invites-concerts-confines-de-luxeuil-video\/\"},\"author\":{\"name\":\"C D\",\"@id\":\"https:\/\/vosgesinfo.fr\/remiremontinfo\/#\/schema\/person\/3bfd164d5218a185b1db68655a265316\"},\"headline\":\"Les K\u00e9hot\u2019Ribotte invit\u00e9s des \u00ab Concerts Confin\u00e9s \u00bb de Luxeuil (vid\u00e9o)\",\"datePublished\":\"2020-12-20T14:14:42+00:00\",\"dateModified\":\"2020-12-20T14:14:42+00:00\",\"mainEntityOfPage\":{\"@id\":\"https:\/\/vosgesinfo.fr\/remiremontinfo\/2020\/12\/kehotribotte-invites-concerts-confines-de-luxeuil-video\/\"},\"wordCount\":175,\"commentCount\":0,\"publisher\":{\"@id\":\"https:\/\/vosgesinfo.fr\/remiremontinfo\/#organization\"},\"image\":{\"@id\":\"https:\/\/vosgesinfo.fr\/remiremontinfo\/2020\/12\/kehotribotte-invites-concerts-confines-de-luxeuil-video\/#primaryimage\"},\"thumbnailUrl\":\"https:\/\/vosgesinfo.fr\/app\/uploads\/sites\/5\/2024\/09\/202012concerts-confines-episode-1-kehot-ribotte1.jpg\",\"articleSection\":[\"A la Une\",\"Vosges\"],\"inLanguage\":\"fr-FR\",\"potentialAction\":[{\"@type\":\"CommentAction\",\"name\":\"Comment\",\"target\":[\"https:\/\/vosgesinfo.fr\/remiremontinfo\/2020\/12\/kehotribotte-invites-concerts-confines-de-luxeuil-video\/#respond\"]}]},{\"@type\":\"WebPage\",\"@id\":\"https:\/\/vosgesinfo.fr\/remiremontinfo\/2020\/12\/kehotribotte-invites-concerts-confines-de-luxeuil-video\/\",\"url\":\"https:\/\/vosgesinfo.fr\/remiremontinfo\/2020\/12\/kehotribotte-invites-concerts-confines-de-luxeuil-video\/\",\"name\":\"Les K\u00e9hot\u2019Ribotte invit\u00e9s des \u00ab Concerts Confin\u00e9s \u00bb de Luxeuil (vid\u00e9o) - Remiremont Info\",\"isPartOf\":{\"@id\":\"https:\/\/vosgesinfo.fr\/remiremontinfo\/#website\"},\"primaryImageOfPage\":{\"@id\":\"https:\/\/vosgesinfo.fr\/remiremontinfo\/2020\/12\/kehotribotte-invites-concerts-confines-de-luxeuil-video\/#primaryimage\"},\"image\":{\"@id\":\"https:\/\/vosgesinfo.fr\/remiremontinfo\/2020\/12\/kehotribotte-invites-concerts-confines-de-luxeuil-video\/#primaryimage\"},\"thumbnailUrl\":\"https:\/\/vosgesinfo.fr\/app\/uploads\/sites\/5\/2024\/09\/202012concerts-confines-episode-1-kehot-ribotte1.jpg\",\"datePublished\":\"2020-12-20T14:14:42+00:00\",\"dateModified\":\"2020-12-20T14:14:42+00:00\",\"breadcrumb\":{\"@id\":\"https:\/\/vosgesinfo.fr\/remiremontinfo\/2020\/12\/kehotribotte-invites-concerts-confines-de-luxeuil-video\/#breadcrumb\"},\"inLanguage\":\"fr-FR\",\"potentialAction\":[{\"@type\":\"ReadAction\",\"target\":[\"https:\/\/vosgesinfo.fr\/remiremontinfo\/2020\/12\/kehotribotte-invites-concerts-confines-de-luxeuil-video\/\"]}]},{\"@type\":\"ImageObject\",\"inLanguage\":\"fr-FR\",\"@id\":\"https:\/\/vosgesinfo.fr\/remiremontinfo\/2020\/12\/kehotribotte-invites-concerts-confines-de-luxeuil-video\/#primaryimage\",\"url\":\"https:\/\/vosgesinfo.fr\/app\/uploads\/sites\/5\/2024\/09\/202012concerts-confines-episode-1-kehot-ribotte1.jpg\",\"contentUrl\":\"https:\/\/vosgesinfo.fr\/app\/uploads\/sites\/5\/2024\/09\/202012concerts-confines-episode-1-kehot-ribotte1.jpg\",\"width\":800,\"height\":450},{\"@type\":\"BreadcrumbList\",\"@id\":\"https:\/\/vosgesinfo.fr\/remiremontinfo\/2020\/12\/kehotribotte-invites-concerts-confines-de-luxeuil-video\/#breadcrumb\",\"itemListElement\":[{\"@type\":\"ListItem\",\"position\":1,\"name\":\"Home\",\"item\":\"https:\/\/vosgesinfo.fr\/remiremontinfo\/\"},{\"@type\":\"ListItem\",\"position\":2,\"name\":\"Les K\u00e9hot\u2019Ribotte invit\u00e9s des \u00ab Concerts Confin\u00e9s \u00bb de Luxeuil (vid\u00e9o)\"}]},{\"@type\":\"WebSite\",\"@id\":\"https:\/\/vosgesinfo.fr\/remiremontinfo\/#website\",\"url\":\"https:\/\/vosgesinfo.fr\/remiremontinfo\/\",\"name\":\"Remiremont Info\",\"description\":\"Toute l&#039;actualit\u00e9 de Remiremont\",\"publisher\":{\"@id\":\"https:\/\/vosgesinfo.fr\/remiremontinfo\/#organization\"},\"alternateName\":\"Toute l'actualit\u00e9 de Remiremont\",\"potentialAction\":[{\"@type\":\"SearchAction\",\"target\":{\"@type\":\"EntryPoint\",\"urlTemplate\":\"https:\/\/vosgesinfo.fr\/remiremontinfo\/?s={search_term_string}\"},\"query-input\":\"required name=search_term_string\"}],\"inLanguage\":\"fr-FR\"},{\"@type\":\"Organization\",\"@id\":\"https:\/\/vosgesinfo.fr\/remiremontinfo\/#organization\",\"name\":\"Remiremont Info\",\"url\":\"https:\/\/vosgesinfo.fr\/remiremontinfo\/\",\"logo\":{\"@type\":\"ImageObject\",\"inLanguage\":\"fr-FR\",\"@id\":\"https:\/\/vosgesinfo.fr\/remiremontinfo\/#\/schema\/logo\/image\/\",\"url\":\"https:\/\/vosgesinfo.fr\/app\/uploads\/sites\/5\/2023\/08\/favicon-remiremontinfo.png\",\"contentUrl\":\"https:\/\/vosgesinfo.fr\/app\/uploads\/sites\/5\/2023\/08\/favicon-remiremontinfo.png\",\"width\":512,\"height\":512,\"caption\":\"Remiremont Info\"},\"image\":{\"@id\":\"https:\/\/vosgesinfo.fr\/remiremontinfo\/#\/schema\/logo\/image\/\"},\"sameAs\":[\"https:\/\/www.facebook.com\/remiremontinfo\",\"https:\/\/x.com\/VosgesInfo88\",\"https:\/\/www.youtube.com\/@vosgesinfo\"]},{\"@type\":\"Person\",\"@id\":\"https:\/\/vosgesinfo.fr\/remiremontinfo\/#\/schema\/person\/3bfd164d5218a185b1db68655a265316\",\"name\":\"C D\",\"image\":{\"@type\":\"ImageObject\",\"inLanguage\":\"fr-FR\",\"@id\":\"https:\/\/vosgesinfo.fr\/remiremontinfo\/#\/schema\/person\/image\/\",\"url\":\"https:\/\/secure.gravatar.com\/avatar\/1f9a70007336511a47468b8f1c66f922b8b7cf617b02a31149ada43893a5d48f?s=96&d=mm&r=g\",\"contentUrl\":\"https:\/\/secure.gravatar.com\/avatar\/1f9a70007336511a47468b8f1c66f922b8b7cf617b02a31149ada43893a5d48f?s=96&d=mm&r=g\",\"caption\":\"C D\"},\"url\":\"https:\/\/vosgesinfo.fr\/remiremontinfo\/author\/cedric-drevet\/\"}]}<\/script>\n<!-- \/ Yoast SEO plugin. -->","yoast_head_json":{"title":"Les K\u00e9hot\u2019Ribotte invit\u00e9s des \u00ab Concerts Confin\u00e9s \u00bb de Luxeuil (vid\u00e9o) - Remiremont Info","robots":{"index":"index","follow":"follow","max-snippet":"max-snippet:-1","max-image-preview":"max-image-preview:large","max-video-preview":"max-video-preview:-1"},"canonical":"https:\/\/vosgesinfo.fr\/remiremontinfo\/2020\/12\/kehotribotte-invites-concerts-confines-de-luxeuil-video\/","twitter_card":"summary_large_image","twitter_title":"Les K\u00e9hot\u2019Ribotte invit\u00e9s des \u00ab Concerts Confin\u00e9s \u00bb de Luxeuil (vid\u00e9o) - Remiremont Info","twitter_description":"Pour son premier \u00e9pisode des \u00ab\u00a0Concerts Confin\u00e9s\u00a0\u00bb en 2020, l\u2019office de tourisme de Luxueil-les-Bains, Vosges du Sud a fait appel [&hellip;]","twitter_image":"https:\/\/vosgesinfo.fr\/app\/uploads\/sites\/5\/2024\/09\/202012concerts-confines-episode-1-kehot-ribotte1.jpg","twitter_creator":"@VosgesInfo88","twitter_site":"@VosgesInfo88","twitter_misc":{"\u00c9crit par":"C D","Dur\u00e9e de lecture estim\u00e9e":"1 minute"},"schema":{"@context":"https:\/\/schema.org","@graph":[{"@type":"Article","@id":"https:\/\/vosgesinfo.fr\/remiremontinfo\/2020\/12\/kehotribotte-invites-concerts-confines-de-luxeuil-video\/#article","isPartOf":{"@id":"https:\/\/vosgesinfo.fr\/remiremontinfo\/2020\/12\/kehotribotte-invites-concerts-confines-de-luxeuil-video\/"},"author":{"name":"C D","@id":"https:\/\/vosgesinfo.fr\/remiremontinfo\/#\/schema\/person\/3bfd164d5218a185b1db68655a265316"},"headline":"Les K\u00e9hot\u2019Ribotte invit\u00e9s des \u00ab Concerts Confin\u00e9s \u00bb de Luxeuil (vid\u00e9o)","datePublished":"2020-12-20T14:14:42+00:00","dateModified":"2020-12-20T14:14:42+00:00","mainEntityOfPage":{"@id":"https:\/\/vosgesinfo.fr\/remiremontinfo\/2020\/12\/kehotribotte-invites-concerts-confines-de-luxeuil-video\/"},"wordCount":175,"commentCount":0,"publisher":{"@id":"https:\/\/vosgesinfo.fr\/remiremontinfo\/#organization"},"image":{"@id":"https:\/\/vosgesinfo.fr\/remiremontinfo\/2020\/12\/kehotribotte-invites-concerts-confines-de-luxeuil-video\/#primaryimage"},"thumbnailUrl":"https:\/\/vosgesinfo.fr\/app\/uploads\/sites\/5\/2024\/09\/202012concerts-confines-episode-1-kehot-ribotte1.jpg","articleSection":["A la Une","Vosges"],"inLanguage":"fr-FR","potentialAction":[{"@type":"CommentAction","name":"Comment","target":["https:\/\/vosgesinfo.fr\/remiremontinfo\/2020\/12\/kehotribotte-invites-concerts-confines-de-luxeuil-video\/#respond"]}]},{"@type":"WebPage","@id":"https:\/\/vosgesinfo.fr\/remiremontinfo\/2020\/12\/kehotribotte-invites-concerts-confines-de-luxeuil-video\/","url":"https:\/\/vosgesinfo.fr\/remiremontinfo\/2020\/12\/kehotribotte-invites-concerts-confines-de-luxeuil-video\/","name":"Les K\u00e9hot\u2019Ribotte invit\u00e9s des \u00ab Concerts Confin\u00e9s \u00bb de Luxeuil (vid\u00e9o) - Remiremont Info","isPartOf":{"@id":"https:\/\/vosgesinfo.fr\/remiremontinfo\/#website"},"primaryImageOfPage":{"@id":"https:\/\/vosgesinfo.fr\/remiremontinfo\/2020\/12\/kehotribotte-invites-concerts-confines-de-luxeuil-video\/#primaryimage"},"image":{"@id":"https:\/\/vosgesinfo.fr\/remiremontinfo\/2020\/12\/kehotribotte-invites-concerts-confines-de-luxeuil-video\/#primaryimage"},"thumbnailUrl":"https:\/\/vosgesinfo.fr\/app\/uploads\/sites\/5\/2024\/09\/202012concerts-confines-episode-1-kehot-ribotte1.jpg","datePublished":"2020-12-20T14:14:42+00:00","dateModified":"2020-12-20T14:14:42+00:00","breadcrumb":{"@id":"https:\/\/vosgesinfo.fr\/remiremontinfo\/2020\/12\/kehotribotte-invites-concerts-confines-de-luxeuil-video\/#breadcrumb"},"inLanguage":"fr-FR","potentialAction":[{"@type":"ReadAction","target":["https:\/\/vosgesinfo.fr\/remiremontinfo\/2020\/12\/kehotribotte-invites-concerts-confines-de-luxeuil-video\/"]}]},{"@type":"ImageObject","inLanguage":"fr-FR","@id":"https:\/\/vosgesinfo.fr\/remiremontinfo\/2020\/12\/kehotribotte-invites-concerts-confines-de-luxeuil-video\/#primaryimage","url":"https:\/\/vosgesinfo.fr\/app\/uploads\/sites\/5\/2024\/09\/202012concerts-confines-episode-1-kehot-ribotte1.jpg","contentUrl":"https:\/\/vosgesinfo.fr\/app\/uploads\/sites\/5\/2024\/09\/202012concerts-confines-episode-1-kehot-ribotte1.jpg","width":800,"height":450},{"@type":"BreadcrumbList","@id":"https:\/\/vosgesinfo.fr\/remiremontinfo\/2020\/12\/kehotribotte-invites-concerts-confines-de-luxeuil-video\/#breadcrumb","itemListElement":[{"@type":"ListItem","position":1,"name":"Home","item":"https:\/\/vosgesinfo.fr\/remiremontinfo\/"},{"@type":"ListItem","position":2,"name":"Les K\u00e9hot\u2019Ribotte invit\u00e9s des \u00ab Concerts Confin\u00e9s \u00bb de Luxeuil (vid\u00e9o)"}]},{"@type":"WebSite","@id":"https:\/\/vosgesinfo.fr\/remiremontinfo\/#website","url":"https:\/\/vosgesinfo.fr\/remiremontinfo\/","name":"Remiremont Info","description":"Toute l&#039;actualit\u00e9 de Remiremont","publisher":{"@id":"https:\/\/vosgesinfo.fr\/remiremontinfo\/#organization"},"alternateName":"Toute l'actualit\u00e9 de Remiremont","potentialAction":[{"@type":"SearchAction","target":{"@type":"EntryPoint","urlTemplate":"https:\/\/vosgesinfo.fr\/remiremontinfo\/?s={search_term_string}"},"query-input":"required name=search_term_string"}],"inLanguage":"fr-FR"},{"@type":"Organization","@id":"https:\/\/vosgesinfo.fr\/remiremontinfo\/#organization","name":"Remiremont Info","url":"https:\/\/vosgesinfo.fr\/remiremontinfo\/","logo":{"@type":"ImageObject","inLanguage":"fr-FR","@id":"https:\/\/vosgesinfo.fr\/remiremontinfo\/#\/schema\/logo\/image\/","url":"https:\/\/vosgesinfo.fr\/app\/uploads\/sites\/5\/2023\/08\/favicon-remiremontinfo.png","contentUrl":"https:\/\/vosgesinfo.fr\/app\/uploads\/sites\/5\/2023\/08\/favicon-remiremontinfo.png","width":512,"height":512,"caption":"Remiremont Info"},"image":{"@id":"https:\/\/vosgesinfo.fr\/remiremontinfo\/#\/schema\/logo\/image\/"},"sameAs":["https:\/\/www.facebook.com\/remiremontinfo","https:\/\/x.com\/VosgesInfo88","https:\/\/www.youtube.com\/@vosgesinfo"]},{"@type":"Person","@id":"https:\/\/vosgesinfo.fr\/remiremontinfo\/#\/schema\/person\/3bfd164d5218a185b1db68655a265316","name":"C D","image":{"@type":"ImageObject","inLanguage":"fr-FR","@id":"https:\/\/vosgesinfo.fr\/remiremontinfo\/#\/schema\/person\/image\/","url":"https:\/\/secure.gravatar.com\/avatar\/1f9a70007336511a47468b8f1c66f922b8b7cf617b02a31149ada43893a5d48f?s=96&d=mm&r=g","contentUrl":"https:\/\/secure.gravatar.com\/avatar\/1f9a70007336511a47468b8f1c66f922b8b7cf617b02a31149ada43893a5d48f?s=96&d=mm&r=g","caption":"C D"},"url":"https:\/\/vosgesinfo.fr\/remiremontinfo\/author\/cedric-drevet\/"}]}},"_links":{"self":[{"href":"https:\/\/vosgesinfo.fr\/remiremontinfo\/wp-json\/wp\/v2\/posts\/35259","targetHints":{"allow":["GET"]}}],"collection":[{"href":"https:\/\/vosgesinfo.fr\/remiremontinfo\/wp-json\/wp\/v2\/posts"}],"about":[{"href":"https:\/\/vosgesinfo.fr\/remiremontinfo\/wp-json\/wp\/v2\/types\/post"}],"author":[{"embeddable":true,"href":"https:\/\/vosgesinfo.fr\/remiremontinfo\/wp-json\/wp\/v2\/users\/407"}],"replies":[{"embeddable":true,"href":"https:\/\/vosgesinfo.fr\/remiremontinfo\/wp-json\/wp\/v2\/comments?post=35259"}],"version-history":[{"count":0,"href":"https:\/\/vosgesinfo.fr\/remiremontinfo\/wp-json\/wp\/v2\/posts\/35259\/revisions"}],"wp:featuredmedia":[{"embeddable":true,"href":"https:\/\/vosgesinfo.fr\/remiremontinfo\/wp-json\/wp\/v2\/media\/35260"}],"wp:attachment":[{"href":"https:\/\/vosgesinfo.fr\/remiremontinfo\/wp-json\/wp\/v2\/media?parent=35259"}],"wp:term":[{"taxonomy":"category","embeddable":true,"href":"https:\/\/vosgesinfo.fr\/remiremontinfo\/wp-json\/wp\/v2\/categories?post=35259"},{"taxonomy":"post_tag","embeddable":true,"href":"https:\/\/vosgesinfo.fr\/remiremontinfo\/wp-json\/wp\/v2\/tags?post=35259"}],"curies":[{"name":"wp","href":"https:\/\/api.w.org\/{rel}","templated":true}]}}