{"id":35264,"date":"2020-12-21T08:54:32","date_gmt":"2020-12-21T07:54:32","guid":{"rendered":"https:\/\/vosgesinfo.fr\/remiremontinfo\/2020\/12\/cest-aujourdhui-jour-plus-court-de-lannee\/"},"modified":"2020-12-21T08:54:32","modified_gmt":"2020-12-21T07:54:32","slug":"cest-aujourdhui-jour-plus-court-de-lannee","status":"publish","type":"post","link":"https:\/\/vosgesinfo.fr\/remiremontinfo\/2020\/12\/cest-aujourdhui-jour-plus-court-de-lannee\/","title":{"rendered":"C\u2019est aujourd\u2019hui le jour le plus court\u2026 de l\u2019ann\u00e9e"},"content":{"rendered":"<p>&nbsp;<\/p>\n<p><strong>C\u2019est aujourd\u2019hui 21 d\u00e9cembre le solstice d\u2019hiver ou le jour le plus court de l\u2019ann\u00e9e : pour les esprits contrariants la nuit la plus longue. D\u2019ici la fin du mois, mais pas avant, nous aurons gagn\u00e9 une minute de soleil en plus.<\/strong><\/p>\n<table border=\"0\" width=\"100%\" cellspacing=\"1\" cellpadding=\"1\" bgcolor=\"#90DFA0\">\n<tbody>\n<tr>\n<td class=\"calDayCurrent\" width=\"14%\" height=\"90\">\n<table class=\"calDayCurrent\" border=\"0\" width=\"100%\">\n<tbody>\n<tr>\n<td>\u00a0<a class=\"calDispType\" href=\"https:\/\/www.ephemeride.com\/calendrier\/solaire\/19\/horaires-du-soleil.html?action=CHGDAY&amp;day=356\"><b>21<\/b><\/a>\u00a0<span class=\"calWeekNum\"><a class=\"calWeekNum\" href=\"https:\/\/www.ephemeride.com\/calendrier\/solaire\/19\/horaires-du-soleil.html?action=CHGWEEK&amp;week=52\">Sem. 52<\/a><\/span><\/td>\n<td align=\"right\"><\/td>\n<\/tr>\n<\/tbody>\n<\/table>\n<p>Lever\u00a0:\u00a008h41, Coucher\u00a0:\u00a016h56, Dur\u00e9e\u00a0:\u00a008h14, (+0\u00a0min.)<\/td>\n<td class=\"calDay\" width=\"14%\" height=\"90\">\n<table class=\"calDay\" border=\"0\" width=\"100%\">\n<tbody>\n<tr>\n<td>\u00a0<a class=\"calDispType\" href=\"https:\/\/www.ephemeride.com\/calendrier\/solaire\/19\/horaires-du-soleil.html?action=CHGDAY&amp;day=357\"><b>22<\/b><\/a><\/td>\n<td align=\"right\"><\/td>\n<\/tr>\n<\/tbody>\n<\/table>\n<p>Lever\u00a0:\u00a008h41, Coucher\u00a0:\u00a016h56, Dur\u00e9e\u00a0:\u00a008h14, (+0\u00a0min.)<\/td>\n<td class=\"calDay\" width=\"14%\" height=\"90\">\n<table class=\"calDay\" border=\"0\" width=\"100%\">\n<tbody>\n<tr>\n<td>\u00a0<a class=\"calDispType\" href=\"https:\/\/www.ephemeride.com\/calendrier\/solaire\/19\/horaires-du-soleil.html?action=CHGDAY&amp;day=358\"><b>23<\/b><\/a><\/td>\n<td align=\"right\"><\/td>\n<\/tr>\n<\/tbody>\n<\/table>\n<p>Lever\u00a0:\u00a008h42, Coucher\u00a0:\u00a016h57, Dur\u00e9e\u00a0:\u00a008h15, (+0\u00a0min.)<\/td>\n<td class=\"calDay\" width=\"14%\" height=\"90\">\n<table class=\"calDay\" border=\"0\" width=\"100%\">\n<tbody>\n<tr>\n<td>\u00a0<a class=\"calDispType\" href=\"https:\/\/www.ephemeride.com\/calendrier\/solaire\/19\/horaires-du-soleil.html?action=CHGDAY&amp;day=359\"><b>24<\/b><\/a><\/td>\n<td align=\"right\"><\/td>\n<\/tr>\n<\/tbody>\n<\/table>\n<p>Lever\u00a0:\u00a008h42, Coucher\u00a0:\u00a016h58, Dur\u00e9e\u00a0:\u00a008h15, (+0\u00a0min.)<\/td>\n<td class=\"calDay\" width=\"14%\" height=\"90\">\n<table class=\"calDay\" border=\"0\" width=\"100%\">\n<tbody>\n<tr>\n<td>\u00a0<a class=\"calDispType\" href=\"https:\/\/www.ephemeride.com\/calendrier\/solaire\/19\/horaires-du-soleil.html?action=CHGDAY&amp;day=360\"><b>25<\/b><\/a><\/td>\n<td align=\"right\"><\/td>\n<\/tr>\n<\/tbody>\n<\/table>\n<p>Lever\u00a0:\u00a008h43, Coucher\u00a0:\u00a016h58, Dur\u00e9e\u00a0:\u00a008h15, (+0\u00a0min.)<\/td>\n<td class=\"calDayOff\" width=\"14%\" height=\"90\">\n<table class=\"calDayOff\" border=\"0\" width=\"100%\">\n<tbody>\n<tr>\n<td>\u00a0<a class=\"calDispType\" href=\"https:\/\/www.ephemeride.com\/calendrier\/solaire\/19\/horaires-du-soleil.html?action=CHGDAY&amp;day=361\"><b>26<\/b><\/a><\/td>\n<td align=\"right\"><\/td>\n<\/tr>\n<\/tbody>\n<\/table>\n<p>Lever\u00a0:\u00a008h43, Coucher\u00a0:\u00a016h59, Dur\u00e9e\u00a0:\u00a008h16, (+0\u00a0min.)<\/td>\n<td class=\"calDayOff\" width=\"14%\" height=\"90\">\n<table class=\"calDayOff\" border=\"0\" width=\"100%\">\n<tbody>\n<tr>\n<td>\u00a0<a class=\"calDispType\" href=\"https:\/\/www.ephemeride.com\/calendrier\/solaire\/19\/horaires-du-soleil.html?action=CHGDAY&amp;day=362\"><b>27<\/b><\/a><\/td>\n<td align=\"right\"><\/td>\n<\/tr>\n<\/tbody>\n<\/table>\n<p>Lever\u00a0:\u00a008h43, Coucher\u00a0:\u00a017h00, Dur\u00e9e\u00a0:\u00a008h16, (+1\u00a0min.)<\/td>\n<\/tr>\n<tr>\n<td class=\"calDay\" width=\"14%\" height=\"90\">\n<table class=\"calDay\" border=\"0\" width=\"100%\">\n<tbody>\n<tr>\n<td>\u00a0<a class=\"calDispType\" href=\"https:\/\/www.ephemeride.com\/calendrier\/solaire\/19\/horaires-du-soleil.html?action=CHGDAY&amp;day=363\"><b>28<\/b><\/a>\u00a0<span class=\"calWeekNum\"><a class=\"calWeekNum\" href=\"https:\/\/www.ephemeride.com\/calendrier\/solaire\/19\/horaires-du-soleil.html?action=CHGWEEK&amp;week=53\">Sem. 53<\/a><\/span><\/td>\n<td align=\"right\"><\/td>\n<\/tr>\n<\/tbody>\n<\/table>\n<p>Lever\u00a0:\u00a008h43, Coucher\u00a0:\u00a017h01, Dur\u00e9e\u00a0:\u00a008h17, (+1\u00a0min.)<\/td>\n<td class=\"calDay\" width=\"14%\" height=\"90\">\n<table class=\"calDay\" border=\"0\" width=\"100%\">\n<tbody>\n<tr>\n<td>\u00a0<a class=\"calDispType\" href=\"https:\/\/www.ephemeride.com\/calendrier\/solaire\/19\/horaires-du-soleil.html?action=CHGDAY&amp;day=364\"><b>29<\/b><\/a><\/td>\n<td align=\"right\"><\/td>\n<\/tr>\n<\/tbody>\n<\/table>\n<p>Lever\u00a0:\u00a008h43, Coucher\u00a0:\u00a017h01, Dur\u00e9e\u00a0:\u00a008h17, (+1\u00a0min.)<\/td>\n<td class=\"calDay\" width=\"14%\" height=\"90\">\n<table class=\"calDay\" border=\"0\" width=\"100%\">\n<tbody>\n<tr>\n<td>\u00a0<a class=\"calDispType\" href=\"https:\/\/www.ephemeride.com\/calendrier\/solaire\/19\/horaires-du-soleil.html?action=CHGDAY&amp;day=365\"><b>30<\/b><\/a><\/td>\n<td align=\"right\"><\/td>\n<\/tr>\n<\/tbody>\n<\/table>\n<p>Lever\u00a0:\u00a008h44, Coucher\u00a0:\u00a017h02, Dur\u00e9e\u00a0:\u00a008h18, (+1\u00a0min.)<\/td>\n<td class=\"calDay\" width=\"14%\" height=\"90\">\n<table class=\"calDay\" border=\"0\" width=\"100%\">\n<tbody>\n<tr>\n<td>\u00a0<a class=\"calDispType\" href=\"https:\/\/www.ephemeride.com\/calendrier\/solaire\/19\/horaires-du-soleil.html?action=CHGDAY&amp;day=366\"><b>31<\/b><\/a><\/td>\n<td align=\"right\"><\/td>\n<\/tr>\n<\/tbody>\n<\/table>\n<p>Lever\u00a0:\u00a008h44, Coucher\u00a0:\u00a017h03, Dur\u00e9e\u00a0:\u00a008h19, (+1\u00a0min.)<\/td>\n<\/tr>\n<\/tbody>\n<\/table>\n<p>Tableau \u00e9ph\u00e9m\u00e9ride :\u00a0<a href=\"https:\/\/www.ephemeride.com\/calendrier\/solaire\/19\/horaires-du-soleil.html\">https:\/\/www.ephemeride.com\/calendrier\/solaire\/19\/horaires-du-soleil.html<\/a><\/p>\n","protected":false},"excerpt":{"rendered":"<p>&nbsp; C\u2019est aujourd\u2019hui 21 d\u00e9cembre le solstice d\u2019hiver ou le jour le plus court de l\u2019ann\u00e9e : pour les esprits [&hellip;]<\/p>\n","protected":false},"author":407,"featured_media":35265,"comment_status":"open","ping_status":"open","sticky":false,"template":"","format":"standard","meta":{"footnotes":""},"categories":[26,18],"tags":[],"class_list":["post-35264","post","type-post","status-publish","format-standard","has-post-thumbnail","hentry","category-a-la-une","category-vosges"],"acf":[],"yoast_head":"<!-- This site is optimized with the Yoast SEO plugin v22.5 - https:\/\/yoast.com\/wordpress\/plugins\/seo\/ -->\n<title>C\u2019est aujourd\u2019hui le jour le plus court\u2026 de l\u2019ann\u00e9e - Remiremont Info<\/title>\n<meta name=\"robots\" content=\"index, follow, max-snippet:-1, max-image-preview:large, max-video-preview:-1\" \/>\n<link rel=\"canonical\" href=\"https:\/\/vosgesinfo.fr\/remiremontinfo\/2020\/12\/cest-aujourdhui-jour-plus-court-de-lannee\/\" \/>\n<meta name=\"twitter:card\" content=\"summary_large_image\" \/>\n<meta name=\"twitter:title\" content=\"C\u2019est aujourd\u2019hui le jour le plus court\u2026 de l\u2019ann\u00e9e - Remiremont Info\" \/>\n<meta name=\"twitter:description\" content=\"&nbsp; C\u2019est aujourd\u2019hui 21 d\u00e9cembre le solstice d\u2019hiver ou le jour le plus court de l\u2019ann\u00e9e : pour les esprits [&hellip;]\" \/>\n<meta name=\"twitter:image\" content=\"https:\/\/vosgesinfo.fr\/app\/uploads\/sites\/5\/2024\/09\/202012capture-decran-2020-12-21-094513.png\" \/>\n<meta name=\"twitter:creator\" content=\"@VosgesInfo88\" \/>\n<meta name=\"twitter:site\" content=\"@VosgesInfo88\" \/>\n<meta name=\"twitter:label1\" content=\"\u00c9crit par\" \/>\n\t<meta name=\"twitter:data1\" content=\"C D\" \/>\n\t<meta name=\"twitter:label2\" content=\"Dur\u00e9e de lecture estim\u00e9e\" \/>\n\t<meta name=\"twitter:data2\" content=\"1 minute\" \/>\n<script type=\"application\/ld+json\" class=\"yoast-schema-graph\">{\"@context\":\"https:\/\/schema.org\",\"@graph\":[{\"@type\":\"Article\",\"@id\":\"https:\/\/vosgesinfo.fr\/remiremontinfo\/2020\/12\/cest-aujourdhui-jour-plus-court-de-lannee\/#article\",\"isPartOf\":{\"@id\":\"https:\/\/vosgesinfo.fr\/remiremontinfo\/2020\/12\/cest-aujourdhui-jour-plus-court-de-lannee\/\"},\"author\":{\"name\":\"C D\",\"@id\":\"https:\/\/vosgesinfo.fr\/remiremontinfo\/#\/schema\/person\/3bfd164d5218a185b1db68655a265316\"},\"headline\":\"C\u2019est aujourd\u2019hui le jour le plus court\u2026 de l\u2019ann\u00e9e\",\"datePublished\":\"2020-12-21T07:54:32+00:00\",\"dateModified\":\"2020-12-21T07:54:32+00:00\",\"mainEntityOfPage\":{\"@id\":\"https:\/\/vosgesinfo.fr\/remiremontinfo\/2020\/12\/cest-aujourdhui-jour-plus-court-de-lannee\/\"},\"wordCount\":163,\"commentCount\":0,\"publisher\":{\"@id\":\"https:\/\/vosgesinfo.fr\/remiremontinfo\/#organization\"},\"image\":{\"@id\":\"https:\/\/vosgesinfo.fr\/remiremontinfo\/2020\/12\/cest-aujourdhui-jour-plus-court-de-lannee\/#primaryimage\"},\"thumbnailUrl\":\"https:\/\/vosgesinfo.fr\/app\/uploads\/sites\/5\/2024\/09\/202012capture-decran-2020-12-21-094513.png\",\"articleSection\":[\"A la Une\",\"Vosges\"],\"inLanguage\":\"fr-FR\",\"potentialAction\":[{\"@type\":\"CommentAction\",\"name\":\"Comment\",\"target\":[\"https:\/\/vosgesinfo.fr\/remiremontinfo\/2020\/12\/cest-aujourdhui-jour-plus-court-de-lannee\/#respond\"]}]},{\"@type\":\"WebPage\",\"@id\":\"https:\/\/vosgesinfo.fr\/remiremontinfo\/2020\/12\/cest-aujourdhui-jour-plus-court-de-lannee\/\",\"url\":\"https:\/\/vosgesinfo.fr\/remiremontinfo\/2020\/12\/cest-aujourdhui-jour-plus-court-de-lannee\/\",\"name\":\"C\u2019est aujourd\u2019hui le jour le plus court\u2026 de l\u2019ann\u00e9e - Remiremont Info\",\"isPartOf\":{\"@id\":\"https:\/\/vosgesinfo.fr\/remiremontinfo\/#website\"},\"primaryImageOfPage\":{\"@id\":\"https:\/\/vosgesinfo.fr\/remiremontinfo\/2020\/12\/cest-aujourdhui-jour-plus-court-de-lannee\/#primaryimage\"},\"image\":{\"@id\":\"https:\/\/vosgesinfo.fr\/remiremontinfo\/2020\/12\/cest-aujourdhui-jour-plus-court-de-lannee\/#primaryimage\"},\"thumbnailUrl\":\"https:\/\/vosgesinfo.fr\/app\/uploads\/sites\/5\/2024\/09\/202012capture-decran-2020-12-21-094513.png\",\"datePublished\":\"2020-12-21T07:54:32+00:00\",\"dateModified\":\"2020-12-21T07:54:32+00:00\",\"breadcrumb\":{\"@id\":\"https:\/\/vosgesinfo.fr\/remiremontinfo\/2020\/12\/cest-aujourdhui-jour-plus-court-de-lannee\/#breadcrumb\"},\"inLanguage\":\"fr-FR\",\"potentialAction\":[{\"@type\":\"ReadAction\",\"target\":[\"https:\/\/vosgesinfo.fr\/remiremontinfo\/2020\/12\/cest-aujourdhui-jour-plus-court-de-lannee\/\"]}]},{\"@type\":\"ImageObject\",\"inLanguage\":\"fr-FR\",\"@id\":\"https:\/\/vosgesinfo.fr\/remiremontinfo\/2020\/12\/cest-aujourdhui-jour-plus-court-de-lannee\/#primaryimage\",\"url\":\"https:\/\/vosgesinfo.fr\/app\/uploads\/sites\/5\/2024\/09\/202012capture-decran-2020-12-21-094513.png\",\"contentUrl\":\"https:\/\/vosgesinfo.fr\/app\/uploads\/sites\/5\/2024\/09\/202012capture-decran-2020-12-21-094513.png\",\"width\":800,\"height\":509},{\"@type\":\"BreadcrumbList\",\"@id\":\"https:\/\/vosgesinfo.fr\/remiremontinfo\/2020\/12\/cest-aujourdhui-jour-plus-court-de-lannee\/#breadcrumb\",\"itemListElement\":[{\"@type\":\"ListItem\",\"position\":1,\"name\":\"Home\",\"item\":\"https:\/\/vosgesinfo.fr\/remiremontinfo\/\"},{\"@type\":\"ListItem\",\"position\":2,\"name\":\"C\u2019est aujourd\u2019hui le jour le plus court\u2026 de l\u2019ann\u00e9e\"}]},{\"@type\":\"WebSite\",\"@id\":\"https:\/\/vosgesinfo.fr\/remiremontinfo\/#website\",\"url\":\"https:\/\/vosgesinfo.fr\/remiremontinfo\/\",\"name\":\"Remiremont Info\",\"description\":\"Toute l&#039;actualit\u00e9 de Remiremont\",\"publisher\":{\"@id\":\"https:\/\/vosgesinfo.fr\/remiremontinfo\/#organization\"},\"alternateName\":\"Toute l'actualit\u00e9 de Remiremont\",\"potentialAction\":[{\"@type\":\"SearchAction\",\"target\":{\"@type\":\"EntryPoint\",\"urlTemplate\":\"https:\/\/vosgesinfo.fr\/remiremontinfo\/?s={search_term_string}\"},\"query-input\":\"required name=search_term_string\"}],\"inLanguage\":\"fr-FR\"},{\"@type\":\"Organization\",\"@id\":\"https:\/\/vosgesinfo.fr\/remiremontinfo\/#organization\",\"name\":\"Remiremont Info\",\"url\":\"https:\/\/vosgesinfo.fr\/remiremontinfo\/\",\"logo\":{\"@type\":\"ImageObject\",\"inLanguage\":\"fr-FR\",\"@id\":\"https:\/\/vosgesinfo.fr\/remiremontinfo\/#\/schema\/logo\/image\/\",\"url\":\"https:\/\/vosgesinfo.fr\/app\/uploads\/sites\/5\/2023\/08\/favicon-remiremontinfo.png\",\"contentUrl\":\"https:\/\/vosgesinfo.fr\/app\/uploads\/sites\/5\/2023\/08\/favicon-remiremontinfo.png\",\"width\":512,\"height\":512,\"caption\":\"Remiremont Info\"},\"image\":{\"@id\":\"https:\/\/vosgesinfo.fr\/remiremontinfo\/#\/schema\/logo\/image\/\"},\"sameAs\":[\"https:\/\/www.facebook.com\/remiremontinfo\",\"https:\/\/x.com\/VosgesInfo88\",\"https:\/\/www.youtube.com\/@vosgesinfo\"]},{\"@type\":\"Person\",\"@id\":\"https:\/\/vosgesinfo.fr\/remiremontinfo\/#\/schema\/person\/3bfd164d5218a185b1db68655a265316\",\"name\":\"C D\",\"image\":{\"@type\":\"ImageObject\",\"inLanguage\":\"fr-FR\",\"@id\":\"https:\/\/vosgesinfo.fr\/remiremontinfo\/#\/schema\/person\/image\/\",\"url\":\"https:\/\/secure.gravatar.com\/avatar\/1f9a70007336511a47468b8f1c66f922b8b7cf617b02a31149ada43893a5d48f?s=96&d=mm&r=g\",\"contentUrl\":\"https:\/\/secure.gravatar.com\/avatar\/1f9a70007336511a47468b8f1c66f922b8b7cf617b02a31149ada43893a5d48f?s=96&d=mm&r=g\",\"caption\":\"C D\"},\"url\":\"https:\/\/vosgesinfo.fr\/remiremontinfo\/author\/cedric-drevet\/\"}]}<\/script>\n<!-- \/ Yoast SEO plugin. -->","yoast_head_json":{"title":"C\u2019est aujourd\u2019hui le jour le plus court\u2026 de l\u2019ann\u00e9e - Remiremont Info","robots":{"index":"index","follow":"follow","max-snippet":"max-snippet:-1","max-image-preview":"max-image-preview:large","max-video-preview":"max-video-preview:-1"},"canonical":"https:\/\/vosgesinfo.fr\/remiremontinfo\/2020\/12\/cest-aujourdhui-jour-plus-court-de-lannee\/","twitter_card":"summary_large_image","twitter_title":"C\u2019est aujourd\u2019hui le jour le plus court\u2026 de l\u2019ann\u00e9e - Remiremont Info","twitter_description":"&nbsp; C\u2019est aujourd\u2019hui 21 d\u00e9cembre le solstice d\u2019hiver ou le jour le plus court de l\u2019ann\u00e9e : pour les esprits [&hellip;]","twitter_image":"https:\/\/vosgesinfo.fr\/app\/uploads\/sites\/5\/2024\/09\/202012capture-decran-2020-12-21-094513.png","twitter_creator":"@VosgesInfo88","twitter_site":"@VosgesInfo88","twitter_misc":{"\u00c9crit par":"C D","Dur\u00e9e de lecture estim\u00e9e":"1 minute"},"schema":{"@context":"https:\/\/schema.org","@graph":[{"@type":"Article","@id":"https:\/\/vosgesinfo.fr\/remiremontinfo\/2020\/12\/cest-aujourdhui-jour-plus-court-de-lannee\/#article","isPartOf":{"@id":"https:\/\/vosgesinfo.fr\/remiremontinfo\/2020\/12\/cest-aujourdhui-jour-plus-court-de-lannee\/"},"author":{"name":"C D","@id":"https:\/\/vosgesinfo.fr\/remiremontinfo\/#\/schema\/person\/3bfd164d5218a185b1db68655a265316"},"headline":"C\u2019est aujourd\u2019hui le jour le plus court\u2026 de l\u2019ann\u00e9e","datePublished":"2020-12-21T07:54:32+00:00","dateModified":"2020-12-21T07:54:32+00:00","mainEntityOfPage":{"@id":"https:\/\/vosgesinfo.fr\/remiremontinfo\/2020\/12\/cest-aujourdhui-jour-plus-court-de-lannee\/"},"wordCount":163,"commentCount":0,"publisher":{"@id":"https:\/\/vosgesinfo.fr\/remiremontinfo\/#organization"},"image":{"@id":"https:\/\/vosgesinfo.fr\/remiremontinfo\/2020\/12\/cest-aujourdhui-jour-plus-court-de-lannee\/#primaryimage"},"thumbnailUrl":"https:\/\/vosgesinfo.fr\/app\/uploads\/sites\/5\/2024\/09\/202012capture-decran-2020-12-21-094513.png","articleSection":["A la Une","Vosges"],"inLanguage":"fr-FR","potentialAction":[{"@type":"CommentAction","name":"Comment","target":["https:\/\/vosgesinfo.fr\/remiremontinfo\/2020\/12\/cest-aujourdhui-jour-plus-court-de-lannee\/#respond"]}]},{"@type":"WebPage","@id":"https:\/\/vosgesinfo.fr\/remiremontinfo\/2020\/12\/cest-aujourdhui-jour-plus-court-de-lannee\/","url":"https:\/\/vosgesinfo.fr\/remiremontinfo\/2020\/12\/cest-aujourdhui-jour-plus-court-de-lannee\/","name":"C\u2019est aujourd\u2019hui le jour le plus court\u2026 de l\u2019ann\u00e9e - Remiremont Info","isPartOf":{"@id":"https:\/\/vosgesinfo.fr\/remiremontinfo\/#website"},"primaryImageOfPage":{"@id":"https:\/\/vosgesinfo.fr\/remiremontinfo\/2020\/12\/cest-aujourdhui-jour-plus-court-de-lannee\/#primaryimage"},"image":{"@id":"https:\/\/vosgesinfo.fr\/remiremontinfo\/2020\/12\/cest-aujourdhui-jour-plus-court-de-lannee\/#primaryimage"},"thumbnailUrl":"https:\/\/vosgesinfo.fr\/app\/uploads\/sites\/5\/2024\/09\/202012capture-decran-2020-12-21-094513.png","datePublished":"2020-12-21T07:54:32+00:00","dateModified":"2020-12-21T07:54:32+00:00","breadcrumb":{"@id":"https:\/\/vosgesinfo.fr\/remiremontinfo\/2020\/12\/cest-aujourdhui-jour-plus-court-de-lannee\/#breadcrumb"},"inLanguage":"fr-FR","potentialAction":[{"@type":"ReadAction","target":["https:\/\/vosgesinfo.fr\/remiremontinfo\/2020\/12\/cest-aujourdhui-jour-plus-court-de-lannee\/"]}]},{"@type":"ImageObject","inLanguage":"fr-FR","@id":"https:\/\/vosgesinfo.fr\/remiremontinfo\/2020\/12\/cest-aujourdhui-jour-plus-court-de-lannee\/#primaryimage","url":"https:\/\/vosgesinfo.fr\/app\/uploads\/sites\/5\/2024\/09\/202012capture-decran-2020-12-21-094513.png","contentUrl":"https:\/\/vosgesinfo.fr\/app\/uploads\/sites\/5\/2024\/09\/202012capture-decran-2020-12-21-094513.png","width":800,"height":509},{"@type":"BreadcrumbList","@id":"https:\/\/vosgesinfo.fr\/remiremontinfo\/2020\/12\/cest-aujourdhui-jour-plus-court-de-lannee\/#breadcrumb","itemListElement":[{"@type":"ListItem","position":1,"name":"Home","item":"https:\/\/vosgesinfo.fr\/remiremontinfo\/"},{"@type":"ListItem","position":2,"name":"C\u2019est aujourd\u2019hui le jour le plus court\u2026 de l\u2019ann\u00e9e"}]},{"@type":"WebSite","@id":"https:\/\/vosgesinfo.fr\/remiremontinfo\/#website","url":"https:\/\/vosgesinfo.fr\/remiremontinfo\/","name":"Remiremont Info","description":"Toute l&#039;actualit\u00e9 de Remiremont","publisher":{"@id":"https:\/\/vosgesinfo.fr\/remiremontinfo\/#organization"},"alternateName":"Toute l'actualit\u00e9 de Remiremont","potentialAction":[{"@type":"SearchAction","target":{"@type":"EntryPoint","urlTemplate":"https:\/\/vosgesinfo.fr\/remiremontinfo\/?s={search_term_string}"},"query-input":"required name=search_term_string"}],"inLanguage":"fr-FR"},{"@type":"Organization","@id":"https:\/\/vosgesinfo.fr\/remiremontinfo\/#organization","name":"Remiremont Info","url":"https:\/\/vosgesinfo.fr\/remiremontinfo\/","logo":{"@type":"ImageObject","inLanguage":"fr-FR","@id":"https:\/\/vosgesinfo.fr\/remiremontinfo\/#\/schema\/logo\/image\/","url":"https:\/\/vosgesinfo.fr\/app\/uploads\/sites\/5\/2023\/08\/favicon-remiremontinfo.png","contentUrl":"https:\/\/vosgesinfo.fr\/app\/uploads\/sites\/5\/2023\/08\/favicon-remiremontinfo.png","width":512,"height":512,"caption":"Remiremont Info"},"image":{"@id":"https:\/\/vosgesinfo.fr\/remiremontinfo\/#\/schema\/logo\/image\/"},"sameAs":["https:\/\/www.facebook.com\/remiremontinfo","https:\/\/x.com\/VosgesInfo88","https:\/\/www.youtube.com\/@vosgesinfo"]},{"@type":"Person","@id":"https:\/\/vosgesinfo.fr\/remiremontinfo\/#\/schema\/person\/3bfd164d5218a185b1db68655a265316","name":"C D","image":{"@type":"ImageObject","inLanguage":"fr-FR","@id":"https:\/\/vosgesinfo.fr\/remiremontinfo\/#\/schema\/person\/image\/","url":"https:\/\/secure.gravatar.com\/avatar\/1f9a70007336511a47468b8f1c66f922b8b7cf617b02a31149ada43893a5d48f?s=96&d=mm&r=g","contentUrl":"https:\/\/secure.gravatar.com\/avatar\/1f9a70007336511a47468b8f1c66f922b8b7cf617b02a31149ada43893a5d48f?s=96&d=mm&r=g","caption":"C D"},"url":"https:\/\/vosgesinfo.fr\/remiremontinfo\/author\/cedric-drevet\/"}]}},"_links":{"self":[{"href":"https:\/\/vosgesinfo.fr\/remiremontinfo\/wp-json\/wp\/v2\/posts\/35264","targetHints":{"allow":["GET"]}}],"collection":[{"href":"https:\/\/vosgesinfo.fr\/remiremontinfo\/wp-json\/wp\/v2\/posts"}],"about":[{"href":"https:\/\/vosgesinfo.fr\/remiremontinfo\/wp-json\/wp\/v2\/types\/post"}],"author":[{"embeddable":true,"href":"https:\/\/vosgesinfo.fr\/remiremontinfo\/wp-json\/wp\/v2\/users\/407"}],"replies":[{"embeddable":true,"href":"https:\/\/vosgesinfo.fr\/remiremontinfo\/wp-json\/wp\/v2\/comments?post=35264"}],"version-history":[{"count":0,"href":"https:\/\/vosgesinfo.fr\/remiremontinfo\/wp-json\/wp\/v2\/posts\/35264\/revisions"}],"wp:featuredmedia":[{"embeddable":true,"href":"https:\/\/vosgesinfo.fr\/remiremontinfo\/wp-json\/wp\/v2\/media\/35265"}],"wp:attachment":[{"href":"https:\/\/vosgesinfo.fr\/remiremontinfo\/wp-json\/wp\/v2\/media?parent=35264"}],"wp:term":[{"taxonomy":"category","embeddable":true,"href":"https:\/\/vosgesinfo.fr\/remiremontinfo\/wp-json\/wp\/v2\/categories?post=35264"},{"taxonomy":"post_tag","embeddable":true,"href":"https:\/\/vosgesinfo.fr\/remiremontinfo\/wp-json\/wp\/v2\/tags?post=35264"}],"curies":[{"name":"wp","href":"https:\/\/api.w.org\/{rel}","templated":true}]}}