{"id":35270,"date":"2020-12-21T08:57:25","date_gmt":"2020-12-21T07:57:25","guid":{"rendered":"https:\/\/vosgesinfo.fr\/remiremontinfo\/2020\/12\/eloyes-enfants-realisent-cartes-de-voeux-residents-de-maison-de-retraite\/"},"modified":"2020-12-21T08:57:25","modified_gmt":"2020-12-21T07:57:25","slug":"eloyes-enfants-realisent-cartes-de-voeux-residents-de-maison-de-retraite","status":"publish","type":"post","link":"https:\/\/vosgesinfo.fr\/remiremontinfo\/2020\/12\/eloyes-enfants-realisent-cartes-de-voeux-residents-de-maison-de-retraite\/","title":{"rendered":"Eloyes\u00a0: des enfants r\u00e9alisent des cartes de v\u0153ux pour les r\u00e9sidents de la maison de retraite"},"content":{"rendered":"<p style=\"text-align: center;\"><a href=\"\/2020\/12\/131957597_1523927764471388_1341814441837024794_n.jpg\"><img decoding=\"async\" class=\"alignnone size-full wp-image-304907\" src=\"\/2020\/12\/131957597_1523927764471388_1341814441837024794_n.jpg\" alt=\"131957597_1523927764471388_1341814441837024794_n\" width=\"800\" height=\"531\" \/><\/a><\/p>\n<h2><span style=\"font-size: 12pt;\"><strong>L\u2019ann\u00e9e a \u00e9t\u00e9 compliqu\u00e9e pour beaucoup de personnes vivant en maison de retraite. Les mesures impos\u00e9es dans le cadre de la crise de la Covid-19 ont pu renforcer dans certains cas le sentiment d\u2019isolement. A Eloyes, des enfants ont cr\u00e9\u00e9 des cartes de v\u0153ux pour les r\u00e9sidents de la Maison de retraite.<\/strong><\/span><\/h2>\n<p>Une belle attention qui, esp\u00e9rons le, plaira aux destinataires. Ce mercredi, Elie, Meily, Maxence et Alexi, accompagn\u00e9s de Marianne ont apport\u00e9 les cartes de v\u0153ux r\u00e9alis\u00e9s par des enfants dans le cadre du p\u00e9riscolaire primaire au directeur de la Maison de Retraite. \u00ab\u00a0Un beau cadeau de No\u00ebl pour les r\u00e9sidents d\u2019Eloyes\u00a0\u00bb, affirme l\u2019\u00e9quipe municipale d\u2019Eloyes, \u00ab\u00a0F\u00e9licitations \u00e0 tous pour cette magnifique initiative\u00a0\u00bb.<\/p>\n","protected":false},"excerpt":{"rendered":"<p>L\u2019ann\u00e9e a \u00e9t\u00e9 compliqu\u00e9e pour beaucoup de personnes vivant en maison de retraite. Les mesures impos\u00e9es dans le cadre de [&hellip;]<\/p>\n","protected":false},"author":407,"featured_media":35271,"comment_status":"open","ping_status":"open","sticky":false,"template":"","format":"standard","meta":{"footnotes":""},"categories":[26,318,35,13],"tags":[],"class_list":["post-35270","post","type-post","status-publish","format-standard","has-post-thumbnail","hentry","category-a-la-une","category-eloyes","category-remiremont-son-canton","category-societe"],"acf":[],"yoast_head":"<!-- This site is optimized with the Yoast SEO plugin v22.5 - https:\/\/yoast.com\/wordpress\/plugins\/seo\/ -->\n<title>Eloyes\u00a0: des enfants r\u00e9alisent des cartes de v\u0153ux pour les r\u00e9sidents de la maison de retraite - Remiremont Info<\/title>\n<meta name=\"robots\" content=\"index, follow, max-snippet:-1, max-image-preview:large, max-video-preview:-1\" \/>\n<link rel=\"canonical\" href=\"https:\/\/vosgesinfo.fr\/remiremontinfo\/2020\/12\/eloyes-enfants-realisent-cartes-de-voeux-residents-de-maison-de-retraite\/\" \/>\n<meta name=\"twitter:card\" content=\"summary_large_image\" \/>\n<meta name=\"twitter:title\" content=\"Eloyes\u00a0: des enfants r\u00e9alisent des cartes de v\u0153ux pour les r\u00e9sidents de la maison de retraite - Remiremont Info\" \/>\n<meta name=\"twitter:description\" content=\"L\u2019ann\u00e9e a \u00e9t\u00e9 compliqu\u00e9e pour beaucoup de personnes vivant en maison de retraite. Les mesures impos\u00e9es dans le cadre de [&hellip;]\" \/>\n<meta name=\"twitter:image\" content=\"https:\/\/vosgesinfo.fr\/app\/uploads\/sites\/5\/2024\/09\/202012131957597-1523927764471388-1341814441837024794-n.jpg\" \/>\n<meta name=\"twitter:creator\" content=\"@VosgesInfo88\" \/>\n<meta name=\"twitter:site\" content=\"@VosgesInfo88\" \/>\n<meta name=\"twitter:label1\" content=\"\u00c9crit par\" \/>\n\t<meta name=\"twitter:data1\" content=\"C D\" \/>\n\t<meta name=\"twitter:label2\" content=\"Dur\u00e9e de lecture estim\u00e9e\" \/>\n\t<meta name=\"twitter:data2\" content=\"1 minute\" \/>\n<script type=\"application\/ld+json\" class=\"yoast-schema-graph\">{\"@context\":\"https:\/\/schema.org\",\"@graph\":[{\"@type\":\"Article\",\"@id\":\"https:\/\/vosgesinfo.fr\/remiremontinfo\/2020\/12\/eloyes-enfants-realisent-cartes-de-voeux-residents-de-maison-de-retraite\/#article\",\"isPartOf\":{\"@id\":\"https:\/\/vosgesinfo.fr\/remiremontinfo\/2020\/12\/eloyes-enfants-realisent-cartes-de-voeux-residents-de-maison-de-retraite\/\"},\"author\":{\"name\":\"C D\",\"@id\":\"https:\/\/vosgesinfo.fr\/remiremontinfo\/#\/schema\/person\/3bfd164d5218a185b1db68655a265316\"},\"headline\":\"Eloyes\u00a0: des enfants r\u00e9alisent des cartes de v\u0153ux pour les r\u00e9sidents de la maison de retraite\",\"datePublished\":\"2020-12-21T07:57:25+00:00\",\"dateModified\":\"2020-12-21T07:57:25+00:00\",\"mainEntityOfPage\":{\"@id\":\"https:\/\/vosgesinfo.fr\/remiremontinfo\/2020\/12\/eloyes-enfants-realisent-cartes-de-voeux-residents-de-maison-de-retraite\/\"},\"wordCount\":151,\"commentCount\":0,\"publisher\":{\"@id\":\"https:\/\/vosgesinfo.fr\/remiremontinfo\/#organization\"},\"image\":{\"@id\":\"https:\/\/vosgesinfo.fr\/remiremontinfo\/2020\/12\/eloyes-enfants-realisent-cartes-de-voeux-residents-de-maison-de-retraite\/#primaryimage\"},\"thumbnailUrl\":\"https:\/\/vosgesinfo.fr\/app\/uploads\/sites\/5\/2024\/09\/202012131957597-1523927764471388-1341814441837024794-n.jpg\",\"articleSection\":[\"A la Une\",\"Eloyes\",\"Remiremont &amp; son canton\",\"Soci\u00e9t\u00e9\"],\"inLanguage\":\"fr-FR\",\"potentialAction\":[{\"@type\":\"CommentAction\",\"name\":\"Comment\",\"target\":[\"https:\/\/vosgesinfo.fr\/remiremontinfo\/2020\/12\/eloyes-enfants-realisent-cartes-de-voeux-residents-de-maison-de-retraite\/#respond\"]}]},{\"@type\":\"WebPage\",\"@id\":\"https:\/\/vosgesinfo.fr\/remiremontinfo\/2020\/12\/eloyes-enfants-realisent-cartes-de-voeux-residents-de-maison-de-retraite\/\",\"url\":\"https:\/\/vosgesinfo.fr\/remiremontinfo\/2020\/12\/eloyes-enfants-realisent-cartes-de-voeux-residents-de-maison-de-retraite\/\",\"name\":\"Eloyes\u00a0: des enfants r\u00e9alisent des cartes de v\u0153ux pour les r\u00e9sidents de la maison de retraite - Remiremont Info\",\"isPartOf\":{\"@id\":\"https:\/\/vosgesinfo.fr\/remiremontinfo\/#website\"},\"primaryImageOfPage\":{\"@id\":\"https:\/\/vosgesinfo.fr\/remiremontinfo\/2020\/12\/eloyes-enfants-realisent-cartes-de-voeux-residents-de-maison-de-retraite\/#primaryimage\"},\"image\":{\"@id\":\"https:\/\/vosgesinfo.fr\/remiremontinfo\/2020\/12\/eloyes-enfants-realisent-cartes-de-voeux-residents-de-maison-de-retraite\/#primaryimage\"},\"thumbnailUrl\":\"https:\/\/vosgesinfo.fr\/app\/uploads\/sites\/5\/2024\/09\/202012131957597-1523927764471388-1341814441837024794-n.jpg\",\"datePublished\":\"2020-12-21T07:57:25+00:00\",\"dateModified\":\"2020-12-21T07:57:25+00:00\",\"breadcrumb\":{\"@id\":\"https:\/\/vosgesinfo.fr\/remiremontinfo\/2020\/12\/eloyes-enfants-realisent-cartes-de-voeux-residents-de-maison-de-retraite\/#breadcrumb\"},\"inLanguage\":\"fr-FR\",\"potentialAction\":[{\"@type\":\"ReadAction\",\"target\":[\"https:\/\/vosgesinfo.fr\/remiremontinfo\/2020\/12\/eloyes-enfants-realisent-cartes-de-voeux-residents-de-maison-de-retraite\/\"]}]},{\"@type\":\"ImageObject\",\"inLanguage\":\"fr-FR\",\"@id\":\"https:\/\/vosgesinfo.fr\/remiremontinfo\/2020\/12\/eloyes-enfants-realisent-cartes-de-voeux-residents-de-maison-de-retraite\/#primaryimage\",\"url\":\"https:\/\/vosgesinfo.fr\/app\/uploads\/sites\/5\/2024\/09\/202012131957597-1523927764471388-1341814441837024794-n.jpg\",\"contentUrl\":\"https:\/\/vosgesinfo.fr\/app\/uploads\/sites\/5\/2024\/09\/202012131957597-1523927764471388-1341814441837024794-n.jpg\",\"width\":800,\"height\":531},{\"@type\":\"BreadcrumbList\",\"@id\":\"https:\/\/vosgesinfo.fr\/remiremontinfo\/2020\/12\/eloyes-enfants-realisent-cartes-de-voeux-residents-de-maison-de-retraite\/#breadcrumb\",\"itemListElement\":[{\"@type\":\"ListItem\",\"position\":1,\"name\":\"Home\",\"item\":\"https:\/\/vosgesinfo.fr\/remiremontinfo\/\"},{\"@type\":\"ListItem\",\"position\":2,\"name\":\"Eloyes\u00a0: des enfants r\u00e9alisent des cartes de v\u0153ux pour les r\u00e9sidents de la maison de retraite\"}]},{\"@type\":\"WebSite\",\"@id\":\"https:\/\/vosgesinfo.fr\/remiremontinfo\/#website\",\"url\":\"https:\/\/vosgesinfo.fr\/remiremontinfo\/\",\"name\":\"Remiremont Info\",\"description\":\"Toute l&#039;actualit\u00e9 de Remiremont\",\"publisher\":{\"@id\":\"https:\/\/vosgesinfo.fr\/remiremontinfo\/#organization\"},\"alternateName\":\"Toute l'actualit\u00e9 de Remiremont\",\"potentialAction\":[{\"@type\":\"SearchAction\",\"target\":{\"@type\":\"EntryPoint\",\"urlTemplate\":\"https:\/\/vosgesinfo.fr\/remiremontinfo\/?s={search_term_string}\"},\"query-input\":\"required name=search_term_string\"}],\"inLanguage\":\"fr-FR\"},{\"@type\":\"Organization\",\"@id\":\"https:\/\/vosgesinfo.fr\/remiremontinfo\/#organization\",\"name\":\"Remiremont Info\",\"url\":\"https:\/\/vosgesinfo.fr\/remiremontinfo\/\",\"logo\":{\"@type\":\"ImageObject\",\"inLanguage\":\"fr-FR\",\"@id\":\"https:\/\/vosgesinfo.fr\/remiremontinfo\/#\/schema\/logo\/image\/\",\"url\":\"https:\/\/vosgesinfo.fr\/app\/uploads\/sites\/5\/2023\/08\/favicon-remiremontinfo.png\",\"contentUrl\":\"https:\/\/vosgesinfo.fr\/app\/uploads\/sites\/5\/2023\/08\/favicon-remiremontinfo.png\",\"width\":512,\"height\":512,\"caption\":\"Remiremont Info\"},\"image\":{\"@id\":\"https:\/\/vosgesinfo.fr\/remiremontinfo\/#\/schema\/logo\/image\/\"},\"sameAs\":[\"https:\/\/www.facebook.com\/remiremontinfo\",\"https:\/\/x.com\/VosgesInfo88\",\"https:\/\/www.youtube.com\/@vosgesinfo\"]},{\"@type\":\"Person\",\"@id\":\"https:\/\/vosgesinfo.fr\/remiremontinfo\/#\/schema\/person\/3bfd164d5218a185b1db68655a265316\",\"name\":\"C D\",\"image\":{\"@type\":\"ImageObject\",\"inLanguage\":\"fr-FR\",\"@id\":\"https:\/\/vosgesinfo.fr\/remiremontinfo\/#\/schema\/person\/image\/\",\"url\":\"https:\/\/secure.gravatar.com\/avatar\/1f9a70007336511a47468b8f1c66f922b8b7cf617b02a31149ada43893a5d48f?s=96&d=mm&r=g\",\"contentUrl\":\"https:\/\/secure.gravatar.com\/avatar\/1f9a70007336511a47468b8f1c66f922b8b7cf617b02a31149ada43893a5d48f?s=96&d=mm&r=g\",\"caption\":\"C D\"},\"url\":\"https:\/\/vosgesinfo.fr\/remiremontinfo\/author\/cedric-drevet\/\"}]}<\/script>\n<!-- \/ Yoast SEO plugin. -->","yoast_head_json":{"title":"Eloyes\u00a0: des enfants r\u00e9alisent des cartes de v\u0153ux pour les r\u00e9sidents de la maison de retraite - Remiremont Info","robots":{"index":"index","follow":"follow","max-snippet":"max-snippet:-1","max-image-preview":"max-image-preview:large","max-video-preview":"max-video-preview:-1"},"canonical":"https:\/\/vosgesinfo.fr\/remiremontinfo\/2020\/12\/eloyes-enfants-realisent-cartes-de-voeux-residents-de-maison-de-retraite\/","twitter_card":"summary_large_image","twitter_title":"Eloyes\u00a0: des enfants r\u00e9alisent des cartes de v\u0153ux pour les r\u00e9sidents de la maison de retraite - Remiremont Info","twitter_description":"L\u2019ann\u00e9e a \u00e9t\u00e9 compliqu\u00e9e pour beaucoup de personnes vivant en maison de retraite. Les mesures impos\u00e9es dans le cadre de [&hellip;]","twitter_image":"https:\/\/vosgesinfo.fr\/app\/uploads\/sites\/5\/2024\/09\/202012131957597-1523927764471388-1341814441837024794-n.jpg","twitter_creator":"@VosgesInfo88","twitter_site":"@VosgesInfo88","twitter_misc":{"\u00c9crit par":"C D","Dur\u00e9e de lecture estim\u00e9e":"1 minute"},"schema":{"@context":"https:\/\/schema.org","@graph":[{"@type":"Article","@id":"https:\/\/vosgesinfo.fr\/remiremontinfo\/2020\/12\/eloyes-enfants-realisent-cartes-de-voeux-residents-de-maison-de-retraite\/#article","isPartOf":{"@id":"https:\/\/vosgesinfo.fr\/remiremontinfo\/2020\/12\/eloyes-enfants-realisent-cartes-de-voeux-residents-de-maison-de-retraite\/"},"author":{"name":"C D","@id":"https:\/\/vosgesinfo.fr\/remiremontinfo\/#\/schema\/person\/3bfd164d5218a185b1db68655a265316"},"headline":"Eloyes\u00a0: des enfants r\u00e9alisent des cartes de v\u0153ux pour les r\u00e9sidents de la maison de retraite","datePublished":"2020-12-21T07:57:25+00:00","dateModified":"2020-12-21T07:57:25+00:00","mainEntityOfPage":{"@id":"https:\/\/vosgesinfo.fr\/remiremontinfo\/2020\/12\/eloyes-enfants-realisent-cartes-de-voeux-residents-de-maison-de-retraite\/"},"wordCount":151,"commentCount":0,"publisher":{"@id":"https:\/\/vosgesinfo.fr\/remiremontinfo\/#organization"},"image":{"@id":"https:\/\/vosgesinfo.fr\/remiremontinfo\/2020\/12\/eloyes-enfants-realisent-cartes-de-voeux-residents-de-maison-de-retraite\/#primaryimage"},"thumbnailUrl":"https:\/\/vosgesinfo.fr\/app\/uploads\/sites\/5\/2024\/09\/202012131957597-1523927764471388-1341814441837024794-n.jpg","articleSection":["A la Une","Eloyes","Remiremont &amp; son canton","Soci\u00e9t\u00e9"],"inLanguage":"fr-FR","potentialAction":[{"@type":"CommentAction","name":"Comment","target":["https:\/\/vosgesinfo.fr\/remiremontinfo\/2020\/12\/eloyes-enfants-realisent-cartes-de-voeux-residents-de-maison-de-retraite\/#respond"]}]},{"@type":"WebPage","@id":"https:\/\/vosgesinfo.fr\/remiremontinfo\/2020\/12\/eloyes-enfants-realisent-cartes-de-voeux-residents-de-maison-de-retraite\/","url":"https:\/\/vosgesinfo.fr\/remiremontinfo\/2020\/12\/eloyes-enfants-realisent-cartes-de-voeux-residents-de-maison-de-retraite\/","name":"Eloyes\u00a0: des enfants r\u00e9alisent des cartes de v\u0153ux pour les r\u00e9sidents de la maison de retraite - Remiremont Info","isPartOf":{"@id":"https:\/\/vosgesinfo.fr\/remiremontinfo\/#website"},"primaryImageOfPage":{"@id":"https:\/\/vosgesinfo.fr\/remiremontinfo\/2020\/12\/eloyes-enfants-realisent-cartes-de-voeux-residents-de-maison-de-retraite\/#primaryimage"},"image":{"@id":"https:\/\/vosgesinfo.fr\/remiremontinfo\/2020\/12\/eloyes-enfants-realisent-cartes-de-voeux-residents-de-maison-de-retraite\/#primaryimage"},"thumbnailUrl":"https:\/\/vosgesinfo.fr\/app\/uploads\/sites\/5\/2024\/09\/202012131957597-1523927764471388-1341814441837024794-n.jpg","datePublished":"2020-12-21T07:57:25+00:00","dateModified":"2020-12-21T07:57:25+00:00","breadcrumb":{"@id":"https:\/\/vosgesinfo.fr\/remiremontinfo\/2020\/12\/eloyes-enfants-realisent-cartes-de-voeux-residents-de-maison-de-retraite\/#breadcrumb"},"inLanguage":"fr-FR","potentialAction":[{"@type":"ReadAction","target":["https:\/\/vosgesinfo.fr\/remiremontinfo\/2020\/12\/eloyes-enfants-realisent-cartes-de-voeux-residents-de-maison-de-retraite\/"]}]},{"@type":"ImageObject","inLanguage":"fr-FR","@id":"https:\/\/vosgesinfo.fr\/remiremontinfo\/2020\/12\/eloyes-enfants-realisent-cartes-de-voeux-residents-de-maison-de-retraite\/#primaryimage","url":"https:\/\/vosgesinfo.fr\/app\/uploads\/sites\/5\/2024\/09\/202012131957597-1523927764471388-1341814441837024794-n.jpg","contentUrl":"https:\/\/vosgesinfo.fr\/app\/uploads\/sites\/5\/2024\/09\/202012131957597-1523927764471388-1341814441837024794-n.jpg","width":800,"height":531},{"@type":"BreadcrumbList","@id":"https:\/\/vosgesinfo.fr\/remiremontinfo\/2020\/12\/eloyes-enfants-realisent-cartes-de-voeux-residents-de-maison-de-retraite\/#breadcrumb","itemListElement":[{"@type":"ListItem","position":1,"name":"Home","item":"https:\/\/vosgesinfo.fr\/remiremontinfo\/"},{"@type":"ListItem","position":2,"name":"Eloyes\u00a0: des enfants r\u00e9alisent des cartes de v\u0153ux pour les r\u00e9sidents de la maison de retraite"}]},{"@type":"WebSite","@id":"https:\/\/vosgesinfo.fr\/remiremontinfo\/#website","url":"https:\/\/vosgesinfo.fr\/remiremontinfo\/","name":"Remiremont Info","description":"Toute l&#039;actualit\u00e9 de Remiremont","publisher":{"@id":"https:\/\/vosgesinfo.fr\/remiremontinfo\/#organization"},"alternateName":"Toute l'actualit\u00e9 de Remiremont","potentialAction":[{"@type":"SearchAction","target":{"@type":"EntryPoint","urlTemplate":"https:\/\/vosgesinfo.fr\/remiremontinfo\/?s={search_term_string}"},"query-input":"required name=search_term_string"}],"inLanguage":"fr-FR"},{"@type":"Organization","@id":"https:\/\/vosgesinfo.fr\/remiremontinfo\/#organization","name":"Remiremont Info","url":"https:\/\/vosgesinfo.fr\/remiremontinfo\/","logo":{"@type":"ImageObject","inLanguage":"fr-FR","@id":"https:\/\/vosgesinfo.fr\/remiremontinfo\/#\/schema\/logo\/image\/","url":"https:\/\/vosgesinfo.fr\/app\/uploads\/sites\/5\/2023\/08\/favicon-remiremontinfo.png","contentUrl":"https:\/\/vosgesinfo.fr\/app\/uploads\/sites\/5\/2023\/08\/favicon-remiremontinfo.png","width":512,"height":512,"caption":"Remiremont Info"},"image":{"@id":"https:\/\/vosgesinfo.fr\/remiremontinfo\/#\/schema\/logo\/image\/"},"sameAs":["https:\/\/www.facebook.com\/remiremontinfo","https:\/\/x.com\/VosgesInfo88","https:\/\/www.youtube.com\/@vosgesinfo"]},{"@type":"Person","@id":"https:\/\/vosgesinfo.fr\/remiremontinfo\/#\/schema\/person\/3bfd164d5218a185b1db68655a265316","name":"C D","image":{"@type":"ImageObject","inLanguage":"fr-FR","@id":"https:\/\/vosgesinfo.fr\/remiremontinfo\/#\/schema\/person\/image\/","url":"https:\/\/secure.gravatar.com\/avatar\/1f9a70007336511a47468b8f1c66f922b8b7cf617b02a31149ada43893a5d48f?s=96&d=mm&r=g","contentUrl":"https:\/\/secure.gravatar.com\/avatar\/1f9a70007336511a47468b8f1c66f922b8b7cf617b02a31149ada43893a5d48f?s=96&d=mm&r=g","caption":"C D"},"url":"https:\/\/vosgesinfo.fr\/remiremontinfo\/author\/cedric-drevet\/"}]}},"_links":{"self":[{"href":"https:\/\/vosgesinfo.fr\/remiremontinfo\/wp-json\/wp\/v2\/posts\/35270","targetHints":{"allow":["GET"]}}],"collection":[{"href":"https:\/\/vosgesinfo.fr\/remiremontinfo\/wp-json\/wp\/v2\/posts"}],"about":[{"href":"https:\/\/vosgesinfo.fr\/remiremontinfo\/wp-json\/wp\/v2\/types\/post"}],"author":[{"embeddable":true,"href":"https:\/\/vosgesinfo.fr\/remiremontinfo\/wp-json\/wp\/v2\/users\/407"}],"replies":[{"embeddable":true,"href":"https:\/\/vosgesinfo.fr\/remiremontinfo\/wp-json\/wp\/v2\/comments?post=35270"}],"version-history":[{"count":0,"href":"https:\/\/vosgesinfo.fr\/remiremontinfo\/wp-json\/wp\/v2\/posts\/35270\/revisions"}],"wp:featuredmedia":[{"embeddable":true,"href":"https:\/\/vosgesinfo.fr\/remiremontinfo\/wp-json\/wp\/v2\/media\/35271"}],"wp:attachment":[{"href":"https:\/\/vosgesinfo.fr\/remiremontinfo\/wp-json\/wp\/v2\/media?parent=35270"}],"wp:term":[{"taxonomy":"category","embeddable":true,"href":"https:\/\/vosgesinfo.fr\/remiremontinfo\/wp-json\/wp\/v2\/categories?post=35270"},{"taxonomy":"post_tag","embeddable":true,"href":"https:\/\/vosgesinfo.fr\/remiremontinfo\/wp-json\/wp\/v2\/tags?post=35270"}],"curies":[{"name":"wp","href":"https:\/\/api.w.org\/{rel}","templated":true}]}}