{"id":35274,"date":"2020-12-21T06:32:25","date_gmt":"2020-12-21T05:32:25","guid":{"rendered":"https:\/\/vosgesinfo.fr\/remiremontinfo\/2020\/12\/bresse-premiers-jours-douverture-marche-de-noel\/"},"modified":"2020-12-21T06:32:25","modified_gmt":"2020-12-21T05:32:25","slug":"bresse-premiers-jours-douverture-marche-de-noel","status":"publish","type":"post","link":"https:\/\/vosgesinfo.fr\/remiremontinfo\/2020\/12\/bresse-premiers-jours-douverture-marche-de-noel\/","title":{"rendered":"La Bresse\u00a0: premiers jours d\u2019ouverture pour le March\u00e9 de No\u00ebl"},"content":{"rendered":"<p style=\"text-align: center;\"><a href=\"\/2020\/12\/132186516_2541188749513555_4472283423448802904_n.jpg\"><img decoding=\"async\" class=\"alignnone size-full wp-image-304913\" src=\"\/2020\/12\/132186516_2541188749513555_4472283423448802904_n.jpg\" alt=\"132186516_2541188749513555_4472283423448802904_n\" width=\"800\" height=\"626\" \/><\/a><\/p>\n<p><span style=\"font-size: 10pt;\"><em>Photo de\u00a0<span class=\"tojvnm2t a6sixzi8 abs2jz4q a8s20v7p t1p8iaqh k5wvi7nf q3lfd5jv pk4s997a bipmatt0 cebpdrjk qowsmv63 owwhemhu dp1hu0rb dhp61c6y iyyx5f41\">@labresse.fr<\/span><span class=\"rfua0xdk pmk7jnqg stjgntxs ni8dbmo4 ay7djpcl q45zohi1\">\u00a0<\/span><\/em><\/span><\/p>\n<h2><span style=\"font-size: 12pt;\"><strong>L\u2019\u00e9dition 2020 du March\u00e9 de No\u00ebl a commenc\u00e9 \u00e0 La Bresse ce samedi 19 d\u00e9cembre. Jusqu\u2019au 3 janvier, rendez-vous est donn\u00e9 sur la place du Champtel. Le march\u00e9 de No\u00ebl sera ouvert du lundi au samedi de 10h \u00e0 19h et dimanche de 10h \u00e0 18h. Plusieurs animations seront propos\u00e9es :<\/strong><\/span><\/h2>\n<p>Une s\u00e9ance photo avec le P\u00e8re No\u00ebl le 24 d\u00e9cembre : de 10h \u00e0 12h et de 14h \u00e0 16h. Un portrait seul ou en famille mais pas sur les genoux du P\u00e8re No\u00ebl. (Photo offerte par la ville et l\u2019association des commer\u00e7ants Altytud\u2019630). Cette animation se d\u00e9roulera dans le hall de la mairie avec la distanciation sociale et les gestes barri\u00e8res. Des soir\u00e9es musicales : Avec l\u2019accord\u00e9oniste Alexis Balandier les 21 et 28 d\u00e9cembre. Rendez-vous est donn\u00e9 \u00e0 16h30. Et le Groupe \u00ab Mister Franck \u00bb les 23 et 30 d\u00e9cembre. Des feux d\u2019artifice pour f\u00eater No\u00ebl et l\u2019ultime soir\u00e9e de 2020, des feux d\u2019artifice seront tir\u00e9s au centre-ville les 24 et 31 d\u00e9cembre \u00e0 18h. <em>\u00ab Le respect des gestes barri\u00e8res sera de mise sur la dur\u00e9e du march\u00e9 \u00bb<\/em>, affirme la municipalit\u00e9, <em>\u00ab port du masque obligatoire, gel hydroalcoolique, aucune d\u00e9gustation sur place mais consommations en drive. Pour le bien de tous, ces conditions devront \u00eatre scrupuleusement respect\u00e9es \u00bb.<\/em><\/p>\n","protected":false},"excerpt":{"rendered":"<p>Photo de\u00a0@labresse.fr\u00a0 L\u2019\u00e9dition 2020 du March\u00e9 de No\u00ebl a commenc\u00e9 \u00e0 La Bresse ce samedi 19 d\u00e9cembre. Jusqu\u2019au 3 janvier, [&hellip;]<\/p>\n","protected":false},"author":407,"featured_media":35275,"comment_status":"open","ping_status":"open","sticky":false,"template":"","format":"standard","meta":{"footnotes":""},"categories":[26,124,104,25],"tags":[],"class_list":["post-35274","post","type-post","status-publish","format-standard","has-post-thumbnail","hentry","category-a-la-une","category-fetes","category-la-bresse-la-bresse-son-canton","category-la-bresse-son-canton"],"acf":[],"yoast_head":"<!-- This site is optimized with the Yoast SEO plugin v22.5 - https:\/\/yoast.com\/wordpress\/plugins\/seo\/ -->\n<title>La Bresse\u00a0: premiers jours d\u2019ouverture pour le March\u00e9 de No\u00ebl - Remiremont Info<\/title>\n<meta name=\"robots\" content=\"index, follow, max-snippet:-1, max-image-preview:large, max-video-preview:-1\" \/>\n<link rel=\"canonical\" href=\"https:\/\/vosgesinfo.fr\/remiremontinfo\/2020\/12\/bresse-premiers-jours-douverture-marche-de-noel\/\" \/>\n<meta name=\"twitter:card\" content=\"summary_large_image\" \/>\n<meta name=\"twitter:title\" content=\"La Bresse\u00a0: premiers jours d\u2019ouverture pour le March\u00e9 de No\u00ebl - Remiremont Info\" \/>\n<meta name=\"twitter:description\" content=\"Photo de\u00a0@labresse.fr\u00a0 L\u2019\u00e9dition 2020 du March\u00e9 de No\u00ebl a commenc\u00e9 \u00e0 La Bresse ce samedi 19 d\u00e9cembre. Jusqu\u2019au 3 janvier, [&hellip;]\" \/>\n<meta name=\"twitter:image\" content=\"https:\/\/vosgesinfo.fr\/app\/uploads\/sites\/5\/2024\/09\/202012132186516-2541188749513555-4472283423448802904-n.jpg\" \/>\n<meta name=\"twitter:creator\" content=\"@VosgesInfo88\" \/>\n<meta name=\"twitter:site\" content=\"@VosgesInfo88\" \/>\n<meta name=\"twitter:label1\" content=\"\u00c9crit par\" \/>\n\t<meta name=\"twitter:data1\" content=\"C D\" \/>\n\t<meta name=\"twitter:label2\" content=\"Dur\u00e9e de lecture estim\u00e9e\" \/>\n\t<meta name=\"twitter:data2\" content=\"1 minute\" \/>\n<script type=\"application\/ld+json\" class=\"yoast-schema-graph\">{\"@context\":\"https:\/\/schema.org\",\"@graph\":[{\"@type\":\"Article\",\"@id\":\"https:\/\/vosgesinfo.fr\/remiremontinfo\/2020\/12\/bresse-premiers-jours-douverture-marche-de-noel\/#article\",\"isPartOf\":{\"@id\":\"https:\/\/vosgesinfo.fr\/remiremontinfo\/2020\/12\/bresse-premiers-jours-douverture-marche-de-noel\/\"},\"author\":{\"name\":\"C D\",\"@id\":\"https:\/\/vosgesinfo.fr\/remiremontinfo\/#\/schema\/person\/3bfd164d5218a185b1db68655a265316\"},\"headline\":\"La Bresse\u00a0: premiers jours d\u2019ouverture pour le March\u00e9 de No\u00ebl\",\"datePublished\":\"2020-12-21T05:32:25+00:00\",\"dateModified\":\"2020-12-21T05:32:25+00:00\",\"mainEntityOfPage\":{\"@id\":\"https:\/\/vosgesinfo.fr\/remiremontinfo\/2020\/12\/bresse-premiers-jours-douverture-marche-de-noel\/\"},\"wordCount\":235,\"commentCount\":0,\"publisher\":{\"@id\":\"https:\/\/vosgesinfo.fr\/remiremontinfo\/#organization\"},\"image\":{\"@id\":\"https:\/\/vosgesinfo.fr\/remiremontinfo\/2020\/12\/bresse-premiers-jours-douverture-marche-de-noel\/#primaryimage\"},\"thumbnailUrl\":\"https:\/\/vosgesinfo.fr\/app\/uploads\/sites\/5\/2024\/09\/202012132186516-2541188749513555-4472283423448802904-n.jpg\",\"articleSection\":[\"A la Une\",\"F\u00eates\",\"La Bresse\",\"La Bresse &amp; son canton\"],\"inLanguage\":\"fr-FR\",\"potentialAction\":[{\"@type\":\"CommentAction\",\"name\":\"Comment\",\"target\":[\"https:\/\/vosgesinfo.fr\/remiremontinfo\/2020\/12\/bresse-premiers-jours-douverture-marche-de-noel\/#respond\"]}]},{\"@type\":\"WebPage\",\"@id\":\"https:\/\/vosgesinfo.fr\/remiremontinfo\/2020\/12\/bresse-premiers-jours-douverture-marche-de-noel\/\",\"url\":\"https:\/\/vosgesinfo.fr\/remiremontinfo\/2020\/12\/bresse-premiers-jours-douverture-marche-de-noel\/\",\"name\":\"La Bresse\u00a0: premiers jours d\u2019ouverture pour le March\u00e9 de No\u00ebl - Remiremont Info\",\"isPartOf\":{\"@id\":\"https:\/\/vosgesinfo.fr\/remiremontinfo\/#website\"},\"primaryImageOfPage\":{\"@id\":\"https:\/\/vosgesinfo.fr\/remiremontinfo\/2020\/12\/bresse-premiers-jours-douverture-marche-de-noel\/#primaryimage\"},\"image\":{\"@id\":\"https:\/\/vosgesinfo.fr\/remiremontinfo\/2020\/12\/bresse-premiers-jours-douverture-marche-de-noel\/#primaryimage\"},\"thumbnailUrl\":\"https:\/\/vosgesinfo.fr\/app\/uploads\/sites\/5\/2024\/09\/202012132186516-2541188749513555-4472283423448802904-n.jpg\",\"datePublished\":\"2020-12-21T05:32:25+00:00\",\"dateModified\":\"2020-12-21T05:32:25+00:00\",\"breadcrumb\":{\"@id\":\"https:\/\/vosgesinfo.fr\/remiremontinfo\/2020\/12\/bresse-premiers-jours-douverture-marche-de-noel\/#breadcrumb\"},\"inLanguage\":\"fr-FR\",\"potentialAction\":[{\"@type\":\"ReadAction\",\"target\":[\"https:\/\/vosgesinfo.fr\/remiremontinfo\/2020\/12\/bresse-premiers-jours-douverture-marche-de-noel\/\"]}]},{\"@type\":\"ImageObject\",\"inLanguage\":\"fr-FR\",\"@id\":\"https:\/\/vosgesinfo.fr\/remiremontinfo\/2020\/12\/bresse-premiers-jours-douverture-marche-de-noel\/#primaryimage\",\"url\":\"https:\/\/vosgesinfo.fr\/app\/uploads\/sites\/5\/2024\/09\/202012132186516-2541188749513555-4472283423448802904-n.jpg\",\"contentUrl\":\"https:\/\/vosgesinfo.fr\/app\/uploads\/sites\/5\/2024\/09\/202012132186516-2541188749513555-4472283423448802904-n.jpg\",\"width\":800,\"height\":626},{\"@type\":\"BreadcrumbList\",\"@id\":\"https:\/\/vosgesinfo.fr\/remiremontinfo\/2020\/12\/bresse-premiers-jours-douverture-marche-de-noel\/#breadcrumb\",\"itemListElement\":[{\"@type\":\"ListItem\",\"position\":1,\"name\":\"Home\",\"item\":\"https:\/\/vosgesinfo.fr\/remiremontinfo\/\"},{\"@type\":\"ListItem\",\"position\":2,\"name\":\"La Bresse\u00a0: premiers jours d\u2019ouverture pour le March\u00e9 de No\u00ebl\"}]},{\"@type\":\"WebSite\",\"@id\":\"https:\/\/vosgesinfo.fr\/remiremontinfo\/#website\",\"url\":\"https:\/\/vosgesinfo.fr\/remiremontinfo\/\",\"name\":\"Remiremont Info\",\"description\":\"Toute l&#039;actualit\u00e9 de Remiremont\",\"publisher\":{\"@id\":\"https:\/\/vosgesinfo.fr\/remiremontinfo\/#organization\"},\"alternateName\":\"Toute l'actualit\u00e9 de Remiremont\",\"potentialAction\":[{\"@type\":\"SearchAction\",\"target\":{\"@type\":\"EntryPoint\",\"urlTemplate\":\"https:\/\/vosgesinfo.fr\/remiremontinfo\/?s={search_term_string}\"},\"query-input\":\"required name=search_term_string\"}],\"inLanguage\":\"fr-FR\"},{\"@type\":\"Organization\",\"@id\":\"https:\/\/vosgesinfo.fr\/remiremontinfo\/#organization\",\"name\":\"Remiremont Info\",\"url\":\"https:\/\/vosgesinfo.fr\/remiremontinfo\/\",\"logo\":{\"@type\":\"ImageObject\",\"inLanguage\":\"fr-FR\",\"@id\":\"https:\/\/vosgesinfo.fr\/remiremontinfo\/#\/schema\/logo\/image\/\",\"url\":\"https:\/\/vosgesinfo.fr\/app\/uploads\/sites\/5\/2023\/08\/favicon-remiremontinfo.png\",\"contentUrl\":\"https:\/\/vosgesinfo.fr\/app\/uploads\/sites\/5\/2023\/08\/favicon-remiremontinfo.png\",\"width\":512,\"height\":512,\"caption\":\"Remiremont Info\"},\"image\":{\"@id\":\"https:\/\/vosgesinfo.fr\/remiremontinfo\/#\/schema\/logo\/image\/\"},\"sameAs\":[\"https:\/\/www.facebook.com\/remiremontinfo\",\"https:\/\/x.com\/VosgesInfo88\",\"https:\/\/www.youtube.com\/@vosgesinfo\"]},{\"@type\":\"Person\",\"@id\":\"https:\/\/vosgesinfo.fr\/remiremontinfo\/#\/schema\/person\/3bfd164d5218a185b1db68655a265316\",\"name\":\"C D\",\"image\":{\"@type\":\"ImageObject\",\"inLanguage\":\"fr-FR\",\"@id\":\"https:\/\/vosgesinfo.fr\/remiremontinfo\/#\/schema\/person\/image\/\",\"url\":\"https:\/\/secure.gravatar.com\/avatar\/1f9a70007336511a47468b8f1c66f922b8b7cf617b02a31149ada43893a5d48f?s=96&d=mm&r=g\",\"contentUrl\":\"https:\/\/secure.gravatar.com\/avatar\/1f9a70007336511a47468b8f1c66f922b8b7cf617b02a31149ada43893a5d48f?s=96&d=mm&r=g\",\"caption\":\"C D\"},\"url\":\"https:\/\/vosgesinfo.fr\/remiremontinfo\/author\/cedric-drevet\/\"}]}<\/script>\n<!-- \/ Yoast SEO plugin. -->","yoast_head_json":{"title":"La Bresse\u00a0: premiers jours d\u2019ouverture pour le March\u00e9 de No\u00ebl - Remiremont Info","robots":{"index":"index","follow":"follow","max-snippet":"max-snippet:-1","max-image-preview":"max-image-preview:large","max-video-preview":"max-video-preview:-1"},"canonical":"https:\/\/vosgesinfo.fr\/remiremontinfo\/2020\/12\/bresse-premiers-jours-douverture-marche-de-noel\/","twitter_card":"summary_large_image","twitter_title":"La Bresse\u00a0: premiers jours d\u2019ouverture pour le March\u00e9 de No\u00ebl - Remiremont Info","twitter_description":"Photo de\u00a0@labresse.fr\u00a0 L\u2019\u00e9dition 2020 du March\u00e9 de No\u00ebl a commenc\u00e9 \u00e0 La Bresse ce samedi 19 d\u00e9cembre. Jusqu\u2019au 3 janvier, [&hellip;]","twitter_image":"https:\/\/vosgesinfo.fr\/app\/uploads\/sites\/5\/2024\/09\/202012132186516-2541188749513555-4472283423448802904-n.jpg","twitter_creator":"@VosgesInfo88","twitter_site":"@VosgesInfo88","twitter_misc":{"\u00c9crit par":"C D","Dur\u00e9e de lecture estim\u00e9e":"1 minute"},"schema":{"@context":"https:\/\/schema.org","@graph":[{"@type":"Article","@id":"https:\/\/vosgesinfo.fr\/remiremontinfo\/2020\/12\/bresse-premiers-jours-douverture-marche-de-noel\/#article","isPartOf":{"@id":"https:\/\/vosgesinfo.fr\/remiremontinfo\/2020\/12\/bresse-premiers-jours-douverture-marche-de-noel\/"},"author":{"name":"C D","@id":"https:\/\/vosgesinfo.fr\/remiremontinfo\/#\/schema\/person\/3bfd164d5218a185b1db68655a265316"},"headline":"La Bresse\u00a0: premiers jours d\u2019ouverture pour le March\u00e9 de No\u00ebl","datePublished":"2020-12-21T05:32:25+00:00","dateModified":"2020-12-21T05:32:25+00:00","mainEntityOfPage":{"@id":"https:\/\/vosgesinfo.fr\/remiremontinfo\/2020\/12\/bresse-premiers-jours-douverture-marche-de-noel\/"},"wordCount":235,"commentCount":0,"publisher":{"@id":"https:\/\/vosgesinfo.fr\/remiremontinfo\/#organization"},"image":{"@id":"https:\/\/vosgesinfo.fr\/remiremontinfo\/2020\/12\/bresse-premiers-jours-douverture-marche-de-noel\/#primaryimage"},"thumbnailUrl":"https:\/\/vosgesinfo.fr\/app\/uploads\/sites\/5\/2024\/09\/202012132186516-2541188749513555-4472283423448802904-n.jpg","articleSection":["A la Une","F\u00eates","La Bresse","La Bresse &amp; son canton"],"inLanguage":"fr-FR","potentialAction":[{"@type":"CommentAction","name":"Comment","target":["https:\/\/vosgesinfo.fr\/remiremontinfo\/2020\/12\/bresse-premiers-jours-douverture-marche-de-noel\/#respond"]}]},{"@type":"WebPage","@id":"https:\/\/vosgesinfo.fr\/remiremontinfo\/2020\/12\/bresse-premiers-jours-douverture-marche-de-noel\/","url":"https:\/\/vosgesinfo.fr\/remiremontinfo\/2020\/12\/bresse-premiers-jours-douverture-marche-de-noel\/","name":"La Bresse\u00a0: premiers jours d\u2019ouverture pour le March\u00e9 de No\u00ebl - Remiremont Info","isPartOf":{"@id":"https:\/\/vosgesinfo.fr\/remiremontinfo\/#website"},"primaryImageOfPage":{"@id":"https:\/\/vosgesinfo.fr\/remiremontinfo\/2020\/12\/bresse-premiers-jours-douverture-marche-de-noel\/#primaryimage"},"image":{"@id":"https:\/\/vosgesinfo.fr\/remiremontinfo\/2020\/12\/bresse-premiers-jours-douverture-marche-de-noel\/#primaryimage"},"thumbnailUrl":"https:\/\/vosgesinfo.fr\/app\/uploads\/sites\/5\/2024\/09\/202012132186516-2541188749513555-4472283423448802904-n.jpg","datePublished":"2020-12-21T05:32:25+00:00","dateModified":"2020-12-21T05:32:25+00:00","breadcrumb":{"@id":"https:\/\/vosgesinfo.fr\/remiremontinfo\/2020\/12\/bresse-premiers-jours-douverture-marche-de-noel\/#breadcrumb"},"inLanguage":"fr-FR","potentialAction":[{"@type":"ReadAction","target":["https:\/\/vosgesinfo.fr\/remiremontinfo\/2020\/12\/bresse-premiers-jours-douverture-marche-de-noel\/"]}]},{"@type":"ImageObject","inLanguage":"fr-FR","@id":"https:\/\/vosgesinfo.fr\/remiremontinfo\/2020\/12\/bresse-premiers-jours-douverture-marche-de-noel\/#primaryimage","url":"https:\/\/vosgesinfo.fr\/app\/uploads\/sites\/5\/2024\/09\/202012132186516-2541188749513555-4472283423448802904-n.jpg","contentUrl":"https:\/\/vosgesinfo.fr\/app\/uploads\/sites\/5\/2024\/09\/202012132186516-2541188749513555-4472283423448802904-n.jpg","width":800,"height":626},{"@type":"BreadcrumbList","@id":"https:\/\/vosgesinfo.fr\/remiremontinfo\/2020\/12\/bresse-premiers-jours-douverture-marche-de-noel\/#breadcrumb","itemListElement":[{"@type":"ListItem","position":1,"name":"Home","item":"https:\/\/vosgesinfo.fr\/remiremontinfo\/"},{"@type":"ListItem","position":2,"name":"La Bresse\u00a0: premiers jours d\u2019ouverture pour le March\u00e9 de No\u00ebl"}]},{"@type":"WebSite","@id":"https:\/\/vosgesinfo.fr\/remiremontinfo\/#website","url":"https:\/\/vosgesinfo.fr\/remiremontinfo\/","name":"Remiremont Info","description":"Toute l&#039;actualit\u00e9 de Remiremont","publisher":{"@id":"https:\/\/vosgesinfo.fr\/remiremontinfo\/#organization"},"alternateName":"Toute l'actualit\u00e9 de Remiremont","potentialAction":[{"@type":"SearchAction","target":{"@type":"EntryPoint","urlTemplate":"https:\/\/vosgesinfo.fr\/remiremontinfo\/?s={search_term_string}"},"query-input":"required name=search_term_string"}],"inLanguage":"fr-FR"},{"@type":"Organization","@id":"https:\/\/vosgesinfo.fr\/remiremontinfo\/#organization","name":"Remiremont Info","url":"https:\/\/vosgesinfo.fr\/remiremontinfo\/","logo":{"@type":"ImageObject","inLanguage":"fr-FR","@id":"https:\/\/vosgesinfo.fr\/remiremontinfo\/#\/schema\/logo\/image\/","url":"https:\/\/vosgesinfo.fr\/app\/uploads\/sites\/5\/2023\/08\/favicon-remiremontinfo.png","contentUrl":"https:\/\/vosgesinfo.fr\/app\/uploads\/sites\/5\/2023\/08\/favicon-remiremontinfo.png","width":512,"height":512,"caption":"Remiremont Info"},"image":{"@id":"https:\/\/vosgesinfo.fr\/remiremontinfo\/#\/schema\/logo\/image\/"},"sameAs":["https:\/\/www.facebook.com\/remiremontinfo","https:\/\/x.com\/VosgesInfo88","https:\/\/www.youtube.com\/@vosgesinfo"]},{"@type":"Person","@id":"https:\/\/vosgesinfo.fr\/remiremontinfo\/#\/schema\/person\/3bfd164d5218a185b1db68655a265316","name":"C D","image":{"@type":"ImageObject","inLanguage":"fr-FR","@id":"https:\/\/vosgesinfo.fr\/remiremontinfo\/#\/schema\/person\/image\/","url":"https:\/\/secure.gravatar.com\/avatar\/1f9a70007336511a47468b8f1c66f922b8b7cf617b02a31149ada43893a5d48f?s=96&d=mm&r=g","contentUrl":"https:\/\/secure.gravatar.com\/avatar\/1f9a70007336511a47468b8f1c66f922b8b7cf617b02a31149ada43893a5d48f?s=96&d=mm&r=g","caption":"C D"},"url":"https:\/\/vosgesinfo.fr\/remiremontinfo\/author\/cedric-drevet\/"}]}},"_links":{"self":[{"href":"https:\/\/vosgesinfo.fr\/remiremontinfo\/wp-json\/wp\/v2\/posts\/35274","targetHints":{"allow":["GET"]}}],"collection":[{"href":"https:\/\/vosgesinfo.fr\/remiremontinfo\/wp-json\/wp\/v2\/posts"}],"about":[{"href":"https:\/\/vosgesinfo.fr\/remiremontinfo\/wp-json\/wp\/v2\/types\/post"}],"author":[{"embeddable":true,"href":"https:\/\/vosgesinfo.fr\/remiremontinfo\/wp-json\/wp\/v2\/users\/407"}],"replies":[{"embeddable":true,"href":"https:\/\/vosgesinfo.fr\/remiremontinfo\/wp-json\/wp\/v2\/comments?post=35274"}],"version-history":[{"count":0,"href":"https:\/\/vosgesinfo.fr\/remiremontinfo\/wp-json\/wp\/v2\/posts\/35274\/revisions"}],"wp:featuredmedia":[{"embeddable":true,"href":"https:\/\/vosgesinfo.fr\/remiremontinfo\/wp-json\/wp\/v2\/media\/35275"}],"wp:attachment":[{"href":"https:\/\/vosgesinfo.fr\/remiremontinfo\/wp-json\/wp\/v2\/media?parent=35274"}],"wp:term":[{"taxonomy":"category","embeddable":true,"href":"https:\/\/vosgesinfo.fr\/remiremontinfo\/wp-json\/wp\/v2\/categories?post=35274"},{"taxonomy":"post_tag","embeddable":true,"href":"https:\/\/vosgesinfo.fr\/remiremontinfo\/wp-json\/wp\/v2\/tags?post=35274"}],"curies":[{"name":"wp","href":"https:\/\/api.w.org\/{rel}","templated":true}]}}