{"id":35276,"date":"2020-12-21T16:51:04","date_gmt":"2020-12-21T15:51:04","guid":{"rendered":"https:\/\/vosgesinfo.fr\/remiremontinfo\/2020\/12\/ski-alpin-deception-clement-noel-premier-slalom-de-coupe-monde\/"},"modified":"2020-12-21T16:51:04","modified_gmt":"2020-12-21T15:51:04","slug":"ski-alpin-deception-clement-noel-premier-slalom-de-coupe-monde","status":"publish","type":"post","link":"https:\/\/vosgesinfo.fr\/remiremontinfo\/2020\/12\/ski-alpin-deception-clement-noel-premier-slalom-de-coupe-monde\/","title":{"rendered":"Ski alpin\u00a0: d\u00e9ception pour Cl\u00e9ment No\u00ebl au premier slalom de Coupe du monde"},"content":{"rendered":"<p style=\"text-align: center;\"><a href=\"\/2020\/12\/129497630_1098148923947005_228170037202044878_n.jpg\"><img decoding=\"async\" class=\"alignnone size-full wp-image-304933\" src=\"\/2020\/12\/129497630_1098148923947005_228170037202044878_n.jpg\" alt=\"129497630_1098148923947005_228170037202044878_n\" width=\"800\" height=\"534\" \/><\/a><\/p>\n<p style=\"text-align: left;\"><span style=\"font-size: 10pt;\"><em>Photo de\u00a0<span class=\"tojvnm2t a6sixzi8 abs2jz4q a8s20v7p t1p8iaqh k5wvi7nf q3lfd5jv pk4s997a bipmatt0 cebpdrjk qowsmv63 owwhemhu dp1hu0rb dhp61c6y iyyx5f41\">@ClementNoelSki<\/span><span class=\"rfua0xdk pmk7jnqg stjgntxs ni8dbmo4 ay7djpcl q45zohi1\">\u00a0<\/span><\/em><\/span><\/p>\n<h2><span style=\"font-size: 12pt;\"><strong>C\u2019est \u00e9videmment une d\u00e9ception pour Cl\u00e9ment No\u00ebl. On se souvient de ses performances des deux ann\u00e9es pass\u00e9es. Le skieur vosgien a commis une faute en cours de descente lors du slalom d&rsquo;Alta Badia, premier de la saison de Coupe du monde. Il est all\u00e9 jusqu&rsquo;au bout, mais a r\u00e9alis\u00e9 le plus mauvais chrono de la premi\u00e8re manche. Tout n\u2019est pas perdu pour autant\u00a0!<\/strong><\/span><\/h2>\n<p>Cl\u00e9ment No\u00ebl n\u2019a pas pu participer \u00e0 la seconde manche, dans l\u2019apr\u00e8s-midi. Le suisse Ramon Zenhaeusern a finalement remport\u00e9 l\u2019\u00e9preuve. Il est suivi par Manuel Feller et Marco Schwarz, tout deux autrichiens, et par l\u2019italien Alex Vinatzer. Le premier fran\u00e7ais au classement final de cette premi\u00e8re \u00e9preuve est Victor Muffat-Jeandet, qui arrive en cinqui\u00e8me position. Cl\u00e9ment No\u00ebl aura la possibilit\u00e9 de se rattraper d\u00e8s mardi soir \u00e0 Madonna.<\/p>\n","protected":false},"excerpt":{"rendered":"<p>Photo de\u00a0@ClementNoelSki\u00a0 C\u2019est \u00e9videmment une d\u00e9ception pour Cl\u00e9ment No\u00ebl. On se souvient de ses performances des deux ann\u00e9es pass\u00e9es. Le [&hellip;]<\/p>\n","protected":false},"author":407,"featured_media":35277,"comment_status":"open","ping_status":"open","sticky":false,"template":"","format":"standard","meta":{"footnotes":""},"categories":[26,14,18],"tags":[],"class_list":["post-35276","post","type-post","status-publish","format-standard","has-post-thumbnail","hentry","category-a-la-une","category-sport","category-vosges"],"acf":[],"yoast_head":"<!-- This site is optimized with the Yoast SEO plugin v22.5 - https:\/\/yoast.com\/wordpress\/plugins\/seo\/ -->\n<title>Ski alpin\u00a0: d\u00e9ception pour Cl\u00e9ment No\u00ebl au premier slalom de Coupe du monde - Remiremont Info<\/title>\n<meta name=\"robots\" content=\"index, follow, max-snippet:-1, max-image-preview:large, max-video-preview:-1\" \/>\n<link rel=\"canonical\" href=\"https:\/\/vosgesinfo.fr\/remiremontinfo\/2020\/12\/ski-alpin-deception-clement-noel-premier-slalom-de-coupe-monde\/\" \/>\n<meta name=\"twitter:card\" content=\"summary_large_image\" \/>\n<meta name=\"twitter:title\" content=\"Ski alpin\u00a0: d\u00e9ception pour Cl\u00e9ment No\u00ebl au premier slalom de Coupe du monde - Remiremont Info\" \/>\n<meta name=\"twitter:description\" content=\"Photo de\u00a0@ClementNoelSki\u00a0 C\u2019est \u00e9videmment une d\u00e9ception pour Cl\u00e9ment No\u00ebl. On se souvient de ses performances des deux ann\u00e9es pass\u00e9es. Le [&hellip;]\" \/>\n<meta name=\"twitter:image\" content=\"https:\/\/vosgesinfo.fr\/app\/uploads\/sites\/5\/2024\/09\/202012129497630-1098148923947005-228170037202044878-n.jpg\" \/>\n<meta name=\"twitter:creator\" content=\"@VosgesInfo88\" \/>\n<meta name=\"twitter:site\" content=\"@VosgesInfo88\" \/>\n<meta name=\"twitter:label1\" content=\"\u00c9crit par\" \/>\n\t<meta name=\"twitter:data1\" content=\"C D\" \/>\n\t<meta name=\"twitter:label2\" content=\"Dur\u00e9e de lecture estim\u00e9e\" \/>\n\t<meta name=\"twitter:data2\" content=\"1 minute\" \/>\n<script type=\"application\/ld+json\" class=\"yoast-schema-graph\">{\"@context\":\"https:\/\/schema.org\",\"@graph\":[{\"@type\":\"Article\",\"@id\":\"https:\/\/vosgesinfo.fr\/remiremontinfo\/2020\/12\/ski-alpin-deception-clement-noel-premier-slalom-de-coupe-monde\/#article\",\"isPartOf\":{\"@id\":\"https:\/\/vosgesinfo.fr\/remiremontinfo\/2020\/12\/ski-alpin-deception-clement-noel-premier-slalom-de-coupe-monde\/\"},\"author\":{\"name\":\"C D\",\"@id\":\"https:\/\/vosgesinfo.fr\/remiremontinfo\/#\/schema\/person\/3bfd164d5218a185b1db68655a265316\"},\"headline\":\"Ski alpin\u00a0: d\u00e9ception pour Cl\u00e9ment No\u00ebl au premier slalom de Coupe du monde\",\"datePublished\":\"2020-12-21T15:51:04+00:00\",\"dateModified\":\"2020-12-21T15:51:04+00:00\",\"mainEntityOfPage\":{\"@id\":\"https:\/\/vosgesinfo.fr\/remiremontinfo\/2020\/12\/ski-alpin-deception-clement-noel-premier-slalom-de-coupe-monde\/\"},\"wordCount\":172,\"commentCount\":0,\"publisher\":{\"@id\":\"https:\/\/vosgesinfo.fr\/remiremontinfo\/#organization\"},\"image\":{\"@id\":\"https:\/\/vosgesinfo.fr\/remiremontinfo\/2020\/12\/ski-alpin-deception-clement-noel-premier-slalom-de-coupe-monde\/#primaryimage\"},\"thumbnailUrl\":\"https:\/\/vosgesinfo.fr\/app\/uploads\/sites\/5\/2024\/09\/202012129497630-1098148923947005-228170037202044878-n.jpg\",\"articleSection\":[\"A la Une\",\"Sport\",\"Vosges\"],\"inLanguage\":\"fr-FR\",\"potentialAction\":[{\"@type\":\"CommentAction\",\"name\":\"Comment\",\"target\":[\"https:\/\/vosgesinfo.fr\/remiremontinfo\/2020\/12\/ski-alpin-deception-clement-noel-premier-slalom-de-coupe-monde\/#respond\"]}]},{\"@type\":\"WebPage\",\"@id\":\"https:\/\/vosgesinfo.fr\/remiremontinfo\/2020\/12\/ski-alpin-deception-clement-noel-premier-slalom-de-coupe-monde\/\",\"url\":\"https:\/\/vosgesinfo.fr\/remiremontinfo\/2020\/12\/ski-alpin-deception-clement-noel-premier-slalom-de-coupe-monde\/\",\"name\":\"Ski alpin\u00a0: d\u00e9ception pour Cl\u00e9ment No\u00ebl au premier slalom de Coupe du monde - Remiremont Info\",\"isPartOf\":{\"@id\":\"https:\/\/vosgesinfo.fr\/remiremontinfo\/#website\"},\"primaryImageOfPage\":{\"@id\":\"https:\/\/vosgesinfo.fr\/remiremontinfo\/2020\/12\/ski-alpin-deception-clement-noel-premier-slalom-de-coupe-monde\/#primaryimage\"},\"image\":{\"@id\":\"https:\/\/vosgesinfo.fr\/remiremontinfo\/2020\/12\/ski-alpin-deception-clement-noel-premier-slalom-de-coupe-monde\/#primaryimage\"},\"thumbnailUrl\":\"https:\/\/vosgesinfo.fr\/app\/uploads\/sites\/5\/2024\/09\/202012129497630-1098148923947005-228170037202044878-n.jpg\",\"datePublished\":\"2020-12-21T15:51:04+00:00\",\"dateModified\":\"2020-12-21T15:51:04+00:00\",\"breadcrumb\":{\"@id\":\"https:\/\/vosgesinfo.fr\/remiremontinfo\/2020\/12\/ski-alpin-deception-clement-noel-premier-slalom-de-coupe-monde\/#breadcrumb\"},\"inLanguage\":\"fr-FR\",\"potentialAction\":[{\"@type\":\"ReadAction\",\"target\":[\"https:\/\/vosgesinfo.fr\/remiremontinfo\/2020\/12\/ski-alpin-deception-clement-noel-premier-slalom-de-coupe-monde\/\"]}]},{\"@type\":\"ImageObject\",\"inLanguage\":\"fr-FR\",\"@id\":\"https:\/\/vosgesinfo.fr\/remiremontinfo\/2020\/12\/ski-alpin-deception-clement-noel-premier-slalom-de-coupe-monde\/#primaryimage\",\"url\":\"https:\/\/vosgesinfo.fr\/app\/uploads\/sites\/5\/2024\/09\/202012129497630-1098148923947005-228170037202044878-n.jpg\",\"contentUrl\":\"https:\/\/vosgesinfo.fr\/app\/uploads\/sites\/5\/2024\/09\/202012129497630-1098148923947005-228170037202044878-n.jpg\",\"width\":800,\"height\":534},{\"@type\":\"BreadcrumbList\",\"@id\":\"https:\/\/vosgesinfo.fr\/remiremontinfo\/2020\/12\/ski-alpin-deception-clement-noel-premier-slalom-de-coupe-monde\/#breadcrumb\",\"itemListElement\":[{\"@type\":\"ListItem\",\"position\":1,\"name\":\"Home\",\"item\":\"https:\/\/vosgesinfo.fr\/remiremontinfo\/\"},{\"@type\":\"ListItem\",\"position\":2,\"name\":\"Ski alpin\u00a0: d\u00e9ception pour Cl\u00e9ment No\u00ebl au premier slalom de Coupe du monde\"}]},{\"@type\":\"WebSite\",\"@id\":\"https:\/\/vosgesinfo.fr\/remiremontinfo\/#website\",\"url\":\"https:\/\/vosgesinfo.fr\/remiremontinfo\/\",\"name\":\"Remiremont Info\",\"description\":\"Toute l&#039;actualit\u00e9 de Remiremont\",\"publisher\":{\"@id\":\"https:\/\/vosgesinfo.fr\/remiremontinfo\/#organization\"},\"alternateName\":\"Toute l'actualit\u00e9 de Remiremont\",\"potentialAction\":[{\"@type\":\"SearchAction\",\"target\":{\"@type\":\"EntryPoint\",\"urlTemplate\":\"https:\/\/vosgesinfo.fr\/remiremontinfo\/?s={search_term_string}\"},\"query-input\":\"required name=search_term_string\"}],\"inLanguage\":\"fr-FR\"},{\"@type\":\"Organization\",\"@id\":\"https:\/\/vosgesinfo.fr\/remiremontinfo\/#organization\",\"name\":\"Remiremont Info\",\"url\":\"https:\/\/vosgesinfo.fr\/remiremontinfo\/\",\"logo\":{\"@type\":\"ImageObject\",\"inLanguage\":\"fr-FR\",\"@id\":\"https:\/\/vosgesinfo.fr\/remiremontinfo\/#\/schema\/logo\/image\/\",\"url\":\"https:\/\/vosgesinfo.fr\/app\/uploads\/sites\/5\/2023\/08\/favicon-remiremontinfo.png\",\"contentUrl\":\"https:\/\/vosgesinfo.fr\/app\/uploads\/sites\/5\/2023\/08\/favicon-remiremontinfo.png\",\"width\":512,\"height\":512,\"caption\":\"Remiremont Info\"},\"image\":{\"@id\":\"https:\/\/vosgesinfo.fr\/remiremontinfo\/#\/schema\/logo\/image\/\"},\"sameAs\":[\"https:\/\/www.facebook.com\/remiremontinfo\",\"https:\/\/x.com\/VosgesInfo88\",\"https:\/\/www.youtube.com\/@vosgesinfo\"]},{\"@type\":\"Person\",\"@id\":\"https:\/\/vosgesinfo.fr\/remiremontinfo\/#\/schema\/person\/3bfd164d5218a185b1db68655a265316\",\"name\":\"C D\",\"image\":{\"@type\":\"ImageObject\",\"inLanguage\":\"fr-FR\",\"@id\":\"https:\/\/vosgesinfo.fr\/remiremontinfo\/#\/schema\/person\/image\/\",\"url\":\"https:\/\/secure.gravatar.com\/avatar\/1f9a70007336511a47468b8f1c66f922b8b7cf617b02a31149ada43893a5d48f?s=96&d=mm&r=g\",\"contentUrl\":\"https:\/\/secure.gravatar.com\/avatar\/1f9a70007336511a47468b8f1c66f922b8b7cf617b02a31149ada43893a5d48f?s=96&d=mm&r=g\",\"caption\":\"C D\"},\"url\":\"https:\/\/vosgesinfo.fr\/remiremontinfo\/author\/cedric-drevet\/\"}]}<\/script>\n<!-- \/ Yoast SEO plugin. -->","yoast_head_json":{"title":"Ski alpin\u00a0: d\u00e9ception pour Cl\u00e9ment No\u00ebl au premier slalom de Coupe du monde - Remiremont Info","robots":{"index":"index","follow":"follow","max-snippet":"max-snippet:-1","max-image-preview":"max-image-preview:large","max-video-preview":"max-video-preview:-1"},"canonical":"https:\/\/vosgesinfo.fr\/remiremontinfo\/2020\/12\/ski-alpin-deception-clement-noel-premier-slalom-de-coupe-monde\/","twitter_card":"summary_large_image","twitter_title":"Ski alpin\u00a0: d\u00e9ception pour Cl\u00e9ment No\u00ebl au premier slalom de Coupe du monde - Remiremont Info","twitter_description":"Photo de\u00a0@ClementNoelSki\u00a0 C\u2019est \u00e9videmment une d\u00e9ception pour Cl\u00e9ment No\u00ebl. On se souvient de ses performances des deux ann\u00e9es pass\u00e9es. Le [&hellip;]","twitter_image":"https:\/\/vosgesinfo.fr\/app\/uploads\/sites\/5\/2024\/09\/202012129497630-1098148923947005-228170037202044878-n.jpg","twitter_creator":"@VosgesInfo88","twitter_site":"@VosgesInfo88","twitter_misc":{"\u00c9crit par":"C D","Dur\u00e9e de lecture estim\u00e9e":"1 minute"},"schema":{"@context":"https:\/\/schema.org","@graph":[{"@type":"Article","@id":"https:\/\/vosgesinfo.fr\/remiremontinfo\/2020\/12\/ski-alpin-deception-clement-noel-premier-slalom-de-coupe-monde\/#article","isPartOf":{"@id":"https:\/\/vosgesinfo.fr\/remiremontinfo\/2020\/12\/ski-alpin-deception-clement-noel-premier-slalom-de-coupe-monde\/"},"author":{"name":"C D","@id":"https:\/\/vosgesinfo.fr\/remiremontinfo\/#\/schema\/person\/3bfd164d5218a185b1db68655a265316"},"headline":"Ski alpin\u00a0: d\u00e9ception pour Cl\u00e9ment No\u00ebl au premier slalom de Coupe du monde","datePublished":"2020-12-21T15:51:04+00:00","dateModified":"2020-12-21T15:51:04+00:00","mainEntityOfPage":{"@id":"https:\/\/vosgesinfo.fr\/remiremontinfo\/2020\/12\/ski-alpin-deception-clement-noel-premier-slalom-de-coupe-monde\/"},"wordCount":172,"commentCount":0,"publisher":{"@id":"https:\/\/vosgesinfo.fr\/remiremontinfo\/#organization"},"image":{"@id":"https:\/\/vosgesinfo.fr\/remiremontinfo\/2020\/12\/ski-alpin-deception-clement-noel-premier-slalom-de-coupe-monde\/#primaryimage"},"thumbnailUrl":"https:\/\/vosgesinfo.fr\/app\/uploads\/sites\/5\/2024\/09\/202012129497630-1098148923947005-228170037202044878-n.jpg","articleSection":["A la Une","Sport","Vosges"],"inLanguage":"fr-FR","potentialAction":[{"@type":"CommentAction","name":"Comment","target":["https:\/\/vosgesinfo.fr\/remiremontinfo\/2020\/12\/ski-alpin-deception-clement-noel-premier-slalom-de-coupe-monde\/#respond"]}]},{"@type":"WebPage","@id":"https:\/\/vosgesinfo.fr\/remiremontinfo\/2020\/12\/ski-alpin-deception-clement-noel-premier-slalom-de-coupe-monde\/","url":"https:\/\/vosgesinfo.fr\/remiremontinfo\/2020\/12\/ski-alpin-deception-clement-noel-premier-slalom-de-coupe-monde\/","name":"Ski alpin\u00a0: d\u00e9ception pour Cl\u00e9ment No\u00ebl au premier slalom de Coupe du monde - Remiremont Info","isPartOf":{"@id":"https:\/\/vosgesinfo.fr\/remiremontinfo\/#website"},"primaryImageOfPage":{"@id":"https:\/\/vosgesinfo.fr\/remiremontinfo\/2020\/12\/ski-alpin-deception-clement-noel-premier-slalom-de-coupe-monde\/#primaryimage"},"image":{"@id":"https:\/\/vosgesinfo.fr\/remiremontinfo\/2020\/12\/ski-alpin-deception-clement-noel-premier-slalom-de-coupe-monde\/#primaryimage"},"thumbnailUrl":"https:\/\/vosgesinfo.fr\/app\/uploads\/sites\/5\/2024\/09\/202012129497630-1098148923947005-228170037202044878-n.jpg","datePublished":"2020-12-21T15:51:04+00:00","dateModified":"2020-12-21T15:51:04+00:00","breadcrumb":{"@id":"https:\/\/vosgesinfo.fr\/remiremontinfo\/2020\/12\/ski-alpin-deception-clement-noel-premier-slalom-de-coupe-monde\/#breadcrumb"},"inLanguage":"fr-FR","potentialAction":[{"@type":"ReadAction","target":["https:\/\/vosgesinfo.fr\/remiremontinfo\/2020\/12\/ski-alpin-deception-clement-noel-premier-slalom-de-coupe-monde\/"]}]},{"@type":"ImageObject","inLanguage":"fr-FR","@id":"https:\/\/vosgesinfo.fr\/remiremontinfo\/2020\/12\/ski-alpin-deception-clement-noel-premier-slalom-de-coupe-monde\/#primaryimage","url":"https:\/\/vosgesinfo.fr\/app\/uploads\/sites\/5\/2024\/09\/202012129497630-1098148923947005-228170037202044878-n.jpg","contentUrl":"https:\/\/vosgesinfo.fr\/app\/uploads\/sites\/5\/2024\/09\/202012129497630-1098148923947005-228170037202044878-n.jpg","width":800,"height":534},{"@type":"BreadcrumbList","@id":"https:\/\/vosgesinfo.fr\/remiremontinfo\/2020\/12\/ski-alpin-deception-clement-noel-premier-slalom-de-coupe-monde\/#breadcrumb","itemListElement":[{"@type":"ListItem","position":1,"name":"Home","item":"https:\/\/vosgesinfo.fr\/remiremontinfo\/"},{"@type":"ListItem","position":2,"name":"Ski alpin\u00a0: d\u00e9ception pour Cl\u00e9ment No\u00ebl au premier slalom de Coupe du monde"}]},{"@type":"WebSite","@id":"https:\/\/vosgesinfo.fr\/remiremontinfo\/#website","url":"https:\/\/vosgesinfo.fr\/remiremontinfo\/","name":"Remiremont Info","description":"Toute l&#039;actualit\u00e9 de Remiremont","publisher":{"@id":"https:\/\/vosgesinfo.fr\/remiremontinfo\/#organization"},"alternateName":"Toute l'actualit\u00e9 de Remiremont","potentialAction":[{"@type":"SearchAction","target":{"@type":"EntryPoint","urlTemplate":"https:\/\/vosgesinfo.fr\/remiremontinfo\/?s={search_term_string}"},"query-input":"required name=search_term_string"}],"inLanguage":"fr-FR"},{"@type":"Organization","@id":"https:\/\/vosgesinfo.fr\/remiremontinfo\/#organization","name":"Remiremont Info","url":"https:\/\/vosgesinfo.fr\/remiremontinfo\/","logo":{"@type":"ImageObject","inLanguage":"fr-FR","@id":"https:\/\/vosgesinfo.fr\/remiremontinfo\/#\/schema\/logo\/image\/","url":"https:\/\/vosgesinfo.fr\/app\/uploads\/sites\/5\/2023\/08\/favicon-remiremontinfo.png","contentUrl":"https:\/\/vosgesinfo.fr\/app\/uploads\/sites\/5\/2023\/08\/favicon-remiremontinfo.png","width":512,"height":512,"caption":"Remiremont Info"},"image":{"@id":"https:\/\/vosgesinfo.fr\/remiremontinfo\/#\/schema\/logo\/image\/"},"sameAs":["https:\/\/www.facebook.com\/remiremontinfo","https:\/\/x.com\/VosgesInfo88","https:\/\/www.youtube.com\/@vosgesinfo"]},{"@type":"Person","@id":"https:\/\/vosgesinfo.fr\/remiremontinfo\/#\/schema\/person\/3bfd164d5218a185b1db68655a265316","name":"C D","image":{"@type":"ImageObject","inLanguage":"fr-FR","@id":"https:\/\/vosgesinfo.fr\/remiremontinfo\/#\/schema\/person\/image\/","url":"https:\/\/secure.gravatar.com\/avatar\/1f9a70007336511a47468b8f1c66f922b8b7cf617b02a31149ada43893a5d48f?s=96&d=mm&r=g","contentUrl":"https:\/\/secure.gravatar.com\/avatar\/1f9a70007336511a47468b8f1c66f922b8b7cf617b02a31149ada43893a5d48f?s=96&d=mm&r=g","caption":"C D"},"url":"https:\/\/vosgesinfo.fr\/remiremontinfo\/author\/cedric-drevet\/"}]}},"_links":{"self":[{"href":"https:\/\/vosgesinfo.fr\/remiremontinfo\/wp-json\/wp\/v2\/posts\/35276","targetHints":{"allow":["GET"]}}],"collection":[{"href":"https:\/\/vosgesinfo.fr\/remiremontinfo\/wp-json\/wp\/v2\/posts"}],"about":[{"href":"https:\/\/vosgesinfo.fr\/remiremontinfo\/wp-json\/wp\/v2\/types\/post"}],"author":[{"embeddable":true,"href":"https:\/\/vosgesinfo.fr\/remiremontinfo\/wp-json\/wp\/v2\/users\/407"}],"replies":[{"embeddable":true,"href":"https:\/\/vosgesinfo.fr\/remiremontinfo\/wp-json\/wp\/v2\/comments?post=35276"}],"version-history":[{"count":0,"href":"https:\/\/vosgesinfo.fr\/remiremontinfo\/wp-json\/wp\/v2\/posts\/35276\/revisions"}],"wp:featuredmedia":[{"embeddable":true,"href":"https:\/\/vosgesinfo.fr\/remiremontinfo\/wp-json\/wp\/v2\/media\/35277"}],"wp:attachment":[{"href":"https:\/\/vosgesinfo.fr\/remiremontinfo\/wp-json\/wp\/v2\/media?parent=35276"}],"wp:term":[{"taxonomy":"category","embeddable":true,"href":"https:\/\/vosgesinfo.fr\/remiremontinfo\/wp-json\/wp\/v2\/categories?post=35276"},{"taxonomy":"post_tag","embeddable":true,"href":"https:\/\/vosgesinfo.fr\/remiremontinfo\/wp-json\/wp\/v2\/tags?post=35276"}],"curies":[{"name":"wp","href":"https:\/\/api.w.org\/{rel}","templated":true}]}}