{"id":35330,"date":"2020-12-23T09:52:17","date_gmt":"2020-12-23T08:52:17","guid":{"rendered":"https:\/\/vosgesinfo.fr\/remiremontinfo\/2020\/12\/bresse-feux-dartifice-annules-suite-a-linterdiction-prefectorale\/"},"modified":"2020-12-23T09:52:17","modified_gmt":"2020-12-23T08:52:17","slug":"bresse-feux-dartifice-annules-suite-a-linterdiction-prefectorale","status":"publish","type":"post","link":"https:\/\/vosgesinfo.fr\/remiremontinfo\/2020\/12\/bresse-feux-dartifice-annules-suite-a-linterdiction-prefectorale\/","title":{"rendered":"La Bresse : les feux d&rsquo;artifice sont annul\u00e9s suite \u00e0 l\u2019interdiction pr\u00e9fectorale"},"content":{"rendered":"<p style=\"text-align: center;\"><a href=\"\/2020\/12\/Capture-d\u2019\u00e9cran-2020-12-23-082010.png\"><img decoding=\"async\" class=\"alignnone size-full wp-image-305084\" src=\"\/2020\/12\/Capture-d\u2019\u00e9cran-2020-12-23-082010.png\" alt=\"Capture d\u2019\u00e9cran 2020-12-23 082010\" width=\"800\" height=\"572\" \/><\/a><\/p>\n<p style=\"text-align: left;\"><span style=\"font-size: 10pt;\"><em>Photo d&rsquo;illustration<\/em><\/span><\/p>\n<h2><span style=\"font-size: 12pt;\"><strong>Dans les cadre des festivit\u00e9s de No\u00ebl et du Nouvel An, des feux d\u2019artifice devaient \u00eatre tir\u00e9s au centre-ville de La Bresse les 24 et 31 d\u00e9cembre prochains \u00e0 18h. Ces \u00e9ventements sont annul\u00e9s suite \u00e0 <a href=\"https:\/\/remiremontinfo.fr\/2020\/12\/vosges-serie-dinterdictions-speciales-periode-fetes\/\">la d\u00e9cision du Pr\u00e9fet des Vosges<\/a> d\u2019interdire, notamment, l\u2019usage d\u2019artifices de divertissement pendant la p\u00e9riode des f\u00eates.<\/strong><\/span><\/h2>\n<p>Le march\u00e9 de No\u00ebl reste par contre ouvert du lundi au samedi de 10h \u00e0 19h et dimanche de 10h \u00e0 18h. D\u2019autres animations sont propos\u00e9es : Une s\u00e9ance photo avec le P\u00e8re No\u00ebl le 24 d\u00e9cembre, de 10h \u00e0 12h et de 14h \u00e0 16h. Un portrait seul ou en famille mais pas sur les genoux du P\u00e8re No\u00ebl. (Photo offerte par la ville et l\u2019association des commer\u00e7ants Altytud\u2019630). Cette animation se d\u00e9roulera dans le hall de la mairie avec la distanciation sociale et les gestes barri\u00e8res. Des soir\u00e9es musicales : Avec l\u2019accord\u00e9oniste Alexis Balandier le 28 d\u00e9cembre. Rendez-vous est donn\u00e9 \u00e0 16h30. Et le Groupe \u00ab Mister Franck \u00bb les 23 et 30 d\u00e9cembre.<\/p>\n","protected":false},"excerpt":{"rendered":"<p>Photo d&rsquo;illustration Dans les cadre des festivit\u00e9s de No\u00ebl et du Nouvel An, des feux d\u2019artifice devaient \u00eatre tir\u00e9s au [&hellip;]<\/p>\n","protected":false},"author":407,"featured_media":35331,"comment_status":"open","ping_status":"open","sticky":false,"template":"","format":"standard","meta":{"footnotes":""},"categories":[26,104,25,13],"tags":[],"class_list":["post-35330","post","type-post","status-publish","format-standard","has-post-thumbnail","hentry","category-a-la-une","category-la-bresse-la-bresse-son-canton","category-la-bresse-son-canton","category-societe"],"acf":[],"yoast_head":"<!-- This site is optimized with the Yoast SEO plugin v22.5 - https:\/\/yoast.com\/wordpress\/plugins\/seo\/ -->\n<title>La Bresse : les feux d&#039;artifice sont annul\u00e9s suite \u00e0 l\u2019interdiction pr\u00e9fectorale - Remiremont Info<\/title>\n<meta name=\"robots\" content=\"index, follow, max-snippet:-1, max-image-preview:large, max-video-preview:-1\" \/>\n<link rel=\"canonical\" href=\"https:\/\/vosgesinfo.fr\/remiremontinfo\/2020\/12\/bresse-feux-dartifice-annules-suite-a-linterdiction-prefectorale\/\" \/>\n<meta name=\"twitter:card\" content=\"summary_large_image\" \/>\n<meta name=\"twitter:title\" content=\"La Bresse : les feux d&#039;artifice sont annul\u00e9s suite \u00e0 l\u2019interdiction pr\u00e9fectorale - Remiremont Info\" \/>\n<meta name=\"twitter:description\" content=\"Photo d&rsquo;illustration Dans les cadre des festivit\u00e9s de No\u00ebl et du Nouvel An, des feux d\u2019artifice devaient \u00eatre tir\u00e9s au [&hellip;]\" \/>\n<meta name=\"twitter:image\" content=\"https:\/\/vosgesinfo.fr\/app\/uploads\/sites\/5\/2024\/09\/202012capture-decran-2020-12-23-082010.png\" \/>\n<meta name=\"twitter:creator\" content=\"@VosgesInfo88\" \/>\n<meta name=\"twitter:site\" content=\"@VosgesInfo88\" \/>\n<meta name=\"twitter:label1\" content=\"\u00c9crit par\" \/>\n\t<meta name=\"twitter:data1\" content=\"C D\" \/>\n\t<meta name=\"twitter:label2\" content=\"Dur\u00e9e de lecture estim\u00e9e\" \/>\n\t<meta name=\"twitter:data2\" content=\"1 minute\" \/>\n<script type=\"application\/ld+json\" class=\"yoast-schema-graph\">{\"@context\":\"https:\/\/schema.org\",\"@graph\":[{\"@type\":\"Article\",\"@id\":\"https:\/\/vosgesinfo.fr\/remiremontinfo\/2020\/12\/bresse-feux-dartifice-annules-suite-a-linterdiction-prefectorale\/#article\",\"isPartOf\":{\"@id\":\"https:\/\/vosgesinfo.fr\/remiremontinfo\/2020\/12\/bresse-feux-dartifice-annules-suite-a-linterdiction-prefectorale\/\"},\"author\":{\"name\":\"C D\",\"@id\":\"https:\/\/vosgesinfo.fr\/remiremontinfo\/#\/schema\/person\/3bfd164d5218a185b1db68655a265316\"},\"headline\":\"La Bresse : les feux d&rsquo;artifice sont annul\u00e9s suite \u00e0 l\u2019interdiction pr\u00e9fectorale\",\"datePublished\":\"2020-12-23T08:52:17+00:00\",\"dateModified\":\"2020-12-23T08:52:17+00:00\",\"mainEntityOfPage\":{\"@id\":\"https:\/\/vosgesinfo.fr\/remiremontinfo\/2020\/12\/bresse-feux-dartifice-annules-suite-a-linterdiction-prefectorale\/\"},\"wordCount\":200,\"commentCount\":0,\"publisher\":{\"@id\":\"https:\/\/vosgesinfo.fr\/remiremontinfo\/#organization\"},\"image\":{\"@id\":\"https:\/\/vosgesinfo.fr\/remiremontinfo\/2020\/12\/bresse-feux-dartifice-annules-suite-a-linterdiction-prefectorale\/#primaryimage\"},\"thumbnailUrl\":\"https:\/\/vosgesinfo.fr\/app\/uploads\/sites\/5\/2024\/09\/202012capture-decran-2020-12-23-082010.png\",\"articleSection\":[\"A la Une\",\"La Bresse\",\"La Bresse &amp; son canton\",\"Soci\u00e9t\u00e9\"],\"inLanguage\":\"fr-FR\",\"potentialAction\":[{\"@type\":\"CommentAction\",\"name\":\"Comment\",\"target\":[\"https:\/\/vosgesinfo.fr\/remiremontinfo\/2020\/12\/bresse-feux-dartifice-annules-suite-a-linterdiction-prefectorale\/#respond\"]}]},{\"@type\":\"WebPage\",\"@id\":\"https:\/\/vosgesinfo.fr\/remiremontinfo\/2020\/12\/bresse-feux-dartifice-annules-suite-a-linterdiction-prefectorale\/\",\"url\":\"https:\/\/vosgesinfo.fr\/remiremontinfo\/2020\/12\/bresse-feux-dartifice-annules-suite-a-linterdiction-prefectorale\/\",\"name\":\"La Bresse : les feux d'artifice sont annul\u00e9s suite \u00e0 l\u2019interdiction pr\u00e9fectorale - Remiremont Info\",\"isPartOf\":{\"@id\":\"https:\/\/vosgesinfo.fr\/remiremontinfo\/#website\"},\"primaryImageOfPage\":{\"@id\":\"https:\/\/vosgesinfo.fr\/remiremontinfo\/2020\/12\/bresse-feux-dartifice-annules-suite-a-linterdiction-prefectorale\/#primaryimage\"},\"image\":{\"@id\":\"https:\/\/vosgesinfo.fr\/remiremontinfo\/2020\/12\/bresse-feux-dartifice-annules-suite-a-linterdiction-prefectorale\/#primaryimage\"},\"thumbnailUrl\":\"https:\/\/vosgesinfo.fr\/app\/uploads\/sites\/5\/2024\/09\/202012capture-decran-2020-12-23-082010.png\",\"datePublished\":\"2020-12-23T08:52:17+00:00\",\"dateModified\":\"2020-12-23T08:52:17+00:00\",\"breadcrumb\":{\"@id\":\"https:\/\/vosgesinfo.fr\/remiremontinfo\/2020\/12\/bresse-feux-dartifice-annules-suite-a-linterdiction-prefectorale\/#breadcrumb\"},\"inLanguage\":\"fr-FR\",\"potentialAction\":[{\"@type\":\"ReadAction\",\"target\":[\"https:\/\/vosgesinfo.fr\/remiremontinfo\/2020\/12\/bresse-feux-dartifice-annules-suite-a-linterdiction-prefectorale\/\"]}]},{\"@type\":\"ImageObject\",\"inLanguage\":\"fr-FR\",\"@id\":\"https:\/\/vosgesinfo.fr\/remiremontinfo\/2020\/12\/bresse-feux-dartifice-annules-suite-a-linterdiction-prefectorale\/#primaryimage\",\"url\":\"https:\/\/vosgesinfo.fr\/app\/uploads\/sites\/5\/2024\/09\/202012capture-decran-2020-12-23-082010.png\",\"contentUrl\":\"https:\/\/vosgesinfo.fr\/app\/uploads\/sites\/5\/2024\/09\/202012capture-decran-2020-12-23-082010.png\",\"width\":800,\"height\":572},{\"@type\":\"BreadcrumbList\",\"@id\":\"https:\/\/vosgesinfo.fr\/remiremontinfo\/2020\/12\/bresse-feux-dartifice-annules-suite-a-linterdiction-prefectorale\/#breadcrumb\",\"itemListElement\":[{\"@type\":\"ListItem\",\"position\":1,\"name\":\"Home\",\"item\":\"https:\/\/vosgesinfo.fr\/remiremontinfo\/\"},{\"@type\":\"ListItem\",\"position\":2,\"name\":\"La Bresse : les feux d&rsquo;artifice sont annul\u00e9s suite \u00e0 l\u2019interdiction pr\u00e9fectorale\"}]},{\"@type\":\"WebSite\",\"@id\":\"https:\/\/vosgesinfo.fr\/remiremontinfo\/#website\",\"url\":\"https:\/\/vosgesinfo.fr\/remiremontinfo\/\",\"name\":\"Remiremont Info\",\"description\":\"Toute l&#039;actualit\u00e9 de Remiremont\",\"publisher\":{\"@id\":\"https:\/\/vosgesinfo.fr\/remiremontinfo\/#organization\"},\"alternateName\":\"Toute l'actualit\u00e9 de Remiremont\",\"potentialAction\":[{\"@type\":\"SearchAction\",\"target\":{\"@type\":\"EntryPoint\",\"urlTemplate\":\"https:\/\/vosgesinfo.fr\/remiremontinfo\/?s={search_term_string}\"},\"query-input\":\"required name=search_term_string\"}],\"inLanguage\":\"fr-FR\"},{\"@type\":\"Organization\",\"@id\":\"https:\/\/vosgesinfo.fr\/remiremontinfo\/#organization\",\"name\":\"Remiremont Info\",\"url\":\"https:\/\/vosgesinfo.fr\/remiremontinfo\/\",\"logo\":{\"@type\":\"ImageObject\",\"inLanguage\":\"fr-FR\",\"@id\":\"https:\/\/vosgesinfo.fr\/remiremontinfo\/#\/schema\/logo\/image\/\",\"url\":\"https:\/\/vosgesinfo.fr\/app\/uploads\/sites\/5\/2023\/08\/favicon-remiremontinfo.png\",\"contentUrl\":\"https:\/\/vosgesinfo.fr\/app\/uploads\/sites\/5\/2023\/08\/favicon-remiremontinfo.png\",\"width\":512,\"height\":512,\"caption\":\"Remiremont Info\"},\"image\":{\"@id\":\"https:\/\/vosgesinfo.fr\/remiremontinfo\/#\/schema\/logo\/image\/\"},\"sameAs\":[\"https:\/\/www.facebook.com\/remiremontinfo\",\"https:\/\/x.com\/VosgesInfo88\",\"https:\/\/www.youtube.com\/@vosgesinfo\"]},{\"@type\":\"Person\",\"@id\":\"https:\/\/vosgesinfo.fr\/remiremontinfo\/#\/schema\/person\/3bfd164d5218a185b1db68655a265316\",\"name\":\"C D\",\"image\":{\"@type\":\"ImageObject\",\"inLanguage\":\"fr-FR\",\"@id\":\"https:\/\/vosgesinfo.fr\/remiremontinfo\/#\/schema\/person\/image\/\",\"url\":\"https:\/\/secure.gravatar.com\/avatar\/1f9a70007336511a47468b8f1c66f922b8b7cf617b02a31149ada43893a5d48f?s=96&d=mm&r=g\",\"contentUrl\":\"https:\/\/secure.gravatar.com\/avatar\/1f9a70007336511a47468b8f1c66f922b8b7cf617b02a31149ada43893a5d48f?s=96&d=mm&r=g\",\"caption\":\"C D\"},\"url\":\"https:\/\/vosgesinfo.fr\/remiremontinfo\/author\/cedric-drevet\/\"}]}<\/script>\n<!-- \/ Yoast SEO plugin. -->","yoast_head_json":{"title":"La Bresse : les feux d'artifice sont annul\u00e9s suite \u00e0 l\u2019interdiction pr\u00e9fectorale - Remiremont Info","robots":{"index":"index","follow":"follow","max-snippet":"max-snippet:-1","max-image-preview":"max-image-preview:large","max-video-preview":"max-video-preview:-1"},"canonical":"https:\/\/vosgesinfo.fr\/remiremontinfo\/2020\/12\/bresse-feux-dartifice-annules-suite-a-linterdiction-prefectorale\/","twitter_card":"summary_large_image","twitter_title":"La Bresse : les feux d'artifice sont annul\u00e9s suite \u00e0 l\u2019interdiction pr\u00e9fectorale - Remiremont Info","twitter_description":"Photo d&rsquo;illustration Dans les cadre des festivit\u00e9s de No\u00ebl et du Nouvel An, des feux d\u2019artifice devaient \u00eatre tir\u00e9s au [&hellip;]","twitter_image":"https:\/\/vosgesinfo.fr\/app\/uploads\/sites\/5\/2024\/09\/202012capture-decran-2020-12-23-082010.png","twitter_creator":"@VosgesInfo88","twitter_site":"@VosgesInfo88","twitter_misc":{"\u00c9crit par":"C D","Dur\u00e9e de lecture estim\u00e9e":"1 minute"},"schema":{"@context":"https:\/\/schema.org","@graph":[{"@type":"Article","@id":"https:\/\/vosgesinfo.fr\/remiremontinfo\/2020\/12\/bresse-feux-dartifice-annules-suite-a-linterdiction-prefectorale\/#article","isPartOf":{"@id":"https:\/\/vosgesinfo.fr\/remiremontinfo\/2020\/12\/bresse-feux-dartifice-annules-suite-a-linterdiction-prefectorale\/"},"author":{"name":"C D","@id":"https:\/\/vosgesinfo.fr\/remiremontinfo\/#\/schema\/person\/3bfd164d5218a185b1db68655a265316"},"headline":"La Bresse : les feux d&rsquo;artifice sont annul\u00e9s suite \u00e0 l\u2019interdiction pr\u00e9fectorale","datePublished":"2020-12-23T08:52:17+00:00","dateModified":"2020-12-23T08:52:17+00:00","mainEntityOfPage":{"@id":"https:\/\/vosgesinfo.fr\/remiremontinfo\/2020\/12\/bresse-feux-dartifice-annules-suite-a-linterdiction-prefectorale\/"},"wordCount":200,"commentCount":0,"publisher":{"@id":"https:\/\/vosgesinfo.fr\/remiremontinfo\/#organization"},"image":{"@id":"https:\/\/vosgesinfo.fr\/remiremontinfo\/2020\/12\/bresse-feux-dartifice-annules-suite-a-linterdiction-prefectorale\/#primaryimage"},"thumbnailUrl":"https:\/\/vosgesinfo.fr\/app\/uploads\/sites\/5\/2024\/09\/202012capture-decran-2020-12-23-082010.png","articleSection":["A la Une","La Bresse","La Bresse &amp; son canton","Soci\u00e9t\u00e9"],"inLanguage":"fr-FR","potentialAction":[{"@type":"CommentAction","name":"Comment","target":["https:\/\/vosgesinfo.fr\/remiremontinfo\/2020\/12\/bresse-feux-dartifice-annules-suite-a-linterdiction-prefectorale\/#respond"]}]},{"@type":"WebPage","@id":"https:\/\/vosgesinfo.fr\/remiremontinfo\/2020\/12\/bresse-feux-dartifice-annules-suite-a-linterdiction-prefectorale\/","url":"https:\/\/vosgesinfo.fr\/remiremontinfo\/2020\/12\/bresse-feux-dartifice-annules-suite-a-linterdiction-prefectorale\/","name":"La Bresse : les feux d'artifice sont annul\u00e9s suite \u00e0 l\u2019interdiction pr\u00e9fectorale - Remiremont Info","isPartOf":{"@id":"https:\/\/vosgesinfo.fr\/remiremontinfo\/#website"},"primaryImageOfPage":{"@id":"https:\/\/vosgesinfo.fr\/remiremontinfo\/2020\/12\/bresse-feux-dartifice-annules-suite-a-linterdiction-prefectorale\/#primaryimage"},"image":{"@id":"https:\/\/vosgesinfo.fr\/remiremontinfo\/2020\/12\/bresse-feux-dartifice-annules-suite-a-linterdiction-prefectorale\/#primaryimage"},"thumbnailUrl":"https:\/\/vosgesinfo.fr\/app\/uploads\/sites\/5\/2024\/09\/202012capture-decran-2020-12-23-082010.png","datePublished":"2020-12-23T08:52:17+00:00","dateModified":"2020-12-23T08:52:17+00:00","breadcrumb":{"@id":"https:\/\/vosgesinfo.fr\/remiremontinfo\/2020\/12\/bresse-feux-dartifice-annules-suite-a-linterdiction-prefectorale\/#breadcrumb"},"inLanguage":"fr-FR","potentialAction":[{"@type":"ReadAction","target":["https:\/\/vosgesinfo.fr\/remiremontinfo\/2020\/12\/bresse-feux-dartifice-annules-suite-a-linterdiction-prefectorale\/"]}]},{"@type":"ImageObject","inLanguage":"fr-FR","@id":"https:\/\/vosgesinfo.fr\/remiremontinfo\/2020\/12\/bresse-feux-dartifice-annules-suite-a-linterdiction-prefectorale\/#primaryimage","url":"https:\/\/vosgesinfo.fr\/app\/uploads\/sites\/5\/2024\/09\/202012capture-decran-2020-12-23-082010.png","contentUrl":"https:\/\/vosgesinfo.fr\/app\/uploads\/sites\/5\/2024\/09\/202012capture-decran-2020-12-23-082010.png","width":800,"height":572},{"@type":"BreadcrumbList","@id":"https:\/\/vosgesinfo.fr\/remiremontinfo\/2020\/12\/bresse-feux-dartifice-annules-suite-a-linterdiction-prefectorale\/#breadcrumb","itemListElement":[{"@type":"ListItem","position":1,"name":"Home","item":"https:\/\/vosgesinfo.fr\/remiremontinfo\/"},{"@type":"ListItem","position":2,"name":"La Bresse : les feux d&rsquo;artifice sont annul\u00e9s suite \u00e0 l\u2019interdiction pr\u00e9fectorale"}]},{"@type":"WebSite","@id":"https:\/\/vosgesinfo.fr\/remiremontinfo\/#website","url":"https:\/\/vosgesinfo.fr\/remiremontinfo\/","name":"Remiremont Info","description":"Toute l&#039;actualit\u00e9 de Remiremont","publisher":{"@id":"https:\/\/vosgesinfo.fr\/remiremontinfo\/#organization"},"alternateName":"Toute l'actualit\u00e9 de Remiremont","potentialAction":[{"@type":"SearchAction","target":{"@type":"EntryPoint","urlTemplate":"https:\/\/vosgesinfo.fr\/remiremontinfo\/?s={search_term_string}"},"query-input":"required name=search_term_string"}],"inLanguage":"fr-FR"},{"@type":"Organization","@id":"https:\/\/vosgesinfo.fr\/remiremontinfo\/#organization","name":"Remiremont Info","url":"https:\/\/vosgesinfo.fr\/remiremontinfo\/","logo":{"@type":"ImageObject","inLanguage":"fr-FR","@id":"https:\/\/vosgesinfo.fr\/remiremontinfo\/#\/schema\/logo\/image\/","url":"https:\/\/vosgesinfo.fr\/app\/uploads\/sites\/5\/2023\/08\/favicon-remiremontinfo.png","contentUrl":"https:\/\/vosgesinfo.fr\/app\/uploads\/sites\/5\/2023\/08\/favicon-remiremontinfo.png","width":512,"height":512,"caption":"Remiremont Info"},"image":{"@id":"https:\/\/vosgesinfo.fr\/remiremontinfo\/#\/schema\/logo\/image\/"},"sameAs":["https:\/\/www.facebook.com\/remiremontinfo","https:\/\/x.com\/VosgesInfo88","https:\/\/www.youtube.com\/@vosgesinfo"]},{"@type":"Person","@id":"https:\/\/vosgesinfo.fr\/remiremontinfo\/#\/schema\/person\/3bfd164d5218a185b1db68655a265316","name":"C D","image":{"@type":"ImageObject","inLanguage":"fr-FR","@id":"https:\/\/vosgesinfo.fr\/remiremontinfo\/#\/schema\/person\/image\/","url":"https:\/\/secure.gravatar.com\/avatar\/1f9a70007336511a47468b8f1c66f922b8b7cf617b02a31149ada43893a5d48f?s=96&d=mm&r=g","contentUrl":"https:\/\/secure.gravatar.com\/avatar\/1f9a70007336511a47468b8f1c66f922b8b7cf617b02a31149ada43893a5d48f?s=96&d=mm&r=g","caption":"C D"},"url":"https:\/\/vosgesinfo.fr\/remiremontinfo\/author\/cedric-drevet\/"}]}},"_links":{"self":[{"href":"https:\/\/vosgesinfo.fr\/remiremontinfo\/wp-json\/wp\/v2\/posts\/35330","targetHints":{"allow":["GET"]}}],"collection":[{"href":"https:\/\/vosgesinfo.fr\/remiremontinfo\/wp-json\/wp\/v2\/posts"}],"about":[{"href":"https:\/\/vosgesinfo.fr\/remiremontinfo\/wp-json\/wp\/v2\/types\/post"}],"author":[{"embeddable":true,"href":"https:\/\/vosgesinfo.fr\/remiremontinfo\/wp-json\/wp\/v2\/users\/407"}],"replies":[{"embeddable":true,"href":"https:\/\/vosgesinfo.fr\/remiremontinfo\/wp-json\/wp\/v2\/comments?post=35330"}],"version-history":[{"count":0,"href":"https:\/\/vosgesinfo.fr\/remiremontinfo\/wp-json\/wp\/v2\/posts\/35330\/revisions"}],"wp:featuredmedia":[{"embeddable":true,"href":"https:\/\/vosgesinfo.fr\/remiremontinfo\/wp-json\/wp\/v2\/media\/35331"}],"wp:attachment":[{"href":"https:\/\/vosgesinfo.fr\/remiremontinfo\/wp-json\/wp\/v2\/media?parent=35330"}],"wp:term":[{"taxonomy":"category","embeddable":true,"href":"https:\/\/vosgesinfo.fr\/remiremontinfo\/wp-json\/wp\/v2\/categories?post=35330"},{"taxonomy":"post_tag","embeddable":true,"href":"https:\/\/vosgesinfo.fr\/remiremontinfo\/wp-json\/wp\/v2\/tags?post=35330"}],"curies":[{"name":"wp","href":"https:\/\/api.w.org\/{rel}","templated":true}]}}