{"id":35332,"date":"2020-12-23T10:16:49","date_gmt":"2020-12-23T09:16:49","guid":{"rendered":"https:\/\/vosgesinfo.fr\/remiremontinfo\/2020\/12\/val-dajol-nouvelle-dechetterie-sera-ouverte-29-decembre\/"},"modified":"2020-12-23T10:16:49","modified_gmt":"2020-12-23T09:16:49","slug":"val-dajol-nouvelle-dechetterie-sera-ouverte-29-decembre","status":"publish","type":"post","link":"https:\/\/vosgesinfo.fr\/remiremontinfo\/2020\/12\/val-dajol-nouvelle-dechetterie-sera-ouverte-29-decembre\/","title":{"rendered":"Le Val d\u2019Ajol\u00a0: la nouvelle d\u00e9ch\u00e8terie sera ouverte d\u00e8s le 29 d\u00e9cembre"},"content":{"rendered":"<p style=\"text-align: center;\"><a href=\"\/2020\/12\/DSC_1039.jpg\"><img decoding=\"async\" class=\"alignnone size-full wp-image-305092\" src=\"\/2020\/12\/DSC_1039.jpg\" alt=\"DSC_1039\" width=\"800\" height=\"547\" \/><\/a><\/p>\n<h2><span style=\"font-size: 12pt;\"><strong>En travaux depuis plusieurs mois, la nouvelle d\u00e9chetterie du Val d\u2019Ajol est aujourd\u2019hui pr\u00eate pour l\u2019accueil des usagers. L\u2019ouverture se fera d\u00e8s le 29 d\u00e9cembre prochain \u00e0 partir 13 heures. La traditionnelle inauguration officielle est quant \u00e0 elle report\u00e9e \u00e0 \u00ab\u00a0des temps plus propices\u00a0\u00bb.<\/strong><\/span><\/h2>\n<p>La d\u00e9chetterie concerne essentiellement Plombi\u00e8res et le Val d\u2019Ajol, soit quelques 6.000 habitants. Un site moderne et s\u00e9curis\u00e9. \u00ab\u00a0Les Ajolais ont un beau cadeau de No\u00ebl\u00a0\u00bb, affirme Anne Girardin, maire du Val d\u2019Ajol et vice-pr\u00e9sidente du Sicovad. Sa localisation, au m\u00eame emplacement que la pr\u00e9c\u00e9dente, est un r\u00e9el avantage. \u00ab\u00a0C\u2019est un endroit qui est strat\u00e9gique\u00a0\u00bb. A proximit\u00e9 de plusieurs routes, facilement accessible. \u00ab\u00a0Il fallait que ce soit propre, c\u2019est entour\u00e9 de zones agricoles\u00a0\u00bb. Jusqu\u2019\u00e0 17 cat\u00e9gories de tri principales seront propos\u00e9es. \u00ab\u00a0Tous les d\u00e9chets sont valoris\u00e9s. M\u00eame ce qui est incin\u00e9r\u00e9, \u00e7a part en chaleur\u00a0\u00bb<\/p>\n<p>\u00ab\u00a0C\u2019est un vrai centre de valorisation\u00a0\u00bb, affirme Philippe Claudon, pr\u00e9sident du Sicovad, \u00ab\u00a0Un vrai centre de traitement\u00a0\u00bb. L\u2019ancienne d\u00e9chetterie, mise en service au d\u00e9but des ann\u00e9es 2000, ne r\u00e9pondait plus ni aux nouvelles exigences en mati\u00e8re de pr\u00e9vention, de tri et de valorisation des d\u00e9chets ni au niveau de service et de s\u00e9curit\u00e9 que le SICOVAD souhaite proposer aux usagers. Il a ainsi \u00e9t\u00e9 d\u00e9cid\u00e9 apr\u00e8s r\u00e9alisation d\u2019une \u00e9tude de faisabilit\u00e9 de proc\u00e9der \u00e0 la r\u00e9novation et \u00e0 l\u2019extension de l\u2019ancien site. L\u2019\u00e9quipement comprend d\u00e9sormais principalement 13 quais pour bennes et des locaux en dur d\u2019une surface de 150 m\u00e8tres carr\u00e9s.<\/p>\n<p>Les consid\u00e9rations environnementales et s\u00e9curitaires ont \u00e9t\u00e9 une priorit\u00e9. R\u00e9cup\u00e9ration et stockage des eaux pluviales de toiture en vue de leur r\u00e9utilisation, \u00e9clairage ext\u00e9rieur \u00e0 leds (cand\u00e9labres), programm\u00e9 et d\u00e9clenchable par t\u00e9l\u00e9commande (agents SICOVAD), pr\u00e9 \u00e9quipement en vue de la pose d\u2019une cl\u00f4ture \u00e9lectrique de d\u00e9tection et d\u00e9fense (\u00e0 l\u2019\u00e9tude). Le lieu a \u00e9t\u00e9 \u00ab\u00a0Enti\u00e8rement r\u00e9nov\u00e9 et avec une extension\u00a0\u00bb, explique Philippe Claudon. Et l\u2019organisation a \u00e9t\u00e9 pens\u00e9e pour garantir la meilleure fluidit\u00e9 possible. Il y a un chemin pr\u00e9vu pour les voitures et un autre pour les poids lourds. \u00ab\u00a0Les gens ne vont pas se croiser\u00a0\u00bb.<\/p>\n<p><i><b>Horaires d\u2019ouverture :<\/b><\/i><\/p>\n<p><i>Lundi : Ferm\u00e9e<\/i><\/p>\n<p><i>Mardi, jeudi et vendredi : 13h &#8211; 18h<\/i><\/p>\n<p><i>Mercredi : 09h &#8211; 12h et 13h &#8211; 18h<\/i><\/p>\n<p><i>Samedi : 09h &#8211; 12h et 13h &#8211; 18h<\/i><\/p>\n<p><i>Dimanche : Ferm\u00e9e<\/i><\/p>\n<p><i>D\u00e9ch\u00e8terie ferm\u00e9e les jours f\u00e9ri\u00e9s.<\/i><\/p>\n\n<p>&nbsp;<\/p>\n","protected":false},"excerpt":{"rendered":"<p>En travaux depuis plusieurs mois, la nouvelle d\u00e9chetterie du Val d\u2019Ajol est aujourd\u2019hui pr\u00eate pour l\u2019accueil des usagers. L\u2019ouverture se [&hellip;]<\/p>\n","protected":false},"author":407,"featured_media":35333,"comment_status":"open","ping_status":"open","sticky":false,"template":"","format":"standard","meta":{"footnotes":""},"categories":[26,121,82],"tags":[],"class_list":["post-35332","post","type-post","status-publish","format-standard","has-post-thumbnail","hentry","category-a-la-une","category-le-val-dajol-le-val-dajol-son-canton","category-le-val-dajol-son-canton"],"acf":[],"yoast_head":"<!-- This site is optimized with the Yoast SEO plugin v22.5 - https:\/\/yoast.com\/wordpress\/plugins\/seo\/ -->\n<title>Le Val d\u2019Ajol\u00a0: la nouvelle d\u00e9ch\u00e8terie sera ouverte d\u00e8s le 29 d\u00e9cembre - Remiremont Info<\/title>\n<meta name=\"robots\" content=\"index, follow, max-snippet:-1, max-image-preview:large, max-video-preview:-1\" \/>\n<link rel=\"canonical\" href=\"https:\/\/vosgesinfo.fr\/remiremontinfo\/2020\/12\/val-dajol-nouvelle-dechetterie-sera-ouverte-29-decembre\/\" \/>\n<meta name=\"twitter:card\" content=\"summary_large_image\" \/>\n<meta name=\"twitter:title\" content=\"Le Val d\u2019Ajol\u00a0: la nouvelle d\u00e9ch\u00e8terie sera ouverte d\u00e8s le 29 d\u00e9cembre - Remiremont Info\" \/>\n<meta name=\"twitter:description\" content=\"En travaux depuis plusieurs mois, la nouvelle d\u00e9chetterie du Val d\u2019Ajol est aujourd\u2019hui pr\u00eate pour l\u2019accueil des usagers. L\u2019ouverture se [&hellip;]\" \/>\n<meta name=\"twitter:image\" content=\"https:\/\/vosgesinfo.fr\/app\/uploads\/sites\/5\/2024\/09\/202012dsc-1039.jpg\" \/>\n<meta name=\"twitter:creator\" content=\"@VosgesInfo88\" \/>\n<meta name=\"twitter:site\" content=\"@VosgesInfo88\" \/>\n<meta name=\"twitter:label1\" content=\"\u00c9crit par\" \/>\n\t<meta name=\"twitter:data1\" content=\"C D\" \/>\n\t<meta name=\"twitter:label2\" content=\"Dur\u00e9e de lecture estim\u00e9e\" \/>\n\t<meta name=\"twitter:data2\" content=\"2 minutes\" \/>\n<script type=\"application\/ld+json\" class=\"yoast-schema-graph\">{\"@context\":\"https:\/\/schema.org\",\"@graph\":[{\"@type\":\"Article\",\"@id\":\"https:\/\/vosgesinfo.fr\/remiremontinfo\/2020\/12\/val-dajol-nouvelle-dechetterie-sera-ouverte-29-decembre\/#article\",\"isPartOf\":{\"@id\":\"https:\/\/vosgesinfo.fr\/remiremontinfo\/2020\/12\/val-dajol-nouvelle-dechetterie-sera-ouverte-29-decembre\/\"},\"author\":{\"name\":\"C D\",\"@id\":\"https:\/\/vosgesinfo.fr\/remiremontinfo\/#\/schema\/person\/3bfd164d5218a185b1db68655a265316\"},\"headline\":\"Le Val d\u2019Ajol\u00a0: la nouvelle d\u00e9ch\u00e8terie sera ouverte d\u00e8s le 29 d\u00e9cembre\",\"datePublished\":\"2020-12-23T09:16:49+00:00\",\"dateModified\":\"2020-12-23T09:16:49+00:00\",\"mainEntityOfPage\":{\"@id\":\"https:\/\/vosgesinfo.fr\/remiremontinfo\/2020\/12\/val-dajol-nouvelle-dechetterie-sera-ouverte-29-decembre\/\"},\"wordCount\":463,\"commentCount\":0,\"publisher\":{\"@id\":\"https:\/\/vosgesinfo.fr\/remiremontinfo\/#organization\"},\"image\":{\"@id\":\"https:\/\/vosgesinfo.fr\/remiremontinfo\/2020\/12\/val-dajol-nouvelle-dechetterie-sera-ouverte-29-decembre\/#primaryimage\"},\"thumbnailUrl\":\"https:\/\/vosgesinfo.fr\/app\/uploads\/sites\/5\/2024\/09\/202012dsc-1039.jpg\",\"articleSection\":[\"A la Une\",\"Le Val d'Ajol\",\"Le Val-d'Ajol &amp; son canton\"],\"inLanguage\":\"fr-FR\",\"potentialAction\":[{\"@type\":\"CommentAction\",\"name\":\"Comment\",\"target\":[\"https:\/\/vosgesinfo.fr\/remiremontinfo\/2020\/12\/val-dajol-nouvelle-dechetterie-sera-ouverte-29-decembre\/#respond\"]}]},{\"@type\":\"WebPage\",\"@id\":\"https:\/\/vosgesinfo.fr\/remiremontinfo\/2020\/12\/val-dajol-nouvelle-dechetterie-sera-ouverte-29-decembre\/\",\"url\":\"https:\/\/vosgesinfo.fr\/remiremontinfo\/2020\/12\/val-dajol-nouvelle-dechetterie-sera-ouverte-29-decembre\/\",\"name\":\"Le Val d\u2019Ajol\u00a0: la nouvelle d\u00e9ch\u00e8terie sera ouverte d\u00e8s le 29 d\u00e9cembre - Remiremont Info\",\"isPartOf\":{\"@id\":\"https:\/\/vosgesinfo.fr\/remiremontinfo\/#website\"},\"primaryImageOfPage\":{\"@id\":\"https:\/\/vosgesinfo.fr\/remiremontinfo\/2020\/12\/val-dajol-nouvelle-dechetterie-sera-ouverte-29-decembre\/#primaryimage\"},\"image\":{\"@id\":\"https:\/\/vosgesinfo.fr\/remiremontinfo\/2020\/12\/val-dajol-nouvelle-dechetterie-sera-ouverte-29-decembre\/#primaryimage\"},\"thumbnailUrl\":\"https:\/\/vosgesinfo.fr\/app\/uploads\/sites\/5\/2024\/09\/202012dsc-1039.jpg\",\"datePublished\":\"2020-12-23T09:16:49+00:00\",\"dateModified\":\"2020-12-23T09:16:49+00:00\",\"breadcrumb\":{\"@id\":\"https:\/\/vosgesinfo.fr\/remiremontinfo\/2020\/12\/val-dajol-nouvelle-dechetterie-sera-ouverte-29-decembre\/#breadcrumb\"},\"inLanguage\":\"fr-FR\",\"potentialAction\":[{\"@type\":\"ReadAction\",\"target\":[\"https:\/\/vosgesinfo.fr\/remiremontinfo\/2020\/12\/val-dajol-nouvelle-dechetterie-sera-ouverte-29-decembre\/\"]}]},{\"@type\":\"ImageObject\",\"inLanguage\":\"fr-FR\",\"@id\":\"https:\/\/vosgesinfo.fr\/remiremontinfo\/2020\/12\/val-dajol-nouvelle-dechetterie-sera-ouverte-29-decembre\/#primaryimage\",\"url\":\"https:\/\/vosgesinfo.fr\/app\/uploads\/sites\/5\/2024\/09\/202012dsc-1039.jpg\",\"contentUrl\":\"https:\/\/vosgesinfo.fr\/app\/uploads\/sites\/5\/2024\/09\/202012dsc-1039.jpg\",\"width\":800,\"height\":547},{\"@type\":\"BreadcrumbList\",\"@id\":\"https:\/\/vosgesinfo.fr\/remiremontinfo\/2020\/12\/val-dajol-nouvelle-dechetterie-sera-ouverte-29-decembre\/#breadcrumb\",\"itemListElement\":[{\"@type\":\"ListItem\",\"position\":1,\"name\":\"Home\",\"item\":\"https:\/\/vosgesinfo.fr\/remiremontinfo\/\"},{\"@type\":\"ListItem\",\"position\":2,\"name\":\"Le Val d\u2019Ajol\u00a0: la nouvelle d\u00e9ch\u00e8terie sera ouverte d\u00e8s le 29 d\u00e9cembre\"}]},{\"@type\":\"WebSite\",\"@id\":\"https:\/\/vosgesinfo.fr\/remiremontinfo\/#website\",\"url\":\"https:\/\/vosgesinfo.fr\/remiremontinfo\/\",\"name\":\"Remiremont Info\",\"description\":\"Toute l&#039;actualit\u00e9 de Remiremont\",\"publisher\":{\"@id\":\"https:\/\/vosgesinfo.fr\/remiremontinfo\/#organization\"},\"alternateName\":\"Toute l'actualit\u00e9 de Remiremont\",\"potentialAction\":[{\"@type\":\"SearchAction\",\"target\":{\"@type\":\"EntryPoint\",\"urlTemplate\":\"https:\/\/vosgesinfo.fr\/remiremontinfo\/?s={search_term_string}\"},\"query-input\":\"required name=search_term_string\"}],\"inLanguage\":\"fr-FR\"},{\"@type\":\"Organization\",\"@id\":\"https:\/\/vosgesinfo.fr\/remiremontinfo\/#organization\",\"name\":\"Remiremont Info\",\"url\":\"https:\/\/vosgesinfo.fr\/remiremontinfo\/\",\"logo\":{\"@type\":\"ImageObject\",\"inLanguage\":\"fr-FR\",\"@id\":\"https:\/\/vosgesinfo.fr\/remiremontinfo\/#\/schema\/logo\/image\/\",\"url\":\"https:\/\/vosgesinfo.fr\/app\/uploads\/sites\/5\/2023\/08\/favicon-remiremontinfo.png\",\"contentUrl\":\"https:\/\/vosgesinfo.fr\/app\/uploads\/sites\/5\/2023\/08\/favicon-remiremontinfo.png\",\"width\":512,\"height\":512,\"caption\":\"Remiremont Info\"},\"image\":{\"@id\":\"https:\/\/vosgesinfo.fr\/remiremontinfo\/#\/schema\/logo\/image\/\"},\"sameAs\":[\"https:\/\/www.facebook.com\/remiremontinfo\",\"https:\/\/x.com\/VosgesInfo88\",\"https:\/\/www.youtube.com\/@vosgesinfo\"]},{\"@type\":\"Person\",\"@id\":\"https:\/\/vosgesinfo.fr\/remiremontinfo\/#\/schema\/person\/3bfd164d5218a185b1db68655a265316\",\"name\":\"C D\",\"image\":{\"@type\":\"ImageObject\",\"inLanguage\":\"fr-FR\",\"@id\":\"https:\/\/vosgesinfo.fr\/remiremontinfo\/#\/schema\/person\/image\/\",\"url\":\"https:\/\/secure.gravatar.com\/avatar\/1f9a70007336511a47468b8f1c66f922b8b7cf617b02a31149ada43893a5d48f?s=96&d=mm&r=g\",\"contentUrl\":\"https:\/\/secure.gravatar.com\/avatar\/1f9a70007336511a47468b8f1c66f922b8b7cf617b02a31149ada43893a5d48f?s=96&d=mm&r=g\",\"caption\":\"C D\"},\"url\":\"https:\/\/vosgesinfo.fr\/remiremontinfo\/author\/cedric-drevet\/\"}]}<\/script>\n<!-- \/ Yoast SEO plugin. -->","yoast_head_json":{"title":"Le Val d\u2019Ajol\u00a0: la nouvelle d\u00e9ch\u00e8terie sera ouverte d\u00e8s le 29 d\u00e9cembre - Remiremont Info","robots":{"index":"index","follow":"follow","max-snippet":"max-snippet:-1","max-image-preview":"max-image-preview:large","max-video-preview":"max-video-preview:-1"},"canonical":"https:\/\/vosgesinfo.fr\/remiremontinfo\/2020\/12\/val-dajol-nouvelle-dechetterie-sera-ouverte-29-decembre\/","twitter_card":"summary_large_image","twitter_title":"Le Val d\u2019Ajol\u00a0: la nouvelle d\u00e9ch\u00e8terie sera ouverte d\u00e8s le 29 d\u00e9cembre - Remiremont Info","twitter_description":"En travaux depuis plusieurs mois, la nouvelle d\u00e9chetterie du Val d\u2019Ajol est aujourd\u2019hui pr\u00eate pour l\u2019accueil des usagers. L\u2019ouverture se [&hellip;]","twitter_image":"https:\/\/vosgesinfo.fr\/app\/uploads\/sites\/5\/2024\/09\/202012dsc-1039.jpg","twitter_creator":"@VosgesInfo88","twitter_site":"@VosgesInfo88","twitter_misc":{"\u00c9crit par":"C D","Dur\u00e9e de lecture estim\u00e9e":"2 minutes"},"schema":{"@context":"https:\/\/schema.org","@graph":[{"@type":"Article","@id":"https:\/\/vosgesinfo.fr\/remiremontinfo\/2020\/12\/val-dajol-nouvelle-dechetterie-sera-ouverte-29-decembre\/#article","isPartOf":{"@id":"https:\/\/vosgesinfo.fr\/remiremontinfo\/2020\/12\/val-dajol-nouvelle-dechetterie-sera-ouverte-29-decembre\/"},"author":{"name":"C D","@id":"https:\/\/vosgesinfo.fr\/remiremontinfo\/#\/schema\/person\/3bfd164d5218a185b1db68655a265316"},"headline":"Le Val d\u2019Ajol\u00a0: la nouvelle d\u00e9ch\u00e8terie sera ouverte d\u00e8s le 29 d\u00e9cembre","datePublished":"2020-12-23T09:16:49+00:00","dateModified":"2020-12-23T09:16:49+00:00","mainEntityOfPage":{"@id":"https:\/\/vosgesinfo.fr\/remiremontinfo\/2020\/12\/val-dajol-nouvelle-dechetterie-sera-ouverte-29-decembre\/"},"wordCount":463,"commentCount":0,"publisher":{"@id":"https:\/\/vosgesinfo.fr\/remiremontinfo\/#organization"},"image":{"@id":"https:\/\/vosgesinfo.fr\/remiremontinfo\/2020\/12\/val-dajol-nouvelle-dechetterie-sera-ouverte-29-decembre\/#primaryimage"},"thumbnailUrl":"https:\/\/vosgesinfo.fr\/app\/uploads\/sites\/5\/2024\/09\/202012dsc-1039.jpg","articleSection":["A la Une","Le Val d'Ajol","Le Val-d'Ajol &amp; son canton"],"inLanguage":"fr-FR","potentialAction":[{"@type":"CommentAction","name":"Comment","target":["https:\/\/vosgesinfo.fr\/remiremontinfo\/2020\/12\/val-dajol-nouvelle-dechetterie-sera-ouverte-29-decembre\/#respond"]}]},{"@type":"WebPage","@id":"https:\/\/vosgesinfo.fr\/remiremontinfo\/2020\/12\/val-dajol-nouvelle-dechetterie-sera-ouverte-29-decembre\/","url":"https:\/\/vosgesinfo.fr\/remiremontinfo\/2020\/12\/val-dajol-nouvelle-dechetterie-sera-ouverte-29-decembre\/","name":"Le Val d\u2019Ajol\u00a0: la nouvelle d\u00e9ch\u00e8terie sera ouverte d\u00e8s le 29 d\u00e9cembre - Remiremont Info","isPartOf":{"@id":"https:\/\/vosgesinfo.fr\/remiremontinfo\/#website"},"primaryImageOfPage":{"@id":"https:\/\/vosgesinfo.fr\/remiremontinfo\/2020\/12\/val-dajol-nouvelle-dechetterie-sera-ouverte-29-decembre\/#primaryimage"},"image":{"@id":"https:\/\/vosgesinfo.fr\/remiremontinfo\/2020\/12\/val-dajol-nouvelle-dechetterie-sera-ouverte-29-decembre\/#primaryimage"},"thumbnailUrl":"https:\/\/vosgesinfo.fr\/app\/uploads\/sites\/5\/2024\/09\/202012dsc-1039.jpg","datePublished":"2020-12-23T09:16:49+00:00","dateModified":"2020-12-23T09:16:49+00:00","breadcrumb":{"@id":"https:\/\/vosgesinfo.fr\/remiremontinfo\/2020\/12\/val-dajol-nouvelle-dechetterie-sera-ouverte-29-decembre\/#breadcrumb"},"inLanguage":"fr-FR","potentialAction":[{"@type":"ReadAction","target":["https:\/\/vosgesinfo.fr\/remiremontinfo\/2020\/12\/val-dajol-nouvelle-dechetterie-sera-ouverte-29-decembre\/"]}]},{"@type":"ImageObject","inLanguage":"fr-FR","@id":"https:\/\/vosgesinfo.fr\/remiremontinfo\/2020\/12\/val-dajol-nouvelle-dechetterie-sera-ouverte-29-decembre\/#primaryimage","url":"https:\/\/vosgesinfo.fr\/app\/uploads\/sites\/5\/2024\/09\/202012dsc-1039.jpg","contentUrl":"https:\/\/vosgesinfo.fr\/app\/uploads\/sites\/5\/2024\/09\/202012dsc-1039.jpg","width":800,"height":547},{"@type":"BreadcrumbList","@id":"https:\/\/vosgesinfo.fr\/remiremontinfo\/2020\/12\/val-dajol-nouvelle-dechetterie-sera-ouverte-29-decembre\/#breadcrumb","itemListElement":[{"@type":"ListItem","position":1,"name":"Home","item":"https:\/\/vosgesinfo.fr\/remiremontinfo\/"},{"@type":"ListItem","position":2,"name":"Le Val d\u2019Ajol\u00a0: la nouvelle d\u00e9ch\u00e8terie sera ouverte d\u00e8s le 29 d\u00e9cembre"}]},{"@type":"WebSite","@id":"https:\/\/vosgesinfo.fr\/remiremontinfo\/#website","url":"https:\/\/vosgesinfo.fr\/remiremontinfo\/","name":"Remiremont Info","description":"Toute l&#039;actualit\u00e9 de Remiremont","publisher":{"@id":"https:\/\/vosgesinfo.fr\/remiremontinfo\/#organization"},"alternateName":"Toute l'actualit\u00e9 de Remiremont","potentialAction":[{"@type":"SearchAction","target":{"@type":"EntryPoint","urlTemplate":"https:\/\/vosgesinfo.fr\/remiremontinfo\/?s={search_term_string}"},"query-input":"required name=search_term_string"}],"inLanguage":"fr-FR"},{"@type":"Organization","@id":"https:\/\/vosgesinfo.fr\/remiremontinfo\/#organization","name":"Remiremont Info","url":"https:\/\/vosgesinfo.fr\/remiremontinfo\/","logo":{"@type":"ImageObject","inLanguage":"fr-FR","@id":"https:\/\/vosgesinfo.fr\/remiremontinfo\/#\/schema\/logo\/image\/","url":"https:\/\/vosgesinfo.fr\/app\/uploads\/sites\/5\/2023\/08\/favicon-remiremontinfo.png","contentUrl":"https:\/\/vosgesinfo.fr\/app\/uploads\/sites\/5\/2023\/08\/favicon-remiremontinfo.png","width":512,"height":512,"caption":"Remiremont Info"},"image":{"@id":"https:\/\/vosgesinfo.fr\/remiremontinfo\/#\/schema\/logo\/image\/"},"sameAs":["https:\/\/www.facebook.com\/remiremontinfo","https:\/\/x.com\/VosgesInfo88","https:\/\/www.youtube.com\/@vosgesinfo"]},{"@type":"Person","@id":"https:\/\/vosgesinfo.fr\/remiremontinfo\/#\/schema\/person\/3bfd164d5218a185b1db68655a265316","name":"C D","image":{"@type":"ImageObject","inLanguage":"fr-FR","@id":"https:\/\/vosgesinfo.fr\/remiremontinfo\/#\/schema\/person\/image\/","url":"https:\/\/secure.gravatar.com\/avatar\/1f9a70007336511a47468b8f1c66f922b8b7cf617b02a31149ada43893a5d48f?s=96&d=mm&r=g","contentUrl":"https:\/\/secure.gravatar.com\/avatar\/1f9a70007336511a47468b8f1c66f922b8b7cf617b02a31149ada43893a5d48f?s=96&d=mm&r=g","caption":"C D"},"url":"https:\/\/vosgesinfo.fr\/remiremontinfo\/author\/cedric-drevet\/"}]}},"_links":{"self":[{"href":"https:\/\/vosgesinfo.fr\/remiremontinfo\/wp-json\/wp\/v2\/posts\/35332","targetHints":{"allow":["GET"]}}],"collection":[{"href":"https:\/\/vosgesinfo.fr\/remiremontinfo\/wp-json\/wp\/v2\/posts"}],"about":[{"href":"https:\/\/vosgesinfo.fr\/remiremontinfo\/wp-json\/wp\/v2\/types\/post"}],"author":[{"embeddable":true,"href":"https:\/\/vosgesinfo.fr\/remiremontinfo\/wp-json\/wp\/v2\/users\/407"}],"replies":[{"embeddable":true,"href":"https:\/\/vosgesinfo.fr\/remiremontinfo\/wp-json\/wp\/v2\/comments?post=35332"}],"version-history":[{"count":0,"href":"https:\/\/vosgesinfo.fr\/remiremontinfo\/wp-json\/wp\/v2\/posts\/35332\/revisions"}],"wp:featuredmedia":[{"embeddable":true,"href":"https:\/\/vosgesinfo.fr\/remiremontinfo\/wp-json\/wp\/v2\/media\/35333"}],"wp:attachment":[{"href":"https:\/\/vosgesinfo.fr\/remiremontinfo\/wp-json\/wp\/v2\/media?parent=35332"}],"wp:term":[{"taxonomy":"category","embeddable":true,"href":"https:\/\/vosgesinfo.fr\/remiremontinfo\/wp-json\/wp\/v2\/categories?post=35332"},{"taxonomy":"post_tag","embeddable":true,"href":"https:\/\/vosgesinfo.fr\/remiremontinfo\/wp-json\/wp\/v2\/tags?post=35332"}],"curies":[{"name":"wp","href":"https:\/\/api.w.org\/{rel}","templated":true}]}}