{"id":35340,"date":"2020-12-23T09:00:03","date_gmt":"2020-12-23T08:00:03","guid":{"rendered":"https:\/\/vosgesinfo.fr\/remiremontinfo\/2020\/12\/vosges-decouvrez-carte-participants-a-jexpose-artisan-dart\/"},"modified":"2020-12-23T09:00:03","modified_gmt":"2020-12-23T08:00:03","slug":"vosges-decouvrez-carte-participants-a-jexpose-artisan-dart","status":"publish","type":"post","link":"https:\/\/vosgesinfo.fr\/remiremontinfo\/2020\/12\/vosges-decouvrez-carte-participants-a-jexpose-artisan-dart\/","title":{"rendered":"Vosges : d\u00e9couvrez la carte des participants \u00e0 l&rsquo;op\u00e9ration \u00ab J\u2019expose un Artisan d\u2019Art \u00bb"},"content":{"rendered":"<h2 style=\"text-align: center;\"><a href=\"\/2020\/12\/131930274_1329460057397880_7371449832961977492_n.jpg\"><img decoding=\"async\" class=\"alignnone size-full wp-image-305099\" src=\"\/2020\/12\/131930274_1329460057397880_7371449832961977492_n.jpg\" alt=\"131930274_1329460057397880_7371449832961977492_n\" width=\"800\" height=\"613\" \/><\/a><\/h2>\n<p><span style=\"font-size: 10pt;\"><em>Photo de\u00a0<span class=\"tojvnm2t a6sixzi8 abs2jz4q a8s20v7p t1p8iaqh k5wvi7nf q3lfd5jv pk4s997a bipmatt0 cebpdrjk qowsmv63 owwhemhu dp1hu0rb dhp61c6y iyyx5f41\">@lesartisansvosgiens\u00a0<\/span><\/em><\/span><\/p>\n<h2><span style=\"font-size: 12pt;\"><strong>Du 3 au 31 d\u00e9cembre 2020, \u00abJ\u2019expose un Artisan d\u2019Art\u00bb enfile sa tenue de f\u00eates pour No\u00ebl\u2026 Apr\u00e8s plusieurs mois de succ\u00e8s pour l\u2019op\u00e9ration \u00abJ\u2019expose un Artisan d\u2019art\u00bb, les Chambres de m\u00e9tiers et de l\u2019artisanat d\u00e9partementales et la Chambre r\u00e9gionale des m\u00e9tiers et de l\u2019artisanat du Grand Est prolongent l\u2019op\u00e9ration.<\/strong><\/span><\/h2>\n<p>L\u2019action se \u00abrenouvelle\u00bb pour la p\u00e9riode des f\u00eates sous l\u2019appellation \u00abJ\u2019expose un artisan d\u2019art pour No\u00ebl\u00bb, avec un nouveau visuel et des animations. Elle se d\u00e9ploie sur tout le territoire Grand Est, et est imit\u00e9e dans d\u2019autres r\u00e9gions de France, dans les Hauts de France, dans l\u2019Essonne. 80 artisans ont propos\u00e9 un partenariat, et plus de 40 tandems sont en place. Les artisans qui exposent un artisan d\u2019art sont distingu\u00e9s par une affiche ou\/et une vitrophanie. De beaux duos \u00e0 d\u00e9couvrir : des bijoux chez un fleuriste, des chapeaux \u00e0 la boulangerie, etc. De nombreux partenariats sont \u00e0 d\u00e9couvrir, notamment\u00a0<a href=\"https:\/\/remiremontinfo.fr\/2020\/12\/plombieres-decouvrez-5-partenariats-cadre-de-loperation-jexpose-artisan-dart\/\">\u00e0 Plombi\u00e8res<\/a>, <a href=\"https:\/\/remiremontinfo.fr\/2020\/07\/remiremont-miss-brinbelle-expose-bijoux-vosgiens-feminins-salon-de-coiffure-de-sabrina-leclerc\/\">\u00e0 Remiremont<\/a>, <a href=\"https:\/\/epinalinfos.fr\/2020\/12\/roselyne-norroy-expose-oeuvres-de-ceramique-a-patisserie-de-julien-lambert\/\">\u00e0 Epinal.<\/a> Une carte interactive a \u00e9t\u00e9 mise en place pour conna\u00eetre les cr\u00e9ateurs participants pr\u00e8s de chez soi, dans les Vosges et dans le Grand-Est. Retrouvez la <a href=\"https:\/\/www.google.com\/maps\/d\/u\/0\/viewer?mid=1BT9Qyoip4XxY-2cf9U6x9G3wOPBv6q2V&amp;ll=48.87450844937584,5.717106300000005&amp;z=7\">en cliquant ici.<\/a>\u00a0Pour plus d&rsquo;informations, rendez-vous sur <a href=\"https:\/\/www.facebook.com\/lesartisansvosgiens\">la page Facebook de la Chambre des M\u00e9tiers et de l&rsquo;Artisanat.<\/a><\/p>\n<p style=\"text-align: center;\"><a href=\"\/2020\/12\/Capture-d\u2019\u00e9cran-2020-12-23-111831.png\"><img decoding=\"async\" class=\"alignnone size-full wp-image-305098\" src=\"\/2020\/12\/Capture-d\u2019\u00e9cran-2020-12-23-111831.png\" alt=\"Capture d\u2019\u00e9cran 2020-12-23 111831\" width=\"800\" height=\"505\" \/><\/a><\/p>\n","protected":false},"excerpt":{"rendered":"<p>Photo de\u00a0@lesartisansvosgiens\u00a0 Du 3 au 31 d\u00e9cembre 2020, \u00abJ\u2019expose un Artisan d\u2019Art\u00bb enfile sa tenue de f\u00eates pour No\u00ebl\u2026 Apr\u00e8s [&hellip;]<\/p>\n","protected":false},"author":407,"featured_media":35341,"comment_status":"open","ping_status":"open","sticky":false,"template":"","format":"standard","meta":{"footnotes":""},"categories":[26,18],"tags":[],"class_list":["post-35340","post","type-post","status-publish","format-standard","has-post-thumbnail","hentry","category-a-la-une","category-vosges"],"acf":[],"yoast_head":"<!-- This site is optimized with the Yoast SEO plugin v22.5 - https:\/\/yoast.com\/wordpress\/plugins\/seo\/ -->\n<title>Vosges : d\u00e9couvrez la carte des participants \u00e0 l&#039;op\u00e9ration \u00ab J\u2019expose un Artisan d\u2019Art \u00bb - Remiremont Info<\/title>\n<meta name=\"robots\" content=\"index, follow, max-snippet:-1, max-image-preview:large, max-video-preview:-1\" \/>\n<link rel=\"canonical\" href=\"https:\/\/vosgesinfo.fr\/remiremontinfo\/2020\/12\/vosges-decouvrez-carte-participants-a-jexpose-artisan-dart\/\" \/>\n<meta name=\"twitter:card\" content=\"summary_large_image\" \/>\n<meta name=\"twitter:title\" content=\"Vosges : d\u00e9couvrez la carte des participants \u00e0 l&#039;op\u00e9ration \u00ab J\u2019expose un Artisan d\u2019Art \u00bb - Remiremont Info\" \/>\n<meta name=\"twitter:description\" content=\"Photo de\u00a0@lesartisansvosgiens\u00a0 Du 3 au 31 d\u00e9cembre 2020, \u00abJ\u2019expose un Artisan d\u2019Art\u00bb enfile sa tenue de f\u00eates pour No\u00ebl\u2026 Apr\u00e8s [&hellip;]\" \/>\n<meta name=\"twitter:image\" content=\"https:\/\/vosgesinfo.fr\/app\/uploads\/sites\/5\/2024\/09\/202012131930274-1329460057397880-7371449832961977492-n.jpg\" \/>\n<meta name=\"twitter:creator\" content=\"@VosgesInfo88\" \/>\n<meta name=\"twitter:site\" content=\"@VosgesInfo88\" \/>\n<meta name=\"twitter:label1\" content=\"\u00c9crit par\" \/>\n\t<meta name=\"twitter:data1\" content=\"C D\" \/>\n\t<meta name=\"twitter:label2\" content=\"Dur\u00e9e de lecture estim\u00e9e\" \/>\n\t<meta name=\"twitter:data2\" content=\"1 minute\" \/>\n<script type=\"application\/ld+json\" class=\"yoast-schema-graph\">{\"@context\":\"https:\/\/schema.org\",\"@graph\":[{\"@type\":\"Article\",\"@id\":\"https:\/\/vosgesinfo.fr\/remiremontinfo\/2020\/12\/vosges-decouvrez-carte-participants-a-jexpose-artisan-dart\/#article\",\"isPartOf\":{\"@id\":\"https:\/\/vosgesinfo.fr\/remiremontinfo\/2020\/12\/vosges-decouvrez-carte-participants-a-jexpose-artisan-dart\/\"},\"author\":{\"name\":\"C D\",\"@id\":\"https:\/\/vosgesinfo.fr\/remiremontinfo\/#\/schema\/person\/3bfd164d5218a185b1db68655a265316\"},\"headline\":\"Vosges : d\u00e9couvrez la carte des participants \u00e0 l&rsquo;op\u00e9ration \u00ab J\u2019expose un Artisan d\u2019Art \u00bb\",\"datePublished\":\"2020-12-23T08:00:03+00:00\",\"dateModified\":\"2020-12-23T08:00:03+00:00\",\"mainEntityOfPage\":{\"@id\":\"https:\/\/vosgesinfo.fr\/remiremontinfo\/2020\/12\/vosges-decouvrez-carte-participants-a-jexpose-artisan-dart\/\"},\"wordCount\":251,\"commentCount\":0,\"publisher\":{\"@id\":\"https:\/\/vosgesinfo.fr\/remiremontinfo\/#organization\"},\"image\":{\"@id\":\"https:\/\/vosgesinfo.fr\/remiremontinfo\/2020\/12\/vosges-decouvrez-carte-participants-a-jexpose-artisan-dart\/#primaryimage\"},\"thumbnailUrl\":\"https:\/\/vosgesinfo.fr\/app\/uploads\/sites\/5\/2024\/09\/202012131930274-1329460057397880-7371449832961977492-n.jpg\",\"articleSection\":[\"A la Une\",\"Vosges\"],\"inLanguage\":\"fr-FR\",\"potentialAction\":[{\"@type\":\"CommentAction\",\"name\":\"Comment\",\"target\":[\"https:\/\/vosgesinfo.fr\/remiremontinfo\/2020\/12\/vosges-decouvrez-carte-participants-a-jexpose-artisan-dart\/#respond\"]}]},{\"@type\":\"WebPage\",\"@id\":\"https:\/\/vosgesinfo.fr\/remiremontinfo\/2020\/12\/vosges-decouvrez-carte-participants-a-jexpose-artisan-dart\/\",\"url\":\"https:\/\/vosgesinfo.fr\/remiremontinfo\/2020\/12\/vosges-decouvrez-carte-participants-a-jexpose-artisan-dart\/\",\"name\":\"Vosges : d\u00e9couvrez la carte des participants \u00e0 l'op\u00e9ration \u00ab J\u2019expose un Artisan d\u2019Art \u00bb - Remiremont Info\",\"isPartOf\":{\"@id\":\"https:\/\/vosgesinfo.fr\/remiremontinfo\/#website\"},\"primaryImageOfPage\":{\"@id\":\"https:\/\/vosgesinfo.fr\/remiremontinfo\/2020\/12\/vosges-decouvrez-carte-participants-a-jexpose-artisan-dart\/#primaryimage\"},\"image\":{\"@id\":\"https:\/\/vosgesinfo.fr\/remiremontinfo\/2020\/12\/vosges-decouvrez-carte-participants-a-jexpose-artisan-dart\/#primaryimage\"},\"thumbnailUrl\":\"https:\/\/vosgesinfo.fr\/app\/uploads\/sites\/5\/2024\/09\/202012131930274-1329460057397880-7371449832961977492-n.jpg\",\"datePublished\":\"2020-12-23T08:00:03+00:00\",\"dateModified\":\"2020-12-23T08:00:03+00:00\",\"breadcrumb\":{\"@id\":\"https:\/\/vosgesinfo.fr\/remiremontinfo\/2020\/12\/vosges-decouvrez-carte-participants-a-jexpose-artisan-dart\/#breadcrumb\"},\"inLanguage\":\"fr-FR\",\"potentialAction\":[{\"@type\":\"ReadAction\",\"target\":[\"https:\/\/vosgesinfo.fr\/remiremontinfo\/2020\/12\/vosges-decouvrez-carte-participants-a-jexpose-artisan-dart\/\"]}]},{\"@type\":\"ImageObject\",\"inLanguage\":\"fr-FR\",\"@id\":\"https:\/\/vosgesinfo.fr\/remiremontinfo\/2020\/12\/vosges-decouvrez-carte-participants-a-jexpose-artisan-dart\/#primaryimage\",\"url\":\"https:\/\/vosgesinfo.fr\/app\/uploads\/sites\/5\/2024\/09\/202012131930274-1329460057397880-7371449832961977492-n.jpg\",\"contentUrl\":\"https:\/\/vosgesinfo.fr\/app\/uploads\/sites\/5\/2024\/09\/202012131930274-1329460057397880-7371449832961977492-n.jpg\",\"width\":800,\"height\":613},{\"@type\":\"BreadcrumbList\",\"@id\":\"https:\/\/vosgesinfo.fr\/remiremontinfo\/2020\/12\/vosges-decouvrez-carte-participants-a-jexpose-artisan-dart\/#breadcrumb\",\"itemListElement\":[{\"@type\":\"ListItem\",\"position\":1,\"name\":\"Home\",\"item\":\"https:\/\/vosgesinfo.fr\/remiremontinfo\/\"},{\"@type\":\"ListItem\",\"position\":2,\"name\":\"Vosges : d\u00e9couvrez la carte des participants \u00e0 l&rsquo;op\u00e9ration \u00ab J\u2019expose un Artisan d\u2019Art \u00bb\"}]},{\"@type\":\"WebSite\",\"@id\":\"https:\/\/vosgesinfo.fr\/remiremontinfo\/#website\",\"url\":\"https:\/\/vosgesinfo.fr\/remiremontinfo\/\",\"name\":\"Remiremont Info\",\"description\":\"Toute l&#039;actualit\u00e9 de Remiremont\",\"publisher\":{\"@id\":\"https:\/\/vosgesinfo.fr\/remiremontinfo\/#organization\"},\"alternateName\":\"Toute l'actualit\u00e9 de Remiremont\",\"potentialAction\":[{\"@type\":\"SearchAction\",\"target\":{\"@type\":\"EntryPoint\",\"urlTemplate\":\"https:\/\/vosgesinfo.fr\/remiremontinfo\/?s={search_term_string}\"},\"query-input\":\"required name=search_term_string\"}],\"inLanguage\":\"fr-FR\"},{\"@type\":\"Organization\",\"@id\":\"https:\/\/vosgesinfo.fr\/remiremontinfo\/#organization\",\"name\":\"Remiremont Info\",\"url\":\"https:\/\/vosgesinfo.fr\/remiremontinfo\/\",\"logo\":{\"@type\":\"ImageObject\",\"inLanguage\":\"fr-FR\",\"@id\":\"https:\/\/vosgesinfo.fr\/remiremontinfo\/#\/schema\/logo\/image\/\",\"url\":\"https:\/\/vosgesinfo.fr\/app\/uploads\/sites\/5\/2023\/08\/favicon-remiremontinfo.png\",\"contentUrl\":\"https:\/\/vosgesinfo.fr\/app\/uploads\/sites\/5\/2023\/08\/favicon-remiremontinfo.png\",\"width\":512,\"height\":512,\"caption\":\"Remiremont Info\"},\"image\":{\"@id\":\"https:\/\/vosgesinfo.fr\/remiremontinfo\/#\/schema\/logo\/image\/\"},\"sameAs\":[\"https:\/\/www.facebook.com\/remiremontinfo\",\"https:\/\/x.com\/VosgesInfo88\",\"https:\/\/www.youtube.com\/@vosgesinfo\"]},{\"@type\":\"Person\",\"@id\":\"https:\/\/vosgesinfo.fr\/remiremontinfo\/#\/schema\/person\/3bfd164d5218a185b1db68655a265316\",\"name\":\"C D\",\"image\":{\"@type\":\"ImageObject\",\"inLanguage\":\"fr-FR\",\"@id\":\"https:\/\/vosgesinfo.fr\/remiremontinfo\/#\/schema\/person\/image\/\",\"url\":\"https:\/\/secure.gravatar.com\/avatar\/1f9a70007336511a47468b8f1c66f922b8b7cf617b02a31149ada43893a5d48f?s=96&d=mm&r=g\",\"contentUrl\":\"https:\/\/secure.gravatar.com\/avatar\/1f9a70007336511a47468b8f1c66f922b8b7cf617b02a31149ada43893a5d48f?s=96&d=mm&r=g\",\"caption\":\"C D\"},\"url\":\"https:\/\/vosgesinfo.fr\/remiremontinfo\/author\/cedric-drevet\/\"}]}<\/script>\n<!-- \/ Yoast SEO plugin. -->","yoast_head_json":{"title":"Vosges : d\u00e9couvrez la carte des participants \u00e0 l'op\u00e9ration \u00ab J\u2019expose un Artisan d\u2019Art \u00bb - Remiremont Info","robots":{"index":"index","follow":"follow","max-snippet":"max-snippet:-1","max-image-preview":"max-image-preview:large","max-video-preview":"max-video-preview:-1"},"canonical":"https:\/\/vosgesinfo.fr\/remiremontinfo\/2020\/12\/vosges-decouvrez-carte-participants-a-jexpose-artisan-dart\/","twitter_card":"summary_large_image","twitter_title":"Vosges : d\u00e9couvrez la carte des participants \u00e0 l'op\u00e9ration \u00ab J\u2019expose un Artisan d\u2019Art \u00bb - Remiremont Info","twitter_description":"Photo de\u00a0@lesartisansvosgiens\u00a0 Du 3 au 31 d\u00e9cembre 2020, \u00abJ\u2019expose un Artisan d\u2019Art\u00bb enfile sa tenue de f\u00eates pour No\u00ebl\u2026 Apr\u00e8s [&hellip;]","twitter_image":"https:\/\/vosgesinfo.fr\/app\/uploads\/sites\/5\/2024\/09\/202012131930274-1329460057397880-7371449832961977492-n.jpg","twitter_creator":"@VosgesInfo88","twitter_site":"@VosgesInfo88","twitter_misc":{"\u00c9crit par":"C D","Dur\u00e9e de lecture estim\u00e9e":"1 minute"},"schema":{"@context":"https:\/\/schema.org","@graph":[{"@type":"Article","@id":"https:\/\/vosgesinfo.fr\/remiremontinfo\/2020\/12\/vosges-decouvrez-carte-participants-a-jexpose-artisan-dart\/#article","isPartOf":{"@id":"https:\/\/vosgesinfo.fr\/remiremontinfo\/2020\/12\/vosges-decouvrez-carte-participants-a-jexpose-artisan-dart\/"},"author":{"name":"C D","@id":"https:\/\/vosgesinfo.fr\/remiremontinfo\/#\/schema\/person\/3bfd164d5218a185b1db68655a265316"},"headline":"Vosges : d\u00e9couvrez la carte des participants \u00e0 l&rsquo;op\u00e9ration \u00ab J\u2019expose un Artisan d\u2019Art \u00bb","datePublished":"2020-12-23T08:00:03+00:00","dateModified":"2020-12-23T08:00:03+00:00","mainEntityOfPage":{"@id":"https:\/\/vosgesinfo.fr\/remiremontinfo\/2020\/12\/vosges-decouvrez-carte-participants-a-jexpose-artisan-dart\/"},"wordCount":251,"commentCount":0,"publisher":{"@id":"https:\/\/vosgesinfo.fr\/remiremontinfo\/#organization"},"image":{"@id":"https:\/\/vosgesinfo.fr\/remiremontinfo\/2020\/12\/vosges-decouvrez-carte-participants-a-jexpose-artisan-dart\/#primaryimage"},"thumbnailUrl":"https:\/\/vosgesinfo.fr\/app\/uploads\/sites\/5\/2024\/09\/202012131930274-1329460057397880-7371449832961977492-n.jpg","articleSection":["A la Une","Vosges"],"inLanguage":"fr-FR","potentialAction":[{"@type":"CommentAction","name":"Comment","target":["https:\/\/vosgesinfo.fr\/remiremontinfo\/2020\/12\/vosges-decouvrez-carte-participants-a-jexpose-artisan-dart\/#respond"]}]},{"@type":"WebPage","@id":"https:\/\/vosgesinfo.fr\/remiremontinfo\/2020\/12\/vosges-decouvrez-carte-participants-a-jexpose-artisan-dart\/","url":"https:\/\/vosgesinfo.fr\/remiremontinfo\/2020\/12\/vosges-decouvrez-carte-participants-a-jexpose-artisan-dart\/","name":"Vosges : d\u00e9couvrez la carte des participants \u00e0 l'op\u00e9ration \u00ab J\u2019expose un Artisan d\u2019Art \u00bb - Remiremont Info","isPartOf":{"@id":"https:\/\/vosgesinfo.fr\/remiremontinfo\/#website"},"primaryImageOfPage":{"@id":"https:\/\/vosgesinfo.fr\/remiremontinfo\/2020\/12\/vosges-decouvrez-carte-participants-a-jexpose-artisan-dart\/#primaryimage"},"image":{"@id":"https:\/\/vosgesinfo.fr\/remiremontinfo\/2020\/12\/vosges-decouvrez-carte-participants-a-jexpose-artisan-dart\/#primaryimage"},"thumbnailUrl":"https:\/\/vosgesinfo.fr\/app\/uploads\/sites\/5\/2024\/09\/202012131930274-1329460057397880-7371449832961977492-n.jpg","datePublished":"2020-12-23T08:00:03+00:00","dateModified":"2020-12-23T08:00:03+00:00","breadcrumb":{"@id":"https:\/\/vosgesinfo.fr\/remiremontinfo\/2020\/12\/vosges-decouvrez-carte-participants-a-jexpose-artisan-dart\/#breadcrumb"},"inLanguage":"fr-FR","potentialAction":[{"@type":"ReadAction","target":["https:\/\/vosgesinfo.fr\/remiremontinfo\/2020\/12\/vosges-decouvrez-carte-participants-a-jexpose-artisan-dart\/"]}]},{"@type":"ImageObject","inLanguage":"fr-FR","@id":"https:\/\/vosgesinfo.fr\/remiremontinfo\/2020\/12\/vosges-decouvrez-carte-participants-a-jexpose-artisan-dart\/#primaryimage","url":"https:\/\/vosgesinfo.fr\/app\/uploads\/sites\/5\/2024\/09\/202012131930274-1329460057397880-7371449832961977492-n.jpg","contentUrl":"https:\/\/vosgesinfo.fr\/app\/uploads\/sites\/5\/2024\/09\/202012131930274-1329460057397880-7371449832961977492-n.jpg","width":800,"height":613},{"@type":"BreadcrumbList","@id":"https:\/\/vosgesinfo.fr\/remiremontinfo\/2020\/12\/vosges-decouvrez-carte-participants-a-jexpose-artisan-dart\/#breadcrumb","itemListElement":[{"@type":"ListItem","position":1,"name":"Home","item":"https:\/\/vosgesinfo.fr\/remiremontinfo\/"},{"@type":"ListItem","position":2,"name":"Vosges : d\u00e9couvrez la carte des participants \u00e0 l&rsquo;op\u00e9ration \u00ab J\u2019expose un Artisan d\u2019Art \u00bb"}]},{"@type":"WebSite","@id":"https:\/\/vosgesinfo.fr\/remiremontinfo\/#website","url":"https:\/\/vosgesinfo.fr\/remiremontinfo\/","name":"Remiremont Info","description":"Toute l&#039;actualit\u00e9 de Remiremont","publisher":{"@id":"https:\/\/vosgesinfo.fr\/remiremontinfo\/#organization"},"alternateName":"Toute l'actualit\u00e9 de Remiremont","potentialAction":[{"@type":"SearchAction","target":{"@type":"EntryPoint","urlTemplate":"https:\/\/vosgesinfo.fr\/remiremontinfo\/?s={search_term_string}"},"query-input":"required name=search_term_string"}],"inLanguage":"fr-FR"},{"@type":"Organization","@id":"https:\/\/vosgesinfo.fr\/remiremontinfo\/#organization","name":"Remiremont Info","url":"https:\/\/vosgesinfo.fr\/remiremontinfo\/","logo":{"@type":"ImageObject","inLanguage":"fr-FR","@id":"https:\/\/vosgesinfo.fr\/remiremontinfo\/#\/schema\/logo\/image\/","url":"https:\/\/vosgesinfo.fr\/app\/uploads\/sites\/5\/2023\/08\/favicon-remiremontinfo.png","contentUrl":"https:\/\/vosgesinfo.fr\/app\/uploads\/sites\/5\/2023\/08\/favicon-remiremontinfo.png","width":512,"height":512,"caption":"Remiremont Info"},"image":{"@id":"https:\/\/vosgesinfo.fr\/remiremontinfo\/#\/schema\/logo\/image\/"},"sameAs":["https:\/\/www.facebook.com\/remiremontinfo","https:\/\/x.com\/VosgesInfo88","https:\/\/www.youtube.com\/@vosgesinfo"]},{"@type":"Person","@id":"https:\/\/vosgesinfo.fr\/remiremontinfo\/#\/schema\/person\/3bfd164d5218a185b1db68655a265316","name":"C D","image":{"@type":"ImageObject","inLanguage":"fr-FR","@id":"https:\/\/vosgesinfo.fr\/remiremontinfo\/#\/schema\/person\/image\/","url":"https:\/\/secure.gravatar.com\/avatar\/1f9a70007336511a47468b8f1c66f922b8b7cf617b02a31149ada43893a5d48f?s=96&d=mm&r=g","contentUrl":"https:\/\/secure.gravatar.com\/avatar\/1f9a70007336511a47468b8f1c66f922b8b7cf617b02a31149ada43893a5d48f?s=96&d=mm&r=g","caption":"C D"},"url":"https:\/\/vosgesinfo.fr\/remiremontinfo\/author\/cedric-drevet\/"}]}},"_links":{"self":[{"href":"https:\/\/vosgesinfo.fr\/remiremontinfo\/wp-json\/wp\/v2\/posts\/35340","targetHints":{"allow":["GET"]}}],"collection":[{"href":"https:\/\/vosgesinfo.fr\/remiremontinfo\/wp-json\/wp\/v2\/posts"}],"about":[{"href":"https:\/\/vosgesinfo.fr\/remiremontinfo\/wp-json\/wp\/v2\/types\/post"}],"author":[{"embeddable":true,"href":"https:\/\/vosgesinfo.fr\/remiremontinfo\/wp-json\/wp\/v2\/users\/407"}],"replies":[{"embeddable":true,"href":"https:\/\/vosgesinfo.fr\/remiremontinfo\/wp-json\/wp\/v2\/comments?post=35340"}],"version-history":[{"count":0,"href":"https:\/\/vosgesinfo.fr\/remiremontinfo\/wp-json\/wp\/v2\/posts\/35340\/revisions"}],"wp:featuredmedia":[{"embeddable":true,"href":"https:\/\/vosgesinfo.fr\/remiremontinfo\/wp-json\/wp\/v2\/media\/35341"}],"wp:attachment":[{"href":"https:\/\/vosgesinfo.fr\/remiremontinfo\/wp-json\/wp\/v2\/media?parent=35340"}],"wp:term":[{"taxonomy":"category","embeddable":true,"href":"https:\/\/vosgesinfo.fr\/remiremontinfo\/wp-json\/wp\/v2\/categories?post=35340"},{"taxonomy":"post_tag","embeddable":true,"href":"https:\/\/vosgesinfo.fr\/remiremontinfo\/wp-json\/wp\/v2\/tags?post=35340"}],"curies":[{"name":"wp","href":"https:\/\/api.w.org\/{rel}","templated":true}]}}