{"id":35422,"date":"2020-12-26T05:24:36","date_gmt":"2020-12-26T04:24:36","guid":{"rendered":"https:\/\/vosgesinfo.fr\/remiremontinfo\/2020\/12\/vosges-masque-obligatoire-rues-de-lhyper-centre-depinal\/"},"modified":"2020-12-26T05:24:36","modified_gmt":"2020-12-26T04:24:36","slug":"vosges-masque-obligatoire-rues-de-lhyper-centre-depinal","status":"publish","type":"post","link":"https:\/\/vosgesinfo.fr\/remiremontinfo\/2020\/12\/vosges-masque-obligatoire-rues-de-lhyper-centre-depinal\/","title":{"rendered":"Vosges : masque obligatoire dans les rues de l\u2019hyper-centre d&rsquo;Epinal"},"content":{"rendered":"<p class=\"entry-title single-post-title\">Les derni\u00e8res donn\u00e9es \u00e9pid\u00e9miologiques publi\u00e9es quotidiennement par l\u2019ARS Grand Est et Sant\u00e9 Publique France indiquent une forte d\u00e9gradation de la situation sanitaire dans le d\u00e9partement depuis le 1er d\u00e9cembre dernier.<br \/>\nTr\u00e8s longtemps rest\u00e9 sous le seuil des 20 cas pour 100.000 habitants (jusque fin septembre 2020), le taux a \u00e9t\u00e9 multipli\u00e9 18,2 en 5 semaines atteignant le chiffre record de 455 cas pour 100.000 habitants au 8 novembre 2020.<br \/>\nApr\u00e8s une l\u00e9g\u00e8re baisse puis stabilisation des indicateurs courant novembre le taux d\u2019incidence (nombre de nouveaux cas sur un intervalle de 7 jours) est reparti \u00e0 la hausse d\u00e8s le mois de d\u00e9cembre pour atteindre aujourd\u2019hui 332,9.<br \/>\nLe nombre de personnes hospitalis\u00e9es en raison de la COVID continue sa progression pour atteindre des taux bien au-del\u00e0 des seuils atteints au plus fort de l\u2019\u00e9pid\u00e9mie en mars avril dernier (339 personnes hospitalis\u00e9es le 23 d\u00e9cembre contre 210 le 1er d\u00e9cembre et 283 en avril).<br \/>\nLe nombre de nouveaux d\u00e9c\u00e8s a continu\u00e9 sur la m\u00eame tendance. Au total, on comptabilise 475 d\u00e9c\u00e8s hospitaliers depuis le 16 mars 2020.<br \/>\nLa situation dans les h\u00f4pitaux vosgiens devient de plus en plus inqui\u00e9tante., certaines op\u00e9rations devant<br \/>\n\u00eatre d\u00e9programm\u00e9es. Le personnel m\u00e9dical reste \u00e9videmment mobilis\u00e9, mais la fatigue se fait \u00e9galement<br \/>\nsentir.<br \/>\nCompte tenu de cette forte d\u00e9gradation Yves S\u00e9guy, pr\u00e9fet des Vosges, en concertation avec le maire de la ville d\u2019\u00c9pinal, a d\u00e9cid\u00e9 de rendre obligatoire le port du masque pour les personnes \u00e2g\u00e9es de plus de 11 ans dans les rues o\u00f9 la concentration de personnes est la plus forte du fait des activit\u00e9s commer\u00e7antes et des animations (retrouvez la zone concern\u00e9e en annexe).<br \/>\nCette obligation court \u00e0 partir du 25 d\u00e9cembre 2020 8h jusqu\u2019au 4 janvier 2021 8h. Une signalisation sera mise en place par les services de la ville \u00e0 l\u2019entr\u00e9e des rues concern\u00e9es.<br \/>\nCette p\u00e9riode de l\u2019ann\u00e9e est propice aux rassemblements et aux d\u00e9placements dans les centres-villes commer\u00e7ants. Il s\u2019agit de limiter la propagation du virus dans les lieux de forte affluence.<br \/>\nUn arr\u00eat\u00e9 similaire a d\u00e9j\u00e0 \u00e9t\u00e9 pris pour G\u00e9rardmer, d\u2019autres communes seront prochainement concern\u00e9es dont la ville de Saint-Di\u00e9-Des-Vosges.<br \/>\nLe port du masque est rendu obligatoire dans l\u2019hyper-centre commer\u00e7ant d\u2019\u00c9pinal<br \/>\nEn cette veille de No\u00ebl, il est important de continuer d\u2019appliquer les gestes barri\u00e8res pour profiter pleinement de nos proches et \u00e9viter un nouveau confinement :<br \/>\n\u2013 \u00e9viter les embrassades<br \/>\n\u2013 garder ses distances et porter un masque lorsque la distance d\u2019un m\u00e8tre ne peut pas \u00eatre respect\u00e9e<br \/>\n\u2013 limiter le nombre de convives \u00e0 6 personnes<br \/>\n\u2013 se laver les mains avant de manger et avant toutes activit\u00e9s<br \/>\n\u2013 \u00e9viter de partager ses verres, plats, couverts<br \/>\n\u2013 a\u00e9rer le plus r\u00e9guli\u00e8rement possible<br \/>\nP\u00e9rim\u00e8tre au sein duquel le port du masque est obligatoire \u00e0 \u00c9pinal :<br \/>\n\u2013 Quai des Bons Enfants (quai compris)<br \/>\n\u2013 Place des Quatre Nations (place comprise)<br \/>\n\u2013 Rue Paul Doumer (rue comprise)<br \/>\n\u2013 Rue de la Marne (rue comprise)<br \/>\n\u2013 Place de la Chipotte<br \/>\n\u2013 Pont Cl\u00e9menceau (pont compris)<br \/>\n\u2013 Place Guilgot (place comprise)<br \/>\n\u2013 Rue entre les deux Portes (rue comprise)<br \/>\n\u2013 Rue de la Maix (rue comprise)<br \/>\n\u2013 Rue de l\u2019Abb\u00e9 Friesenhauer (rue comprise)<br \/>\n\u2013 Place de l\u2019Atre (place comprise)<br \/>\n\u2013 Rue Thierry De Hamelant (rue comprise)<br \/>\n\u2013 Place Saint Goery (place comprise)<br \/>\n\u2013 Rue Claude Gell\u00e9e (rue comprise)<br \/>\n\u2013 Rue Boegner (non comprise)<br \/>\n\u2013 Place Foch (place non comprise)<br \/>\n\u2013 Pont Sadi Carnot (pont compris)<br \/>\n\u2013 Prue Georges de La Tour (rue comprise)<br \/>\n\u2013 Pont de la Xatte (pont compris)<\/p>\n","protected":false},"excerpt":{"rendered":"<p>Les derni\u00e8res donn\u00e9es \u00e9pid\u00e9miologiques publi\u00e9es quotidiennement par l\u2019ARS Grand Est et Sant\u00e9 Publique France indiquent une forte d\u00e9gradation de la [&hellip;]<\/p>\n","protected":false},"author":407,"featured_media":35423,"comment_status":"open","ping_status":"open","sticky":false,"template":"","format":"standard","meta":{"footnotes":""},"categories":[26,12,18],"tags":[],"class_list":["post-35422","post","type-post","status-publish","format-standard","has-post-thumbnail","hentry","category-a-la-une","category-sante","category-vosges"],"acf":[],"yoast_head":"<!-- This site is optimized with the Yoast SEO plugin v22.5 - https:\/\/yoast.com\/wordpress\/plugins\/seo\/ -->\n<title>Vosges : masque obligatoire dans les rues de l\u2019hyper-centre d&#039;Epinal - Remiremont Info<\/title>\n<meta name=\"robots\" content=\"index, follow, max-snippet:-1, max-image-preview:large, max-video-preview:-1\" \/>\n<link rel=\"canonical\" href=\"https:\/\/vosgesinfo.fr\/remiremontinfo\/2020\/12\/vosges-masque-obligatoire-rues-de-lhyper-centre-depinal\/\" \/>\n<meta name=\"twitter:card\" content=\"summary_large_image\" \/>\n<meta name=\"twitter:title\" content=\"Vosges : masque obligatoire dans les rues de l\u2019hyper-centre d&#039;Epinal - Remiremont Info\" \/>\n<meta name=\"twitter:description\" content=\"Les derni\u00e8res donn\u00e9es \u00e9pid\u00e9miologiques publi\u00e9es quotidiennement par l\u2019ARS Grand Est et Sant\u00e9 Publique France indiquent une forte d\u00e9gradation de la [&hellip;]\" \/>\n<meta name=\"twitter:image\" content=\"https:\/\/vosgesinfo.fr\/app\/uploads\/sites\/5\/2024\/09\/202012face-mask-5803125-12801.jpg\" \/>\n<meta name=\"twitter:creator\" content=\"@VosgesInfo88\" \/>\n<meta name=\"twitter:site\" content=\"@VosgesInfo88\" \/>\n<meta name=\"twitter:label1\" content=\"\u00c9crit par\" \/>\n\t<meta name=\"twitter:data1\" content=\"C D\" \/>\n\t<meta name=\"twitter:label2\" content=\"Dur\u00e9e de lecture estim\u00e9e\" \/>\n\t<meta name=\"twitter:data2\" content=\"3 minutes\" \/>\n<script type=\"application\/ld+json\" class=\"yoast-schema-graph\">{\"@context\":\"https:\/\/schema.org\",\"@graph\":[{\"@type\":\"Article\",\"@id\":\"https:\/\/vosgesinfo.fr\/remiremontinfo\/2020\/12\/vosges-masque-obligatoire-rues-de-lhyper-centre-depinal\/#article\",\"isPartOf\":{\"@id\":\"https:\/\/vosgesinfo.fr\/remiremontinfo\/2020\/12\/vosges-masque-obligatoire-rues-de-lhyper-centre-depinal\/\"},\"author\":{\"name\":\"C D\",\"@id\":\"https:\/\/vosgesinfo.fr\/remiremontinfo\/#\/schema\/person\/3bfd164d5218a185b1db68655a265316\"},\"headline\":\"Vosges : masque obligatoire dans les rues de l\u2019hyper-centre d&rsquo;Epinal\",\"datePublished\":\"2020-12-26T04:24:36+00:00\",\"dateModified\":\"2020-12-26T04:24:36+00:00\",\"mainEntityOfPage\":{\"@id\":\"https:\/\/vosgesinfo.fr\/remiremontinfo\/2020\/12\/vosges-masque-obligatoire-rues-de-lhyper-centre-depinal\/\"},\"wordCount\":610,\"commentCount\":0,\"publisher\":{\"@id\":\"https:\/\/vosgesinfo.fr\/remiremontinfo\/#organization\"},\"image\":{\"@id\":\"https:\/\/vosgesinfo.fr\/remiremontinfo\/2020\/12\/vosges-masque-obligatoire-rues-de-lhyper-centre-depinal\/#primaryimage\"},\"thumbnailUrl\":\"https:\/\/vosgesinfo.fr\/app\/uploads\/sites\/5\/2024\/09\/202012face-mask-5803125-12801.jpg\",\"articleSection\":[\"A la Une\",\"Sant\u00e9\",\"Vosges\"],\"inLanguage\":\"fr-FR\",\"potentialAction\":[{\"@type\":\"CommentAction\",\"name\":\"Comment\",\"target\":[\"https:\/\/vosgesinfo.fr\/remiremontinfo\/2020\/12\/vosges-masque-obligatoire-rues-de-lhyper-centre-depinal\/#respond\"]}]},{\"@type\":\"WebPage\",\"@id\":\"https:\/\/vosgesinfo.fr\/remiremontinfo\/2020\/12\/vosges-masque-obligatoire-rues-de-lhyper-centre-depinal\/\",\"url\":\"https:\/\/vosgesinfo.fr\/remiremontinfo\/2020\/12\/vosges-masque-obligatoire-rues-de-lhyper-centre-depinal\/\",\"name\":\"Vosges : masque obligatoire dans les rues de l\u2019hyper-centre d'Epinal - Remiremont Info\",\"isPartOf\":{\"@id\":\"https:\/\/vosgesinfo.fr\/remiremontinfo\/#website\"},\"primaryImageOfPage\":{\"@id\":\"https:\/\/vosgesinfo.fr\/remiremontinfo\/2020\/12\/vosges-masque-obligatoire-rues-de-lhyper-centre-depinal\/#primaryimage\"},\"image\":{\"@id\":\"https:\/\/vosgesinfo.fr\/remiremontinfo\/2020\/12\/vosges-masque-obligatoire-rues-de-lhyper-centre-depinal\/#primaryimage\"},\"thumbnailUrl\":\"https:\/\/vosgesinfo.fr\/app\/uploads\/sites\/5\/2024\/09\/202012face-mask-5803125-12801.jpg\",\"datePublished\":\"2020-12-26T04:24:36+00:00\",\"dateModified\":\"2020-12-26T04:24:36+00:00\",\"breadcrumb\":{\"@id\":\"https:\/\/vosgesinfo.fr\/remiremontinfo\/2020\/12\/vosges-masque-obligatoire-rues-de-lhyper-centre-depinal\/#breadcrumb\"},\"inLanguage\":\"fr-FR\",\"potentialAction\":[{\"@type\":\"ReadAction\",\"target\":[\"https:\/\/vosgesinfo.fr\/remiremontinfo\/2020\/12\/vosges-masque-obligatoire-rues-de-lhyper-centre-depinal\/\"]}]},{\"@type\":\"ImageObject\",\"inLanguage\":\"fr-FR\",\"@id\":\"https:\/\/vosgesinfo.fr\/remiremontinfo\/2020\/12\/vosges-masque-obligatoire-rues-de-lhyper-centre-depinal\/#primaryimage\",\"url\":\"https:\/\/vosgesinfo.fr\/app\/uploads\/sites\/5\/2024\/09\/202012face-mask-5803125-12801.jpg\",\"contentUrl\":\"https:\/\/vosgesinfo.fr\/app\/uploads\/sites\/5\/2024\/09\/202012face-mask-5803125-12801.jpg\",\"width\":800,\"height\":533},{\"@type\":\"BreadcrumbList\",\"@id\":\"https:\/\/vosgesinfo.fr\/remiremontinfo\/2020\/12\/vosges-masque-obligatoire-rues-de-lhyper-centre-depinal\/#breadcrumb\",\"itemListElement\":[{\"@type\":\"ListItem\",\"position\":1,\"name\":\"Home\",\"item\":\"https:\/\/vosgesinfo.fr\/remiremontinfo\/\"},{\"@type\":\"ListItem\",\"position\":2,\"name\":\"Vosges : masque obligatoire dans les rues de l\u2019hyper-centre d&rsquo;Epinal\"}]},{\"@type\":\"WebSite\",\"@id\":\"https:\/\/vosgesinfo.fr\/remiremontinfo\/#website\",\"url\":\"https:\/\/vosgesinfo.fr\/remiremontinfo\/\",\"name\":\"Remiremont Info\",\"description\":\"Toute l&#039;actualit\u00e9 de Remiremont\",\"publisher\":{\"@id\":\"https:\/\/vosgesinfo.fr\/remiremontinfo\/#organization\"},\"alternateName\":\"Toute l'actualit\u00e9 de Remiremont\",\"potentialAction\":[{\"@type\":\"SearchAction\",\"target\":{\"@type\":\"EntryPoint\",\"urlTemplate\":\"https:\/\/vosgesinfo.fr\/remiremontinfo\/?s={search_term_string}\"},\"query-input\":\"required name=search_term_string\"}],\"inLanguage\":\"fr-FR\"},{\"@type\":\"Organization\",\"@id\":\"https:\/\/vosgesinfo.fr\/remiremontinfo\/#organization\",\"name\":\"Remiremont Info\",\"url\":\"https:\/\/vosgesinfo.fr\/remiremontinfo\/\",\"logo\":{\"@type\":\"ImageObject\",\"inLanguage\":\"fr-FR\",\"@id\":\"https:\/\/vosgesinfo.fr\/remiremontinfo\/#\/schema\/logo\/image\/\",\"url\":\"https:\/\/vosgesinfo.fr\/app\/uploads\/sites\/5\/2023\/08\/favicon-remiremontinfo.png\",\"contentUrl\":\"https:\/\/vosgesinfo.fr\/app\/uploads\/sites\/5\/2023\/08\/favicon-remiremontinfo.png\",\"width\":512,\"height\":512,\"caption\":\"Remiremont Info\"},\"image\":{\"@id\":\"https:\/\/vosgesinfo.fr\/remiremontinfo\/#\/schema\/logo\/image\/\"},\"sameAs\":[\"https:\/\/www.facebook.com\/remiremontinfo\",\"https:\/\/x.com\/VosgesInfo88\",\"https:\/\/www.youtube.com\/@vosgesinfo\"]},{\"@type\":\"Person\",\"@id\":\"https:\/\/vosgesinfo.fr\/remiremontinfo\/#\/schema\/person\/3bfd164d5218a185b1db68655a265316\",\"name\":\"C D\",\"image\":{\"@type\":\"ImageObject\",\"inLanguage\":\"fr-FR\",\"@id\":\"https:\/\/vosgesinfo.fr\/remiremontinfo\/#\/schema\/person\/image\/\",\"url\":\"https:\/\/secure.gravatar.com\/avatar\/1f9a70007336511a47468b8f1c66f922b8b7cf617b02a31149ada43893a5d48f?s=96&d=mm&r=g\",\"contentUrl\":\"https:\/\/secure.gravatar.com\/avatar\/1f9a70007336511a47468b8f1c66f922b8b7cf617b02a31149ada43893a5d48f?s=96&d=mm&r=g\",\"caption\":\"C D\"},\"url\":\"https:\/\/vosgesinfo.fr\/remiremontinfo\/author\/cedric-drevet\/\"}]}<\/script>\n<!-- \/ Yoast SEO plugin. -->","yoast_head_json":{"title":"Vosges : masque obligatoire dans les rues de l\u2019hyper-centre d'Epinal - Remiremont Info","robots":{"index":"index","follow":"follow","max-snippet":"max-snippet:-1","max-image-preview":"max-image-preview:large","max-video-preview":"max-video-preview:-1"},"canonical":"https:\/\/vosgesinfo.fr\/remiremontinfo\/2020\/12\/vosges-masque-obligatoire-rues-de-lhyper-centre-depinal\/","twitter_card":"summary_large_image","twitter_title":"Vosges : masque obligatoire dans les rues de l\u2019hyper-centre d'Epinal - Remiremont Info","twitter_description":"Les derni\u00e8res donn\u00e9es \u00e9pid\u00e9miologiques publi\u00e9es quotidiennement par l\u2019ARS Grand Est et Sant\u00e9 Publique France indiquent une forte d\u00e9gradation de la [&hellip;]","twitter_image":"https:\/\/vosgesinfo.fr\/app\/uploads\/sites\/5\/2024\/09\/202012face-mask-5803125-12801.jpg","twitter_creator":"@VosgesInfo88","twitter_site":"@VosgesInfo88","twitter_misc":{"\u00c9crit par":"C D","Dur\u00e9e de lecture estim\u00e9e":"3 minutes"},"schema":{"@context":"https:\/\/schema.org","@graph":[{"@type":"Article","@id":"https:\/\/vosgesinfo.fr\/remiremontinfo\/2020\/12\/vosges-masque-obligatoire-rues-de-lhyper-centre-depinal\/#article","isPartOf":{"@id":"https:\/\/vosgesinfo.fr\/remiremontinfo\/2020\/12\/vosges-masque-obligatoire-rues-de-lhyper-centre-depinal\/"},"author":{"name":"C D","@id":"https:\/\/vosgesinfo.fr\/remiremontinfo\/#\/schema\/person\/3bfd164d5218a185b1db68655a265316"},"headline":"Vosges : masque obligatoire dans les rues de l\u2019hyper-centre d&rsquo;Epinal","datePublished":"2020-12-26T04:24:36+00:00","dateModified":"2020-12-26T04:24:36+00:00","mainEntityOfPage":{"@id":"https:\/\/vosgesinfo.fr\/remiremontinfo\/2020\/12\/vosges-masque-obligatoire-rues-de-lhyper-centre-depinal\/"},"wordCount":610,"commentCount":0,"publisher":{"@id":"https:\/\/vosgesinfo.fr\/remiremontinfo\/#organization"},"image":{"@id":"https:\/\/vosgesinfo.fr\/remiremontinfo\/2020\/12\/vosges-masque-obligatoire-rues-de-lhyper-centre-depinal\/#primaryimage"},"thumbnailUrl":"https:\/\/vosgesinfo.fr\/app\/uploads\/sites\/5\/2024\/09\/202012face-mask-5803125-12801.jpg","articleSection":["A la Une","Sant\u00e9","Vosges"],"inLanguage":"fr-FR","potentialAction":[{"@type":"CommentAction","name":"Comment","target":["https:\/\/vosgesinfo.fr\/remiremontinfo\/2020\/12\/vosges-masque-obligatoire-rues-de-lhyper-centre-depinal\/#respond"]}]},{"@type":"WebPage","@id":"https:\/\/vosgesinfo.fr\/remiremontinfo\/2020\/12\/vosges-masque-obligatoire-rues-de-lhyper-centre-depinal\/","url":"https:\/\/vosgesinfo.fr\/remiremontinfo\/2020\/12\/vosges-masque-obligatoire-rues-de-lhyper-centre-depinal\/","name":"Vosges : masque obligatoire dans les rues de l\u2019hyper-centre d'Epinal - Remiremont Info","isPartOf":{"@id":"https:\/\/vosgesinfo.fr\/remiremontinfo\/#website"},"primaryImageOfPage":{"@id":"https:\/\/vosgesinfo.fr\/remiremontinfo\/2020\/12\/vosges-masque-obligatoire-rues-de-lhyper-centre-depinal\/#primaryimage"},"image":{"@id":"https:\/\/vosgesinfo.fr\/remiremontinfo\/2020\/12\/vosges-masque-obligatoire-rues-de-lhyper-centre-depinal\/#primaryimage"},"thumbnailUrl":"https:\/\/vosgesinfo.fr\/app\/uploads\/sites\/5\/2024\/09\/202012face-mask-5803125-12801.jpg","datePublished":"2020-12-26T04:24:36+00:00","dateModified":"2020-12-26T04:24:36+00:00","breadcrumb":{"@id":"https:\/\/vosgesinfo.fr\/remiremontinfo\/2020\/12\/vosges-masque-obligatoire-rues-de-lhyper-centre-depinal\/#breadcrumb"},"inLanguage":"fr-FR","potentialAction":[{"@type":"ReadAction","target":["https:\/\/vosgesinfo.fr\/remiremontinfo\/2020\/12\/vosges-masque-obligatoire-rues-de-lhyper-centre-depinal\/"]}]},{"@type":"ImageObject","inLanguage":"fr-FR","@id":"https:\/\/vosgesinfo.fr\/remiremontinfo\/2020\/12\/vosges-masque-obligatoire-rues-de-lhyper-centre-depinal\/#primaryimage","url":"https:\/\/vosgesinfo.fr\/app\/uploads\/sites\/5\/2024\/09\/202012face-mask-5803125-12801.jpg","contentUrl":"https:\/\/vosgesinfo.fr\/app\/uploads\/sites\/5\/2024\/09\/202012face-mask-5803125-12801.jpg","width":800,"height":533},{"@type":"BreadcrumbList","@id":"https:\/\/vosgesinfo.fr\/remiremontinfo\/2020\/12\/vosges-masque-obligatoire-rues-de-lhyper-centre-depinal\/#breadcrumb","itemListElement":[{"@type":"ListItem","position":1,"name":"Home","item":"https:\/\/vosgesinfo.fr\/remiremontinfo\/"},{"@type":"ListItem","position":2,"name":"Vosges : masque obligatoire dans les rues de l\u2019hyper-centre d&rsquo;Epinal"}]},{"@type":"WebSite","@id":"https:\/\/vosgesinfo.fr\/remiremontinfo\/#website","url":"https:\/\/vosgesinfo.fr\/remiremontinfo\/","name":"Remiremont Info","description":"Toute l&#039;actualit\u00e9 de Remiremont","publisher":{"@id":"https:\/\/vosgesinfo.fr\/remiremontinfo\/#organization"},"alternateName":"Toute l'actualit\u00e9 de Remiremont","potentialAction":[{"@type":"SearchAction","target":{"@type":"EntryPoint","urlTemplate":"https:\/\/vosgesinfo.fr\/remiremontinfo\/?s={search_term_string}"},"query-input":"required name=search_term_string"}],"inLanguage":"fr-FR"},{"@type":"Organization","@id":"https:\/\/vosgesinfo.fr\/remiremontinfo\/#organization","name":"Remiremont Info","url":"https:\/\/vosgesinfo.fr\/remiremontinfo\/","logo":{"@type":"ImageObject","inLanguage":"fr-FR","@id":"https:\/\/vosgesinfo.fr\/remiremontinfo\/#\/schema\/logo\/image\/","url":"https:\/\/vosgesinfo.fr\/app\/uploads\/sites\/5\/2023\/08\/favicon-remiremontinfo.png","contentUrl":"https:\/\/vosgesinfo.fr\/app\/uploads\/sites\/5\/2023\/08\/favicon-remiremontinfo.png","width":512,"height":512,"caption":"Remiremont Info"},"image":{"@id":"https:\/\/vosgesinfo.fr\/remiremontinfo\/#\/schema\/logo\/image\/"},"sameAs":["https:\/\/www.facebook.com\/remiremontinfo","https:\/\/x.com\/VosgesInfo88","https:\/\/www.youtube.com\/@vosgesinfo"]},{"@type":"Person","@id":"https:\/\/vosgesinfo.fr\/remiremontinfo\/#\/schema\/person\/3bfd164d5218a185b1db68655a265316","name":"C D","image":{"@type":"ImageObject","inLanguage":"fr-FR","@id":"https:\/\/vosgesinfo.fr\/remiremontinfo\/#\/schema\/person\/image\/","url":"https:\/\/secure.gravatar.com\/avatar\/1f9a70007336511a47468b8f1c66f922b8b7cf617b02a31149ada43893a5d48f?s=96&d=mm&r=g","contentUrl":"https:\/\/secure.gravatar.com\/avatar\/1f9a70007336511a47468b8f1c66f922b8b7cf617b02a31149ada43893a5d48f?s=96&d=mm&r=g","caption":"C D"},"url":"https:\/\/vosgesinfo.fr\/remiremontinfo\/author\/cedric-drevet\/"}]}},"_links":{"self":[{"href":"https:\/\/vosgesinfo.fr\/remiremontinfo\/wp-json\/wp\/v2\/posts\/35422","targetHints":{"allow":["GET"]}}],"collection":[{"href":"https:\/\/vosgesinfo.fr\/remiremontinfo\/wp-json\/wp\/v2\/posts"}],"about":[{"href":"https:\/\/vosgesinfo.fr\/remiremontinfo\/wp-json\/wp\/v2\/types\/post"}],"author":[{"embeddable":true,"href":"https:\/\/vosgesinfo.fr\/remiremontinfo\/wp-json\/wp\/v2\/users\/407"}],"replies":[{"embeddable":true,"href":"https:\/\/vosgesinfo.fr\/remiremontinfo\/wp-json\/wp\/v2\/comments?post=35422"}],"version-history":[{"count":0,"href":"https:\/\/vosgesinfo.fr\/remiremontinfo\/wp-json\/wp\/v2\/posts\/35422\/revisions"}],"wp:featuredmedia":[{"embeddable":true,"href":"https:\/\/vosgesinfo.fr\/remiremontinfo\/wp-json\/wp\/v2\/media\/35423"}],"wp:attachment":[{"href":"https:\/\/vosgesinfo.fr\/remiremontinfo\/wp-json\/wp\/v2\/media?parent=35422"}],"wp:term":[{"taxonomy":"category","embeddable":true,"href":"https:\/\/vosgesinfo.fr\/remiremontinfo\/wp-json\/wp\/v2\/categories?post=35422"},{"taxonomy":"post_tag","embeddable":true,"href":"https:\/\/vosgesinfo.fr\/remiremontinfo\/wp-json\/wp\/v2\/tags?post=35422"}],"curies":[{"name":"wp","href":"https:\/\/api.w.org\/{rel}","templated":true}]}}