{"id":35427,"date":"2020-12-26T08:42:10","date_gmt":"2020-12-26T07:42:10","guid":{"rendered":"https:\/\/vosgesinfo.fr\/remiremontinfo\/2020\/12\/collet-a-source-de-meurthe\/"},"modified":"2020-12-26T08:42:10","modified_gmt":"2020-12-26T07:42:10","slug":"collet-a-source-de-meurthe","status":"publish","type":"post","link":"https:\/\/vosgesinfo.fr\/remiremontinfo\/2020\/12\/collet-a-source-de-meurthe\/","title":{"rendered":"Du Collet \u00e0 la Source de la Meurthe"},"content":{"rendered":"\n<p>Le Collet devenu au fil du temps le \u00ab\u00a0Chalet- H\u00f4tel, Le Collet\u00a0\u00bb est une histoire d\u2019homme\u2026 et de femme. Une histoire de famille perp\u00e9tr\u00e9e aujourd\u2019hui par Olivier, un des 4 fils Lap\u00f4tre avec pour phare depuis 50 ans Ma\u00efe qui fut en son temps\u00a0 gardien du temple au c\u00f4t\u00e9 de Ga\u00e9tan. La saga, c\u2019en est une, continue avec l\u2019\u00e9l\u00e9vation des Sources de la Meurthe pour faire aujourd\u2019hui du lieu de vill\u00e9giature un complexe touristique de haut vol.<\/p>\n<p>A 58 ans, Olivier Lap\u00f4tre se lance dans une nouvelle aventure avec un investissement de 4 millions d\u2019euros et une livraison des travaux pr\u00e9vus en d\u00e9cembre 2021 \u00e0 la place du d\u00e9but d\u2019\u00e9t\u00e9 de la m\u00eame ann\u00e9e\u00a0: le coronavirus\u00a0 \u00e0 bouscul\u00e9 le timing des travaux.<\/p>\n<p>Mais qu\u2019\u00e0 cela ne tienne, l\u2019\u00e9difice promet de devenir d\u2019ici quelques mois un nouveau fleuron de l\u2019h\u00f4tellerie restauration vosgienne. Le ma\u00eetre des lieux pousse les murs de son \u00e9tablissement pour accro\u00eetre sa capacit\u00e9 d\u2019accueil de 30 personnes avec la r\u00e9alisation de 11 nouvelles chambres dont 2 suites. Et afin de satisfaire une client\u00e8le de plus en plus exigeante,\u00a0 Les Sources de la Meurthe\u00a0 seront dot\u00e9es d\u2019une piscine et d\u2019un jacuzzi en inox (une 1<sup>\u00e8re<\/sup>\u00a0en France), d\u2019une salle de sport, une autre de silence et une salle de s\u00e9minaire capable d\u2019accueillir 20 personnes. Sans oublier le traditionnel sauna\/aman, l\u2019ensemble \u00e9tant am\u00e9lior\u00e9 d\u2019un ascenseur pour les personnes \u00e0 mobilit\u00e9 r\u00e9duite.<\/p>\n<p>\u00ab\u00a0<em>C\u2019\u00e9tait un r\u00eave de d\u00e9velopper l\u2019affaire familiale tout en conservant l\u2019\u00e2me de ce qui a \u00e9t\u00e9 r\u00e9alis\u00e9 par mes parents pr\u00e9c\u00e9demment<\/em>\u00a0\u00bb commente Olivier Lap\u00f4tre\u00a0 qui n\u2019imagine pas stopper son activit\u00e9 pour une retraite de sexag\u00e9naire. Et si la cuisine du Collet est d\u00e9j\u00e0 une r\u00e9f\u00e9rence, l\u2019 h\u00f4tel va prendre une nouvelle\u00a0 dimension en peaufinant le cocooning.<\/p>\n<p>La bienveillance propre \u00e0 Olivier Lap\u00f4tre revient en boucle. Le terme trop souvent galvaud\u00e9 sied parfaitement au ma\u00eetre des lieux qu\u2019il remet chaque jour en perspective avec son personnel mais aussi en imaginant demain autrement. Ainsi la totalit\u00e9 de l\u2019ensemble touristique est d\u00e9j\u00e0 branch\u00e9 depuis peu sur une mini station de traitement des eaux pour un rejet aussi clair que les larmes du bonheur. Le futur s\u2019\u00e9crit aujourd\u2019hui en termes de d\u00e9veloppement durable et touristique.<\/p>\n<p>Il faudra encore attendre avant de go\u00fbter aux plaisirs des yeux, du confort et de l\u2019accueil, mais \u00ab<em>\u00a0il n\u2019est rien d\u2019impossible \u00e0 qui sait aimer\u00a0<\/em>\u00bb \u00e9crivait Pierre Corneille.<\/p>\n","protected":false},"excerpt":{"rendered":"<p>Le Collet devenu au fil du temps le \u00ab\u00a0Chalet- H\u00f4tel, Le Collet\u00a0\u00bb est une histoire d\u2019homme\u2026 et de femme. Une [&hellip;]<\/p>\n","protected":false},"author":407,"featured_media":35428,"comment_status":"open","ping_status":"open","sticky":false,"template":"","format":"standard","meta":{"footnotes":""},"categories":[26,18],"tags":[],"class_list":["post-35427","post","type-post","status-publish","format-standard","has-post-thumbnail","hentry","category-a-la-une","category-vosges"],"acf":[],"yoast_head":"<!-- This site is optimized with the Yoast SEO plugin v22.5 - https:\/\/yoast.com\/wordpress\/plugins\/seo\/ -->\n<title>Du Collet \u00e0 la Source de la Meurthe - Remiremont Info<\/title>\n<meta name=\"robots\" content=\"index, follow, max-snippet:-1, max-image-preview:large, max-video-preview:-1\" \/>\n<link rel=\"canonical\" href=\"https:\/\/vosgesinfo.fr\/remiremontinfo\/2020\/12\/collet-a-source-de-meurthe\/\" \/>\n<meta name=\"twitter:card\" content=\"summary_large_image\" \/>\n<meta name=\"twitter:title\" content=\"Du Collet \u00e0 la Source de la Meurthe - Remiremont Info\" \/>\n<meta name=\"twitter:description\" content=\"Le Collet devenu au fil du temps le \u00ab\u00a0Chalet- H\u00f4tel, Le Collet\u00a0\u00bb est une histoire d\u2019homme\u2026 et de femme. Une [&hellip;]\" \/>\n<meta name=\"twitter:image\" content=\"https:\/\/vosgesinfo.fr\/app\/uploads\/sites\/5\/2024\/09\/202012chal5.jpg\" \/>\n<meta name=\"twitter:creator\" content=\"@VosgesInfo88\" \/>\n<meta name=\"twitter:site\" content=\"@VosgesInfo88\" \/>\n<meta name=\"twitter:label1\" content=\"\u00c9crit par\" \/>\n\t<meta name=\"twitter:data1\" content=\"C D\" \/>\n\t<meta name=\"twitter:label2\" content=\"Dur\u00e9e de lecture estim\u00e9e\" \/>\n\t<meta name=\"twitter:data2\" content=\"2 minutes\" \/>\n<script type=\"application\/ld+json\" class=\"yoast-schema-graph\">{\"@context\":\"https:\/\/schema.org\",\"@graph\":[{\"@type\":\"Article\",\"@id\":\"https:\/\/vosgesinfo.fr\/remiremontinfo\/2020\/12\/collet-a-source-de-meurthe\/#article\",\"isPartOf\":{\"@id\":\"https:\/\/vosgesinfo.fr\/remiremontinfo\/2020\/12\/collet-a-source-de-meurthe\/\"},\"author\":{\"name\":\"C D\",\"@id\":\"https:\/\/vosgesinfo.fr\/remiremontinfo\/#\/schema\/person\/3bfd164d5218a185b1db68655a265316\"},\"headline\":\"Du Collet \u00e0 la Source de la Meurthe\",\"datePublished\":\"2020-12-26T07:42:10+00:00\",\"dateModified\":\"2020-12-26T07:42:10+00:00\",\"mainEntityOfPage\":{\"@id\":\"https:\/\/vosgesinfo.fr\/remiremontinfo\/2020\/12\/collet-a-source-de-meurthe\/\"},\"wordCount\":460,\"commentCount\":0,\"publisher\":{\"@id\":\"https:\/\/vosgesinfo.fr\/remiremontinfo\/#organization\"},\"image\":{\"@id\":\"https:\/\/vosgesinfo.fr\/remiremontinfo\/2020\/12\/collet-a-source-de-meurthe\/#primaryimage\"},\"thumbnailUrl\":\"https:\/\/vosgesinfo.fr\/app\/uploads\/sites\/5\/2024\/09\/202012chal5.jpg\",\"articleSection\":[\"A la Une\",\"Vosges\"],\"inLanguage\":\"fr-FR\",\"potentialAction\":[{\"@type\":\"CommentAction\",\"name\":\"Comment\",\"target\":[\"https:\/\/vosgesinfo.fr\/remiremontinfo\/2020\/12\/collet-a-source-de-meurthe\/#respond\"]}]},{\"@type\":\"WebPage\",\"@id\":\"https:\/\/vosgesinfo.fr\/remiremontinfo\/2020\/12\/collet-a-source-de-meurthe\/\",\"url\":\"https:\/\/vosgesinfo.fr\/remiremontinfo\/2020\/12\/collet-a-source-de-meurthe\/\",\"name\":\"Du Collet \u00e0 la Source de la Meurthe - Remiremont Info\",\"isPartOf\":{\"@id\":\"https:\/\/vosgesinfo.fr\/remiremontinfo\/#website\"},\"primaryImageOfPage\":{\"@id\":\"https:\/\/vosgesinfo.fr\/remiremontinfo\/2020\/12\/collet-a-source-de-meurthe\/#primaryimage\"},\"image\":{\"@id\":\"https:\/\/vosgesinfo.fr\/remiremontinfo\/2020\/12\/collet-a-source-de-meurthe\/#primaryimage\"},\"thumbnailUrl\":\"https:\/\/vosgesinfo.fr\/app\/uploads\/sites\/5\/2024\/09\/202012chal5.jpg\",\"datePublished\":\"2020-12-26T07:42:10+00:00\",\"dateModified\":\"2020-12-26T07:42:10+00:00\",\"breadcrumb\":{\"@id\":\"https:\/\/vosgesinfo.fr\/remiremontinfo\/2020\/12\/collet-a-source-de-meurthe\/#breadcrumb\"},\"inLanguage\":\"fr-FR\",\"potentialAction\":[{\"@type\":\"ReadAction\",\"target\":[\"https:\/\/vosgesinfo.fr\/remiremontinfo\/2020\/12\/collet-a-source-de-meurthe\/\"]}]},{\"@type\":\"ImageObject\",\"inLanguage\":\"fr-FR\",\"@id\":\"https:\/\/vosgesinfo.fr\/remiremontinfo\/2020\/12\/collet-a-source-de-meurthe\/#primaryimage\",\"url\":\"https:\/\/vosgesinfo.fr\/app\/uploads\/sites\/5\/2024\/09\/202012chal5.jpg\",\"contentUrl\":\"https:\/\/vosgesinfo.fr\/app\/uploads\/sites\/5\/2024\/09\/202012chal5.jpg\",\"width\":560,\"height\":445},{\"@type\":\"BreadcrumbList\",\"@id\":\"https:\/\/vosgesinfo.fr\/remiremontinfo\/2020\/12\/collet-a-source-de-meurthe\/#breadcrumb\",\"itemListElement\":[{\"@type\":\"ListItem\",\"position\":1,\"name\":\"Home\",\"item\":\"https:\/\/vosgesinfo.fr\/remiremontinfo\/\"},{\"@type\":\"ListItem\",\"position\":2,\"name\":\"Du Collet \u00e0 la Source de la Meurthe\"}]},{\"@type\":\"WebSite\",\"@id\":\"https:\/\/vosgesinfo.fr\/remiremontinfo\/#website\",\"url\":\"https:\/\/vosgesinfo.fr\/remiremontinfo\/\",\"name\":\"Remiremont Info\",\"description\":\"Toute l&#039;actualit\u00e9 de Remiremont\",\"publisher\":{\"@id\":\"https:\/\/vosgesinfo.fr\/remiremontinfo\/#organization\"},\"alternateName\":\"Toute l'actualit\u00e9 de Remiremont\",\"potentialAction\":[{\"@type\":\"SearchAction\",\"target\":{\"@type\":\"EntryPoint\",\"urlTemplate\":\"https:\/\/vosgesinfo.fr\/remiremontinfo\/?s={search_term_string}\"},\"query-input\":\"required name=search_term_string\"}],\"inLanguage\":\"fr-FR\"},{\"@type\":\"Organization\",\"@id\":\"https:\/\/vosgesinfo.fr\/remiremontinfo\/#organization\",\"name\":\"Remiremont Info\",\"url\":\"https:\/\/vosgesinfo.fr\/remiremontinfo\/\",\"logo\":{\"@type\":\"ImageObject\",\"inLanguage\":\"fr-FR\",\"@id\":\"https:\/\/vosgesinfo.fr\/remiremontinfo\/#\/schema\/logo\/image\/\",\"url\":\"https:\/\/vosgesinfo.fr\/app\/uploads\/sites\/5\/2023\/08\/favicon-remiremontinfo.png\",\"contentUrl\":\"https:\/\/vosgesinfo.fr\/app\/uploads\/sites\/5\/2023\/08\/favicon-remiremontinfo.png\",\"width\":512,\"height\":512,\"caption\":\"Remiremont Info\"},\"image\":{\"@id\":\"https:\/\/vosgesinfo.fr\/remiremontinfo\/#\/schema\/logo\/image\/\"},\"sameAs\":[\"https:\/\/www.facebook.com\/remiremontinfo\",\"https:\/\/x.com\/VosgesInfo88\",\"https:\/\/www.youtube.com\/@vosgesinfo\"]},{\"@type\":\"Person\",\"@id\":\"https:\/\/vosgesinfo.fr\/remiremontinfo\/#\/schema\/person\/3bfd164d5218a185b1db68655a265316\",\"name\":\"C D\",\"image\":{\"@type\":\"ImageObject\",\"inLanguage\":\"fr-FR\",\"@id\":\"https:\/\/vosgesinfo.fr\/remiremontinfo\/#\/schema\/person\/image\/\",\"url\":\"https:\/\/secure.gravatar.com\/avatar\/1f9a70007336511a47468b8f1c66f922b8b7cf617b02a31149ada43893a5d48f?s=96&d=mm&r=g\",\"contentUrl\":\"https:\/\/secure.gravatar.com\/avatar\/1f9a70007336511a47468b8f1c66f922b8b7cf617b02a31149ada43893a5d48f?s=96&d=mm&r=g\",\"caption\":\"C D\"},\"url\":\"https:\/\/vosgesinfo.fr\/remiremontinfo\/author\/cedric-drevet\/\"}]}<\/script>\n<!-- \/ Yoast SEO plugin. -->","yoast_head_json":{"title":"Du Collet \u00e0 la Source de la Meurthe - Remiremont Info","robots":{"index":"index","follow":"follow","max-snippet":"max-snippet:-1","max-image-preview":"max-image-preview:large","max-video-preview":"max-video-preview:-1"},"canonical":"https:\/\/vosgesinfo.fr\/remiremontinfo\/2020\/12\/collet-a-source-de-meurthe\/","twitter_card":"summary_large_image","twitter_title":"Du Collet \u00e0 la Source de la Meurthe - Remiremont Info","twitter_description":"Le Collet devenu au fil du temps le \u00ab\u00a0Chalet- H\u00f4tel, Le Collet\u00a0\u00bb est une histoire d\u2019homme\u2026 et de femme. Une [&hellip;]","twitter_image":"https:\/\/vosgesinfo.fr\/app\/uploads\/sites\/5\/2024\/09\/202012chal5.jpg","twitter_creator":"@VosgesInfo88","twitter_site":"@VosgesInfo88","twitter_misc":{"\u00c9crit par":"C D","Dur\u00e9e de lecture estim\u00e9e":"2 minutes"},"schema":{"@context":"https:\/\/schema.org","@graph":[{"@type":"Article","@id":"https:\/\/vosgesinfo.fr\/remiremontinfo\/2020\/12\/collet-a-source-de-meurthe\/#article","isPartOf":{"@id":"https:\/\/vosgesinfo.fr\/remiremontinfo\/2020\/12\/collet-a-source-de-meurthe\/"},"author":{"name":"C D","@id":"https:\/\/vosgesinfo.fr\/remiremontinfo\/#\/schema\/person\/3bfd164d5218a185b1db68655a265316"},"headline":"Du Collet \u00e0 la Source de la Meurthe","datePublished":"2020-12-26T07:42:10+00:00","dateModified":"2020-12-26T07:42:10+00:00","mainEntityOfPage":{"@id":"https:\/\/vosgesinfo.fr\/remiremontinfo\/2020\/12\/collet-a-source-de-meurthe\/"},"wordCount":460,"commentCount":0,"publisher":{"@id":"https:\/\/vosgesinfo.fr\/remiremontinfo\/#organization"},"image":{"@id":"https:\/\/vosgesinfo.fr\/remiremontinfo\/2020\/12\/collet-a-source-de-meurthe\/#primaryimage"},"thumbnailUrl":"https:\/\/vosgesinfo.fr\/app\/uploads\/sites\/5\/2024\/09\/202012chal5.jpg","articleSection":["A la Une","Vosges"],"inLanguage":"fr-FR","potentialAction":[{"@type":"CommentAction","name":"Comment","target":["https:\/\/vosgesinfo.fr\/remiremontinfo\/2020\/12\/collet-a-source-de-meurthe\/#respond"]}]},{"@type":"WebPage","@id":"https:\/\/vosgesinfo.fr\/remiremontinfo\/2020\/12\/collet-a-source-de-meurthe\/","url":"https:\/\/vosgesinfo.fr\/remiremontinfo\/2020\/12\/collet-a-source-de-meurthe\/","name":"Du Collet \u00e0 la Source de la Meurthe - Remiremont Info","isPartOf":{"@id":"https:\/\/vosgesinfo.fr\/remiremontinfo\/#website"},"primaryImageOfPage":{"@id":"https:\/\/vosgesinfo.fr\/remiremontinfo\/2020\/12\/collet-a-source-de-meurthe\/#primaryimage"},"image":{"@id":"https:\/\/vosgesinfo.fr\/remiremontinfo\/2020\/12\/collet-a-source-de-meurthe\/#primaryimage"},"thumbnailUrl":"https:\/\/vosgesinfo.fr\/app\/uploads\/sites\/5\/2024\/09\/202012chal5.jpg","datePublished":"2020-12-26T07:42:10+00:00","dateModified":"2020-12-26T07:42:10+00:00","breadcrumb":{"@id":"https:\/\/vosgesinfo.fr\/remiremontinfo\/2020\/12\/collet-a-source-de-meurthe\/#breadcrumb"},"inLanguage":"fr-FR","potentialAction":[{"@type":"ReadAction","target":["https:\/\/vosgesinfo.fr\/remiremontinfo\/2020\/12\/collet-a-source-de-meurthe\/"]}]},{"@type":"ImageObject","inLanguage":"fr-FR","@id":"https:\/\/vosgesinfo.fr\/remiremontinfo\/2020\/12\/collet-a-source-de-meurthe\/#primaryimage","url":"https:\/\/vosgesinfo.fr\/app\/uploads\/sites\/5\/2024\/09\/202012chal5.jpg","contentUrl":"https:\/\/vosgesinfo.fr\/app\/uploads\/sites\/5\/2024\/09\/202012chal5.jpg","width":560,"height":445},{"@type":"BreadcrumbList","@id":"https:\/\/vosgesinfo.fr\/remiremontinfo\/2020\/12\/collet-a-source-de-meurthe\/#breadcrumb","itemListElement":[{"@type":"ListItem","position":1,"name":"Home","item":"https:\/\/vosgesinfo.fr\/remiremontinfo\/"},{"@type":"ListItem","position":2,"name":"Du Collet \u00e0 la Source de la Meurthe"}]},{"@type":"WebSite","@id":"https:\/\/vosgesinfo.fr\/remiremontinfo\/#website","url":"https:\/\/vosgesinfo.fr\/remiremontinfo\/","name":"Remiremont Info","description":"Toute l&#039;actualit\u00e9 de Remiremont","publisher":{"@id":"https:\/\/vosgesinfo.fr\/remiremontinfo\/#organization"},"alternateName":"Toute l'actualit\u00e9 de Remiremont","potentialAction":[{"@type":"SearchAction","target":{"@type":"EntryPoint","urlTemplate":"https:\/\/vosgesinfo.fr\/remiremontinfo\/?s={search_term_string}"},"query-input":"required name=search_term_string"}],"inLanguage":"fr-FR"},{"@type":"Organization","@id":"https:\/\/vosgesinfo.fr\/remiremontinfo\/#organization","name":"Remiremont Info","url":"https:\/\/vosgesinfo.fr\/remiremontinfo\/","logo":{"@type":"ImageObject","inLanguage":"fr-FR","@id":"https:\/\/vosgesinfo.fr\/remiremontinfo\/#\/schema\/logo\/image\/","url":"https:\/\/vosgesinfo.fr\/app\/uploads\/sites\/5\/2023\/08\/favicon-remiremontinfo.png","contentUrl":"https:\/\/vosgesinfo.fr\/app\/uploads\/sites\/5\/2023\/08\/favicon-remiremontinfo.png","width":512,"height":512,"caption":"Remiremont Info"},"image":{"@id":"https:\/\/vosgesinfo.fr\/remiremontinfo\/#\/schema\/logo\/image\/"},"sameAs":["https:\/\/www.facebook.com\/remiremontinfo","https:\/\/x.com\/VosgesInfo88","https:\/\/www.youtube.com\/@vosgesinfo"]},{"@type":"Person","@id":"https:\/\/vosgesinfo.fr\/remiremontinfo\/#\/schema\/person\/3bfd164d5218a185b1db68655a265316","name":"C D","image":{"@type":"ImageObject","inLanguage":"fr-FR","@id":"https:\/\/vosgesinfo.fr\/remiremontinfo\/#\/schema\/person\/image\/","url":"https:\/\/secure.gravatar.com\/avatar\/1f9a70007336511a47468b8f1c66f922b8b7cf617b02a31149ada43893a5d48f?s=96&d=mm&r=g","contentUrl":"https:\/\/secure.gravatar.com\/avatar\/1f9a70007336511a47468b8f1c66f922b8b7cf617b02a31149ada43893a5d48f?s=96&d=mm&r=g","caption":"C D"},"url":"https:\/\/vosgesinfo.fr\/remiremontinfo\/author\/cedric-drevet\/"}]}},"_links":{"self":[{"href":"https:\/\/vosgesinfo.fr\/remiremontinfo\/wp-json\/wp\/v2\/posts\/35427","targetHints":{"allow":["GET"]}}],"collection":[{"href":"https:\/\/vosgesinfo.fr\/remiremontinfo\/wp-json\/wp\/v2\/posts"}],"about":[{"href":"https:\/\/vosgesinfo.fr\/remiremontinfo\/wp-json\/wp\/v2\/types\/post"}],"author":[{"embeddable":true,"href":"https:\/\/vosgesinfo.fr\/remiremontinfo\/wp-json\/wp\/v2\/users\/407"}],"replies":[{"embeddable":true,"href":"https:\/\/vosgesinfo.fr\/remiremontinfo\/wp-json\/wp\/v2\/comments?post=35427"}],"version-history":[{"count":0,"href":"https:\/\/vosgesinfo.fr\/remiremontinfo\/wp-json\/wp\/v2\/posts\/35427\/revisions"}],"wp:featuredmedia":[{"embeddable":true,"href":"https:\/\/vosgesinfo.fr\/remiremontinfo\/wp-json\/wp\/v2\/media\/35428"}],"wp:attachment":[{"href":"https:\/\/vosgesinfo.fr\/remiremontinfo\/wp-json\/wp\/v2\/media?parent=35427"}],"wp:term":[{"taxonomy":"category","embeddable":true,"href":"https:\/\/vosgesinfo.fr\/remiremontinfo\/wp-json\/wp\/v2\/categories?post=35427"},{"taxonomy":"post_tag","embeddable":true,"href":"https:\/\/vosgesinfo.fr\/remiremontinfo\/wp-json\/wp\/v2\/tags?post=35427"}],"curies":[{"name":"wp","href":"https:\/\/api.w.org\/{rel}","templated":true}]}}