{"id":35433,"date":"2020-12-27T08:14:17","date_gmt":"2020-12-27T07:14:17","guid":{"rendered":"https:\/\/vosgesinfo.fr\/remiremontinfo\/2020\/12\/pauline-ferrand-prevot-elue-championne-championnes-2020-journal-lequipe\/"},"modified":"2020-12-27T08:14:17","modified_gmt":"2020-12-27T07:14:17","slug":"pauline-ferrand-prevot-elue-championne-championnes-2020-journal-lequipe","status":"publish","type":"post","link":"https:\/\/vosgesinfo.fr\/remiremontinfo\/2020\/12\/pauline-ferrand-prevot-elue-championne-championnes-2020-journal-lequipe\/","title":{"rendered":"Pauline Ferrand-Prevot est \u00e9lue \u00ab Championne des championnes \u00bb 2020 par le journal l&rsquo;Equipe"},"content":{"rendered":"<p style=\"text-align: center;\"><a href=\"\/2020\/12\/131462204_223116232515722_5597806057339707393_o.jpg\"><img decoding=\"async\" class=\"alignnone size-full wp-image-305273\" src=\"\/2020\/12\/131462204_223116232515722_5597806057339707393_o.jpg\" alt=\"131462204_223116232515722_5597806057339707393_o\" width=\"800\" height=\"597\" \/><\/a><\/p>\n<p><span style=\"font-size: 10pt;\"><em>Photo\u00a0de la page Facebook de\u00a0Pauline Ferrand-Prevot<\/em><\/span><\/p>\n<h2><span style=\"font-size: 12pt;\"><strong>Comme chaque ann\u00e9e, le journal d\u2019actualit\u00e9 sportive \u00ab\u00a0L&rsquo;\u00c9quipe\u00a0\u00bb a attribu\u00e9 les troph\u00e9es de \u00ab\u00a0Champion des champions\u00a0\u00bb et de \u00ab\u00a0Championne des championnes\u00a0\u00bb pour la France. Julian Alaphilippe, d\u00e9j\u00e0 vainqueur en 2019, est en premi\u00e8re place du classement masculin. C\u00f4t\u00e9 femmes, c\u2019est la\u00a0vosgienne Pauline Ferrand-Pr\u00e9v\u00f4t qui remporte le titre.<\/strong><\/span><\/h2>\n<p><em>\u00ab\u00a0Pauline Ferrand-Pr\u00e9v\u00f4t a conserv\u00e9 sa couronne mondiale en cross-country \u00e0 Leogang (Autriche) et garni un palmar\u00e8s d\u00e9j\u00e0 riche (deux titres mondiaux en 2015 et 2019)\u00a0\u00bb<\/em>, explique le journal. La championne de VTT obtient 908 points. Elle est ainsi devant Perrine Laffont, en ski de bosse, qui obtient 580 points. Pour elle aussi <em>\u00ab\u00a02020 a \u00e9t\u00e9 synonyme de succ\u00e8s (8 victoires sur 10 en Coupe du monde, un second gros globe de cristal)\u00a0\u00bb<\/em>. La footballeuse Wendie Renard obtient 434 points et d\u00e9croche ainsi la 3\u00e8me place, elle qui <em>\u00ab\u00a0a camp\u00e9 un r\u00f4le essentiel dans les succ\u00e8s de l&rsquo;OL (tripl\u00e9 C1-Championnat-Coupe) et l&rsquo;actualit\u00e9 de l&rsquo;\u00e9quipe de France marqu\u00e9e par des tensions avec la s\u00e9lectionneuse Corinne Diacre, qualification pour l&rsquo;Euro 2022\u00a0\u00bb. <\/em><\/p>\n<p><em>D\u00e9cern\u00e9 depuis 1946 pour la France et 1975 pour le monde<\/em>, le troph\u00e9e de \u00ab\u00a0Champion des champions\u00a0\u00bb r\u00e9compense le sportif qui a marqu\u00e9 l&rsquo;ann\u00e9e, selon les journalistes de \u00ab L&rsquo;\u00c9quipe \u00bb. Le classement est \u00e9tabli \u00e0 l&rsquo;issue d&rsquo;un vote \u00e0 bulletins secrets. Voici comment les points sont attribu\u00e9s et comment le processus fonctionne\u00a0: <em>\u00ab\u00a0\u00c0 partir d&rsquo;une liste de nomm\u00e9s close entre le 15 novembre et le 4 d\u00e9cembre, chacun \u00e9tablit sa liste des cinq sportifs les plus remarquables. La premi\u00e8re place vaut 6 points, la deuxi\u00e8me, 4, la troisi\u00e8me, 3, la quatri\u00e8me, 2 et la cinqui\u00e8me,1. Depuis 2012, le troph\u00e9e n&rsquo;est plus mixte et distingue, pour la France et pour le monde, un laur\u00e9at et une laur\u00e9ate\u00a0\u00bb.<\/em><\/p>\n","protected":false},"excerpt":{"rendered":"<p>Photo\u00a0de la page Facebook de\u00a0Pauline Ferrand-Prevot Comme chaque ann\u00e9e, le journal d\u2019actualit\u00e9 sportive \u00ab\u00a0L&rsquo;\u00c9quipe\u00a0\u00bb a attribu\u00e9 les troph\u00e9es de \u00ab\u00a0Champion [&hellip;]<\/p>\n","protected":false},"author":407,"featured_media":35434,"comment_status":"open","ping_status":"open","sticky":false,"template":"","format":"standard","meta":{"footnotes":""},"categories":[26,1556,35,14],"tags":[],"class_list":["post-35433","post","type-post","status-publish","format-standard","has-post-thumbnail","hentry","category-a-la-une","category-remiremont-remiremont-son-canton-2","category-remiremont-son-canton","category-sport"],"acf":[],"yoast_head":"<!-- This site is optimized with the Yoast SEO plugin v22.5 - https:\/\/yoast.com\/wordpress\/plugins\/seo\/ -->\n<title>Pauline Ferrand-Prevot est \u00e9lue \u00ab Championne des championnes \u00bb 2020 par le journal l&#039;Equipe - Remiremont Info<\/title>\n<meta name=\"robots\" content=\"index, follow, max-snippet:-1, max-image-preview:large, max-video-preview:-1\" \/>\n<link rel=\"canonical\" href=\"https:\/\/vosgesinfo.fr\/remiremontinfo\/2020\/12\/pauline-ferrand-prevot-elue-championne-championnes-2020-journal-lequipe\/\" \/>\n<meta name=\"twitter:card\" content=\"summary_large_image\" \/>\n<meta name=\"twitter:title\" content=\"Pauline Ferrand-Prevot est \u00e9lue \u00ab Championne des championnes \u00bb 2020 par le journal l&#039;Equipe - Remiremont Info\" \/>\n<meta name=\"twitter:description\" content=\"Photo\u00a0de la page Facebook de\u00a0Pauline Ferrand-Prevot Comme chaque ann\u00e9e, le journal d\u2019actualit\u00e9 sportive \u00ab\u00a0L&rsquo;\u00c9quipe\u00a0\u00bb a attribu\u00e9 les troph\u00e9es de \u00ab\u00a0Champion [&hellip;]\" \/>\n<meta name=\"twitter:image\" content=\"https:\/\/vosgesinfo.fr\/app\/uploads\/sites\/5\/2024\/09\/202012131462204-223116232515722-5597806057339707393-o.jpg\" \/>\n<meta name=\"twitter:creator\" content=\"@VosgesInfo88\" \/>\n<meta name=\"twitter:site\" content=\"@VosgesInfo88\" \/>\n<meta name=\"twitter:label1\" content=\"\u00c9crit par\" \/>\n\t<meta name=\"twitter:data1\" content=\"C D\" \/>\n\t<meta name=\"twitter:label2\" content=\"Dur\u00e9e de lecture estim\u00e9e\" \/>\n\t<meta name=\"twitter:data2\" content=\"2 minutes\" \/>\n<script type=\"application\/ld+json\" class=\"yoast-schema-graph\">{\"@context\":\"https:\/\/schema.org\",\"@graph\":[{\"@type\":\"Article\",\"@id\":\"https:\/\/vosgesinfo.fr\/remiremontinfo\/2020\/12\/pauline-ferrand-prevot-elue-championne-championnes-2020-journal-lequipe\/#article\",\"isPartOf\":{\"@id\":\"https:\/\/vosgesinfo.fr\/remiremontinfo\/2020\/12\/pauline-ferrand-prevot-elue-championne-championnes-2020-journal-lequipe\/\"},\"author\":{\"name\":\"C D\",\"@id\":\"https:\/\/vosgesinfo.fr\/remiremontinfo\/#\/schema\/person\/3bfd164d5218a185b1db68655a265316\"},\"headline\":\"Pauline Ferrand-Prevot est \u00e9lue \u00ab Championne des championnes \u00bb 2020 par le journal l&rsquo;Equipe\",\"datePublished\":\"2020-12-27T07:14:17+00:00\",\"dateModified\":\"2020-12-27T07:14:17+00:00\",\"mainEntityOfPage\":{\"@id\":\"https:\/\/vosgesinfo.fr\/remiremontinfo\/2020\/12\/pauline-ferrand-prevot-elue-championne-championnes-2020-journal-lequipe\/\"},\"wordCount\":324,\"commentCount\":0,\"publisher\":{\"@id\":\"https:\/\/vosgesinfo.fr\/remiremontinfo\/#organization\"},\"image\":{\"@id\":\"https:\/\/vosgesinfo.fr\/remiremontinfo\/2020\/12\/pauline-ferrand-prevot-elue-championne-championnes-2020-journal-lequipe\/#primaryimage\"},\"thumbnailUrl\":\"https:\/\/vosgesinfo.fr\/app\/uploads\/sites\/5\/2024\/09\/202012131462204-223116232515722-5597806057339707393-o.jpg\",\"articleSection\":[\"A la Une\",\"Remiremont\",\"Remiremont &amp; son canton\",\"Sport\"],\"inLanguage\":\"fr-FR\",\"potentialAction\":[{\"@type\":\"CommentAction\",\"name\":\"Comment\",\"target\":[\"https:\/\/vosgesinfo.fr\/remiremontinfo\/2020\/12\/pauline-ferrand-prevot-elue-championne-championnes-2020-journal-lequipe\/#respond\"]}]},{\"@type\":\"WebPage\",\"@id\":\"https:\/\/vosgesinfo.fr\/remiremontinfo\/2020\/12\/pauline-ferrand-prevot-elue-championne-championnes-2020-journal-lequipe\/\",\"url\":\"https:\/\/vosgesinfo.fr\/remiremontinfo\/2020\/12\/pauline-ferrand-prevot-elue-championne-championnes-2020-journal-lequipe\/\",\"name\":\"Pauline Ferrand-Prevot est \u00e9lue \u00ab Championne des championnes \u00bb 2020 par le journal l'Equipe - Remiremont Info\",\"isPartOf\":{\"@id\":\"https:\/\/vosgesinfo.fr\/remiremontinfo\/#website\"},\"primaryImageOfPage\":{\"@id\":\"https:\/\/vosgesinfo.fr\/remiremontinfo\/2020\/12\/pauline-ferrand-prevot-elue-championne-championnes-2020-journal-lequipe\/#primaryimage\"},\"image\":{\"@id\":\"https:\/\/vosgesinfo.fr\/remiremontinfo\/2020\/12\/pauline-ferrand-prevot-elue-championne-championnes-2020-journal-lequipe\/#primaryimage\"},\"thumbnailUrl\":\"https:\/\/vosgesinfo.fr\/app\/uploads\/sites\/5\/2024\/09\/202012131462204-223116232515722-5597806057339707393-o.jpg\",\"datePublished\":\"2020-12-27T07:14:17+00:00\",\"dateModified\":\"2020-12-27T07:14:17+00:00\",\"breadcrumb\":{\"@id\":\"https:\/\/vosgesinfo.fr\/remiremontinfo\/2020\/12\/pauline-ferrand-prevot-elue-championne-championnes-2020-journal-lequipe\/#breadcrumb\"},\"inLanguage\":\"fr-FR\",\"potentialAction\":[{\"@type\":\"ReadAction\",\"target\":[\"https:\/\/vosgesinfo.fr\/remiremontinfo\/2020\/12\/pauline-ferrand-prevot-elue-championne-championnes-2020-journal-lequipe\/\"]}]},{\"@type\":\"ImageObject\",\"inLanguage\":\"fr-FR\",\"@id\":\"https:\/\/vosgesinfo.fr\/remiremontinfo\/2020\/12\/pauline-ferrand-prevot-elue-championne-championnes-2020-journal-lequipe\/#primaryimage\",\"url\":\"https:\/\/vosgesinfo.fr\/app\/uploads\/sites\/5\/2024\/09\/202012131462204-223116232515722-5597806057339707393-o.jpg\",\"contentUrl\":\"https:\/\/vosgesinfo.fr\/app\/uploads\/sites\/5\/2024\/09\/202012131462204-223116232515722-5597806057339707393-o.jpg\",\"width\":800,\"height\":597},{\"@type\":\"BreadcrumbList\",\"@id\":\"https:\/\/vosgesinfo.fr\/remiremontinfo\/2020\/12\/pauline-ferrand-prevot-elue-championne-championnes-2020-journal-lequipe\/#breadcrumb\",\"itemListElement\":[{\"@type\":\"ListItem\",\"position\":1,\"name\":\"Home\",\"item\":\"https:\/\/vosgesinfo.fr\/remiremontinfo\/\"},{\"@type\":\"ListItem\",\"position\":2,\"name\":\"Pauline Ferrand-Prevot est \u00e9lue \u00ab Championne des championnes \u00bb 2020 par le journal l&rsquo;Equipe\"}]},{\"@type\":\"WebSite\",\"@id\":\"https:\/\/vosgesinfo.fr\/remiremontinfo\/#website\",\"url\":\"https:\/\/vosgesinfo.fr\/remiremontinfo\/\",\"name\":\"Remiremont Info\",\"description\":\"Toute l&#039;actualit\u00e9 de Remiremont\",\"publisher\":{\"@id\":\"https:\/\/vosgesinfo.fr\/remiremontinfo\/#organization\"},\"alternateName\":\"Toute l'actualit\u00e9 de Remiremont\",\"potentialAction\":[{\"@type\":\"SearchAction\",\"target\":{\"@type\":\"EntryPoint\",\"urlTemplate\":\"https:\/\/vosgesinfo.fr\/remiremontinfo\/?s={search_term_string}\"},\"query-input\":\"required name=search_term_string\"}],\"inLanguage\":\"fr-FR\"},{\"@type\":\"Organization\",\"@id\":\"https:\/\/vosgesinfo.fr\/remiremontinfo\/#organization\",\"name\":\"Remiremont Info\",\"url\":\"https:\/\/vosgesinfo.fr\/remiremontinfo\/\",\"logo\":{\"@type\":\"ImageObject\",\"inLanguage\":\"fr-FR\",\"@id\":\"https:\/\/vosgesinfo.fr\/remiremontinfo\/#\/schema\/logo\/image\/\",\"url\":\"https:\/\/vosgesinfo.fr\/app\/uploads\/sites\/5\/2023\/08\/favicon-remiremontinfo.png\",\"contentUrl\":\"https:\/\/vosgesinfo.fr\/app\/uploads\/sites\/5\/2023\/08\/favicon-remiremontinfo.png\",\"width\":512,\"height\":512,\"caption\":\"Remiremont Info\"},\"image\":{\"@id\":\"https:\/\/vosgesinfo.fr\/remiremontinfo\/#\/schema\/logo\/image\/\"},\"sameAs\":[\"https:\/\/www.facebook.com\/remiremontinfo\",\"https:\/\/x.com\/VosgesInfo88\",\"https:\/\/www.youtube.com\/@vosgesinfo\"]},{\"@type\":\"Person\",\"@id\":\"https:\/\/vosgesinfo.fr\/remiremontinfo\/#\/schema\/person\/3bfd164d5218a185b1db68655a265316\",\"name\":\"C D\",\"image\":{\"@type\":\"ImageObject\",\"inLanguage\":\"fr-FR\",\"@id\":\"https:\/\/vosgesinfo.fr\/remiremontinfo\/#\/schema\/person\/image\/\",\"url\":\"https:\/\/secure.gravatar.com\/avatar\/1f9a70007336511a47468b8f1c66f922b8b7cf617b02a31149ada43893a5d48f?s=96&d=mm&r=g\",\"contentUrl\":\"https:\/\/secure.gravatar.com\/avatar\/1f9a70007336511a47468b8f1c66f922b8b7cf617b02a31149ada43893a5d48f?s=96&d=mm&r=g\",\"caption\":\"C D\"},\"url\":\"https:\/\/vosgesinfo.fr\/remiremontinfo\/author\/cedric-drevet\/\"}]}<\/script>\n<!-- \/ Yoast SEO plugin. -->","yoast_head_json":{"title":"Pauline Ferrand-Prevot est \u00e9lue \u00ab Championne des championnes \u00bb 2020 par le journal l'Equipe - Remiremont Info","robots":{"index":"index","follow":"follow","max-snippet":"max-snippet:-1","max-image-preview":"max-image-preview:large","max-video-preview":"max-video-preview:-1"},"canonical":"https:\/\/vosgesinfo.fr\/remiremontinfo\/2020\/12\/pauline-ferrand-prevot-elue-championne-championnes-2020-journal-lequipe\/","twitter_card":"summary_large_image","twitter_title":"Pauline Ferrand-Prevot est \u00e9lue \u00ab Championne des championnes \u00bb 2020 par le journal l'Equipe - Remiremont Info","twitter_description":"Photo\u00a0de la page Facebook de\u00a0Pauline Ferrand-Prevot Comme chaque ann\u00e9e, le journal d\u2019actualit\u00e9 sportive \u00ab\u00a0L&rsquo;\u00c9quipe\u00a0\u00bb a attribu\u00e9 les troph\u00e9es de \u00ab\u00a0Champion [&hellip;]","twitter_image":"https:\/\/vosgesinfo.fr\/app\/uploads\/sites\/5\/2024\/09\/202012131462204-223116232515722-5597806057339707393-o.jpg","twitter_creator":"@VosgesInfo88","twitter_site":"@VosgesInfo88","twitter_misc":{"\u00c9crit par":"C D","Dur\u00e9e de lecture estim\u00e9e":"2 minutes"},"schema":{"@context":"https:\/\/schema.org","@graph":[{"@type":"Article","@id":"https:\/\/vosgesinfo.fr\/remiremontinfo\/2020\/12\/pauline-ferrand-prevot-elue-championne-championnes-2020-journal-lequipe\/#article","isPartOf":{"@id":"https:\/\/vosgesinfo.fr\/remiremontinfo\/2020\/12\/pauline-ferrand-prevot-elue-championne-championnes-2020-journal-lequipe\/"},"author":{"name":"C D","@id":"https:\/\/vosgesinfo.fr\/remiremontinfo\/#\/schema\/person\/3bfd164d5218a185b1db68655a265316"},"headline":"Pauline Ferrand-Prevot est \u00e9lue \u00ab Championne des championnes \u00bb 2020 par le journal l&rsquo;Equipe","datePublished":"2020-12-27T07:14:17+00:00","dateModified":"2020-12-27T07:14:17+00:00","mainEntityOfPage":{"@id":"https:\/\/vosgesinfo.fr\/remiremontinfo\/2020\/12\/pauline-ferrand-prevot-elue-championne-championnes-2020-journal-lequipe\/"},"wordCount":324,"commentCount":0,"publisher":{"@id":"https:\/\/vosgesinfo.fr\/remiremontinfo\/#organization"},"image":{"@id":"https:\/\/vosgesinfo.fr\/remiremontinfo\/2020\/12\/pauline-ferrand-prevot-elue-championne-championnes-2020-journal-lequipe\/#primaryimage"},"thumbnailUrl":"https:\/\/vosgesinfo.fr\/app\/uploads\/sites\/5\/2024\/09\/202012131462204-223116232515722-5597806057339707393-o.jpg","articleSection":["A la Une","Remiremont","Remiremont &amp; son canton","Sport"],"inLanguage":"fr-FR","potentialAction":[{"@type":"CommentAction","name":"Comment","target":["https:\/\/vosgesinfo.fr\/remiremontinfo\/2020\/12\/pauline-ferrand-prevot-elue-championne-championnes-2020-journal-lequipe\/#respond"]}]},{"@type":"WebPage","@id":"https:\/\/vosgesinfo.fr\/remiremontinfo\/2020\/12\/pauline-ferrand-prevot-elue-championne-championnes-2020-journal-lequipe\/","url":"https:\/\/vosgesinfo.fr\/remiremontinfo\/2020\/12\/pauline-ferrand-prevot-elue-championne-championnes-2020-journal-lequipe\/","name":"Pauline Ferrand-Prevot est \u00e9lue \u00ab Championne des championnes \u00bb 2020 par le journal l'Equipe - Remiremont Info","isPartOf":{"@id":"https:\/\/vosgesinfo.fr\/remiremontinfo\/#website"},"primaryImageOfPage":{"@id":"https:\/\/vosgesinfo.fr\/remiremontinfo\/2020\/12\/pauline-ferrand-prevot-elue-championne-championnes-2020-journal-lequipe\/#primaryimage"},"image":{"@id":"https:\/\/vosgesinfo.fr\/remiremontinfo\/2020\/12\/pauline-ferrand-prevot-elue-championne-championnes-2020-journal-lequipe\/#primaryimage"},"thumbnailUrl":"https:\/\/vosgesinfo.fr\/app\/uploads\/sites\/5\/2024\/09\/202012131462204-223116232515722-5597806057339707393-o.jpg","datePublished":"2020-12-27T07:14:17+00:00","dateModified":"2020-12-27T07:14:17+00:00","breadcrumb":{"@id":"https:\/\/vosgesinfo.fr\/remiremontinfo\/2020\/12\/pauline-ferrand-prevot-elue-championne-championnes-2020-journal-lequipe\/#breadcrumb"},"inLanguage":"fr-FR","potentialAction":[{"@type":"ReadAction","target":["https:\/\/vosgesinfo.fr\/remiremontinfo\/2020\/12\/pauline-ferrand-prevot-elue-championne-championnes-2020-journal-lequipe\/"]}]},{"@type":"ImageObject","inLanguage":"fr-FR","@id":"https:\/\/vosgesinfo.fr\/remiremontinfo\/2020\/12\/pauline-ferrand-prevot-elue-championne-championnes-2020-journal-lequipe\/#primaryimage","url":"https:\/\/vosgesinfo.fr\/app\/uploads\/sites\/5\/2024\/09\/202012131462204-223116232515722-5597806057339707393-o.jpg","contentUrl":"https:\/\/vosgesinfo.fr\/app\/uploads\/sites\/5\/2024\/09\/202012131462204-223116232515722-5597806057339707393-o.jpg","width":800,"height":597},{"@type":"BreadcrumbList","@id":"https:\/\/vosgesinfo.fr\/remiremontinfo\/2020\/12\/pauline-ferrand-prevot-elue-championne-championnes-2020-journal-lequipe\/#breadcrumb","itemListElement":[{"@type":"ListItem","position":1,"name":"Home","item":"https:\/\/vosgesinfo.fr\/remiremontinfo\/"},{"@type":"ListItem","position":2,"name":"Pauline Ferrand-Prevot est \u00e9lue \u00ab Championne des championnes \u00bb 2020 par le journal l&rsquo;Equipe"}]},{"@type":"WebSite","@id":"https:\/\/vosgesinfo.fr\/remiremontinfo\/#website","url":"https:\/\/vosgesinfo.fr\/remiremontinfo\/","name":"Remiremont Info","description":"Toute l&#039;actualit\u00e9 de Remiremont","publisher":{"@id":"https:\/\/vosgesinfo.fr\/remiremontinfo\/#organization"},"alternateName":"Toute l'actualit\u00e9 de Remiremont","potentialAction":[{"@type":"SearchAction","target":{"@type":"EntryPoint","urlTemplate":"https:\/\/vosgesinfo.fr\/remiremontinfo\/?s={search_term_string}"},"query-input":"required name=search_term_string"}],"inLanguage":"fr-FR"},{"@type":"Organization","@id":"https:\/\/vosgesinfo.fr\/remiremontinfo\/#organization","name":"Remiremont Info","url":"https:\/\/vosgesinfo.fr\/remiremontinfo\/","logo":{"@type":"ImageObject","inLanguage":"fr-FR","@id":"https:\/\/vosgesinfo.fr\/remiremontinfo\/#\/schema\/logo\/image\/","url":"https:\/\/vosgesinfo.fr\/app\/uploads\/sites\/5\/2023\/08\/favicon-remiremontinfo.png","contentUrl":"https:\/\/vosgesinfo.fr\/app\/uploads\/sites\/5\/2023\/08\/favicon-remiremontinfo.png","width":512,"height":512,"caption":"Remiremont Info"},"image":{"@id":"https:\/\/vosgesinfo.fr\/remiremontinfo\/#\/schema\/logo\/image\/"},"sameAs":["https:\/\/www.facebook.com\/remiremontinfo","https:\/\/x.com\/VosgesInfo88","https:\/\/www.youtube.com\/@vosgesinfo"]},{"@type":"Person","@id":"https:\/\/vosgesinfo.fr\/remiremontinfo\/#\/schema\/person\/3bfd164d5218a185b1db68655a265316","name":"C D","image":{"@type":"ImageObject","inLanguage":"fr-FR","@id":"https:\/\/vosgesinfo.fr\/remiremontinfo\/#\/schema\/person\/image\/","url":"https:\/\/secure.gravatar.com\/avatar\/1f9a70007336511a47468b8f1c66f922b8b7cf617b02a31149ada43893a5d48f?s=96&d=mm&r=g","contentUrl":"https:\/\/secure.gravatar.com\/avatar\/1f9a70007336511a47468b8f1c66f922b8b7cf617b02a31149ada43893a5d48f?s=96&d=mm&r=g","caption":"C D"},"url":"https:\/\/vosgesinfo.fr\/remiremontinfo\/author\/cedric-drevet\/"}]}},"_links":{"self":[{"href":"https:\/\/vosgesinfo.fr\/remiremontinfo\/wp-json\/wp\/v2\/posts\/35433","targetHints":{"allow":["GET"]}}],"collection":[{"href":"https:\/\/vosgesinfo.fr\/remiremontinfo\/wp-json\/wp\/v2\/posts"}],"about":[{"href":"https:\/\/vosgesinfo.fr\/remiremontinfo\/wp-json\/wp\/v2\/types\/post"}],"author":[{"embeddable":true,"href":"https:\/\/vosgesinfo.fr\/remiremontinfo\/wp-json\/wp\/v2\/users\/407"}],"replies":[{"embeddable":true,"href":"https:\/\/vosgesinfo.fr\/remiremontinfo\/wp-json\/wp\/v2\/comments?post=35433"}],"version-history":[{"count":0,"href":"https:\/\/vosgesinfo.fr\/remiremontinfo\/wp-json\/wp\/v2\/posts\/35433\/revisions"}],"wp:featuredmedia":[{"embeddable":true,"href":"https:\/\/vosgesinfo.fr\/remiremontinfo\/wp-json\/wp\/v2\/media\/35434"}],"wp:attachment":[{"href":"https:\/\/vosgesinfo.fr\/remiremontinfo\/wp-json\/wp\/v2\/media?parent=35433"}],"wp:term":[{"taxonomy":"category","embeddable":true,"href":"https:\/\/vosgesinfo.fr\/remiremontinfo\/wp-json\/wp\/v2\/categories?post=35433"},{"taxonomy":"post_tag","embeddable":true,"href":"https:\/\/vosgesinfo.fr\/remiremontinfo\/wp-json\/wp\/v2\/tags?post=35433"}],"curies":[{"name":"wp","href":"https:\/\/api.w.org\/{rel}","templated":true}]}}