{"id":35437,"date":"2020-12-27T09:01:34","date_gmt":"2020-12-27T08:01:34","guid":{"rendered":"https:\/\/vosgesinfo.fr\/remiremontinfo\/2020\/12\/vosges-de-neige-derniers-jours-de-2020\/"},"modified":"2020-12-27T09:01:34","modified_gmt":"2020-12-27T08:01:34","slug":"vosges-de-neige-derniers-jours-de-2020","status":"publish","type":"post","link":"https:\/\/vosgesinfo.fr\/remiremontinfo\/2020\/12\/vosges-de-neige-derniers-jours-de-2020\/","title":{"rendered":"Vosges\u00a0: de la neige pour les derniers jours de 2020"},"content":{"rendered":"<h2><a href=\"\/2020\/12\/winter-landscape-636634_1280.jpg\"><img decoding=\"async\" class=\"alignnone size-full wp-image-305287\" src=\"\/2020\/12\/winter-landscape-636634_1280.jpg\" alt=\"winter-landscape-636634_1280\" width=\"800\" height=\"535\" \/><\/a><\/h2>\n<p><span style=\"font-size: 10pt;\"><em>Photo d&rsquo;illustration<\/em><\/span><\/p>\n<h2><span style=\"font-size: 12pt;\"><strong>Des flocons de neige sont bien tomb\u00e9s du ciel le 25 d\u00e9cembre, comme c\u2019\u00e9tait annonc\u00e9. Et ce ne sont pas les derniers de l\u2019ann\u00e9e 2020. Cette semaine, nous assisterons \u00e0 une s\u00e9rie de perturbations, beaucoup de vent et de la neige. Soyez prudent sur les routes.<\/strong><\/span><\/h2>\n<p>Ce dimanche, le ciel est couvert sur l\u2019ensemble de la r\u00e9gion, <em>\u00ab\u00a0avec m\u00eame quelques flocons sur le relief\u00a0\u00bb<\/em>, affirme l\u2019\u00e9quipe de <a href=\"https:\/\/www.facebook.com\/meteodesvallees\">\u00ab\u00a0M\u00e9t\u00e9o des Vall\u00e9es\u00a0\u00bb.<\/a> La perturbation arrivera sur l\u2019ouest vosgien en tout d\u00e9but d\u2019apr\u00e8s-midi sous forme de neige. <em>\u00ab\u00a0Le vent sera significatif avec des rafales \u00e0 70km\/h en plaine vosgienne et jusqu\u2019\u00e0 80 voire 90 km\/h localement en montagne\u00a0\u00bb.<\/em><\/p>\n<p><em>\u00ab\u00a0Du fait du caract\u00e8re \u00ab chaud \u00bb de ce front, les temp\u00e9ratures vont l\u00e9g\u00e8rement grimper\u00a0\u00bb.<\/em> Les flocons laisseront ainsi rapidement la place \u00e0 la pluie en dessous de 600-700m en d\u00e9but de soir\u00e9e puis 500m dans la nuit. <em>\u00ab\u00a0Jusqu\u2019\u00e0 lundi matin, 10cm se rajouteront \u00e0 la couche d\u00e9j\u00e0 pr\u00e9sente au-del\u00e0 de 800-900m, voire plus (15 \u00e0 20 cm) avec la pr\u00e9sence de cong\u00e8res sur les cr\u00eates\u00a0\u00bb.<\/em><\/p>\n<p>Ce lundi, <em>\u00ab\u00a0la fin du front nous concernera encore en matin\u00e9e et d\u00e9but d\u2019apr\u00e8s-midi avec des averses de pluie et de neige d\u00e8s les premi\u00e8res altitudes (500\/600 m). Le vent soufflera encore mais mod\u00e9r\u00e9ment avec 50km\/h en rafales\u00a0\u00bb<\/em>. Puis, apr\u00e8s une courte p\u00e9riode de calme<em> \u00ab\u00a0une nouvelle d\u00e9gradation arrive en d\u00e9but de nuit avec de la neige et plusieurs centim\u00e8tres suppl\u00e9mentaires d\u00e8s 400\/500m. Les temp\u00e9ratures seront stables avec 2 \u00e0 3\u00b0C en plaines pour les maximales\u00a0\u00bb.<\/em><\/p>\n<p>Le d\u00e9fil\u00e9 de perturbation s\u2019encha\u00eenera dans les jours suivants et <em>\u00ab\u00a0la neige viendra concerner les secteurs de basse altitude d\u2019ici la soir\u00e9e de mardi et mercredi\u00a0\u00bb<\/em>. Les quantit\u00e9s ne sont pas encore pr\u00e9cis\u00e9ment connues, mais <em>\u00ab\u00a0nous pouvons d\u2019ores et d\u00e9j\u00e0 confirmer que le m\u00e8tre de neige sera tr\u00e8s probablement atteint d\u2019ici quelques jours sur les hauts\u00a0\u00bb<\/em>, affirme l&rsquo;\u00e9quipe de \u00ab\u00a0M\u00e9t\u00e9o des Vall\u00e9es\u00a0\u00bb.<\/p>\n<h2><\/h2>\n","protected":false},"excerpt":{"rendered":"<p>Photo d&rsquo;illustration Des flocons de neige sont bien tomb\u00e9s du ciel le 25 d\u00e9cembre, comme c\u2019\u00e9tait annonc\u00e9. Et ce ne [&hellip;]<\/p>\n","protected":false},"author":407,"featured_media":35438,"comment_status":"open","ping_status":"open","sticky":false,"template":"","format":"standard","meta":{"footnotes":""},"categories":[26,127,18],"tags":[],"class_list":["post-35437","post","type-post","status-publish","format-standard","has-post-thumbnail","hentry","category-a-la-une","category-meteo","category-vosges"],"acf":[],"yoast_head":"<!-- This site is optimized with the Yoast SEO plugin v22.5 - https:\/\/yoast.com\/wordpress\/plugins\/seo\/ -->\n<title>Vosges\u00a0: de la neige pour les derniers jours de 2020 - Remiremont Info<\/title>\n<meta name=\"robots\" content=\"index, follow, max-snippet:-1, max-image-preview:large, max-video-preview:-1\" \/>\n<link rel=\"canonical\" href=\"https:\/\/vosgesinfo.fr\/remiremontinfo\/2020\/12\/vosges-de-neige-derniers-jours-de-2020\/\" \/>\n<meta name=\"twitter:card\" content=\"summary_large_image\" \/>\n<meta name=\"twitter:title\" content=\"Vosges\u00a0: de la neige pour les derniers jours de 2020 - Remiremont Info\" \/>\n<meta name=\"twitter:description\" content=\"Photo d&rsquo;illustration Des flocons de neige sont bien tomb\u00e9s du ciel le 25 d\u00e9cembre, comme c\u2019\u00e9tait annonc\u00e9. Et ce ne [&hellip;]\" \/>\n<meta name=\"twitter:image\" content=\"https:\/\/vosgesinfo.fr\/app\/uploads\/sites\/5\/2024\/09\/202012winter-landscape-636634-1280.jpg\" \/>\n<meta name=\"twitter:creator\" content=\"@VosgesInfo88\" \/>\n<meta name=\"twitter:site\" content=\"@VosgesInfo88\" \/>\n<meta name=\"twitter:label1\" content=\"\u00c9crit par\" \/>\n\t<meta name=\"twitter:data1\" content=\"C D\" \/>\n\t<meta name=\"twitter:label2\" content=\"Dur\u00e9e de lecture estim\u00e9e\" \/>\n\t<meta name=\"twitter:data2\" content=\"2 minutes\" \/>\n<script type=\"application\/ld+json\" class=\"yoast-schema-graph\">{\"@context\":\"https:\/\/schema.org\",\"@graph\":[{\"@type\":\"Article\",\"@id\":\"https:\/\/vosgesinfo.fr\/remiremontinfo\/2020\/12\/vosges-de-neige-derniers-jours-de-2020\/#article\",\"isPartOf\":{\"@id\":\"https:\/\/vosgesinfo.fr\/remiremontinfo\/2020\/12\/vosges-de-neige-derniers-jours-de-2020\/\"},\"author\":{\"name\":\"C D\",\"@id\":\"https:\/\/vosgesinfo.fr\/remiremontinfo\/#\/schema\/person\/3bfd164d5218a185b1db68655a265316\"},\"headline\":\"Vosges\u00a0: de la neige pour les derniers jours de 2020\",\"datePublished\":\"2020-12-27T08:01:34+00:00\",\"dateModified\":\"2020-12-27T08:01:34+00:00\",\"mainEntityOfPage\":{\"@id\":\"https:\/\/vosgesinfo.fr\/remiremontinfo\/2020\/12\/vosges-de-neige-derniers-jours-de-2020\/\"},\"wordCount\":371,\"commentCount\":0,\"publisher\":{\"@id\":\"https:\/\/vosgesinfo.fr\/remiremontinfo\/#organization\"},\"image\":{\"@id\":\"https:\/\/vosgesinfo.fr\/remiremontinfo\/2020\/12\/vosges-de-neige-derniers-jours-de-2020\/#primaryimage\"},\"thumbnailUrl\":\"https:\/\/vosgesinfo.fr\/app\/uploads\/sites\/5\/2024\/09\/202012winter-landscape-636634-1280.jpg\",\"articleSection\":[\"A la Une\",\"M\u00e9t\u00e9o\",\"Vosges\"],\"inLanguage\":\"fr-FR\",\"potentialAction\":[{\"@type\":\"CommentAction\",\"name\":\"Comment\",\"target\":[\"https:\/\/vosgesinfo.fr\/remiremontinfo\/2020\/12\/vosges-de-neige-derniers-jours-de-2020\/#respond\"]}]},{\"@type\":\"WebPage\",\"@id\":\"https:\/\/vosgesinfo.fr\/remiremontinfo\/2020\/12\/vosges-de-neige-derniers-jours-de-2020\/\",\"url\":\"https:\/\/vosgesinfo.fr\/remiremontinfo\/2020\/12\/vosges-de-neige-derniers-jours-de-2020\/\",\"name\":\"Vosges\u00a0: de la neige pour les derniers jours de 2020 - Remiremont Info\",\"isPartOf\":{\"@id\":\"https:\/\/vosgesinfo.fr\/remiremontinfo\/#website\"},\"primaryImageOfPage\":{\"@id\":\"https:\/\/vosgesinfo.fr\/remiremontinfo\/2020\/12\/vosges-de-neige-derniers-jours-de-2020\/#primaryimage\"},\"image\":{\"@id\":\"https:\/\/vosgesinfo.fr\/remiremontinfo\/2020\/12\/vosges-de-neige-derniers-jours-de-2020\/#primaryimage\"},\"thumbnailUrl\":\"https:\/\/vosgesinfo.fr\/app\/uploads\/sites\/5\/2024\/09\/202012winter-landscape-636634-1280.jpg\",\"datePublished\":\"2020-12-27T08:01:34+00:00\",\"dateModified\":\"2020-12-27T08:01:34+00:00\",\"breadcrumb\":{\"@id\":\"https:\/\/vosgesinfo.fr\/remiremontinfo\/2020\/12\/vosges-de-neige-derniers-jours-de-2020\/#breadcrumb\"},\"inLanguage\":\"fr-FR\",\"potentialAction\":[{\"@type\":\"ReadAction\",\"target\":[\"https:\/\/vosgesinfo.fr\/remiremontinfo\/2020\/12\/vosges-de-neige-derniers-jours-de-2020\/\"]}]},{\"@type\":\"ImageObject\",\"inLanguage\":\"fr-FR\",\"@id\":\"https:\/\/vosgesinfo.fr\/remiremontinfo\/2020\/12\/vosges-de-neige-derniers-jours-de-2020\/#primaryimage\",\"url\":\"https:\/\/vosgesinfo.fr\/app\/uploads\/sites\/5\/2024\/09\/202012winter-landscape-636634-1280.jpg\",\"contentUrl\":\"https:\/\/vosgesinfo.fr\/app\/uploads\/sites\/5\/2024\/09\/202012winter-landscape-636634-1280.jpg\",\"width\":800,\"height\":535},{\"@type\":\"BreadcrumbList\",\"@id\":\"https:\/\/vosgesinfo.fr\/remiremontinfo\/2020\/12\/vosges-de-neige-derniers-jours-de-2020\/#breadcrumb\",\"itemListElement\":[{\"@type\":\"ListItem\",\"position\":1,\"name\":\"Home\",\"item\":\"https:\/\/vosgesinfo.fr\/remiremontinfo\/\"},{\"@type\":\"ListItem\",\"position\":2,\"name\":\"Vosges\u00a0: de la neige pour les derniers jours de 2020\"}]},{\"@type\":\"WebSite\",\"@id\":\"https:\/\/vosgesinfo.fr\/remiremontinfo\/#website\",\"url\":\"https:\/\/vosgesinfo.fr\/remiremontinfo\/\",\"name\":\"Remiremont Info\",\"description\":\"Toute l&#039;actualit\u00e9 de Remiremont\",\"publisher\":{\"@id\":\"https:\/\/vosgesinfo.fr\/remiremontinfo\/#organization\"},\"alternateName\":\"Toute l'actualit\u00e9 de Remiremont\",\"potentialAction\":[{\"@type\":\"SearchAction\",\"target\":{\"@type\":\"EntryPoint\",\"urlTemplate\":\"https:\/\/vosgesinfo.fr\/remiremontinfo\/?s={search_term_string}\"},\"query-input\":\"required name=search_term_string\"}],\"inLanguage\":\"fr-FR\"},{\"@type\":\"Organization\",\"@id\":\"https:\/\/vosgesinfo.fr\/remiremontinfo\/#organization\",\"name\":\"Remiremont Info\",\"url\":\"https:\/\/vosgesinfo.fr\/remiremontinfo\/\",\"logo\":{\"@type\":\"ImageObject\",\"inLanguage\":\"fr-FR\",\"@id\":\"https:\/\/vosgesinfo.fr\/remiremontinfo\/#\/schema\/logo\/image\/\",\"url\":\"https:\/\/vosgesinfo.fr\/app\/uploads\/sites\/5\/2023\/08\/favicon-remiremontinfo.png\",\"contentUrl\":\"https:\/\/vosgesinfo.fr\/app\/uploads\/sites\/5\/2023\/08\/favicon-remiremontinfo.png\",\"width\":512,\"height\":512,\"caption\":\"Remiremont Info\"},\"image\":{\"@id\":\"https:\/\/vosgesinfo.fr\/remiremontinfo\/#\/schema\/logo\/image\/\"},\"sameAs\":[\"https:\/\/www.facebook.com\/remiremontinfo\",\"https:\/\/x.com\/VosgesInfo88\",\"https:\/\/www.youtube.com\/@vosgesinfo\"]},{\"@type\":\"Person\",\"@id\":\"https:\/\/vosgesinfo.fr\/remiremontinfo\/#\/schema\/person\/3bfd164d5218a185b1db68655a265316\",\"name\":\"C D\",\"image\":{\"@type\":\"ImageObject\",\"inLanguage\":\"fr-FR\",\"@id\":\"https:\/\/vosgesinfo.fr\/remiremontinfo\/#\/schema\/person\/image\/\",\"url\":\"https:\/\/secure.gravatar.com\/avatar\/1f9a70007336511a47468b8f1c66f922b8b7cf617b02a31149ada43893a5d48f?s=96&d=mm&r=g\",\"contentUrl\":\"https:\/\/secure.gravatar.com\/avatar\/1f9a70007336511a47468b8f1c66f922b8b7cf617b02a31149ada43893a5d48f?s=96&d=mm&r=g\",\"caption\":\"C D\"},\"url\":\"https:\/\/vosgesinfo.fr\/remiremontinfo\/author\/cedric-drevet\/\"}]}<\/script>\n<!-- \/ Yoast SEO plugin. -->","yoast_head_json":{"title":"Vosges\u00a0: de la neige pour les derniers jours de 2020 - Remiremont Info","robots":{"index":"index","follow":"follow","max-snippet":"max-snippet:-1","max-image-preview":"max-image-preview:large","max-video-preview":"max-video-preview:-1"},"canonical":"https:\/\/vosgesinfo.fr\/remiremontinfo\/2020\/12\/vosges-de-neige-derniers-jours-de-2020\/","twitter_card":"summary_large_image","twitter_title":"Vosges\u00a0: de la neige pour les derniers jours de 2020 - Remiremont Info","twitter_description":"Photo d&rsquo;illustration Des flocons de neige sont bien tomb\u00e9s du ciel le 25 d\u00e9cembre, comme c\u2019\u00e9tait annonc\u00e9. Et ce ne [&hellip;]","twitter_image":"https:\/\/vosgesinfo.fr\/app\/uploads\/sites\/5\/2024\/09\/202012winter-landscape-636634-1280.jpg","twitter_creator":"@VosgesInfo88","twitter_site":"@VosgesInfo88","twitter_misc":{"\u00c9crit par":"C D","Dur\u00e9e de lecture estim\u00e9e":"2 minutes"},"schema":{"@context":"https:\/\/schema.org","@graph":[{"@type":"Article","@id":"https:\/\/vosgesinfo.fr\/remiremontinfo\/2020\/12\/vosges-de-neige-derniers-jours-de-2020\/#article","isPartOf":{"@id":"https:\/\/vosgesinfo.fr\/remiremontinfo\/2020\/12\/vosges-de-neige-derniers-jours-de-2020\/"},"author":{"name":"C D","@id":"https:\/\/vosgesinfo.fr\/remiremontinfo\/#\/schema\/person\/3bfd164d5218a185b1db68655a265316"},"headline":"Vosges\u00a0: de la neige pour les derniers jours de 2020","datePublished":"2020-12-27T08:01:34+00:00","dateModified":"2020-12-27T08:01:34+00:00","mainEntityOfPage":{"@id":"https:\/\/vosgesinfo.fr\/remiremontinfo\/2020\/12\/vosges-de-neige-derniers-jours-de-2020\/"},"wordCount":371,"commentCount":0,"publisher":{"@id":"https:\/\/vosgesinfo.fr\/remiremontinfo\/#organization"},"image":{"@id":"https:\/\/vosgesinfo.fr\/remiremontinfo\/2020\/12\/vosges-de-neige-derniers-jours-de-2020\/#primaryimage"},"thumbnailUrl":"https:\/\/vosgesinfo.fr\/app\/uploads\/sites\/5\/2024\/09\/202012winter-landscape-636634-1280.jpg","articleSection":["A la Une","M\u00e9t\u00e9o","Vosges"],"inLanguage":"fr-FR","potentialAction":[{"@type":"CommentAction","name":"Comment","target":["https:\/\/vosgesinfo.fr\/remiremontinfo\/2020\/12\/vosges-de-neige-derniers-jours-de-2020\/#respond"]}]},{"@type":"WebPage","@id":"https:\/\/vosgesinfo.fr\/remiremontinfo\/2020\/12\/vosges-de-neige-derniers-jours-de-2020\/","url":"https:\/\/vosgesinfo.fr\/remiremontinfo\/2020\/12\/vosges-de-neige-derniers-jours-de-2020\/","name":"Vosges\u00a0: de la neige pour les derniers jours de 2020 - Remiremont Info","isPartOf":{"@id":"https:\/\/vosgesinfo.fr\/remiremontinfo\/#website"},"primaryImageOfPage":{"@id":"https:\/\/vosgesinfo.fr\/remiremontinfo\/2020\/12\/vosges-de-neige-derniers-jours-de-2020\/#primaryimage"},"image":{"@id":"https:\/\/vosgesinfo.fr\/remiremontinfo\/2020\/12\/vosges-de-neige-derniers-jours-de-2020\/#primaryimage"},"thumbnailUrl":"https:\/\/vosgesinfo.fr\/app\/uploads\/sites\/5\/2024\/09\/202012winter-landscape-636634-1280.jpg","datePublished":"2020-12-27T08:01:34+00:00","dateModified":"2020-12-27T08:01:34+00:00","breadcrumb":{"@id":"https:\/\/vosgesinfo.fr\/remiremontinfo\/2020\/12\/vosges-de-neige-derniers-jours-de-2020\/#breadcrumb"},"inLanguage":"fr-FR","potentialAction":[{"@type":"ReadAction","target":["https:\/\/vosgesinfo.fr\/remiremontinfo\/2020\/12\/vosges-de-neige-derniers-jours-de-2020\/"]}]},{"@type":"ImageObject","inLanguage":"fr-FR","@id":"https:\/\/vosgesinfo.fr\/remiremontinfo\/2020\/12\/vosges-de-neige-derniers-jours-de-2020\/#primaryimage","url":"https:\/\/vosgesinfo.fr\/app\/uploads\/sites\/5\/2024\/09\/202012winter-landscape-636634-1280.jpg","contentUrl":"https:\/\/vosgesinfo.fr\/app\/uploads\/sites\/5\/2024\/09\/202012winter-landscape-636634-1280.jpg","width":800,"height":535},{"@type":"BreadcrumbList","@id":"https:\/\/vosgesinfo.fr\/remiremontinfo\/2020\/12\/vosges-de-neige-derniers-jours-de-2020\/#breadcrumb","itemListElement":[{"@type":"ListItem","position":1,"name":"Home","item":"https:\/\/vosgesinfo.fr\/remiremontinfo\/"},{"@type":"ListItem","position":2,"name":"Vosges\u00a0: de la neige pour les derniers jours de 2020"}]},{"@type":"WebSite","@id":"https:\/\/vosgesinfo.fr\/remiremontinfo\/#website","url":"https:\/\/vosgesinfo.fr\/remiremontinfo\/","name":"Remiremont Info","description":"Toute l&#039;actualit\u00e9 de Remiremont","publisher":{"@id":"https:\/\/vosgesinfo.fr\/remiremontinfo\/#organization"},"alternateName":"Toute l'actualit\u00e9 de Remiremont","potentialAction":[{"@type":"SearchAction","target":{"@type":"EntryPoint","urlTemplate":"https:\/\/vosgesinfo.fr\/remiremontinfo\/?s={search_term_string}"},"query-input":"required name=search_term_string"}],"inLanguage":"fr-FR"},{"@type":"Organization","@id":"https:\/\/vosgesinfo.fr\/remiremontinfo\/#organization","name":"Remiremont Info","url":"https:\/\/vosgesinfo.fr\/remiremontinfo\/","logo":{"@type":"ImageObject","inLanguage":"fr-FR","@id":"https:\/\/vosgesinfo.fr\/remiremontinfo\/#\/schema\/logo\/image\/","url":"https:\/\/vosgesinfo.fr\/app\/uploads\/sites\/5\/2023\/08\/favicon-remiremontinfo.png","contentUrl":"https:\/\/vosgesinfo.fr\/app\/uploads\/sites\/5\/2023\/08\/favicon-remiremontinfo.png","width":512,"height":512,"caption":"Remiremont Info"},"image":{"@id":"https:\/\/vosgesinfo.fr\/remiremontinfo\/#\/schema\/logo\/image\/"},"sameAs":["https:\/\/www.facebook.com\/remiremontinfo","https:\/\/x.com\/VosgesInfo88","https:\/\/www.youtube.com\/@vosgesinfo"]},{"@type":"Person","@id":"https:\/\/vosgesinfo.fr\/remiremontinfo\/#\/schema\/person\/3bfd164d5218a185b1db68655a265316","name":"C D","image":{"@type":"ImageObject","inLanguage":"fr-FR","@id":"https:\/\/vosgesinfo.fr\/remiremontinfo\/#\/schema\/person\/image\/","url":"https:\/\/secure.gravatar.com\/avatar\/1f9a70007336511a47468b8f1c66f922b8b7cf617b02a31149ada43893a5d48f?s=96&d=mm&r=g","contentUrl":"https:\/\/secure.gravatar.com\/avatar\/1f9a70007336511a47468b8f1c66f922b8b7cf617b02a31149ada43893a5d48f?s=96&d=mm&r=g","caption":"C D"},"url":"https:\/\/vosgesinfo.fr\/remiremontinfo\/author\/cedric-drevet\/"}]}},"_links":{"self":[{"href":"https:\/\/vosgesinfo.fr\/remiremontinfo\/wp-json\/wp\/v2\/posts\/35437","targetHints":{"allow":["GET"]}}],"collection":[{"href":"https:\/\/vosgesinfo.fr\/remiremontinfo\/wp-json\/wp\/v2\/posts"}],"about":[{"href":"https:\/\/vosgesinfo.fr\/remiremontinfo\/wp-json\/wp\/v2\/types\/post"}],"author":[{"embeddable":true,"href":"https:\/\/vosgesinfo.fr\/remiremontinfo\/wp-json\/wp\/v2\/users\/407"}],"replies":[{"embeddable":true,"href":"https:\/\/vosgesinfo.fr\/remiremontinfo\/wp-json\/wp\/v2\/comments?post=35437"}],"version-history":[{"count":0,"href":"https:\/\/vosgesinfo.fr\/remiremontinfo\/wp-json\/wp\/v2\/posts\/35437\/revisions"}],"wp:featuredmedia":[{"embeddable":true,"href":"https:\/\/vosgesinfo.fr\/remiremontinfo\/wp-json\/wp\/v2\/media\/35438"}],"wp:attachment":[{"href":"https:\/\/vosgesinfo.fr\/remiremontinfo\/wp-json\/wp\/v2\/media?parent=35437"}],"wp:term":[{"taxonomy":"category","embeddable":true,"href":"https:\/\/vosgesinfo.fr\/remiremontinfo\/wp-json\/wp\/v2\/categories?post=35437"},{"taxonomy":"post_tag","embeddable":true,"href":"https:\/\/vosgesinfo.fr\/remiremontinfo\/wp-json\/wp\/v2\/tags?post=35437"}],"curies":[{"name":"wp","href":"https:\/\/api.w.org\/{rel}","templated":true}]}}