{"id":35449,"date":"2020-12-28T07:23:19","date_gmt":"2020-12-28T06:23:19","guid":{"rendered":"https:\/\/vosgesinfo.fr\/remiremontinfo\/2020\/12\/pgm-vient-secourir-5-adultes-3-enfants-bloques-sommet-hohneck\/"},"modified":"2020-12-28T07:23:19","modified_gmt":"2020-12-28T06:23:19","slug":"pgm-vient-secourir-5-adultes-3-enfants-bloques-sommet-hohneck","status":"publish","type":"post","link":"https:\/\/vosgesinfo.fr\/remiremontinfo\/2020\/12\/pgm-vient-secourir-5-adultes-3-enfants-bloques-sommet-hohneck\/","title":{"rendered":"Le PGM porte secours \u00e0 5 adultes et 3 enfants bloqu\u00e9s au sommet du Hohneck"},"content":{"rendered":"<p style=\"text-align: center;\"><a href=\"\/2020\/12\/Motoneige.jpg\"><img decoding=\"async\" class=\"alignnone size-full wp-image-305332\" src=\"\/2020\/12\/Motoneige.jpg\" alt=\"Motoneige\" width=\"688\" height=\"523\" \/><\/a><\/p>\n<p>Samedi, le Peloton de Gendarmerie de Montagne (PGM) est intervenu en fin de matin\u00e9e \u00e0 la station de G\u00e9rardmer pour une chute en luge.<br \/>\nUn jeune homme de 19 ans souffrant d\u2019une fracture du f\u00e9mur a \u00e9t\u00e9 pris en charge par le PGM et les sapeurs pompiers locaux. Apr\u00e8s avoir \u00e9t\u00e9 conditionn\u00e9, il a \u00e9t\u00e9 redescendu par le PGM jusqu\u2019au parking, puis a \u00e9t\u00e9 transport\u00e9 sur le centre hospitalier de Saint Di\u00e9 des Vosges.<\/p>\n<p>Dimanche, en d\u00e9but d\u2019apr\u00e8s-midi, c\u2019est au niveau des pistes de ski du col de la Schlucht que le PGM est intervenu pour secourir un jeune homme de 25 ans qui avait \u00e9galement chut\u00e9 en luge avec une suspicion de fracture de la jambe. Pris en charge rapidement il a \u00e9t\u00e9 redescendu par le PGM jusqu\u2019au VSAV des sapeurs pompiers de G\u00e9rardmer, puis transport\u00e9 sur le centre hospitalier de Saint Di\u00e9 des Vosges.<\/p>\n<p>Ensuite, vers 16 heures 30 le PGM a \u00e9t\u00e9 engag\u00e9 pour secourir 8 personnes, 5 adultes et 3 enfants, qui \u00e9taient bloqu\u00e9es au sommet du<br \/>\nHohneck, par des conditions climatiques d\u00e9plorables avec de fortes rafales vent, des chutes de neige et la nuit tombante. Rapidement sur place, les secouristes du PGM ont pu acc\u00e9der en quad \u00e0 chenille et en motoneige au sommet du Hohneck pour redescendre toutes les personnes indemnes au niveau de la route des cr\u00eates.<\/p>\n<p>Le PGM demande une grande prudence lors de la pratique des activit\u00e9s hivernales (luge, randonn\u00e9e, ski). Respectez les espaces de luge d\u00e9limit\u00e9s, les itin\u00e9raires raquettes\u00a0 balis\u00e9s et se renseigner sur les conditions m\u00e9t\u00e9orologiques avent de partir.<\/p>\n","protected":false},"excerpt":{"rendered":"<p>Samedi, le Peloton de Gendarmerie de Montagne (PGM) est intervenu en fin de matin\u00e9e \u00e0 la station de G\u00e9rardmer pour [&hellip;]<\/p>\n","protected":false},"author":407,"featured_media":35450,"comment_status":"open","ping_status":"open","sticky":false,"template":"","format":"standard","meta":{"footnotes":""},"categories":[26,8,104,25],"tags":[],"class_list":["post-35449","post","type-post","status-publish","format-standard","has-post-thumbnail","hentry","category-a-la-une","category-faits-divers","category-la-bresse-la-bresse-son-canton","category-la-bresse-son-canton"],"acf":[],"yoast_head":"<!-- This site is optimized with the Yoast SEO plugin v22.5 - https:\/\/yoast.com\/wordpress\/plugins\/seo\/ -->\n<title>Le PGM porte secours \u00e0 5 adultes et 3 enfants bloqu\u00e9s au sommet du Hohneck - Remiremont Info<\/title>\n<meta name=\"robots\" content=\"index, follow, max-snippet:-1, max-image-preview:large, max-video-preview:-1\" \/>\n<link rel=\"canonical\" href=\"https:\/\/vosgesinfo.fr\/remiremontinfo\/2020\/12\/pgm-vient-secourir-5-adultes-3-enfants-bloques-sommet-hohneck\/\" \/>\n<meta name=\"twitter:card\" content=\"summary_large_image\" \/>\n<meta name=\"twitter:title\" content=\"Le PGM porte secours \u00e0 5 adultes et 3 enfants bloqu\u00e9s au sommet du Hohneck - Remiremont Info\" \/>\n<meta name=\"twitter:description\" content=\"Samedi, le Peloton de Gendarmerie de Montagne (PGM) est intervenu en fin de matin\u00e9e \u00e0 la station de G\u00e9rardmer pour [&hellip;]\" \/>\n<meta name=\"twitter:image\" content=\"https:\/\/vosgesinfo.fr\/app\/uploads\/sites\/5\/2024\/09\/202012motoneige.jpg\" \/>\n<meta name=\"twitter:creator\" content=\"@VosgesInfo88\" \/>\n<meta name=\"twitter:site\" content=\"@VosgesInfo88\" \/>\n<meta name=\"twitter:label1\" content=\"\u00c9crit par\" \/>\n\t<meta name=\"twitter:data1\" content=\"C D\" \/>\n\t<meta name=\"twitter:label2\" content=\"Dur\u00e9e de lecture estim\u00e9e\" \/>\n\t<meta name=\"twitter:data2\" content=\"1 minute\" \/>\n<script type=\"application\/ld+json\" class=\"yoast-schema-graph\">{\"@context\":\"https:\/\/schema.org\",\"@graph\":[{\"@type\":\"Article\",\"@id\":\"https:\/\/vosgesinfo.fr\/remiremontinfo\/2020\/12\/pgm-vient-secourir-5-adultes-3-enfants-bloques-sommet-hohneck\/#article\",\"isPartOf\":{\"@id\":\"https:\/\/vosgesinfo.fr\/remiremontinfo\/2020\/12\/pgm-vient-secourir-5-adultes-3-enfants-bloques-sommet-hohneck\/\"},\"author\":{\"name\":\"C D\",\"@id\":\"https:\/\/vosgesinfo.fr\/remiremontinfo\/#\/schema\/person\/3bfd164d5218a185b1db68655a265316\"},\"headline\":\"Le PGM porte secours \u00e0 5 adultes et 3 enfants bloqu\u00e9s au sommet du Hohneck\",\"datePublished\":\"2020-12-28T06:23:19+00:00\",\"dateModified\":\"2020-12-28T06:23:19+00:00\",\"mainEntityOfPage\":{\"@id\":\"https:\/\/vosgesinfo.fr\/remiremontinfo\/2020\/12\/pgm-vient-secourir-5-adultes-3-enfants-bloques-sommet-hohneck\/\"},\"wordCount\":288,\"commentCount\":0,\"publisher\":{\"@id\":\"https:\/\/vosgesinfo.fr\/remiremontinfo\/#organization\"},\"image\":{\"@id\":\"https:\/\/vosgesinfo.fr\/remiremontinfo\/2020\/12\/pgm-vient-secourir-5-adultes-3-enfants-bloques-sommet-hohneck\/#primaryimage\"},\"thumbnailUrl\":\"https:\/\/vosgesinfo.fr\/app\/uploads\/sites\/5\/2024\/09\/202012motoneige.jpg\",\"articleSection\":[\"A la Une\",\"Faits-divers\",\"La Bresse\",\"La Bresse &amp; son canton\"],\"inLanguage\":\"fr-FR\",\"potentialAction\":[{\"@type\":\"CommentAction\",\"name\":\"Comment\",\"target\":[\"https:\/\/vosgesinfo.fr\/remiremontinfo\/2020\/12\/pgm-vient-secourir-5-adultes-3-enfants-bloques-sommet-hohneck\/#respond\"]}]},{\"@type\":\"WebPage\",\"@id\":\"https:\/\/vosgesinfo.fr\/remiremontinfo\/2020\/12\/pgm-vient-secourir-5-adultes-3-enfants-bloques-sommet-hohneck\/\",\"url\":\"https:\/\/vosgesinfo.fr\/remiremontinfo\/2020\/12\/pgm-vient-secourir-5-adultes-3-enfants-bloques-sommet-hohneck\/\",\"name\":\"Le PGM porte secours \u00e0 5 adultes et 3 enfants bloqu\u00e9s au sommet du Hohneck - Remiremont Info\",\"isPartOf\":{\"@id\":\"https:\/\/vosgesinfo.fr\/remiremontinfo\/#website\"},\"primaryImageOfPage\":{\"@id\":\"https:\/\/vosgesinfo.fr\/remiremontinfo\/2020\/12\/pgm-vient-secourir-5-adultes-3-enfants-bloques-sommet-hohneck\/#primaryimage\"},\"image\":{\"@id\":\"https:\/\/vosgesinfo.fr\/remiremontinfo\/2020\/12\/pgm-vient-secourir-5-adultes-3-enfants-bloques-sommet-hohneck\/#primaryimage\"},\"thumbnailUrl\":\"https:\/\/vosgesinfo.fr\/app\/uploads\/sites\/5\/2024\/09\/202012motoneige.jpg\",\"datePublished\":\"2020-12-28T06:23:19+00:00\",\"dateModified\":\"2020-12-28T06:23:19+00:00\",\"breadcrumb\":{\"@id\":\"https:\/\/vosgesinfo.fr\/remiremontinfo\/2020\/12\/pgm-vient-secourir-5-adultes-3-enfants-bloques-sommet-hohneck\/#breadcrumb\"},\"inLanguage\":\"fr-FR\",\"potentialAction\":[{\"@type\":\"ReadAction\",\"target\":[\"https:\/\/vosgesinfo.fr\/remiremontinfo\/2020\/12\/pgm-vient-secourir-5-adultes-3-enfants-bloques-sommet-hohneck\/\"]}]},{\"@type\":\"ImageObject\",\"inLanguage\":\"fr-FR\",\"@id\":\"https:\/\/vosgesinfo.fr\/remiremontinfo\/2020\/12\/pgm-vient-secourir-5-adultes-3-enfants-bloques-sommet-hohneck\/#primaryimage\",\"url\":\"https:\/\/vosgesinfo.fr\/app\/uploads\/sites\/5\/2024\/09\/202012motoneige.jpg\",\"contentUrl\":\"https:\/\/vosgesinfo.fr\/app\/uploads\/sites\/5\/2024\/09\/202012motoneige.jpg\",\"width\":688,\"height\":523},{\"@type\":\"BreadcrumbList\",\"@id\":\"https:\/\/vosgesinfo.fr\/remiremontinfo\/2020\/12\/pgm-vient-secourir-5-adultes-3-enfants-bloques-sommet-hohneck\/#breadcrumb\",\"itemListElement\":[{\"@type\":\"ListItem\",\"position\":1,\"name\":\"Home\",\"item\":\"https:\/\/vosgesinfo.fr\/remiremontinfo\/\"},{\"@type\":\"ListItem\",\"position\":2,\"name\":\"Le PGM porte secours \u00e0 5 adultes et 3 enfants bloqu\u00e9s au sommet du Hohneck\"}]},{\"@type\":\"WebSite\",\"@id\":\"https:\/\/vosgesinfo.fr\/remiremontinfo\/#website\",\"url\":\"https:\/\/vosgesinfo.fr\/remiremontinfo\/\",\"name\":\"Remiremont Info\",\"description\":\"Toute l&#039;actualit\u00e9 de Remiremont\",\"publisher\":{\"@id\":\"https:\/\/vosgesinfo.fr\/remiremontinfo\/#organization\"},\"alternateName\":\"Toute l'actualit\u00e9 de Remiremont\",\"potentialAction\":[{\"@type\":\"SearchAction\",\"target\":{\"@type\":\"EntryPoint\",\"urlTemplate\":\"https:\/\/vosgesinfo.fr\/remiremontinfo\/?s={search_term_string}\"},\"query-input\":\"required name=search_term_string\"}],\"inLanguage\":\"fr-FR\"},{\"@type\":\"Organization\",\"@id\":\"https:\/\/vosgesinfo.fr\/remiremontinfo\/#organization\",\"name\":\"Remiremont Info\",\"url\":\"https:\/\/vosgesinfo.fr\/remiremontinfo\/\",\"logo\":{\"@type\":\"ImageObject\",\"inLanguage\":\"fr-FR\",\"@id\":\"https:\/\/vosgesinfo.fr\/remiremontinfo\/#\/schema\/logo\/image\/\",\"url\":\"https:\/\/vosgesinfo.fr\/app\/uploads\/sites\/5\/2023\/08\/favicon-remiremontinfo.png\",\"contentUrl\":\"https:\/\/vosgesinfo.fr\/app\/uploads\/sites\/5\/2023\/08\/favicon-remiremontinfo.png\",\"width\":512,\"height\":512,\"caption\":\"Remiremont Info\"},\"image\":{\"@id\":\"https:\/\/vosgesinfo.fr\/remiremontinfo\/#\/schema\/logo\/image\/\"},\"sameAs\":[\"https:\/\/www.facebook.com\/remiremontinfo\",\"https:\/\/x.com\/VosgesInfo88\",\"https:\/\/www.youtube.com\/@vosgesinfo\"]},{\"@type\":\"Person\",\"@id\":\"https:\/\/vosgesinfo.fr\/remiremontinfo\/#\/schema\/person\/3bfd164d5218a185b1db68655a265316\",\"name\":\"C D\",\"image\":{\"@type\":\"ImageObject\",\"inLanguage\":\"fr-FR\",\"@id\":\"https:\/\/vosgesinfo.fr\/remiremontinfo\/#\/schema\/person\/image\/\",\"url\":\"https:\/\/secure.gravatar.com\/avatar\/1f9a70007336511a47468b8f1c66f922b8b7cf617b02a31149ada43893a5d48f?s=96&d=mm&r=g\",\"contentUrl\":\"https:\/\/secure.gravatar.com\/avatar\/1f9a70007336511a47468b8f1c66f922b8b7cf617b02a31149ada43893a5d48f?s=96&d=mm&r=g\",\"caption\":\"C D\"},\"url\":\"https:\/\/vosgesinfo.fr\/remiremontinfo\/author\/cedric-drevet\/\"}]}<\/script>\n<!-- \/ Yoast SEO plugin. -->","yoast_head_json":{"title":"Le PGM porte secours \u00e0 5 adultes et 3 enfants bloqu\u00e9s au sommet du Hohneck - Remiremont Info","robots":{"index":"index","follow":"follow","max-snippet":"max-snippet:-1","max-image-preview":"max-image-preview:large","max-video-preview":"max-video-preview:-1"},"canonical":"https:\/\/vosgesinfo.fr\/remiremontinfo\/2020\/12\/pgm-vient-secourir-5-adultes-3-enfants-bloques-sommet-hohneck\/","twitter_card":"summary_large_image","twitter_title":"Le PGM porte secours \u00e0 5 adultes et 3 enfants bloqu\u00e9s au sommet du Hohneck - Remiremont Info","twitter_description":"Samedi, le Peloton de Gendarmerie de Montagne (PGM) est intervenu en fin de matin\u00e9e \u00e0 la station de G\u00e9rardmer pour [&hellip;]","twitter_image":"https:\/\/vosgesinfo.fr\/app\/uploads\/sites\/5\/2024\/09\/202012motoneige.jpg","twitter_creator":"@VosgesInfo88","twitter_site":"@VosgesInfo88","twitter_misc":{"\u00c9crit par":"C D","Dur\u00e9e de lecture estim\u00e9e":"1 minute"},"schema":{"@context":"https:\/\/schema.org","@graph":[{"@type":"Article","@id":"https:\/\/vosgesinfo.fr\/remiremontinfo\/2020\/12\/pgm-vient-secourir-5-adultes-3-enfants-bloques-sommet-hohneck\/#article","isPartOf":{"@id":"https:\/\/vosgesinfo.fr\/remiremontinfo\/2020\/12\/pgm-vient-secourir-5-adultes-3-enfants-bloques-sommet-hohneck\/"},"author":{"name":"C D","@id":"https:\/\/vosgesinfo.fr\/remiremontinfo\/#\/schema\/person\/3bfd164d5218a185b1db68655a265316"},"headline":"Le PGM porte secours \u00e0 5 adultes et 3 enfants bloqu\u00e9s au sommet du Hohneck","datePublished":"2020-12-28T06:23:19+00:00","dateModified":"2020-12-28T06:23:19+00:00","mainEntityOfPage":{"@id":"https:\/\/vosgesinfo.fr\/remiremontinfo\/2020\/12\/pgm-vient-secourir-5-adultes-3-enfants-bloques-sommet-hohneck\/"},"wordCount":288,"commentCount":0,"publisher":{"@id":"https:\/\/vosgesinfo.fr\/remiremontinfo\/#organization"},"image":{"@id":"https:\/\/vosgesinfo.fr\/remiremontinfo\/2020\/12\/pgm-vient-secourir-5-adultes-3-enfants-bloques-sommet-hohneck\/#primaryimage"},"thumbnailUrl":"https:\/\/vosgesinfo.fr\/app\/uploads\/sites\/5\/2024\/09\/202012motoneige.jpg","articleSection":["A la Une","Faits-divers","La Bresse","La Bresse &amp; son canton"],"inLanguage":"fr-FR","potentialAction":[{"@type":"CommentAction","name":"Comment","target":["https:\/\/vosgesinfo.fr\/remiremontinfo\/2020\/12\/pgm-vient-secourir-5-adultes-3-enfants-bloques-sommet-hohneck\/#respond"]}]},{"@type":"WebPage","@id":"https:\/\/vosgesinfo.fr\/remiremontinfo\/2020\/12\/pgm-vient-secourir-5-adultes-3-enfants-bloques-sommet-hohneck\/","url":"https:\/\/vosgesinfo.fr\/remiremontinfo\/2020\/12\/pgm-vient-secourir-5-adultes-3-enfants-bloques-sommet-hohneck\/","name":"Le PGM porte secours \u00e0 5 adultes et 3 enfants bloqu\u00e9s au sommet du Hohneck - Remiremont Info","isPartOf":{"@id":"https:\/\/vosgesinfo.fr\/remiremontinfo\/#website"},"primaryImageOfPage":{"@id":"https:\/\/vosgesinfo.fr\/remiremontinfo\/2020\/12\/pgm-vient-secourir-5-adultes-3-enfants-bloques-sommet-hohneck\/#primaryimage"},"image":{"@id":"https:\/\/vosgesinfo.fr\/remiremontinfo\/2020\/12\/pgm-vient-secourir-5-adultes-3-enfants-bloques-sommet-hohneck\/#primaryimage"},"thumbnailUrl":"https:\/\/vosgesinfo.fr\/app\/uploads\/sites\/5\/2024\/09\/202012motoneige.jpg","datePublished":"2020-12-28T06:23:19+00:00","dateModified":"2020-12-28T06:23:19+00:00","breadcrumb":{"@id":"https:\/\/vosgesinfo.fr\/remiremontinfo\/2020\/12\/pgm-vient-secourir-5-adultes-3-enfants-bloques-sommet-hohneck\/#breadcrumb"},"inLanguage":"fr-FR","potentialAction":[{"@type":"ReadAction","target":["https:\/\/vosgesinfo.fr\/remiremontinfo\/2020\/12\/pgm-vient-secourir-5-adultes-3-enfants-bloques-sommet-hohneck\/"]}]},{"@type":"ImageObject","inLanguage":"fr-FR","@id":"https:\/\/vosgesinfo.fr\/remiremontinfo\/2020\/12\/pgm-vient-secourir-5-adultes-3-enfants-bloques-sommet-hohneck\/#primaryimage","url":"https:\/\/vosgesinfo.fr\/app\/uploads\/sites\/5\/2024\/09\/202012motoneige.jpg","contentUrl":"https:\/\/vosgesinfo.fr\/app\/uploads\/sites\/5\/2024\/09\/202012motoneige.jpg","width":688,"height":523},{"@type":"BreadcrumbList","@id":"https:\/\/vosgesinfo.fr\/remiremontinfo\/2020\/12\/pgm-vient-secourir-5-adultes-3-enfants-bloques-sommet-hohneck\/#breadcrumb","itemListElement":[{"@type":"ListItem","position":1,"name":"Home","item":"https:\/\/vosgesinfo.fr\/remiremontinfo\/"},{"@type":"ListItem","position":2,"name":"Le PGM porte secours \u00e0 5 adultes et 3 enfants bloqu\u00e9s au sommet du Hohneck"}]},{"@type":"WebSite","@id":"https:\/\/vosgesinfo.fr\/remiremontinfo\/#website","url":"https:\/\/vosgesinfo.fr\/remiremontinfo\/","name":"Remiremont Info","description":"Toute l&#039;actualit\u00e9 de Remiremont","publisher":{"@id":"https:\/\/vosgesinfo.fr\/remiremontinfo\/#organization"},"alternateName":"Toute l'actualit\u00e9 de Remiremont","potentialAction":[{"@type":"SearchAction","target":{"@type":"EntryPoint","urlTemplate":"https:\/\/vosgesinfo.fr\/remiremontinfo\/?s={search_term_string}"},"query-input":"required name=search_term_string"}],"inLanguage":"fr-FR"},{"@type":"Organization","@id":"https:\/\/vosgesinfo.fr\/remiremontinfo\/#organization","name":"Remiremont Info","url":"https:\/\/vosgesinfo.fr\/remiremontinfo\/","logo":{"@type":"ImageObject","inLanguage":"fr-FR","@id":"https:\/\/vosgesinfo.fr\/remiremontinfo\/#\/schema\/logo\/image\/","url":"https:\/\/vosgesinfo.fr\/app\/uploads\/sites\/5\/2023\/08\/favicon-remiremontinfo.png","contentUrl":"https:\/\/vosgesinfo.fr\/app\/uploads\/sites\/5\/2023\/08\/favicon-remiremontinfo.png","width":512,"height":512,"caption":"Remiremont Info"},"image":{"@id":"https:\/\/vosgesinfo.fr\/remiremontinfo\/#\/schema\/logo\/image\/"},"sameAs":["https:\/\/www.facebook.com\/remiremontinfo","https:\/\/x.com\/VosgesInfo88","https:\/\/www.youtube.com\/@vosgesinfo"]},{"@type":"Person","@id":"https:\/\/vosgesinfo.fr\/remiremontinfo\/#\/schema\/person\/3bfd164d5218a185b1db68655a265316","name":"C D","image":{"@type":"ImageObject","inLanguage":"fr-FR","@id":"https:\/\/vosgesinfo.fr\/remiremontinfo\/#\/schema\/person\/image\/","url":"https:\/\/secure.gravatar.com\/avatar\/1f9a70007336511a47468b8f1c66f922b8b7cf617b02a31149ada43893a5d48f?s=96&d=mm&r=g","contentUrl":"https:\/\/secure.gravatar.com\/avatar\/1f9a70007336511a47468b8f1c66f922b8b7cf617b02a31149ada43893a5d48f?s=96&d=mm&r=g","caption":"C D"},"url":"https:\/\/vosgesinfo.fr\/remiremontinfo\/author\/cedric-drevet\/"}]}},"_links":{"self":[{"href":"https:\/\/vosgesinfo.fr\/remiremontinfo\/wp-json\/wp\/v2\/posts\/35449","targetHints":{"allow":["GET"]}}],"collection":[{"href":"https:\/\/vosgesinfo.fr\/remiremontinfo\/wp-json\/wp\/v2\/posts"}],"about":[{"href":"https:\/\/vosgesinfo.fr\/remiremontinfo\/wp-json\/wp\/v2\/types\/post"}],"author":[{"embeddable":true,"href":"https:\/\/vosgesinfo.fr\/remiremontinfo\/wp-json\/wp\/v2\/users\/407"}],"replies":[{"embeddable":true,"href":"https:\/\/vosgesinfo.fr\/remiremontinfo\/wp-json\/wp\/v2\/comments?post=35449"}],"version-history":[{"count":0,"href":"https:\/\/vosgesinfo.fr\/remiremontinfo\/wp-json\/wp\/v2\/posts\/35449\/revisions"}],"wp:featuredmedia":[{"embeddable":true,"href":"https:\/\/vosgesinfo.fr\/remiremontinfo\/wp-json\/wp\/v2\/media\/35450"}],"wp:attachment":[{"href":"https:\/\/vosgesinfo.fr\/remiremontinfo\/wp-json\/wp\/v2\/media?parent=35449"}],"wp:term":[{"taxonomy":"category","embeddable":true,"href":"https:\/\/vosgesinfo.fr\/remiremontinfo\/wp-json\/wp\/v2\/categories?post=35449"},{"taxonomy":"post_tag","embeddable":true,"href":"https:\/\/vosgesinfo.fr\/remiremontinfo\/wp-json\/wp\/v2\/tags?post=35449"}],"curies":[{"name":"wp","href":"https:\/\/api.w.org\/{rel}","templated":true}]}}